{"id":33776,"date":"2017-11-10T15:30:33","date_gmt":"2017-11-10T15:30:33","guid":{"rendered":"https:\/\/www.ull.es\/portal\/noticias\/?p=33776"},"modified":"2017-11-10T15:30:33","modified_gmt":"2017-11-10T15:30:33","slug":"la-catedra-cultural-estudios-bereberes-la-ull-pone-marcha-la-edicion-segundo-curso","status":"publish","type":"post","link":"https:\/\/www.ull.es\/portal\/noticias\/2017\/la-catedra-cultural-estudios-bereberes-la-ull-pone-marcha-la-edicion-segundo-curso\/","title":{"rendered":"La C\u00e1tedra Cultural de Estudios Bereberes de la ULL pone en marcha la edici\u00f3n de su segundo curso"},"content":{"rendered":"<p><img decoding=\"async\" loading=\"lazy\" class=\"alignleft size-medium wp-image-33779\" src=\"https:\/\/www.ull.es\/portal\/noticias\/wp-content\/uploads\/sites\/13\/2017\/11\/Estudios_Bereberes-200x300.jpg\" alt=\"\" width=\"200\" height=\"300\" srcset=\"https:\/\/www.ull.es\/portal\/noticias\/wp-content\/uploads\/sites\/13\/2017\/11\/Estudios_Bereberes-200x300.jpg 200w, https:\/\/www.ull.es\/portal\/noticias\/wp-content\/uploads\/sites\/13\/2017\/11\/Estudios_Bereberes-768x1152.jpg 768w, https:\/\/www.ull.es\/portal\/noticias\/wp-content\/uploads\/sites\/13\/2017\/11\/Estudios_Bereberes-683x1024.jpg 683w, https:\/\/www.ull.es\/portal\/noticias\/wp-content\/uploads\/sites\/13\/2017\/11\/Estudios_Bereberes-375x563.jpg 375w, https:\/\/www.ull.es\/portal\/noticias\/wp-content\/uploads\/sites\/13\/2017\/11\/Estudios_Bereberes-750x1125.jpg 750w, https:\/\/www.ull.es\/portal\/noticias\/wp-content\/uploads\/sites\/13\/2017\/11\/Estudios_Bereberes.jpg 800w\" sizes=\"(max-width: 200px) 100vw, 200px\" \/>La C\u00e1tedra Cultural de Estudios Bereberes de la Universidad de La Laguna celebrar\u00e1 la pr\u00f3xima semana la segunda edici\u00f3n de las Jornadas de Estudios Bereberes de Canarias. Durante los d\u00edas 13 al 17 de noviembre, de 17:00 a 20:00 horas, en la Sala de Audiovisuales de la Secci\u00f3n de Filolog\u00eda (Campus de Guajara), varios profesores y alumnos impartir\u00e1n una serie de conferencias de car\u00e1cter divulgativo sobre los \u00faltimos avances investigativos de diversos aspectos del pasado canario, como la arqueolog\u00eda, la antropolog\u00eda, la epigraf\u00eda, la ling\u00fc\u00edstica y la religi\u00f3n. El acceso ser\u00e1 libre y gratuito tanto para la comunidad universitaria como para la no universitaria.<\/p>\n<p>La C\u00e1tedra Cultural de Estudios Bereberes es un organismo de car\u00e1cter acad\u00e9mico y social, adscrito al Vicerrectorado de Relaciones con la Sociedad, que trata de investigar y difundir el legado bereber de los primeros pobladores canarios, as\u00ed como sus relaciones con el norte de \u00c1frica, desde un enfoque multidisciplinar.<\/p>\n<p>Para ello, organiza actividades formativas que tratan de suplir el aislamiento acad\u00e9mico que las universidades canarias han padecido en lo concerniente a los estudios bereberes, iniciados a finales del s. XIX en Francia y desarrollados en toda Europa hasta nuestros d\u00edas.<\/p>\n<p>As\u00ed, gracias a la actividad de la C\u00e1tedra, diversos profesores, estudiantes e interesados canarios han recibido instrucci\u00f3n de las diversas disciplinas (arqueolog\u00eda, ling\u00fc\u00edstica, epigraf\u00eda, aprendizaje de lenguas extranjeras, etc.) de la mano de especialistas extranjeros de reconocido prestigio, lo cual ha supuesto un avance significativo en el conocimiento de nuestro pasado.<\/p>\n<p>La C\u00e1tedra fue fundada en 2010 por el catedr\u00e1tico de Arqueolog\u00eda de la ULL, doctor Honoris Causa de la ULPGC y Premio Canarias 2011 en la modalidad de Patrimonio Hist\u00f3rico, Antonio Tejera Gaspar, y actualmente la dirige el profesor titular del Departamento de Filolog\u00eda Cl\u00e1sica, Francesa, \u00c1rabe y Rom\u00e1nica de la ULL y miembro numerario de la Academia Canaria de la Lengua, Jos\u00e9 Juan Batista Rodr\u00edguez.<\/p>\n<p>&nbsp;<\/p>\n","protected":false},"excerpt":{"rendered":"<p>La C\u00e1tedra Cultural de Estudios Bereberes de la Universidad de La Laguna celebrar\u00e1 la pr\u00f3xima semana la segunda edici\u00f3n de&#8230;<\/p>\n","protected":false},"author":23,"featured_media":33778,"comment_status":"closed","ping_status":"closed","sticky":false,"template":"","format":"image","meta":{"inline_featured_image":false,"footnotes":""},"categories":[344,345,2765],"tags":[3657,1184],"acf":[],"yoast_head":"<!-- This site is optimized with the Yoast SEO plugin v21.3 - https:\/\/yoast.com\/wordpress\/plugins\/seo\/ -->\n<title>La C\u00e1tedra Cultural de Estudios Bereberes de la ULL pone en marcha la edici\u00f3n de su segundo curso - ULL - Noticias<\/title>\n<meta name=\"robots\" content=\"index, follow, max-snippet:-1, max-image-preview:large, max-video-preview:-1\" \/>\n<link rel=\"canonical\" href=\"https:\/\/www.ull.es\/portal\/noticias\/2017\/la-catedra-cultural-estudios-bereberes-la-ull-pone-marcha-la-edicion-segundo-curso\/\" \/>\n<meta property=\"og:locale\" content=\"es_ES\" \/>\n<meta property=\"og:type\" content=\"article\" \/>\n<meta property=\"og:title\" content=\"La C\u00e1tedra Cultural de Estudios Bereberes de la ULL pone en marcha la edici\u00f3n de su segundo curso - ULL - Noticias\" \/>\n<meta property=\"og:description\" content=\"La C\u00e1tedra Cultural de Estudios Bereberes de la Universidad de La Laguna celebrar\u00e1 la pr\u00f3xima semana la segunda edici\u00f3n de...\" \/>\n<meta property=\"og:url\" content=\"https:\/\/www.ull.es\/portal\/noticias\/2017\/la-catedra-cultural-estudios-bereberes-la-ull-pone-marcha-la-edicion-segundo-curso\/\" \/>\n<meta property=\"og:site_name\" content=\"ULL - Noticias\" \/>\n<meta property=\"article:publisher\" content=\"https:\/\/www.facebook.com\/universidaddelalaguna\/\" \/>\n<meta property=\"article:published_time\" content=\"2017-11-10T15:30:33+00:00\" \/>\n<meta property=\"og:image\" content=\"https:\/\/www.ull.es\/portal\/noticias\/wp-content\/uploads\/sites\/13\/2017\/11\/estudios-bereberes-portada.jpg\" \/>\n\t<meta property=\"og:image:width\" content=\"990\" \/>\n\t<meta property=\"og:image:height\" content=\"477\" \/>\n\t<meta property=\"og:image:type\" content=\"image\/jpeg\" \/>\n<meta name=\"author\" content=\"gaprsa\" \/>\n<meta name=\"twitter:card\" content=\"summary_large_image\" \/>\n<meta name=\"twitter:creator\" content=\"@CanalULL\" \/>\n<meta name=\"twitter:site\" content=\"@CanalULL\" \/>\n<meta name=\"twitter:label1\" content=\"Escrito por\" \/>\n\t<meta name=\"twitter:data1\" content=\"gaprsa\" \/>\n\t<meta name=\"twitter:label2\" content=\"Tiempo de lectura\" \/>\n\t<meta name=\"twitter:data2\" content=\"2 minutos\" \/>\n<script type=\"application\/ld+json\" class=\"yoast-schema-graph\">{\"@context\":\"https:\/\/schema.org\",\"@graph\":[{\"@type\":\"WebPage\",\"@id\":\"https:\/\/www.ull.es\/portal\/noticias\/2017\/la-catedra-cultural-estudios-bereberes-la-ull-pone-marcha-la-edicion-segundo-curso\/\",\"url\":\"https:\/\/www.ull.es\/portal\/noticias\/2017\/la-catedra-cultural-estudios-bereberes-la-ull-pone-marcha-la-edicion-segundo-curso\/\",\"name\":\"La C\u00e1tedra Cultural de Estudios Bereberes de la ULL pone en marcha la edici\u00f3n de su segundo curso - ULL - Noticias\",\"isPartOf\":{\"@id\":\"https:\/\/www.ull.es\/portal\/noticias\/#website\"},\"datePublished\":\"2017-11-10T15:30:33+00:00\",\"dateModified\":\"2017-11-10T15:30:33+00:00\",\"author\":{\"@id\":\"https:\/\/www.ull.es\/portal\/noticias\/#\/schema\/person\/b2b1a89d43ffa609e591f7df8ef3e817\"},\"breadcrumb\":{\"@id\":\"https:\/\/www.ull.es\/portal\/noticias\/2017\/la-catedra-cultural-estudios-bereberes-la-ull-pone-marcha-la-edicion-segundo-curso\/#breadcrumb\"},\"inLanguage\":\"es\",\"potentialAction\":[{\"@type\":\"ReadAction\",\"target\":[\"https:\/\/www.ull.es\/portal\/noticias\/2017\/la-catedra-cultural-estudios-bereberes-la-ull-pone-marcha-la-edicion-segundo-curso\/\"]}]},{\"@type\":\"BreadcrumbList\",\"@id\":\"https:\/\/www.ull.es\/portal\/noticias\/2017\/la-catedra-cultural-estudios-bereberes-la-ull-pone-marcha-la-edicion-segundo-curso\/#breadcrumb\",\"itemListElement\":[{\"@type\":\"ListItem\",\"position\":1,\"name\":\"Portada\",\"item\":\"https:\/\/www.ull.es\/portal\/noticias\/\"},{\"@type\":\"ListItem\",\"position\":2,\"name\":\"La C\u00e1tedra Cultural de Estudios Bereberes de la ULL pone en marcha la edici\u00f3n de su segundo curso\"}]},{\"@type\":\"WebSite\",\"@id\":\"https:\/\/www.ull.es\/portal\/noticias\/#website\",\"url\":\"https:\/\/www.ull.es\/portal\/noticias\/\",\"name\":\"ULL - Noticias\",\"description\":\"\",\"potentialAction\":[{\"@type\":\"SearchAction\",\"target\":{\"@type\":\"EntryPoint\",\"urlTemplate\":\"https:\/\/www.ull.es\/portal\/noticias\/?s={search_term_string}\"},\"query-input\":\"required name=search_term_string\"}],\"inLanguage\":\"es\"},{\"@type\":\"Person\",\"@id\":\"https:\/\/www.ull.es\/portal\/noticias\/#\/schema\/person\/b2b1a89d43ffa609e591f7df8ef3e817\",\"name\":\"gaprsa\",\"image\":{\"@type\":\"ImageObject\",\"inLanguage\":\"es\",\"@id\":\"https:\/\/www.ull.es\/portal\/noticias\/#\/schema\/person\/image\/\",\"url\":\"https:\/\/secure.gravatar.com\/avatar\/443820550921091458b4823867723b3d?s=96&d=mm&r=g\",\"contentUrl\":\"https:\/\/secure.gravatar.com\/avatar\/443820550921091458b4823867723b3d?s=96&d=mm&r=g\",\"caption\":\"gaprsa\"},\"url\":\"https:\/\/www.ull.es\/portal\/noticias\/author\/gaprsa\/\"}]}<\/script>\n<!-- \/ Yoast SEO plugin. -->","yoast_head_json":{"title":"La C\u00e1tedra Cultural de Estudios Bereberes de la ULL pone en marcha la edici\u00f3n de su segundo curso - ULL - Noticias","robots":{"index":"index","follow":"follow","max-snippet":"max-snippet:-1","max-image-preview":"max-image-preview:large","max-video-preview":"max-video-preview:-1"},"canonical":"https:\/\/www.ull.es\/portal\/noticias\/2017\/la-catedra-cultural-estudios-bereberes-la-ull-pone-marcha-la-edicion-segundo-curso\/","og_locale":"es_ES","og_type":"article","og_title":"La C\u00e1tedra Cultural de Estudios Bereberes de la ULL pone en marcha la edici\u00f3n de su segundo curso - ULL - Noticias","og_description":"La C\u00e1tedra Cultural de Estudios Bereberes de la Universidad de La Laguna celebrar\u00e1 la pr\u00f3xima semana la segunda edici\u00f3n de...","og_url":"https:\/\/www.ull.es\/portal\/noticias\/2017\/la-catedra-cultural-estudios-bereberes-la-ull-pone-marcha-la-edicion-segundo-curso\/","og_site_name":"ULL - Noticias","article_publisher":"https:\/\/www.facebook.com\/universidaddelalaguna\/","article_published_time":"2017-11-10T15:30:33+00:00","og_image":[{"width":990,"height":477,"url":"https:\/\/www.ull.es\/portal\/noticias\/wp-content\/uploads\/sites\/13\/2017\/11\/estudios-bereberes-portada.jpg","type":"image\/jpeg"}],"author":"gaprsa","twitter_card":"summary_large_image","twitter_creator":"@CanalULL","twitter_site":"@CanalULL","twitter_misc":{"Escrito por":"gaprsa","Tiempo de lectura":"2 minutos"},"schema":{"@context":"https:\/\/schema.org","@graph":[{"@type":"WebPage","@id":"https:\/\/www.ull.es\/portal\/noticias\/2017\/la-catedra-cultural-estudios-bereberes-la-ull-pone-marcha-la-edicion-segundo-curso\/","url":"https:\/\/www.ull.es\/portal\/noticias\/2017\/la-catedra-cultural-estudios-bereberes-la-ull-pone-marcha-la-edicion-segundo-curso\/","name":"La C\u00e1tedra Cultural de Estudios Bereberes de la ULL pone en marcha la edici\u00f3n de su segundo curso - ULL - Noticias","isPartOf":{"@id":"https:\/\/www.ull.es\/portal\/noticias\/#website"},"datePublished":"2017-11-10T15:30:33+00:00","dateModified":"2017-11-10T15:30:33+00:00","author":{"@id":"https:\/\/www.ull.es\/portal\/noticias\/#\/schema\/person\/b2b1a89d43ffa609e591f7df8ef3e817"},"breadcrumb":{"@id":"https:\/\/www.ull.es\/portal\/noticias\/2017\/la-catedra-cultural-estudios-bereberes-la-ull-pone-marcha-la-edicion-segundo-curso\/#breadcrumb"},"inLanguage":"es","potentialAction":[{"@type":"ReadAction","target":["https:\/\/www.ull.es\/portal\/noticias\/2017\/la-catedra-cultural-estudios-bereberes-la-ull-pone-marcha-la-edicion-segundo-curso\/"]}]},{"@type":"BreadcrumbList","@id":"https:\/\/www.ull.es\/portal\/noticias\/2017\/la-catedra-cultural-estudios-bereberes-la-ull-pone-marcha-la-edicion-segundo-curso\/#breadcrumb","itemListElement":[{"@type":"ListItem","position":1,"name":"Portada","item":"https:\/\/www.ull.es\/portal\/noticias\/"},{"@type":"ListItem","position":2,"name":"La C\u00e1tedra Cultural de Estudios Bereberes de la ULL pone en marcha la edici\u00f3n de su segundo curso"}]},{"@type":"WebSite","@id":"https:\/\/www.ull.es\/portal\/noticias\/#website","url":"https:\/\/www.ull.es\/portal\/noticias\/","name":"ULL - Noticias","description":"","potentialAction":[{"@type":"SearchAction","target":{"@type":"EntryPoint","urlTemplate":"https:\/\/www.ull.es\/portal\/noticias\/?s={search_term_string}"},"query-input":"required name=search_term_string"}],"inLanguage":"es"},{"@type":"Person","@id":"https:\/\/www.ull.es\/portal\/noticias\/#\/schema\/person\/b2b1a89d43ffa609e591f7df8ef3e817","name":"gaprsa","image":{"@type":"ImageObject","inLanguage":"es","@id":"https:\/\/www.ull.es\/portal\/noticias\/#\/schema\/person\/image\/","url":"https:\/\/secure.gravatar.com\/avatar\/443820550921091458b4823867723b3d?s=96&d=mm&r=g","contentUrl":"https:\/\/secure.gravatar.com\/avatar\/443820550921091458b4823867723b3d?s=96&d=mm&r=g","caption":"gaprsa"},"url":"https:\/\/www.ull.es\/portal\/noticias\/author\/gaprsa\/"}]}},"primary_category":{"id":344,"name":"Cultura","slug":"cultura","link":"https:\/\/www.ull.es\/portal\/noticias\/category\/cultura\/"},"featured_image_thumbnail_url":"https:\/\/www.ull.es\/portal\/noticias\/wp-content\/uploads\/sites\/13\/2017\/11\/estudios-bereberes-portada-300x145.jpg","_links":{"self":[{"href":"https:\/\/www.ull.es\/portal\/noticias\/wp-json\/wp\/v2\/posts\/33776"}],"collection":[{"href":"https:\/\/www.ull.es\/portal\/noticias\/wp-json\/wp\/v2\/posts"}],"about":[{"href":"https:\/\/www.ull.es\/portal\/noticias\/wp-json\/wp\/v2\/types\/post"}],"author":[{"embeddable":true,"href":"https:\/\/www.ull.es\/portal\/noticias\/wp-json\/wp\/v2\/users\/23"}],"replies":[{"embeddable":true,"href":"https:\/\/www.ull.es\/portal\/noticias\/wp-json\/wp\/v2\/comments?post=33776"}],"version-history":[{"count":2,"href":"https:\/\/www.ull.es\/portal\/noticias\/wp-json\/wp\/v2\/posts\/33776\/revisions"}],"predecessor-version":[{"id":33780,"href":"https:\/\/www.ull.es\/portal\/noticias\/wp-json\/wp\/v2\/posts\/33776\/revisions\/33780"}],"wp:featuredmedia":[{"embeddable":true,"href":"https:\/\/www.ull.es\/portal\/noticias\/wp-json\/wp\/v2\/media\/33778"}],"wp:attachment":[{"href":"https:\/\/www.ull.es\/portal\/noticias\/wp-json\/wp\/v2\/media?parent=33776"}],"wp:term":[{"taxonomy":"category","embeddable":true,"href":"https:\/\/www.ull.es\/portal\/noticias\/wp-json\/wp\/v2\/categories?post=33776"},{"taxonomy":"post_tag","embeddable":true,"href":"https:\/\/www.ull.es\/portal\/noticias\/wp-json\/wp\/v2\/tags?post=33776"}],"curies":[{"name":"wp","href":"https:\/\/api.w.org\/{rel}","templated":true}]}}