{"id":33797,"date":"2017-11-13T15:46:59","date_gmt":"2017-11-13T15:46:59","guid":{"rendered":"https:\/\/www.ull.es\/portal\/noticias\/?p=33797"},"modified":"2017-11-13T15:46:59","modified_gmt":"2017-11-13T15:46:59","slug":"inaugurado-congreso-shift","status":"publish","type":"post","link":"https:\/\/www.ull.es\/portal\/noticias\/2017\/inaugurado-congreso-shift\/","title":{"rendered":"La ULL pone en marcha su Congreso Internacional Shift sobre uso de la luz en energ\u00edas renovables y biomedicina"},"content":{"rendered":"<p>El municipio de Adeje acoge desde hoy lunes 13 y hasta el viernes 17 de noviembre el <a href=\"http:\/\/www.shift2017.es\/\" target=\"_blank\" rel=\"noopener\" target=\"_blank\" rel=\"noopener\">Congreso Internacional SHIFT 2017<\/a>, bajo el lema \u201cManipulando la luz en energ\u00edas renovables y biomedicina\u201d, auspiciado por la Universidad de La Laguna bajo la direcci\u00f3n del profesor de F\u00edsica Jorge M\u00e9ndez.<\/p>\n<p>Se trata de un evento cient\u00edfico que forma parte de la programaci\u00f3n del 225 aniversario del centro acad\u00e9mico convocante y que ha suscitado un enorme inter\u00e9s en la comunidad cient\u00edfica, al unir en un solo encuentro dos disciplinas presumiblemente tan separadas como son las energ\u00edas renovables y la biomedicina. En las \u00faltimas d\u00e9cadas f\u00edsicos, qu\u00edmicos, ingenieros, m\u00e9dicos, ge\u00f3logos y bi\u00f3logos se han unido para estudiar c\u00f3mo manipular la luz, bien la luz solar para sacar mejor aprovechamiento de la energ\u00eda fotovoltaica y de otras fuentes energ\u00e9ticas renovables, bien la luz con fines terap\u00e9uticos para usar en biomedicina y mejorar las t\u00e9cnicas de diagnosis y neuroimagen incluso en el tratamiento de enfermedades como el c\u00e1ncer.<\/p>\n<p>SHIFT ha congregado la asistencia de 120 delegados de 64 universidades provenientes de 27 pa\u00edses, desde Am\u00e9rica (EEUU, Brasil, Canad\u00e1), \u00c1frica (Marruecos), Europa (16 pa\u00edses de la UE, Rusia e Israel) y Asia (China, India, Jap\u00f3n, Corea del Sur y Singapur), quienes participan en este encuentro que se desarrolla en el Hotel Iberostar Anthelia. Cient\u00edficos de centros de referencia como las universidades norteamericanas de Stanford, Harvard y Berkeley, el Instituto Max Planck y el Fraunhofer de Alemania, hasta las universidades de Tokio y de Singapur toman parte en las sesiones.<\/p>\n<p>En la jornada de inauguraci\u00f3n participaron Antonio Garc\u00eda Marichal, consejero del Cabildo para Tenerife 2023, quien se\u00f1al\u00f3 que el tema objeto de esta cita internacional es de suma importancia para la corporaci\u00f3n insular. \u201cEstamos en un territorio fragmentado geogr\u00e1ficamente, pero con un alto potencial en muchas \u00e1reas de investigaci\u00f3n, como muestra la celebraci\u00f3n de este evento. Queremos capacitar y formar a nuestros j\u00f3venes para situar a Tenerife en el lugar que se merece, al tiempo que tambi\u00e9n trabajamos para lograr una isla m\u00e1s sostenible\u201d, indic\u00f3.<\/p>\n<p>Por su parte, el director de la Agencia Canaria de Investigaci\u00f3n, Innovaci\u00f3n y Sociedad de la Informaci\u00f3n, Manuel Miranda, sostuvo que el congreso muestra que en Canarias se hace ciencia de primer nivel. Astrof\u00edsica, biomedicina o medio ambiente fueron algunas de las l\u00edneas destacadas por Miranda para resaltar la pujanza investigadora de las islas, justo en el momento de celebraci\u00f3n de la Semana de la Ciencia y la Innovaci\u00f3n. \u201cAunque nuestra principal fuente de riqueza es el turismo, consideramos que en un mundo global la ciencia y la innovaci\u00f3n deben formar parte de nuestro sistema productivo\u201d.<\/p>\n<p>En el acto de apertura tambi\u00e9n particip\u00f3 Beatriz Barrera, presidenta de la zona ZEC, tambi\u00e9n patrocinadora del evento, y el teniente de alcalde de Adeje, Adolfo Alonso, quien agradeci\u00f3 ser sede de este encuentro en un municipio donde la propia ULL imparte titulaciones universitarias y tiene su Universidad de Verano de Adeje.<\/p>\n<p>Francisco Almeida, rector de la Universidad de La Laguna en sustituci\u00f3n de Antonio Martin\u00f3n, agradeci\u00f3 a todas las entidades el apoyo mostrado a este congreso, pero muy especialmente al Cabildo de Tenerife, \u201cque apoya buena parte de nuestra actividad investigadora\u201d, se\u00f1al\u00f3. Este congreso forma parte de la celebraci\u00f3n del 225 aniversario de la ULL, recalc\u00f3 el rector, quien tambi\u00e9n apunt\u00f3 que uno de sus objetivos no es solo la generaci\u00f3n de conocimiento, sino su transferencia a la sociedad y la consiguiente creaci\u00f3n de empleo cualificado, algo en lo que este congreso puede contribuir significativamente. Este evento es adem\u00e1s un fuerte empuje a la internacionalizaci\u00f3n de la universidad, \u201cun prop\u00f3sito que tenemos marcado en todas nuestras \u00e1reas de gobierno\u201d, y de hecho la vicerrectora encargada de esta l\u00ednea, Carmen Rubio, estaba presente en el acto.<\/p>\n<p>El comit\u00e9 internacional de SHIFT est\u00e1 formado por Ruud Schropp (Eindhoven University of Technology, the Netherlands), Eva Hemmer (University of Ottawa, Canada), Stefan Fischer (Stanford University, USA), Jos\u00e9 Marqu\u00e9s-Hueso (Heriot-Watt University, UK), Marta Quintanilla (CIC-biomaGUNE, Espa\u00f1a), y Luca Salassa (DIPC Donostia International Physics Center, Espa\u00f1a), mientras que el comit\u00e9 local lo integran V\u00edctor Lav\u00edn (Instituto Universitario de Estudios Avanzados en At\u00f3mica, Fot\u00f3nica y Molecular de la ULL), Inocencio R. Mart\u00edn (Instituto de Materiales y Nanotecnolog\u00eda de la ULL), Ulises R. Rodr\u00edguez-Mendoza, Pablo Acosta-Mora (Grupo de Nanomateriales y Espectroscop\u00eda de la ULL), Diego Lozano Gorr\u00edn, Luis Alonso-Siverio\u00a0(Grupo de Nanomateriales y Espectroscop\u00eda), Benjam\u00edn Gonz\u00e1lez D\u00edaz (Dept. de Ingenier\u00eda Industrial), y \u00c1ngel Acebes (CIBICAN, Universidad de La Laguna).<\/p>\n","protected":false},"excerpt":{"rendered":"<p>El municipio de Adeje acoge desde hoy lunes 13 y hasta el viernes 17 de noviembre el Congreso Internacional SHIFT&#8230;<\/p>\n","protected":false},"author":21,"featured_media":33798,"comment_status":"closed","ping_status":"closed","sticky":false,"template":"","format":"standard","meta":{"inline_featured_image":false,"footnotes":""},"categories":[2811,345,350,2753,2755,2754,2765],"tags":[3144,1601,2980,2400],"acf":[],"yoast_head":"<!-- This site is optimized with the Yoast SEO plugin v21.3 - https:\/\/yoast.com\/wordpress\/plugins\/seo\/ -->\n<title>La ULL inaugura su Congreso Internacional Shift 2017<\/title>\n<meta name=\"description\" content=\"Comienza el congreso Shift 2017 bajo el elma \u201cManipulando la luz en energ\u00edas renovables y biomedicina\u201d, dirigido por el f\u00edsico de la ULL Jorge M\u00e9ndez.\" \/>\n<meta name=\"robots\" content=\"index, follow, max-snippet:-1, max-image-preview:large, max-video-preview:-1\" \/>\n<link rel=\"canonical\" href=\"https:\/\/www.ull.es\/portal\/noticias\/2017\/inaugurado-congreso-shift\/\" \/>\n<meta property=\"og:locale\" content=\"es_ES\" \/>\n<meta property=\"og:type\" content=\"article\" \/>\n<meta property=\"og:title\" content=\"La ULL inaugura su Congreso Internacional Shift 2017\" \/>\n<meta property=\"og:description\" content=\"Comienza el congreso Shift 2017 bajo el elma \u201cManipulando la luz en energ\u00edas renovables y biomedicina\u201d, dirigido por el f\u00edsico de la ULL Jorge M\u00e9ndez.\" \/>\n<meta property=\"og:url\" content=\"https:\/\/www.ull.es\/portal\/noticias\/2017\/inaugurado-congreso-shift\/\" \/>\n<meta property=\"og:site_name\" content=\"ULL - Noticias\" \/>\n<meta property=\"article:publisher\" content=\"https:\/\/www.facebook.com\/universidaddelalaguna\/\" \/>\n<meta property=\"article:published_time\" content=\"2017-11-13T15:46:59+00:00\" \/>\n<meta property=\"og:image\" content=\"https:\/\/www.ull.es\/portal\/noticias\/wp-content\/uploads\/sites\/13\/2017\/11\/Congreso-SHIFT-12.jpg\" \/>\n\t<meta property=\"og:image:width\" content=\"1024\" \/>\n\t<meta property=\"og:image:height\" content=\"683\" \/>\n\t<meta property=\"og:image:type\" content=\"image\/jpeg\" \/>\n<meta name=\"author\" content=\"prensa2\" \/>\n<meta name=\"twitter:card\" content=\"summary_large_image\" \/>\n<meta name=\"twitter:creator\" content=\"@CanalULL\" \/>\n<meta name=\"twitter:site\" content=\"@CanalULL\" \/>\n<meta name=\"twitter:label1\" content=\"Escrito por\" \/>\n\t<meta name=\"twitter:data1\" content=\"prensa2\" \/>\n\t<meta name=\"twitter:label2\" content=\"Tiempo de lectura\" \/>\n\t<meta name=\"twitter:data2\" content=\"4 minutos\" \/>\n<script type=\"application\/ld+json\" class=\"yoast-schema-graph\">{\"@context\":\"https:\/\/schema.org\",\"@graph\":[{\"@type\":\"WebPage\",\"@id\":\"https:\/\/www.ull.es\/portal\/noticias\/2017\/inaugurado-congreso-shift\/\",\"url\":\"https:\/\/www.ull.es\/portal\/noticias\/2017\/inaugurado-congreso-shift\/\",\"name\":\"La ULL inaugura su Congreso Internacional Shift 2017\",\"isPartOf\":{\"@id\":\"https:\/\/www.ull.es\/portal\/noticias\/#website\"},\"datePublished\":\"2017-11-13T15:46:59+00:00\",\"dateModified\":\"2017-11-13T15:46:59+00:00\",\"author\":{\"@id\":\"https:\/\/www.ull.es\/portal\/noticias\/#\/schema\/person\/c3b2aa857797592927a03740d6664376\"},\"description\":\"Comienza el congreso Shift 2017 bajo el elma \u201cManipulando la luz en energ\u00edas renovables y biomedicina\u201d, dirigido por el f\u00edsico de la ULL Jorge M\u00e9ndez.\",\"breadcrumb\":{\"@id\":\"https:\/\/www.ull.es\/portal\/noticias\/2017\/inaugurado-congreso-shift\/#breadcrumb\"},\"inLanguage\":\"es\",\"potentialAction\":[{\"@type\":\"ReadAction\",\"target\":[\"https:\/\/www.ull.es\/portal\/noticias\/2017\/inaugurado-congreso-shift\/\"]}]},{\"@type\":\"BreadcrumbList\",\"@id\":\"https:\/\/www.ull.es\/portal\/noticias\/2017\/inaugurado-congreso-shift\/#breadcrumb\",\"itemListElement\":[{\"@type\":\"ListItem\",\"position\":1,\"name\":\"Portada\",\"item\":\"https:\/\/www.ull.es\/portal\/noticias\/\"},{\"@type\":\"ListItem\",\"position\":2,\"name\":\"La ULL pone en marcha su Congreso Internacional Shift sobre uso de la luz en energ\u00edas renovables y biomedicina\"}]},{\"@type\":\"WebSite\",\"@id\":\"https:\/\/www.ull.es\/portal\/noticias\/#website\",\"url\":\"https:\/\/www.ull.es\/portal\/noticias\/\",\"name\":\"ULL - Noticias\",\"description\":\"\",\"potentialAction\":[{\"@type\":\"SearchAction\",\"target\":{\"@type\":\"EntryPoint\",\"urlTemplate\":\"https:\/\/www.ull.es\/portal\/noticias\/?s={search_term_string}\"},\"query-input\":\"required name=search_term_string\"}],\"inLanguage\":\"es\"},{\"@type\":\"Person\",\"@id\":\"https:\/\/www.ull.es\/portal\/noticias\/#\/schema\/person\/c3b2aa857797592927a03740d6664376\",\"name\":\"prensa2\",\"image\":{\"@type\":\"ImageObject\",\"inLanguage\":\"es\",\"@id\":\"https:\/\/www.ull.es\/portal\/noticias\/#\/schema\/person\/image\/\",\"url\":\"https:\/\/secure.gravatar.com\/avatar\/b58f310a5de5feb33d1e026d2493f23c?s=96&d=mm&r=g\",\"contentUrl\":\"https:\/\/secure.gravatar.com\/avatar\/b58f310a5de5feb33d1e026d2493f23c?s=96&d=mm&r=g\",\"caption\":\"prensa2\"},\"url\":\"https:\/\/www.ull.es\/portal\/noticias\/author\/prensa2\/\"}]}<\/script>\n<!-- \/ Yoast SEO plugin. -->","yoast_head_json":{"title":"La ULL inaugura su Congreso Internacional Shift 2017","description":"Comienza el congreso Shift 2017 bajo el elma \u201cManipulando la luz en energ\u00edas renovables y biomedicina\u201d, dirigido por el f\u00edsico de la ULL Jorge M\u00e9ndez.","robots":{"index":"index","follow":"follow","max-snippet":"max-snippet:-1","max-image-preview":"max-image-preview:large","max-video-preview":"max-video-preview:-1"},"canonical":"https:\/\/www.ull.es\/portal\/noticias\/2017\/inaugurado-congreso-shift\/","og_locale":"es_ES","og_type":"article","og_title":"La ULL inaugura su Congreso Internacional Shift 2017","og_description":"Comienza el congreso Shift 2017 bajo el elma \u201cManipulando la luz en energ\u00edas renovables y biomedicina\u201d, dirigido por el f\u00edsico de la ULL Jorge M\u00e9ndez.","og_url":"https:\/\/www.ull.es\/portal\/noticias\/2017\/inaugurado-congreso-shift\/","og_site_name":"ULL - Noticias","article_publisher":"https:\/\/www.facebook.com\/universidaddelalaguna\/","article_published_time":"2017-11-13T15:46:59+00:00","og_image":[{"width":1024,"height":683,"url":"https:\/\/www.ull.es\/portal\/noticias\/wp-content\/uploads\/sites\/13\/2017\/11\/Congreso-SHIFT-12.jpg","type":"image\/jpeg"}],"author":"prensa2","twitter_card":"summary_large_image","twitter_creator":"@CanalULL","twitter_site":"@CanalULL","twitter_misc":{"Escrito por":"prensa2","Tiempo de lectura":"4 minutos"},"schema":{"@context":"https:\/\/schema.org","@graph":[{"@type":"WebPage","@id":"https:\/\/www.ull.es\/portal\/noticias\/2017\/inaugurado-congreso-shift\/","url":"https:\/\/www.ull.es\/portal\/noticias\/2017\/inaugurado-congreso-shift\/","name":"La ULL inaugura su Congreso Internacional Shift 2017","isPartOf":{"@id":"https:\/\/www.ull.es\/portal\/noticias\/#website"},"datePublished":"2017-11-13T15:46:59+00:00","dateModified":"2017-11-13T15:46:59+00:00","author":{"@id":"https:\/\/www.ull.es\/portal\/noticias\/#\/schema\/person\/c3b2aa857797592927a03740d6664376"},"description":"Comienza el congreso Shift 2017 bajo el elma \u201cManipulando la luz en energ\u00edas renovables y biomedicina\u201d, dirigido por el f\u00edsico de la ULL Jorge M\u00e9ndez.","breadcrumb":{"@id":"https:\/\/www.ull.es\/portal\/noticias\/2017\/inaugurado-congreso-shift\/#breadcrumb"},"inLanguage":"es","potentialAction":[{"@type":"ReadAction","target":["https:\/\/www.ull.es\/portal\/noticias\/2017\/inaugurado-congreso-shift\/"]}]},{"@type":"BreadcrumbList","@id":"https:\/\/www.ull.es\/portal\/noticias\/2017\/inaugurado-congreso-shift\/#breadcrumb","itemListElement":[{"@type":"ListItem","position":1,"name":"Portada","item":"https:\/\/www.ull.es\/portal\/noticias\/"},{"@type":"ListItem","position":2,"name":"La ULL pone en marcha su Congreso Internacional Shift sobre uso de la luz en energ\u00edas renovables y biomedicina"}]},{"@type":"WebSite","@id":"https:\/\/www.ull.es\/portal\/noticias\/#website","url":"https:\/\/www.ull.es\/portal\/noticias\/","name":"ULL - Noticias","description":"","potentialAction":[{"@type":"SearchAction","target":{"@type":"EntryPoint","urlTemplate":"https:\/\/www.ull.es\/portal\/noticias\/?s={search_term_string}"},"query-input":"required name=search_term_string"}],"inLanguage":"es"},{"@type":"Person","@id":"https:\/\/www.ull.es\/portal\/noticias\/#\/schema\/person\/c3b2aa857797592927a03740d6664376","name":"prensa2","image":{"@type":"ImageObject","inLanguage":"es","@id":"https:\/\/www.ull.es\/portal\/noticias\/#\/schema\/person\/image\/","url":"https:\/\/secure.gravatar.com\/avatar\/b58f310a5de5feb33d1e026d2493f23c?s=96&d=mm&r=g","contentUrl":"https:\/\/secure.gravatar.com\/avatar\/b58f310a5de5feb33d1e026d2493f23c?s=96&d=mm&r=g","caption":"prensa2"},"url":"https:\/\/www.ull.es\/portal\/noticias\/author\/prensa2\/"}]}},"primary_category":{"id":350,"name":"Investigaci\u00f3n","slug":"investigacion","link":"https:\/\/www.ull.es\/portal\/noticias\/category\/investigacion\/"},"featured_image_thumbnail_url":"https:\/\/www.ull.es\/portal\/noticias\/wp-content\/uploads\/sites\/13\/2017\/11\/Congreso-SHIFT-12-300x200.jpg","_links":{"self":[{"href":"https:\/\/www.ull.es\/portal\/noticias\/wp-json\/wp\/v2\/posts\/33797"}],"collection":[{"href":"https:\/\/www.ull.es\/portal\/noticias\/wp-json\/wp\/v2\/posts"}],"about":[{"href":"https:\/\/www.ull.es\/portal\/noticias\/wp-json\/wp\/v2\/types\/post"}],"author":[{"embeddable":true,"href":"https:\/\/www.ull.es\/portal\/noticias\/wp-json\/wp\/v2\/users\/21"}],"replies":[{"embeddable":true,"href":"https:\/\/www.ull.es\/portal\/noticias\/wp-json\/wp\/v2\/comments?post=33797"}],"version-history":[{"count":1,"href":"https:\/\/www.ull.es\/portal\/noticias\/wp-json\/wp\/v2\/posts\/33797\/revisions"}],"predecessor-version":[{"id":33799,"href":"https:\/\/www.ull.es\/portal\/noticias\/wp-json\/wp\/v2\/posts\/33797\/revisions\/33799"}],"wp:featuredmedia":[{"embeddable":true,"href":"https:\/\/www.ull.es\/portal\/noticias\/wp-json\/wp\/v2\/media\/33798"}],"wp:attachment":[{"href":"https:\/\/www.ull.es\/portal\/noticias\/wp-json\/wp\/v2\/media?parent=33797"}],"wp:term":[{"taxonomy":"category","embeddable":true,"href":"https:\/\/www.ull.es\/portal\/noticias\/wp-json\/wp\/v2\/categories?post=33797"},{"taxonomy":"post_tag","embeddable":true,"href":"https:\/\/www.ull.es\/portal\/noticias\/wp-json\/wp\/v2\/tags?post=33797"}],"curies":[{"name":"wp","href":"https:\/\/api.w.org\/{rel}","templated":true}]}}