{"id":33803,"date":"2017-11-14T08:57:53","date_gmt":"2017-11-14T08:57:53","guid":{"rendered":"https:\/\/www.ull.es\/portal\/noticias\/?p=33803"},"modified":"2017-11-14T13:10:29","modified_gmt":"2017-11-14T13:10:29","slug":"luz-la-frontera-del-conocimiento","status":"publish","type":"post","link":"https:\/\/www.ull.es\/portal\/noticias\/2017\/luz-la-frontera-del-conocimiento\/","title":{"rendered":"Luz en la frontera del conocimiento"},"content":{"rendered":"<p>Esta semana la Universidad de La Laguna ha puesto en marcha un congreso internacional sobre las aplicaciones de la f\u00edsica en dos campos bien diferenciados, como son la biomedicina y las energ\u00edas renovables, \u201cque aparentemente no tienen mucho que ver entre s\u00ed, pero que est\u00e1n muy relacionados\u201d. As\u00ed, en las \u00faltimas d\u00e9cadas f\u00edsicos, qu\u00edmicos, ingenieros, m\u00e9dicos, ge\u00f3logos y bi\u00f3logos se han unido para estudiar c\u00f3mo manipular la luz, bien la luz solar para sacar mejor aprovechamiento de la energ\u00eda fotovoltaica, bien la luz con fines terap\u00e9uticos para usar en bioimagen y mejorar las t\u00e9cnicas de diagnosis y neuroimagen incluso en el tratamiento de enfermedades como el c\u00e1ncer.<\/p>\n<p>El investigador que ha concitado tanto entusiasmo en torno a este congreso es el f\u00edsico Jorge M\u00e9ndez, apasionado trabajador de lo suyo que lleva casi dos a\u00f1os preparando a conciencia esta cita cient\u00edfica. De hecho, la idea surgi\u00f3 en Florida, cuando M\u00e9ndez fue invitado por la Sociedad Americana de Materiales para participar en un congreso de energ\u00edas renovables, y all\u00ed pensaron en celebrar un evento cient\u00edfico multidisciplinar que agrupara las dos ramas. \u201cLa idea es consolidarlo de forma bienal en esta isla\u201d, a\u00f1ade.<\/p>\n<p><a href=\"http:\/\/www.shift2017.es\/\" target=\"_blank\" rel=\"noopener\">SHIFT<\/a> ha congregado as\u00ed la asistencia de 120 delegados de 64 universidades provenientes de 27 pa\u00edses, desde Am\u00e9rica (EEUU, Brasil, Canad\u00e1), \u00c1frica (Marruecos), Europa (16 pa\u00edses de la UE, Rusia e Israel) y Asia (China, India, Jap\u00f3n, Corea del Sur y Singapur), quienes participan en este encuentro que se desarrolla en el Hotel Iberostar Anthelia. Cient\u00edficos de centros de referencia como las universidades norteamericanas de Stanford, Harvard y Berkeley, el Instituto Max Planck y el Fraunhofer de Alemania, hasta las universidades de Tokio y de Singapur toman parte en las sesiones.<\/p>\n<p>Los expertos de este congreso trabajan con materiales, nano materiales y nano part\u00edculas que manipulan la luz, la cambian de una frecuencia a otra o realizan fen\u00f3menos f\u00edsicos de conversi\u00f3n de la luz, lo que sirve para mejorar la eficiencia de las placas solares y conseguir producir m\u00e1s energ\u00eda procedente del sol. \u201cLas placas solares son como una naranja, que uno al exprimirla se da cuenta de que queda mucho contenido sin utilizar, y es que hay zonas del sol que no estamos utilizando, como el infrarrojo o partes del ultravioleta. Por eso la f\u00edsica que se estudia en el SHIFT son materiales que permiten sacar m\u00e1s provecho de la luz del sol\u201d, explica Jorge M\u00e9ndez, quien tambi\u00e9n a\u00f1ade que en el congreso hay tambi\u00e9n espacio para atender otro tipo de energ\u00edas renovables, como es la fotos\u00edntesis artificial para extraer hidr\u00f3geno del agua, un campo muy prometedor, agrega el investigador.<\/p>\n<p>Esas mismas nano part\u00edculas tienen tambi\u00e9n aplicaciones en biomedicina, ya que se pueden biofuncionalizar, es decir, acoplarse a complejos biol\u00f3gicos para que dentro del cuerpo humano se adhieran a los tumores cancer\u00edgenos, por ejemplo, y posibilite su detecci\u00f3n. \u201cHay mucha investigaci\u00f3n puntera en los \u00faltimos a\u00f1os en este \u00e1mbito situado en la frontera del conocimiento, que no est\u00e1 todav\u00eda en fase cl\u00ednica, aunque ha experimentado un desarrollo enorme en ratones y primates\u201d, explica el experto de la ULL.<\/p>\n<p>Uno de los ponentes procedentes de Harvard, que participa v\u00eda skype, adelantar\u00e1 en el congreso los \u00faltimos avances que sobre esta materia se est\u00e1n produciendo en hospitales de Stanford y en Harvard. \u201cCon estas nano part\u00edculas desaparecer\u00edan los efectos secundarios asociadas a otro tipo de t\u00e9cnicas de diagn\u00f3stico basadas en radiaciones. Servir\u00edan tambi\u00e9n no solo para la detecci\u00f3n de tumores, sino para otros escenarios como los problemas de flujo sangu\u00edneo en el cerebro relacionados con Parkinson o Alzheimer\u201d.<\/p>\n<p>Las mismas nano part\u00edculas, al recibir la luz infrarroja, son capaces de provocar desde dentro del tumor un calentamiento local mediante el uso de vibraciones, lo que permitir\u00eda hacer una hipertermia, llamada tambi\u00e9n fototerapia din\u00e1mica del c\u00e1ncer, otra l\u00ednea de investigaci\u00f3n que ser\u00e1 estudiada en SHIFT. \u201cAtacar\u00eda el tumor desde dentro, lo quemar\u00eda\u201d. Tambi\u00e9n podr\u00eda liberar droga anti cancer\u00edgena, ya que estas nano part\u00edculas est\u00e1n asociadas a unos compuestos caja, que llevan el compuesto qu\u00edmico dentro preparado para atacar el tumor\u201d. Una vez que la nano part\u00edcula est\u00e1 dentro del tumor se activar\u00eda con la luz de fuera del cuerpo humano. \u201cTodo esto es ciencia de frontera, pero su uso cl\u00ednico en humanos est\u00e1 muy cercano a convertirse en realidad\u201d, vuelve a insistir el presidente del comit\u00e9 organizador.<\/p>\n<p>Detr\u00e1s de este congreso hay un alto grado de transferencia tecnol\u00f3gica, explica M\u00e9ndez, ya que un buen n\u00famero de universidades han venido acompa\u00f1adas de sus empresas tecnol\u00f3gicas, como es el caso de varias entidades inglesas y japonesas. \u201cUn ponente de Singapur, Go Him Wei, ha acudido con un prototipo ya validado de nano part\u00edculas para desalar agua de mar solo con energ\u00eda solar, que ya ha sido premiado en el pa\u00eds asi\u00e1tico por sus investigaciones en fotos\u00edntesis artificial, y tenemos especial inter\u00e9s en escucharlo\u201d.<\/p>\n<p>Este congreso ha sido financiado principalmente por el Cabildo de Tenerife a trav\u00e9s de su \u00e1rea 2030, con el apoyo de otras entidades como la Agencia Canaria de Investigaci\u00f3n, Innovaci\u00f3n y Sociedad de la Informaci\u00f3n, la zona ZEC, Canary Islands Hub, Ayuntamiento de Adeje, Plocan, IAC, Proexca y Colegio Oficial de Farmac\u00e9uticos, entre otros. El mundo editorial tambi\u00e9n ha mostrado su apoyo a esta cita, tal es el caso de Elsevier o de la revistas cient\u00edfica de la Real Sociedad Qu\u00edmica de Inglaterra.<\/p>\n<p>El martes 14 de noviembre a las 18.30 horas, con entrada libre y gratuita, se celebrar\u00e1 un caf\u00e9 coloquio en Tenerife Espacio de las Artes (TEA) con ponentes seleccionados de SHIFT para explicar su contenido desde un punto de vista m\u00e1s divulgativo, con conexiones en directo con Harvard y Nueva York y donde tambi\u00e9n participar\u00e1 el monologuista cient\u00edfico Javier Santaolalla.<\/p>\n<p>El comit\u00e9 cient\u00edfico internacional de SHIFT est\u00e1 formado por Ruud Schropp (Eindhoven University of Technology, the Netherlands), Eva Hemmer (University of Ottawa, Canada), Stefan Fischer (Stanford University, USA), Jos\u00e9 Marqu\u00e9s-Hueso (Heriot-Watt University, UK),\u00a0Marta Quintanilla (CIC-biomaGUNE, Espa\u00f1a),\u00a0 y Luca Salassa (DIPC Donostia International Physics Center, Espa\u00f1a), mientras que el comit\u00e9 local lo integran V\u00edctor Lav\u00edn <em>(<\/em>Instituto Universitario de Estudios Avanzados en At\u00f3mica, Fot\u00f3nica y Molecular de la ULL), Inocencio R. Mart\u00edn\u00a0(Instituto de Materiales y Nanotecnolog\u00eda de la ULL), Ulises R. Rodr\u00edguez-Mendoza<em>, <\/em>Pablo Acosta-Mora<em> (<\/em>Grupo de Nanomateriales y Espectroscop\u00eda de la ULL)<em>, <\/em>Diego Lozano Gorr\u00edn, Luis Alonso-Siverio<em>\u00a0(<\/em>Grupo de Nanomateriales y Espectroscop\u00eda<em>),<\/em> Benjam\u00edn Gonz\u00e1lez D\u00edaz (Ingenier\u00eda Industrial) y \u00c1ngel Acebes<strong>\u00a0<\/strong>(CIBICAN, Universidad de La Laguna).<\/p>\n<p style=\"text-align: right\"><strong>Gabinete de Comunicaic\u00f3n<\/strong><\/p>\n","protected":false},"excerpt":{"rendered":"<p>Esta semana la Universidad de La Laguna ha puesto en marcha un congreso internacional sobre las aplicaciones de la f\u00edsica&#8230;<\/p>\n","protected":false},"author":23,"featured_media":33804,"comment_status":"closed","ping_status":"closed","sticky":false,"template":"","format":"standard","meta":{"inline_featured_image":false,"footnotes":""},"categories":[2811,350,2750],"tags":[1601,2399],"acf":[],"yoast_head":"<!-- This site is optimized with the Yoast SEO plugin v21.3 - https:\/\/yoast.com\/wordpress\/plugins\/seo\/ -->\n<title>Luz en la frontera del conocimiento - ULL - Noticias<\/title>\n<meta name=\"robots\" content=\"index, follow, max-snippet:-1, max-image-preview:large, max-video-preview:-1\" \/>\n<link rel=\"canonical\" href=\"https:\/\/www.ull.es\/portal\/noticias\/2017\/luz-la-frontera-del-conocimiento\/\" \/>\n<meta property=\"og:locale\" content=\"es_ES\" \/>\n<meta property=\"og:type\" content=\"article\" \/>\n<meta property=\"og:title\" content=\"Luz en la frontera del conocimiento - ULL - Noticias\" \/>\n<meta property=\"og:description\" content=\"Esta semana la Universidad de La Laguna ha puesto en marcha un congreso internacional sobre las aplicaciones de la f\u00edsica...\" \/>\n<meta property=\"og:url\" content=\"https:\/\/www.ull.es\/portal\/noticias\/2017\/luz-la-frontera-del-conocimiento\/\" \/>\n<meta property=\"og:site_name\" content=\"ULL - Noticias\" \/>\n<meta property=\"article:publisher\" content=\"https:\/\/www.facebook.com\/universidaddelalaguna\/\" \/>\n<meta property=\"article:published_time\" content=\"2017-11-14T08:57:53+00:00\" \/>\n<meta property=\"article:modified_time\" content=\"2017-11-14T13:10:29+00:00\" \/>\n<meta property=\"og:image\" content=\"https:\/\/www.ull.es\/portal\/noticias\/wp-content\/uploads\/sites\/13\/2017\/11\/jorge-m\u00e9ndez.jpg\" \/>\n\t<meta property=\"og:image:width\" content=\"1024\" \/>\n\t<meta property=\"og:image:height\" content=\"683\" \/>\n\t<meta property=\"og:image:type\" content=\"image\/jpeg\" \/>\n<meta name=\"author\" content=\"gaprsa\" \/>\n<meta name=\"twitter:card\" content=\"summary_large_image\" \/>\n<meta name=\"twitter:creator\" content=\"@CanalULL\" \/>\n<meta name=\"twitter:site\" content=\"@CanalULL\" \/>\n<meta name=\"twitter:label1\" content=\"Escrito por\" \/>\n\t<meta name=\"twitter:data1\" content=\"gaprsa\" \/>\n\t<meta name=\"twitter:label2\" content=\"Tiempo de lectura\" \/>\n\t<meta name=\"twitter:data2\" content=\"6 minutos\" \/>\n<script type=\"application\/ld+json\" class=\"yoast-schema-graph\">{\"@context\":\"https:\/\/schema.org\",\"@graph\":[{\"@type\":\"WebPage\",\"@id\":\"https:\/\/www.ull.es\/portal\/noticias\/2017\/luz-la-frontera-del-conocimiento\/\",\"url\":\"https:\/\/www.ull.es\/portal\/noticias\/2017\/luz-la-frontera-del-conocimiento\/\",\"name\":\"Luz en la frontera del conocimiento - ULL - Noticias\",\"isPartOf\":{\"@id\":\"https:\/\/www.ull.es\/portal\/noticias\/#website\"},\"datePublished\":\"2017-11-14T08:57:53+00:00\",\"dateModified\":\"2017-11-14T13:10:29+00:00\",\"author\":{\"@id\":\"https:\/\/www.ull.es\/portal\/noticias\/#\/schema\/person\/b2b1a89d43ffa609e591f7df8ef3e817\"},\"breadcrumb\":{\"@id\":\"https:\/\/www.ull.es\/portal\/noticias\/2017\/luz-la-frontera-del-conocimiento\/#breadcrumb\"},\"inLanguage\":\"es\",\"potentialAction\":[{\"@type\":\"ReadAction\",\"target\":[\"https:\/\/www.ull.es\/portal\/noticias\/2017\/luz-la-frontera-del-conocimiento\/\"]}]},{\"@type\":\"BreadcrumbList\",\"@id\":\"https:\/\/www.ull.es\/portal\/noticias\/2017\/luz-la-frontera-del-conocimiento\/#breadcrumb\",\"itemListElement\":[{\"@type\":\"ListItem\",\"position\":1,\"name\":\"Portada\",\"item\":\"https:\/\/www.ull.es\/portal\/noticias\/\"},{\"@type\":\"ListItem\",\"position\":2,\"name\":\"Luz en la frontera del conocimiento\"}]},{\"@type\":\"WebSite\",\"@id\":\"https:\/\/www.ull.es\/portal\/noticias\/#website\",\"url\":\"https:\/\/www.ull.es\/portal\/noticias\/\",\"name\":\"ULL - Noticias\",\"description\":\"\",\"potentialAction\":[{\"@type\":\"SearchAction\",\"target\":{\"@type\":\"EntryPoint\",\"urlTemplate\":\"https:\/\/www.ull.es\/portal\/noticias\/?s={search_term_string}\"},\"query-input\":\"required name=search_term_string\"}],\"inLanguage\":\"es\"},{\"@type\":\"Person\",\"@id\":\"https:\/\/www.ull.es\/portal\/noticias\/#\/schema\/person\/b2b1a89d43ffa609e591f7df8ef3e817\",\"name\":\"gaprsa\",\"image\":{\"@type\":\"ImageObject\",\"inLanguage\":\"es\",\"@id\":\"https:\/\/www.ull.es\/portal\/noticias\/#\/schema\/person\/image\/\",\"url\":\"https:\/\/secure.gravatar.com\/avatar\/443820550921091458b4823867723b3d?s=96&d=mm&r=g\",\"contentUrl\":\"https:\/\/secure.gravatar.com\/avatar\/443820550921091458b4823867723b3d?s=96&d=mm&r=g\",\"caption\":\"gaprsa\"},\"url\":\"https:\/\/www.ull.es\/portal\/noticias\/author\/gaprsa\/\"}]}<\/script>\n<!-- \/ Yoast SEO plugin. -->","yoast_head_json":{"title":"Luz en la frontera del conocimiento - ULL - Noticias","robots":{"index":"index","follow":"follow","max-snippet":"max-snippet:-1","max-image-preview":"max-image-preview:large","max-video-preview":"max-video-preview:-1"},"canonical":"https:\/\/www.ull.es\/portal\/noticias\/2017\/luz-la-frontera-del-conocimiento\/","og_locale":"es_ES","og_type":"article","og_title":"Luz en la frontera del conocimiento - ULL - Noticias","og_description":"Esta semana la Universidad de La Laguna ha puesto en marcha un congreso internacional sobre las aplicaciones de la f\u00edsica...","og_url":"https:\/\/www.ull.es\/portal\/noticias\/2017\/luz-la-frontera-del-conocimiento\/","og_site_name":"ULL - Noticias","article_publisher":"https:\/\/www.facebook.com\/universidaddelalaguna\/","article_published_time":"2017-11-14T08:57:53+00:00","article_modified_time":"2017-11-14T13:10:29+00:00","og_image":[{"width":1024,"height":683,"url":"https:\/\/www.ull.es\/portal\/noticias\/wp-content\/uploads\/sites\/13\/2017\/11\/jorge-m\u00e9ndez.jpg","type":"image\/jpeg"}],"author":"gaprsa","twitter_card":"summary_large_image","twitter_creator":"@CanalULL","twitter_site":"@CanalULL","twitter_misc":{"Escrito por":"gaprsa","Tiempo de lectura":"6 minutos"},"schema":{"@context":"https:\/\/schema.org","@graph":[{"@type":"WebPage","@id":"https:\/\/www.ull.es\/portal\/noticias\/2017\/luz-la-frontera-del-conocimiento\/","url":"https:\/\/www.ull.es\/portal\/noticias\/2017\/luz-la-frontera-del-conocimiento\/","name":"Luz en la frontera del conocimiento - ULL - Noticias","isPartOf":{"@id":"https:\/\/www.ull.es\/portal\/noticias\/#website"},"datePublished":"2017-11-14T08:57:53+00:00","dateModified":"2017-11-14T13:10:29+00:00","author":{"@id":"https:\/\/www.ull.es\/portal\/noticias\/#\/schema\/person\/b2b1a89d43ffa609e591f7df8ef3e817"},"breadcrumb":{"@id":"https:\/\/www.ull.es\/portal\/noticias\/2017\/luz-la-frontera-del-conocimiento\/#breadcrumb"},"inLanguage":"es","potentialAction":[{"@type":"ReadAction","target":["https:\/\/www.ull.es\/portal\/noticias\/2017\/luz-la-frontera-del-conocimiento\/"]}]},{"@type":"BreadcrumbList","@id":"https:\/\/www.ull.es\/portal\/noticias\/2017\/luz-la-frontera-del-conocimiento\/#breadcrumb","itemListElement":[{"@type":"ListItem","position":1,"name":"Portada","item":"https:\/\/www.ull.es\/portal\/noticias\/"},{"@type":"ListItem","position":2,"name":"Luz en la frontera del conocimiento"}]},{"@type":"WebSite","@id":"https:\/\/www.ull.es\/portal\/noticias\/#website","url":"https:\/\/www.ull.es\/portal\/noticias\/","name":"ULL - Noticias","description":"","potentialAction":[{"@type":"SearchAction","target":{"@type":"EntryPoint","urlTemplate":"https:\/\/www.ull.es\/portal\/noticias\/?s={search_term_string}"},"query-input":"required name=search_term_string"}],"inLanguage":"es"},{"@type":"Person","@id":"https:\/\/www.ull.es\/portal\/noticias\/#\/schema\/person\/b2b1a89d43ffa609e591f7df8ef3e817","name":"gaprsa","image":{"@type":"ImageObject","inLanguage":"es","@id":"https:\/\/www.ull.es\/portal\/noticias\/#\/schema\/person\/image\/","url":"https:\/\/secure.gravatar.com\/avatar\/443820550921091458b4823867723b3d?s=96&d=mm&r=g","contentUrl":"https:\/\/secure.gravatar.com\/avatar\/443820550921091458b4823867723b3d?s=96&d=mm&r=g","caption":"gaprsa"},"url":"https:\/\/www.ull.es\/portal\/noticias\/author\/gaprsa\/"}]}},"primary_category":{"id":2811,"name":"225 Aniversario","slug":"aniversario","link":"https:\/\/www.ull.es\/portal\/noticias\/category\/aniversario\/"},"featured_image_thumbnail_url":"https:\/\/www.ull.es\/portal\/noticias\/wp-content\/uploads\/sites\/13\/2017\/11\/jorge-m\u00e9ndez-300x200.jpg","_links":{"self":[{"href":"https:\/\/www.ull.es\/portal\/noticias\/wp-json\/wp\/v2\/posts\/33803"}],"collection":[{"href":"https:\/\/www.ull.es\/portal\/noticias\/wp-json\/wp\/v2\/posts"}],"about":[{"href":"https:\/\/www.ull.es\/portal\/noticias\/wp-json\/wp\/v2\/types\/post"}],"author":[{"embeddable":true,"href":"https:\/\/www.ull.es\/portal\/noticias\/wp-json\/wp\/v2\/users\/23"}],"replies":[{"embeddable":true,"href":"https:\/\/www.ull.es\/portal\/noticias\/wp-json\/wp\/v2\/comments?post=33803"}],"version-history":[{"count":4,"href":"https:\/\/www.ull.es\/portal\/noticias\/wp-json\/wp\/v2\/posts\/33803\/revisions"}],"predecessor-version":[{"id":33814,"href":"https:\/\/www.ull.es\/portal\/noticias\/wp-json\/wp\/v2\/posts\/33803\/revisions\/33814"}],"wp:featuredmedia":[{"embeddable":true,"href":"https:\/\/www.ull.es\/portal\/noticias\/wp-json\/wp\/v2\/media\/33804"}],"wp:attachment":[{"href":"https:\/\/www.ull.es\/portal\/noticias\/wp-json\/wp\/v2\/media?parent=33803"}],"wp:term":[{"taxonomy":"category","embeddable":true,"href":"https:\/\/www.ull.es\/portal\/noticias\/wp-json\/wp\/v2\/categories?post=33803"},{"taxonomy":"post_tag","embeddable":true,"href":"https:\/\/www.ull.es\/portal\/noticias\/wp-json\/wp\/v2\/tags?post=33803"}],"curies":[{"name":"wp","href":"https:\/\/api.w.org\/{rel}","templated":true}]}}