{"id":33810,"date":"2017-11-14T12:42:45","date_gmt":"2017-11-14T12:42:45","guid":{"rendered":"https:\/\/www.ull.es\/portal\/noticias\/?p=33810"},"modified":"2017-11-14T12:42:45","modified_gmt":"2017-11-14T12:42:45","slug":"la-facultad-ciencias-la-ull-programa-una-semana-actividades-celebrar-la-festividad-patron","status":"publish","type":"post","link":"https:\/\/www.ull.es\/portal\/noticias\/2017\/la-facultad-ciencias-la-ull-programa-una-semana-actividades-celebrar-la-festividad-patron\/","title":{"rendered":"La Facultad de Ciencias de la ULL programa una semana de actividades para celebrar la festividad de su patr\u00f3n"},"content":{"rendered":"<p>Con motivo de la celebraci\u00f3n el 15 de noviembre de la festividad de San Alberto Magno, patr\u00f3n de las Ciencias Naturales, Qu\u00edmicas y Exactas, la Facultad de Ciencias de la Universidad de La Laguna ha organizado una semana de actos acad\u00e9micos, divulgativos y deportivos en cuya organizaci\u00f3n se ha contado tanto con el profesorado como con la delegaci\u00f3n de estudiantes.<\/p>\n<p>El momento central de esta festividad ser\u00e1 el acto acad\u00e9mico que se celebrar\u00e1 ma\u00f1ana, mi\u00e9rcoles 15 de noviembre a partir de las 18:00 en el Aula Magna de las secciones de F\u00edsica y de Matem\u00e1ticas de la Facultad de Ciencias, que estar\u00e1 presidida por el rector de la instituci\u00f3n, Francisco Almeida en sustituci\u00f3n de Antonio Martin\u00f3n. En el acto tambi\u00e9n intervendr\u00e1 el decano de la Facultad de Ciencias, N\u00e9stor Torres, y el periodista cient\u00edfico Juanjo Mart\u00edn, quien dictar\u00e1 la conferencia \u201cLa Ciencia: unos la hacen y otros la cuentan\u201d.<\/p>\n<p>Durante la ceremonia tambi\u00e9n se realizar\u00e1 un reconocimiento al profesorado y personal de administraci\u00f3n y servicios del centro jubilado recientemente, y al alumnado acreedor de los premios extraordinarios de Fin de Titulaci\u00f3n de Grado de la Facultad de Ciencias, as\u00ed como a los ganadores de las actividades deportivas organizadas por el colectivo estudiantil del centro con motivo de esta semana conmemorativa, que comenzaron a disputarse el pasado d\u00eda 13 y culminar\u00e1n el viernes 17 de noviembre.<\/p>\n<p><strong>Mesa redonda sobre cambio clim\u00e1tico<\/strong><\/p>\n<p>Est\u00e1 programada para hoy, martes 14 a las 19:00 en el Aula Magna de las secciones de F\u00edsica y de Matem\u00e1ticas de la Facultad de Ciencias, la mesa redonda \u201cCambio clim\u00e1tico: sus efectos en Canarias\u201d, en la que intervendr\u00e1n los docentes de la ULL Alberto M. Brito, del Departamento de Biolog\u00eda Animal, Edafolog\u00eda y Geolog\u00eda; Juan Pedro D\u00edaz, del Departamento de F\u00edsica; y Jos\u00e9 M\u00aa Fern\u00e1ndez-Palacios y Jos\u00e9 Ram\u00f3n Ar\u00e9valo Sierra, ambos del Departamento de Bot\u00e1nica, Ecolog\u00eda y Fisiolog\u00eda Vegetal, Moderar\u00e1 el decano de la facultad, N\u00e9stor Torres, y Victoria Eugenia Mart\u00edn ser\u00e1 la relatora.<\/p>\n<p>Otra de las actividades fue el mon\u00f3logo \u201cPong\u00e1monos serios con la divulgaci\u00f3n cient\u00edfica\u201d, ofrecido el pasado lunes 13 de noviembre por Guido Santos Rosales, doctor por la ULL y contratado posdoctoral en el Hospital Universitario de Erlangen que es fundador de la Asociaci\u00f3n de J\u00f3venes Investigadores de Tenerife, miembro del Aula Cultural de Divulgaci\u00f3n Cient\u00edfica de la ULL y finalista de del concurso nacional de divulgaci\u00f3n cient\u00edfica \u201cFamelab\u201d.<\/p>\n","protected":false},"excerpt":{"rendered":"<p>Con motivo de la celebraci\u00f3n el 15 de noviembre de la festividad de San Alberto Magno, patr\u00f3n de las Ciencias&#8230;<\/p>\n","protected":false},"author":23,"featured_media":33811,"comment_status":"closed","ping_status":"closed","sticky":false,"template":"","format":"standard","meta":{"inline_featured_image":false,"footnotes":""},"categories":[345,348,2765],"tags":[1215,2064,3667],"acf":[],"yoast_head":"<!-- This site is optimized with the Yoast SEO plugin v21.3 - https:\/\/yoast.com\/wordpress\/plugins\/seo\/ -->\n<title>La Facultad de Ciencias de la ULL programa una semana de actividades para celebrar la festividad de su patr\u00f3n - ULL - Noticias<\/title>\n<meta name=\"robots\" content=\"index, follow, max-snippet:-1, max-image-preview:large, max-video-preview:-1\" \/>\n<link rel=\"canonical\" href=\"https:\/\/www.ull.es\/portal\/noticias\/2017\/la-facultad-ciencias-la-ull-programa-una-semana-actividades-celebrar-la-festividad-patron\/\" \/>\n<meta property=\"og:locale\" content=\"es_ES\" \/>\n<meta property=\"og:type\" content=\"article\" \/>\n<meta property=\"og:title\" content=\"La Facultad de Ciencias de la ULL programa una semana de actividades para celebrar la festividad de su patr\u00f3n - ULL - Noticias\" \/>\n<meta property=\"og:description\" content=\"Con motivo de la celebraci\u00f3n el 15 de noviembre de la festividad de San Alberto Magno, patr\u00f3n de las Ciencias...\" \/>\n<meta property=\"og:url\" content=\"https:\/\/www.ull.es\/portal\/noticias\/2017\/la-facultad-ciencias-la-ull-programa-una-semana-actividades-celebrar-la-festividad-patron\/\" \/>\n<meta property=\"og:site_name\" content=\"ULL - Noticias\" \/>\n<meta property=\"article:publisher\" content=\"https:\/\/www.facebook.com\/universidaddelalaguna\/\" \/>\n<meta property=\"article:published_time\" content=\"2017-11-14T12:42:45+00:00\" \/>\n<meta property=\"og:image\" content=\"https:\/\/www.ull.es\/portal\/noticias\/wp-content\/uploads\/sites\/13\/2017\/11\/semana-de-la-ciencias.jpg\" \/>\n\t<meta property=\"og:image:width\" content=\"543\" \/>\n\t<meta property=\"og:image:height\" content=\"255\" \/>\n\t<meta property=\"og:image:type\" content=\"image\/jpeg\" \/>\n<meta name=\"author\" content=\"gaprsa\" \/>\n<meta name=\"twitter:card\" content=\"summary_large_image\" \/>\n<meta name=\"twitter:creator\" content=\"@CanalULL\" \/>\n<meta name=\"twitter:site\" content=\"@CanalULL\" \/>\n<meta name=\"twitter:label1\" content=\"Escrito por\" \/>\n\t<meta name=\"twitter:data1\" content=\"gaprsa\" \/>\n\t<meta name=\"twitter:label2\" content=\"Tiempo de lectura\" \/>\n\t<meta name=\"twitter:data2\" content=\"2 minutos\" \/>\n<script type=\"application\/ld+json\" class=\"yoast-schema-graph\">{\"@context\":\"https:\/\/schema.org\",\"@graph\":[{\"@type\":\"WebPage\",\"@id\":\"https:\/\/www.ull.es\/portal\/noticias\/2017\/la-facultad-ciencias-la-ull-programa-una-semana-actividades-celebrar-la-festividad-patron\/\",\"url\":\"https:\/\/www.ull.es\/portal\/noticias\/2017\/la-facultad-ciencias-la-ull-programa-una-semana-actividades-celebrar-la-festividad-patron\/\",\"name\":\"La Facultad de Ciencias de la ULL programa una semana de actividades para celebrar la festividad de su patr\u00f3n - ULL - Noticias\",\"isPartOf\":{\"@id\":\"https:\/\/www.ull.es\/portal\/noticias\/#website\"},\"datePublished\":\"2017-11-14T12:42:45+00:00\",\"dateModified\":\"2017-11-14T12:42:45+00:00\",\"author\":{\"@id\":\"https:\/\/www.ull.es\/portal\/noticias\/#\/schema\/person\/b2b1a89d43ffa609e591f7df8ef3e817\"},\"breadcrumb\":{\"@id\":\"https:\/\/www.ull.es\/portal\/noticias\/2017\/la-facultad-ciencias-la-ull-programa-una-semana-actividades-celebrar-la-festividad-patron\/#breadcrumb\"},\"inLanguage\":\"es\",\"potentialAction\":[{\"@type\":\"ReadAction\",\"target\":[\"https:\/\/www.ull.es\/portal\/noticias\/2017\/la-facultad-ciencias-la-ull-programa-una-semana-actividades-celebrar-la-festividad-patron\/\"]}]},{\"@type\":\"BreadcrumbList\",\"@id\":\"https:\/\/www.ull.es\/portal\/noticias\/2017\/la-facultad-ciencias-la-ull-programa-una-semana-actividades-celebrar-la-festividad-patron\/#breadcrumb\",\"itemListElement\":[{\"@type\":\"ListItem\",\"position\":1,\"name\":\"Portada\",\"item\":\"https:\/\/www.ull.es\/portal\/noticias\/\"},{\"@type\":\"ListItem\",\"position\":2,\"name\":\"La Facultad de Ciencias de la ULL programa una semana de actividades para celebrar la festividad de su patr\u00f3n\"}]},{\"@type\":\"WebSite\",\"@id\":\"https:\/\/www.ull.es\/portal\/noticias\/#website\",\"url\":\"https:\/\/www.ull.es\/portal\/noticias\/\",\"name\":\"ULL - Noticias\",\"description\":\"\",\"potentialAction\":[{\"@type\":\"SearchAction\",\"target\":{\"@type\":\"EntryPoint\",\"urlTemplate\":\"https:\/\/www.ull.es\/portal\/noticias\/?s={search_term_string}\"},\"query-input\":\"required name=search_term_string\"}],\"inLanguage\":\"es\"},{\"@type\":\"Person\",\"@id\":\"https:\/\/www.ull.es\/portal\/noticias\/#\/schema\/person\/b2b1a89d43ffa609e591f7df8ef3e817\",\"name\":\"gaprsa\",\"image\":{\"@type\":\"ImageObject\",\"inLanguage\":\"es\",\"@id\":\"https:\/\/www.ull.es\/portal\/noticias\/#\/schema\/person\/image\/\",\"url\":\"https:\/\/secure.gravatar.com\/avatar\/443820550921091458b4823867723b3d?s=96&d=mm&r=g\",\"contentUrl\":\"https:\/\/secure.gravatar.com\/avatar\/443820550921091458b4823867723b3d?s=96&d=mm&r=g\",\"caption\":\"gaprsa\"},\"url\":\"https:\/\/www.ull.es\/portal\/noticias\/author\/gaprsa\/\"}]}<\/script>\n<!-- \/ Yoast SEO plugin. -->","yoast_head_json":{"title":"La Facultad de Ciencias de la ULL programa una semana de actividades para celebrar la festividad de su patr\u00f3n - ULL - Noticias","robots":{"index":"index","follow":"follow","max-snippet":"max-snippet:-1","max-image-preview":"max-image-preview:large","max-video-preview":"max-video-preview:-1"},"canonical":"https:\/\/www.ull.es\/portal\/noticias\/2017\/la-facultad-ciencias-la-ull-programa-una-semana-actividades-celebrar-la-festividad-patron\/","og_locale":"es_ES","og_type":"article","og_title":"La Facultad de Ciencias de la ULL programa una semana de actividades para celebrar la festividad de su patr\u00f3n - ULL - Noticias","og_description":"Con motivo de la celebraci\u00f3n el 15 de noviembre de la festividad de San Alberto Magno, patr\u00f3n de las Ciencias...","og_url":"https:\/\/www.ull.es\/portal\/noticias\/2017\/la-facultad-ciencias-la-ull-programa-una-semana-actividades-celebrar-la-festividad-patron\/","og_site_name":"ULL - Noticias","article_publisher":"https:\/\/www.facebook.com\/universidaddelalaguna\/","article_published_time":"2017-11-14T12:42:45+00:00","og_image":[{"width":543,"height":255,"url":"https:\/\/www.ull.es\/portal\/noticias\/wp-content\/uploads\/sites\/13\/2017\/11\/semana-de-la-ciencias.jpg","type":"image\/jpeg"}],"author":"gaprsa","twitter_card":"summary_large_image","twitter_creator":"@CanalULL","twitter_site":"@CanalULL","twitter_misc":{"Escrito por":"gaprsa","Tiempo de lectura":"2 minutos"},"schema":{"@context":"https:\/\/schema.org","@graph":[{"@type":"WebPage","@id":"https:\/\/www.ull.es\/portal\/noticias\/2017\/la-facultad-ciencias-la-ull-programa-una-semana-actividades-celebrar-la-festividad-patron\/","url":"https:\/\/www.ull.es\/portal\/noticias\/2017\/la-facultad-ciencias-la-ull-programa-una-semana-actividades-celebrar-la-festividad-patron\/","name":"La Facultad de Ciencias de la ULL programa una semana de actividades para celebrar la festividad de su patr\u00f3n - ULL - Noticias","isPartOf":{"@id":"https:\/\/www.ull.es\/portal\/noticias\/#website"},"datePublished":"2017-11-14T12:42:45+00:00","dateModified":"2017-11-14T12:42:45+00:00","author":{"@id":"https:\/\/www.ull.es\/portal\/noticias\/#\/schema\/person\/b2b1a89d43ffa609e591f7df8ef3e817"},"breadcrumb":{"@id":"https:\/\/www.ull.es\/portal\/noticias\/2017\/la-facultad-ciencias-la-ull-programa-una-semana-actividades-celebrar-la-festividad-patron\/#breadcrumb"},"inLanguage":"es","potentialAction":[{"@type":"ReadAction","target":["https:\/\/www.ull.es\/portal\/noticias\/2017\/la-facultad-ciencias-la-ull-programa-una-semana-actividades-celebrar-la-festividad-patron\/"]}]},{"@type":"BreadcrumbList","@id":"https:\/\/www.ull.es\/portal\/noticias\/2017\/la-facultad-ciencias-la-ull-programa-una-semana-actividades-celebrar-la-festividad-patron\/#breadcrumb","itemListElement":[{"@type":"ListItem","position":1,"name":"Portada","item":"https:\/\/www.ull.es\/portal\/noticias\/"},{"@type":"ListItem","position":2,"name":"La Facultad de Ciencias de la ULL programa una semana de actividades para celebrar la festividad de su patr\u00f3n"}]},{"@type":"WebSite","@id":"https:\/\/www.ull.es\/portal\/noticias\/#website","url":"https:\/\/www.ull.es\/portal\/noticias\/","name":"ULL - Noticias","description":"","potentialAction":[{"@type":"SearchAction","target":{"@type":"EntryPoint","urlTemplate":"https:\/\/www.ull.es\/portal\/noticias\/?s={search_term_string}"},"query-input":"required name=search_term_string"}],"inLanguage":"es"},{"@type":"Person","@id":"https:\/\/www.ull.es\/portal\/noticias\/#\/schema\/person\/b2b1a89d43ffa609e591f7df8ef3e817","name":"gaprsa","image":{"@type":"ImageObject","inLanguage":"es","@id":"https:\/\/www.ull.es\/portal\/noticias\/#\/schema\/person\/image\/","url":"https:\/\/secure.gravatar.com\/avatar\/443820550921091458b4823867723b3d?s=96&d=mm&r=g","contentUrl":"https:\/\/secure.gravatar.com\/avatar\/443820550921091458b4823867723b3d?s=96&d=mm&r=g","caption":"gaprsa"},"url":"https:\/\/www.ull.es\/portal\/noticias\/author\/gaprsa\/"}]}},"primary_category":{"id":345,"name":"Destacado","slug":"destacado","link":"https:\/\/www.ull.es\/portal\/noticias\/category\/destacado\/"},"featured_image_thumbnail_url":"https:\/\/www.ull.es\/portal\/noticias\/wp-content\/uploads\/sites\/13\/2017\/11\/semana-de-la-ciencias-300x141.jpg","_links":{"self":[{"href":"https:\/\/www.ull.es\/portal\/noticias\/wp-json\/wp\/v2\/posts\/33810"}],"collection":[{"href":"https:\/\/www.ull.es\/portal\/noticias\/wp-json\/wp\/v2\/posts"}],"about":[{"href":"https:\/\/www.ull.es\/portal\/noticias\/wp-json\/wp\/v2\/types\/post"}],"author":[{"embeddable":true,"href":"https:\/\/www.ull.es\/portal\/noticias\/wp-json\/wp\/v2\/users\/23"}],"replies":[{"embeddable":true,"href":"https:\/\/www.ull.es\/portal\/noticias\/wp-json\/wp\/v2\/comments?post=33810"}],"version-history":[{"count":1,"href":"https:\/\/www.ull.es\/portal\/noticias\/wp-json\/wp\/v2\/posts\/33810\/revisions"}],"predecessor-version":[{"id":33812,"href":"https:\/\/www.ull.es\/portal\/noticias\/wp-json\/wp\/v2\/posts\/33810\/revisions\/33812"}],"wp:featuredmedia":[{"embeddable":true,"href":"https:\/\/www.ull.es\/portal\/noticias\/wp-json\/wp\/v2\/media\/33811"}],"wp:attachment":[{"href":"https:\/\/www.ull.es\/portal\/noticias\/wp-json\/wp\/v2\/media?parent=33810"}],"wp:term":[{"taxonomy":"category","embeddable":true,"href":"https:\/\/www.ull.es\/portal\/noticias\/wp-json\/wp\/v2\/categories?post=33810"},{"taxonomy":"post_tag","embeddable":true,"href":"https:\/\/www.ull.es\/portal\/noticias\/wp-json\/wp\/v2\/tags?post=33810"}],"curies":[{"name":"wp","href":"https:\/\/api.w.org\/{rel}","templated":true}]}}