{"id":34048,"date":"2017-11-24T09:18:54","date_gmt":"2017-11-24T09:18:54","guid":{"rendered":"https:\/\/www.ull.es\/portal\/noticias\/?p=34048"},"modified":"2017-11-24T09:18:54","modified_gmt":"2017-11-24T09:18:54","slug":"servicio-informacion-orientacion-la-ull-continua-ruta-las-islas-formar-los-orientadores-secundaria","status":"publish","type":"post","link":"https:\/\/www.ull.es\/portal\/noticias\/2017\/servicio-informacion-orientacion-la-ull-continua-ruta-las-islas-formar-los-orientadores-secundaria\/","title":{"rendered":"El Servicio de Informaci\u00f3n y Orientaci\u00f3n de la ULL contin\u00faa en su ruta por las islas para formar a los orientadores de Secundaria"},"content":{"rendered":"<div dir=\"auto\">\n<div dir=\"auto\">El Servicio de Informaci\u00f3n y Orientaci\u00f3n (SIO) de la Universidad de La Laguna, dependiente del Vicerrectorado de Estudiantes, se reuni\u00f3 ayer jueves 23 con los orientadores de la isla de Fuerteventura, continuando as\u00ed con los encuentros t\u00e9cnicos con los orientadores de las islas, que ya se iniciaron en Tenerife en el mes de octubre y que ya ha tenido lugar tambi\u00e9n en Gran Canaria y en La Palma en las primeras semanas de noviembre.<\/div>\n<div dir=\"auto\"><\/div>\n<div dir=\"auto\">En esta ocasi\u00f3n la reuni\u00f3n tuvo lugar en el IES Puerto del Rosario, ubicado en la capital de la isla. En representaci\u00f3n del Servicio de Informaci\u00f3n y Orientaci\u00f3n intervino la asesora educativa Rosal\u00eda Mendoza, quien ofreci\u00f3 cuanta informaci\u00f3n le fue solicitada por los orientadores, adem\u00e1s de la correspondiente a las novedades de este curso y actividades de informaci\u00f3n y orientaci\u00f3n dirigida al futuro alumnado universitario y previstas por la Universidad de La Laguna, como son las Jornadas de Puertas Abiertas, que tendr\u00e1n lugar en enero de 2018, y las Jornadas de Informaci\u00f3n Universitaria por las islas, cuyos destinatarios son el alumnado de Bachillerato y sus familias (madres y padres), y que se celebrar\u00e1n durante los meses de marzo y abril.<\/div>\n<div dir=\"auto\"><\/div>\n<div dir=\"auto\">La pr\u00f3ximas semana est\u00e1 prevista la \u00faltima de estas reuniones con los orientadores de los centros islas, en este cado, en Lanzarote en el IES Zonzamas, sito en Arrecife.<\/div>\n<div><\/div>\n<\/div>\n","protected":false},"excerpt":{"rendered":"<p>El Servicio de Informaci\u00f3n y Orientaci\u00f3n (SIO) de la Universidad de La Laguna, dependiente del Vicerrectorado de Estudiantes, se reuni\u00f3&#8230;<\/p>\n","protected":false},"author":23,"featured_media":34051,"comment_status":"closed","ping_status":"closed","sticky":false,"template":"","format":"standard","meta":{"inline_featured_image":false,"footnotes":""},"categories":[343,345,348,2765],"tags":[3711,2406],"acf":[],"yoast_head":"<!-- This site is optimized with the Yoast SEO plugin v21.3 - https:\/\/yoast.com\/wordpress\/plugins\/seo\/ -->\n<title>El Servicio de Informaci\u00f3n y Orientaci\u00f3n de la ULL contin\u00faa en su ruta por las islas para formar a los orientadores de Secundaria - ULL - Noticias<\/title>\n<meta name=\"robots\" content=\"index, follow, max-snippet:-1, max-image-preview:large, max-video-preview:-1\" \/>\n<link rel=\"canonical\" href=\"https:\/\/www.ull.es\/portal\/noticias\/2017\/servicio-informacion-orientacion-la-ull-continua-ruta-las-islas-formar-los-orientadores-secundaria\/\" \/>\n<meta property=\"og:locale\" content=\"es_ES\" \/>\n<meta property=\"og:type\" content=\"article\" \/>\n<meta property=\"og:title\" content=\"El Servicio de Informaci\u00f3n y Orientaci\u00f3n de la ULL contin\u00faa en su ruta por las islas para formar a los orientadores de Secundaria - ULL - Noticias\" \/>\n<meta property=\"og:description\" content=\"El Servicio de Informaci\u00f3n y Orientaci\u00f3n (SIO) de la Universidad de La Laguna, dependiente del Vicerrectorado de Estudiantes, se reuni\u00f3...\" \/>\n<meta property=\"og:url\" content=\"https:\/\/www.ull.es\/portal\/noticias\/2017\/servicio-informacion-orientacion-la-ull-continua-ruta-las-islas-formar-los-orientadores-secundaria\/\" \/>\n<meta property=\"og:site_name\" content=\"ULL - Noticias\" \/>\n<meta property=\"article:publisher\" content=\"https:\/\/www.facebook.com\/universidaddelalaguna\/\" \/>\n<meta property=\"article:published_time\" content=\"2017-11-24T09:18:54+00:00\" \/>\n<meta property=\"og:image\" content=\"https:\/\/www.ull.es\/portal\/noticias\/wp-content\/uploads\/sites\/13\/2017\/11\/fuerteventura.jpg\" \/>\n\t<meta property=\"og:image:width\" content=\"640\" \/>\n\t<meta property=\"og:image:height\" content=\"480\" \/>\n\t<meta property=\"og:image:type\" content=\"image\/jpeg\" \/>\n<meta name=\"author\" content=\"gaprsa\" \/>\n<meta name=\"twitter:card\" content=\"summary_large_image\" \/>\n<meta name=\"twitter:creator\" content=\"@CanalULL\" \/>\n<meta name=\"twitter:site\" content=\"@CanalULL\" \/>\n<meta name=\"twitter:label1\" content=\"Escrito por\" \/>\n\t<meta name=\"twitter:data1\" content=\"gaprsa\" \/>\n\t<meta name=\"twitter:label2\" content=\"Tiempo de lectura\" \/>\n\t<meta name=\"twitter:data2\" content=\"1 minuto\" \/>\n<script type=\"application\/ld+json\" class=\"yoast-schema-graph\">{\"@context\":\"https:\/\/schema.org\",\"@graph\":[{\"@type\":\"WebPage\",\"@id\":\"https:\/\/www.ull.es\/portal\/noticias\/2017\/servicio-informacion-orientacion-la-ull-continua-ruta-las-islas-formar-los-orientadores-secundaria\/\",\"url\":\"https:\/\/www.ull.es\/portal\/noticias\/2017\/servicio-informacion-orientacion-la-ull-continua-ruta-las-islas-formar-los-orientadores-secundaria\/\",\"name\":\"El Servicio de Informaci\u00f3n y Orientaci\u00f3n de la ULL contin\u00faa en su ruta por las islas para formar a los orientadores de Secundaria - ULL - Noticias\",\"isPartOf\":{\"@id\":\"https:\/\/www.ull.es\/portal\/noticias\/#website\"},\"datePublished\":\"2017-11-24T09:18:54+00:00\",\"dateModified\":\"2017-11-24T09:18:54+00:00\",\"author\":{\"@id\":\"https:\/\/www.ull.es\/portal\/noticias\/#\/schema\/person\/b2b1a89d43ffa609e591f7df8ef3e817\"},\"breadcrumb\":{\"@id\":\"https:\/\/www.ull.es\/portal\/noticias\/2017\/servicio-informacion-orientacion-la-ull-continua-ruta-las-islas-formar-los-orientadores-secundaria\/#breadcrumb\"},\"inLanguage\":\"es\",\"potentialAction\":[{\"@type\":\"ReadAction\",\"target\":[\"https:\/\/www.ull.es\/portal\/noticias\/2017\/servicio-informacion-orientacion-la-ull-continua-ruta-las-islas-formar-los-orientadores-secundaria\/\"]}]},{\"@type\":\"BreadcrumbList\",\"@id\":\"https:\/\/www.ull.es\/portal\/noticias\/2017\/servicio-informacion-orientacion-la-ull-continua-ruta-las-islas-formar-los-orientadores-secundaria\/#breadcrumb\",\"itemListElement\":[{\"@type\":\"ListItem\",\"position\":1,\"name\":\"Portada\",\"item\":\"https:\/\/www.ull.es\/portal\/noticias\/\"},{\"@type\":\"ListItem\",\"position\":2,\"name\":\"El Servicio de Informaci\u00f3n y Orientaci\u00f3n de la ULL contin\u00faa en su ruta por las islas para formar a los orientadores de Secundaria\"}]},{\"@type\":\"WebSite\",\"@id\":\"https:\/\/www.ull.es\/portal\/noticias\/#website\",\"url\":\"https:\/\/www.ull.es\/portal\/noticias\/\",\"name\":\"ULL - Noticias\",\"description\":\"\",\"potentialAction\":[{\"@type\":\"SearchAction\",\"target\":{\"@type\":\"EntryPoint\",\"urlTemplate\":\"https:\/\/www.ull.es\/portal\/noticias\/?s={search_term_string}\"},\"query-input\":\"required name=search_term_string\"}],\"inLanguage\":\"es\"},{\"@type\":\"Person\",\"@id\":\"https:\/\/www.ull.es\/portal\/noticias\/#\/schema\/person\/b2b1a89d43ffa609e591f7df8ef3e817\",\"name\":\"gaprsa\",\"image\":{\"@type\":\"ImageObject\",\"inLanguage\":\"es\",\"@id\":\"https:\/\/www.ull.es\/portal\/noticias\/#\/schema\/person\/image\/\",\"url\":\"https:\/\/secure.gravatar.com\/avatar\/443820550921091458b4823867723b3d?s=96&d=mm&r=g\",\"contentUrl\":\"https:\/\/secure.gravatar.com\/avatar\/443820550921091458b4823867723b3d?s=96&d=mm&r=g\",\"caption\":\"gaprsa\"},\"url\":\"https:\/\/www.ull.es\/portal\/noticias\/author\/gaprsa\/\"}]}<\/script>\n<!-- \/ Yoast SEO plugin. -->","yoast_head_json":{"title":"El Servicio de Informaci\u00f3n y Orientaci\u00f3n de la ULL contin\u00faa en su ruta por las islas para formar a los orientadores de Secundaria - ULL - Noticias","robots":{"index":"index","follow":"follow","max-snippet":"max-snippet:-1","max-image-preview":"max-image-preview:large","max-video-preview":"max-video-preview:-1"},"canonical":"https:\/\/www.ull.es\/portal\/noticias\/2017\/servicio-informacion-orientacion-la-ull-continua-ruta-las-islas-formar-los-orientadores-secundaria\/","og_locale":"es_ES","og_type":"article","og_title":"El Servicio de Informaci\u00f3n y Orientaci\u00f3n de la ULL contin\u00faa en su ruta por las islas para formar a los orientadores de Secundaria - ULL - Noticias","og_description":"El Servicio de Informaci\u00f3n y Orientaci\u00f3n (SIO) de la Universidad de La Laguna, dependiente del Vicerrectorado de Estudiantes, se reuni\u00f3...","og_url":"https:\/\/www.ull.es\/portal\/noticias\/2017\/servicio-informacion-orientacion-la-ull-continua-ruta-las-islas-formar-los-orientadores-secundaria\/","og_site_name":"ULL - Noticias","article_publisher":"https:\/\/www.facebook.com\/universidaddelalaguna\/","article_published_time":"2017-11-24T09:18:54+00:00","og_image":[{"width":640,"height":480,"url":"https:\/\/www.ull.es\/portal\/noticias\/wp-content\/uploads\/sites\/13\/2017\/11\/fuerteventura.jpg","type":"image\/jpeg"}],"author":"gaprsa","twitter_card":"summary_large_image","twitter_creator":"@CanalULL","twitter_site":"@CanalULL","twitter_misc":{"Escrito por":"gaprsa","Tiempo de lectura":"1 minuto"},"schema":{"@context":"https:\/\/schema.org","@graph":[{"@type":"WebPage","@id":"https:\/\/www.ull.es\/portal\/noticias\/2017\/servicio-informacion-orientacion-la-ull-continua-ruta-las-islas-formar-los-orientadores-secundaria\/","url":"https:\/\/www.ull.es\/portal\/noticias\/2017\/servicio-informacion-orientacion-la-ull-continua-ruta-las-islas-formar-los-orientadores-secundaria\/","name":"El Servicio de Informaci\u00f3n y Orientaci\u00f3n de la ULL contin\u00faa en su ruta por las islas para formar a los orientadores de Secundaria - ULL - Noticias","isPartOf":{"@id":"https:\/\/www.ull.es\/portal\/noticias\/#website"},"datePublished":"2017-11-24T09:18:54+00:00","dateModified":"2017-11-24T09:18:54+00:00","author":{"@id":"https:\/\/www.ull.es\/portal\/noticias\/#\/schema\/person\/b2b1a89d43ffa609e591f7df8ef3e817"},"breadcrumb":{"@id":"https:\/\/www.ull.es\/portal\/noticias\/2017\/servicio-informacion-orientacion-la-ull-continua-ruta-las-islas-formar-los-orientadores-secundaria\/#breadcrumb"},"inLanguage":"es","potentialAction":[{"@type":"ReadAction","target":["https:\/\/www.ull.es\/portal\/noticias\/2017\/servicio-informacion-orientacion-la-ull-continua-ruta-las-islas-formar-los-orientadores-secundaria\/"]}]},{"@type":"BreadcrumbList","@id":"https:\/\/www.ull.es\/portal\/noticias\/2017\/servicio-informacion-orientacion-la-ull-continua-ruta-las-islas-formar-los-orientadores-secundaria\/#breadcrumb","itemListElement":[{"@type":"ListItem","position":1,"name":"Portada","item":"https:\/\/www.ull.es\/portal\/noticias\/"},{"@type":"ListItem","position":2,"name":"El Servicio de Informaci\u00f3n y Orientaci\u00f3n de la ULL contin\u00faa en su ruta por las islas para formar a los orientadores de Secundaria"}]},{"@type":"WebSite","@id":"https:\/\/www.ull.es\/portal\/noticias\/#website","url":"https:\/\/www.ull.es\/portal\/noticias\/","name":"ULL - Noticias","description":"","potentialAction":[{"@type":"SearchAction","target":{"@type":"EntryPoint","urlTemplate":"https:\/\/www.ull.es\/portal\/noticias\/?s={search_term_string}"},"query-input":"required name=search_term_string"}],"inLanguage":"es"},{"@type":"Person","@id":"https:\/\/www.ull.es\/portal\/noticias\/#\/schema\/person\/b2b1a89d43ffa609e591f7df8ef3e817","name":"gaprsa","image":{"@type":"ImageObject","inLanguage":"es","@id":"https:\/\/www.ull.es\/portal\/noticias\/#\/schema\/person\/image\/","url":"https:\/\/secure.gravatar.com\/avatar\/443820550921091458b4823867723b3d?s=96&d=mm&r=g","contentUrl":"https:\/\/secure.gravatar.com\/avatar\/443820550921091458b4823867723b3d?s=96&d=mm&r=g","caption":"gaprsa"},"url":"https:\/\/www.ull.es\/portal\/noticias\/author\/gaprsa\/"}]}},"primary_category":{"id":343,"name":"Alumnado","slug":"alumnado","link":"https:\/\/www.ull.es\/portal\/noticias\/category\/alumnado\/"},"featured_image_thumbnail_url":"https:\/\/www.ull.es\/portal\/noticias\/wp-content\/uploads\/sites\/13\/2017\/11\/fuerteventura-300x225.jpg","_links":{"self":[{"href":"https:\/\/www.ull.es\/portal\/noticias\/wp-json\/wp\/v2\/posts\/34048"}],"collection":[{"href":"https:\/\/www.ull.es\/portal\/noticias\/wp-json\/wp\/v2\/posts"}],"about":[{"href":"https:\/\/www.ull.es\/portal\/noticias\/wp-json\/wp\/v2\/types\/post"}],"author":[{"embeddable":true,"href":"https:\/\/www.ull.es\/portal\/noticias\/wp-json\/wp\/v2\/users\/23"}],"replies":[{"embeddable":true,"href":"https:\/\/www.ull.es\/portal\/noticias\/wp-json\/wp\/v2\/comments?post=34048"}],"version-history":[{"count":2,"href":"https:\/\/www.ull.es\/portal\/noticias\/wp-json\/wp\/v2\/posts\/34048\/revisions"}],"predecessor-version":[{"id":34052,"href":"https:\/\/www.ull.es\/portal\/noticias\/wp-json\/wp\/v2\/posts\/34048\/revisions\/34052"}],"wp:featuredmedia":[{"embeddable":true,"href":"https:\/\/www.ull.es\/portal\/noticias\/wp-json\/wp\/v2\/media\/34051"}],"wp:attachment":[{"href":"https:\/\/www.ull.es\/portal\/noticias\/wp-json\/wp\/v2\/media?parent=34048"}],"wp:term":[{"taxonomy":"category","embeddable":true,"href":"https:\/\/www.ull.es\/portal\/noticias\/wp-json\/wp\/v2\/categories?post=34048"},{"taxonomy":"post_tag","embeddable":true,"href":"https:\/\/www.ull.es\/portal\/noticias\/wp-json\/wp\/v2\/tags?post=34048"}],"curies":[{"name":"wp","href":"https:\/\/api.w.org\/{rel}","templated":true}]}}