{"id":34126,"date":"2017-11-27T14:29:37","date_gmt":"2017-11-27T14:29:37","guid":{"rendered":"https:\/\/www.ull.es\/portal\/noticias\/?p=34126"},"modified":"2017-11-27T14:29:37","modified_gmt":"2017-11-27T14:29:37","slug":"la-ull-presenta-congreso-la-universidad-debate-foro-reflexion-futuro-las-instituciones-educacion-superior","status":"publish","type":"post","link":"https:\/\/www.ull.es\/portal\/noticias\/2017\/la-ull-presenta-congreso-la-universidad-debate-foro-reflexion-futuro-las-instituciones-educacion-superior\/","title":{"rendered":"La ULL presenta el congreso \u201cLa Universidad a debate\u201d como foro de reflexi\u00f3n sobre el futuro de las instituciones de educaci\u00f3n superior"},"content":{"rendered":"<p>Durante la ma\u00f1ana de hoy lunes 27 de noviembre se present\u00f3, en la sede universitaria del Vicerrectorado de Relaciones con la Sociedad, el congreso \u201cLa Universidad a debate\u201d, un foro de reflexi\u00f3n que se celebrar\u00e1 entre el 29 noviembre y el 1 de diciembre y versar\u00e1 sobre el papel de las universidades en las sociedades actuales, su responsabilidad en la formaci\u00f3n de una ciudadan\u00eda cr\u00edtica y comprometida con valores progresistas, y sobre las reformas necesarias en organizaci\u00f3n y procedimientos de gobierno, capaces de promover una docencia y una investigaci\u00f3n de calidad en todos los \u00e1mbitos del saber y contribuir a la consecuci\u00f3n del bien com\u00fan.<\/p>\n<p>Francisco Javier Garc\u00eda, vicerrector de Relaciones con la Sociedad; y los organizadores de esta cita Inmaculada Perdomo y Rafael Alonso Sol\u00eds, pertenecientes a la C\u00e1tedra Cultural Pedro Garc\u00eda Cabrera, desgranaron en rueda de prensa el programa y destacaron el alto nivel de los ponentes que se dar\u00e1n cita en la Universidad de La Laguna con motivo de este congreso.<\/p>\n<p>Este encuentro tendr\u00e1 lugar en el Sal\u00f3n de Actos de Ciencias de la Informaci\u00f3n. En palabras de Rafael Alonso, \u201ces un s\u00edntoma de una universidad sana que dedique tiempo al an\u00e1lisis y la autocr\u00edtica; evidentemente las formulas cl\u00e1sicas de gesti\u00f3n ya no funcionan y tienen que ir adapt\u00e1ndose a los tiempos sin que por ello se desvirt\u00fae la esencia de una universidad p\u00fablica\u201d.<\/p>\n<p>Irmaculada Perdomo destac\u00f3 la relevancia de los temas que se tratar\u00e1n en los pr\u00f3ximos d\u00edas. \u201cHemos querido abordar los principales aspectos que preocupan en estos momentos, como son la autonom\u00eda universitaria, la financiaci\u00f3n, los posibles conflicto de intereses entre los \u00e1mbitos human\u00edsticos y cient\u00edficos y t\u00e9cnicos, la participaci\u00f3n, la igualdad, la evaluaci\u00f3n y los ranking\u201d.<\/p>\n<p>En opini\u00f3n del vicerrector, \u201ces un privilegio para la Universidad de La Laguna que un debate sobre los retos futuros a los que tiene que hacer frente las instituciones universitarias, con ponentes de tanto prestigio, se desarrolle a iniciativa de una de nuestras c\u00e1tedras culturales, cono es la C\u00e1tedra Pedro Garc\u00eda Cabrera\u201d.<\/p>\n<p>Hay que recordar que el programa de aulas y c\u00e1tedras culturales de este centro acad\u00e9mico est\u00e1 conformado por 45 proyectos (27 aulas y 18 c\u00e1tedras), que realizan actividades a lo largo de todo el a\u00f1o, \u201cconstituyendo un potente instrumento de relaciones con la sociedad y de transferencia de conocimiento, sobre todo en el \u00e1mbito social y cultural. Desde el a\u00f1o pasado este programa se ha potenciado de manera significativa, gracias tambi\u00e9n al apoyo de la Fundaci\u00f3n Cajacanarias\u201d.<\/p>\n<p>\u201cHemos de agradecer a los responsables de la C\u00e1tedra Cultural Pedro Garc\u00eda Cabrera esta iniciativa\u201d, contin\u00faa el vicerrector. \u201cDesde que presentaron su propuesta anual de actividades nos pareci\u00f3 una magn\u00edfica idea que hayan dedicado los recursos con los que nuestro vicerrectorado apoya este proyecto a un debate tan pertinente como el que se plantea, adem\u00e1s enmarcado en la celebraci\u00f3n del 225 aniversario de la fundaci\u00f3n de nuestra instituci\u00f3n\u201d.<\/p>\n<p><strong>Programa<\/strong><\/p>\n<p>El programa ha reunido a expertos interdisciplinares del \u00e1mbito universitario que dar\u00e1n su opini\u00f3n sobre estos temas de m\u00e1xima actualidad. El congreso tendr\u00e1 el d\u00eda 29 una jornada de inauguraci\u00f3n a las 17:30 horas en el Sal\u00f3n de Actos del Instituto Universitario de Bio-Org\u00e1nica Antonio Gonz\u00e1lez. La conferencia inaugural, dedicada a la investigaci\u00f3n en la Universidad, correr\u00e1 a cargo de Carlos Mart\u00ednez, profesor de investigaci\u00f3n del Consejo Superior de Investigaciones Cient\u00edficas (CSIC), ex secretario de Estado de Investigaci\u00f3n y xx presidente del CSIC.<\/p>\n<p>En la jornada siguiente la sede del congreso se traslada al sal\u00f3n de actos de Ciencias de la Informaci\u00f3n. El d\u00eda 30 estar\u00e1 dedicada a la gesti\u00f3n, con una charla principal titulada \u201cUniversidad: Inteligencia vs burocracia\u201d a cargo de Aurelia Modrego Rico, profesora de Econom\u00eda Aplicada de la Universidad Carlos III.\u00a0 La jornada concluir\u00e1 con la conferencia del especialista internacional de educaci\u00f3n en el Banco Mundial, Juan Moreno Olmedilla, titulada\u00a0 \u201cEl gobierno de las instituciones de educaci\u00f3n superior: Reformas y tendencias internacionales\u201d.<\/p>\n<p><em>\u00a0<\/em>El d\u00eda 1 de diciembre arrancar\u00e1 con la conferencia \u201cLa brecha de g\u00e9nero en la universidad y en la investigaci\u00f3n\u201d, que ser\u00e1 impartida Josefina Bueno Alonso, directora general de Universidad, Investigaci\u00f3n y Ciencia de la Generalitat Valenciana. A continuaci\u00f3n la rectora de la Universidad de Granada, Pilar Aranda, disertar\u00e1 sobre el rumbo que est\u00e1 tomando la universidad p\u00fablica en este pa\u00eds.<\/p>\n<p>Las jornadas del jueves y viernes contar\u00e1n tambi\u00e9n con mesas redondas y comunicaciones libres impartidas por investigadores de la Universidad de La Laguna que abordar\u00e1n aspectos concretos e investigaciones sobre el \u00e1mbito de este congreso.<\/p>\n<p><strong>M\u00e1s informaci\u00f3n, programa y ponentes: <\/strong>http:\/\/www.catedrapedrogarciacabrera.com\/la-universidad-debate\/2017\/el-debate-2017.html<\/p>\n<p>&nbsp;<\/p>\n<p>&nbsp;<\/p>\n","protected":false},"excerpt":{"rendered":"<p>Durante la ma\u00f1ana de hoy lunes 27 de noviembre se present\u00f3, en la sede universitaria del Vicerrectorado de Relaciones con&#8230;<\/p>\n","protected":false},"author":23,"featured_media":34128,"comment_status":"closed","ping_status":"closed","sticky":false,"template":"","format":"standard","meta":{"inline_featured_image":false,"footnotes":""},"categories":[344,345,2765],"tags":[761,1732],"acf":[],"yoast_head":"<!-- This site is optimized with the Yoast SEO plugin v21.3 - https:\/\/yoast.com\/wordpress\/plugins\/seo\/ -->\n<title>La ULL presenta el congreso \u201cLa Universidad a debate\u201d como foro de reflexi\u00f3n sobre el futuro de las instituciones de educaci\u00f3n superior - ULL - Noticias<\/title>\n<meta name=\"robots\" content=\"index, follow, max-snippet:-1, max-image-preview:large, max-video-preview:-1\" \/>\n<link rel=\"canonical\" href=\"https:\/\/www.ull.es\/portal\/noticias\/2017\/la-ull-presenta-congreso-la-universidad-debate-foro-reflexion-futuro-las-instituciones-educacion-superior\/\" \/>\n<meta property=\"og:locale\" content=\"es_ES\" \/>\n<meta property=\"og:type\" content=\"article\" \/>\n<meta property=\"og:title\" content=\"La ULL presenta el congreso \u201cLa Universidad a debate\u201d como foro de reflexi\u00f3n sobre el futuro de las instituciones de educaci\u00f3n superior - ULL - Noticias\" \/>\n<meta property=\"og:description\" content=\"Durante la ma\u00f1ana de hoy lunes 27 de noviembre se present\u00f3, en la sede universitaria del Vicerrectorado de Relaciones con...\" \/>\n<meta property=\"og:url\" content=\"https:\/\/www.ull.es\/portal\/noticias\/2017\/la-ull-presenta-congreso-la-universidad-debate-foro-reflexion-futuro-las-instituciones-educacion-superior\/\" \/>\n<meta property=\"og:site_name\" content=\"ULL - Noticias\" \/>\n<meta property=\"article:publisher\" content=\"https:\/\/www.facebook.com\/universidaddelalaguna\/\" \/>\n<meta property=\"article:published_time\" content=\"2017-11-27T14:29:37+00:00\" \/>\n<meta property=\"og:image\" content=\"https:\/\/www.ull.es\/portal\/noticias\/wp-content\/uploads\/sites\/13\/2017\/11\/universidad-a-debate.jpg\" \/>\n\t<meta property=\"og:image:width\" content=\"1024\" \/>\n\t<meta property=\"og:image:height\" content=\"683\" \/>\n\t<meta property=\"og:image:type\" content=\"image\/jpeg\" \/>\n<meta name=\"author\" content=\"gaprsa\" \/>\n<meta name=\"twitter:card\" content=\"summary_large_image\" \/>\n<meta name=\"twitter:creator\" content=\"@CanalULL\" \/>\n<meta name=\"twitter:site\" content=\"@CanalULL\" \/>\n<meta name=\"twitter:label1\" content=\"Escrito por\" \/>\n\t<meta name=\"twitter:data1\" content=\"gaprsa\" \/>\n\t<meta name=\"twitter:label2\" content=\"Tiempo de lectura\" \/>\n\t<meta name=\"twitter:data2\" content=\"4 minutos\" \/>\n<script type=\"application\/ld+json\" class=\"yoast-schema-graph\">{\"@context\":\"https:\/\/schema.org\",\"@graph\":[{\"@type\":\"WebPage\",\"@id\":\"https:\/\/www.ull.es\/portal\/noticias\/2017\/la-ull-presenta-congreso-la-universidad-debate-foro-reflexion-futuro-las-instituciones-educacion-superior\/\",\"url\":\"https:\/\/www.ull.es\/portal\/noticias\/2017\/la-ull-presenta-congreso-la-universidad-debate-foro-reflexion-futuro-las-instituciones-educacion-superior\/\",\"name\":\"La ULL presenta el congreso \u201cLa Universidad a debate\u201d como foro de reflexi\u00f3n sobre el futuro de las instituciones de educaci\u00f3n superior - ULL - Noticias\",\"isPartOf\":{\"@id\":\"https:\/\/www.ull.es\/portal\/noticias\/#website\"},\"datePublished\":\"2017-11-27T14:29:37+00:00\",\"dateModified\":\"2017-11-27T14:29:37+00:00\",\"author\":{\"@id\":\"https:\/\/www.ull.es\/portal\/noticias\/#\/schema\/person\/b2b1a89d43ffa609e591f7df8ef3e817\"},\"breadcrumb\":{\"@id\":\"https:\/\/www.ull.es\/portal\/noticias\/2017\/la-ull-presenta-congreso-la-universidad-debate-foro-reflexion-futuro-las-instituciones-educacion-superior\/#breadcrumb\"},\"inLanguage\":\"es\",\"potentialAction\":[{\"@type\":\"ReadAction\",\"target\":[\"https:\/\/www.ull.es\/portal\/noticias\/2017\/la-ull-presenta-congreso-la-universidad-debate-foro-reflexion-futuro-las-instituciones-educacion-superior\/\"]}]},{\"@type\":\"BreadcrumbList\",\"@id\":\"https:\/\/www.ull.es\/portal\/noticias\/2017\/la-ull-presenta-congreso-la-universidad-debate-foro-reflexion-futuro-las-instituciones-educacion-superior\/#breadcrumb\",\"itemListElement\":[{\"@type\":\"ListItem\",\"position\":1,\"name\":\"Portada\",\"item\":\"https:\/\/www.ull.es\/portal\/noticias\/\"},{\"@type\":\"ListItem\",\"position\":2,\"name\":\"La ULL presenta el congreso \u201cLa Universidad a debate\u201d como foro de reflexi\u00f3n sobre el futuro de las instituciones de educaci\u00f3n superior\"}]},{\"@type\":\"WebSite\",\"@id\":\"https:\/\/www.ull.es\/portal\/noticias\/#website\",\"url\":\"https:\/\/www.ull.es\/portal\/noticias\/\",\"name\":\"ULL - Noticias\",\"description\":\"\",\"potentialAction\":[{\"@type\":\"SearchAction\",\"target\":{\"@type\":\"EntryPoint\",\"urlTemplate\":\"https:\/\/www.ull.es\/portal\/noticias\/?s={search_term_string}\"},\"query-input\":\"required name=search_term_string\"}],\"inLanguage\":\"es\"},{\"@type\":\"Person\",\"@id\":\"https:\/\/www.ull.es\/portal\/noticias\/#\/schema\/person\/b2b1a89d43ffa609e591f7df8ef3e817\",\"name\":\"gaprsa\",\"image\":{\"@type\":\"ImageObject\",\"inLanguage\":\"es\",\"@id\":\"https:\/\/www.ull.es\/portal\/noticias\/#\/schema\/person\/image\/\",\"url\":\"https:\/\/secure.gravatar.com\/avatar\/443820550921091458b4823867723b3d?s=96&d=mm&r=g\",\"contentUrl\":\"https:\/\/secure.gravatar.com\/avatar\/443820550921091458b4823867723b3d?s=96&d=mm&r=g\",\"caption\":\"gaprsa\"},\"url\":\"https:\/\/www.ull.es\/portal\/noticias\/author\/gaprsa\/\"}]}<\/script>\n<!-- \/ Yoast SEO plugin. -->","yoast_head_json":{"title":"La ULL presenta el congreso \u201cLa Universidad a debate\u201d como foro de reflexi\u00f3n sobre el futuro de las instituciones de educaci\u00f3n superior - ULL - Noticias","robots":{"index":"index","follow":"follow","max-snippet":"max-snippet:-1","max-image-preview":"max-image-preview:large","max-video-preview":"max-video-preview:-1"},"canonical":"https:\/\/www.ull.es\/portal\/noticias\/2017\/la-ull-presenta-congreso-la-universidad-debate-foro-reflexion-futuro-las-instituciones-educacion-superior\/","og_locale":"es_ES","og_type":"article","og_title":"La ULL presenta el congreso \u201cLa Universidad a debate\u201d como foro de reflexi\u00f3n sobre el futuro de las instituciones de educaci\u00f3n superior - ULL - Noticias","og_description":"Durante la ma\u00f1ana de hoy lunes 27 de noviembre se present\u00f3, en la sede universitaria del Vicerrectorado de Relaciones con...","og_url":"https:\/\/www.ull.es\/portal\/noticias\/2017\/la-ull-presenta-congreso-la-universidad-debate-foro-reflexion-futuro-las-instituciones-educacion-superior\/","og_site_name":"ULL - Noticias","article_publisher":"https:\/\/www.facebook.com\/universidaddelalaguna\/","article_published_time":"2017-11-27T14:29:37+00:00","og_image":[{"width":1024,"height":683,"url":"https:\/\/www.ull.es\/portal\/noticias\/wp-content\/uploads\/sites\/13\/2017\/11\/universidad-a-debate.jpg","type":"image\/jpeg"}],"author":"gaprsa","twitter_card":"summary_large_image","twitter_creator":"@CanalULL","twitter_site":"@CanalULL","twitter_misc":{"Escrito por":"gaprsa","Tiempo de lectura":"4 minutos"},"schema":{"@context":"https:\/\/schema.org","@graph":[{"@type":"WebPage","@id":"https:\/\/www.ull.es\/portal\/noticias\/2017\/la-ull-presenta-congreso-la-universidad-debate-foro-reflexion-futuro-las-instituciones-educacion-superior\/","url":"https:\/\/www.ull.es\/portal\/noticias\/2017\/la-ull-presenta-congreso-la-universidad-debate-foro-reflexion-futuro-las-instituciones-educacion-superior\/","name":"La ULL presenta el congreso \u201cLa Universidad a debate\u201d como foro de reflexi\u00f3n sobre el futuro de las instituciones de educaci\u00f3n superior - ULL - Noticias","isPartOf":{"@id":"https:\/\/www.ull.es\/portal\/noticias\/#website"},"datePublished":"2017-11-27T14:29:37+00:00","dateModified":"2017-11-27T14:29:37+00:00","author":{"@id":"https:\/\/www.ull.es\/portal\/noticias\/#\/schema\/person\/b2b1a89d43ffa609e591f7df8ef3e817"},"breadcrumb":{"@id":"https:\/\/www.ull.es\/portal\/noticias\/2017\/la-ull-presenta-congreso-la-universidad-debate-foro-reflexion-futuro-las-instituciones-educacion-superior\/#breadcrumb"},"inLanguage":"es","potentialAction":[{"@type":"ReadAction","target":["https:\/\/www.ull.es\/portal\/noticias\/2017\/la-ull-presenta-congreso-la-universidad-debate-foro-reflexion-futuro-las-instituciones-educacion-superior\/"]}]},{"@type":"BreadcrumbList","@id":"https:\/\/www.ull.es\/portal\/noticias\/2017\/la-ull-presenta-congreso-la-universidad-debate-foro-reflexion-futuro-las-instituciones-educacion-superior\/#breadcrumb","itemListElement":[{"@type":"ListItem","position":1,"name":"Portada","item":"https:\/\/www.ull.es\/portal\/noticias\/"},{"@type":"ListItem","position":2,"name":"La ULL presenta el congreso \u201cLa Universidad a debate\u201d como foro de reflexi\u00f3n sobre el futuro de las instituciones de educaci\u00f3n superior"}]},{"@type":"WebSite","@id":"https:\/\/www.ull.es\/portal\/noticias\/#website","url":"https:\/\/www.ull.es\/portal\/noticias\/","name":"ULL - Noticias","description":"","potentialAction":[{"@type":"SearchAction","target":{"@type":"EntryPoint","urlTemplate":"https:\/\/www.ull.es\/portal\/noticias\/?s={search_term_string}"},"query-input":"required name=search_term_string"}],"inLanguage":"es"},{"@type":"Person","@id":"https:\/\/www.ull.es\/portal\/noticias\/#\/schema\/person\/b2b1a89d43ffa609e591f7df8ef3e817","name":"gaprsa","image":{"@type":"ImageObject","inLanguage":"es","@id":"https:\/\/www.ull.es\/portal\/noticias\/#\/schema\/person\/image\/","url":"https:\/\/secure.gravatar.com\/avatar\/443820550921091458b4823867723b3d?s=96&d=mm&r=g","contentUrl":"https:\/\/secure.gravatar.com\/avatar\/443820550921091458b4823867723b3d?s=96&d=mm&r=g","caption":"gaprsa"},"url":"https:\/\/www.ull.es\/portal\/noticias\/author\/gaprsa\/"}]}},"primary_category":{"id":344,"name":"Cultura","slug":"cultura","link":"https:\/\/www.ull.es\/portal\/noticias\/category\/cultura\/"},"featured_image_thumbnail_url":"https:\/\/www.ull.es\/portal\/noticias\/wp-content\/uploads\/sites\/13\/2017\/11\/universidad-a-debate-300x200.jpg","_links":{"self":[{"href":"https:\/\/www.ull.es\/portal\/noticias\/wp-json\/wp\/v2\/posts\/34126"}],"collection":[{"href":"https:\/\/www.ull.es\/portal\/noticias\/wp-json\/wp\/v2\/posts"}],"about":[{"href":"https:\/\/www.ull.es\/portal\/noticias\/wp-json\/wp\/v2\/types\/post"}],"author":[{"embeddable":true,"href":"https:\/\/www.ull.es\/portal\/noticias\/wp-json\/wp\/v2\/users\/23"}],"replies":[{"embeddable":true,"href":"https:\/\/www.ull.es\/portal\/noticias\/wp-json\/wp\/v2\/comments?post=34126"}],"version-history":[{"count":1,"href":"https:\/\/www.ull.es\/portal\/noticias\/wp-json\/wp\/v2\/posts\/34126\/revisions"}],"predecessor-version":[{"id":34127,"href":"https:\/\/www.ull.es\/portal\/noticias\/wp-json\/wp\/v2\/posts\/34126\/revisions\/34127"}],"wp:featuredmedia":[{"embeddable":true,"href":"https:\/\/www.ull.es\/portal\/noticias\/wp-json\/wp\/v2\/media\/34128"}],"wp:attachment":[{"href":"https:\/\/www.ull.es\/portal\/noticias\/wp-json\/wp\/v2\/media?parent=34126"}],"wp:term":[{"taxonomy":"category","embeddable":true,"href":"https:\/\/www.ull.es\/portal\/noticias\/wp-json\/wp\/v2\/categories?post=34126"},{"taxonomy":"post_tag","embeddable":true,"href":"https:\/\/www.ull.es\/portal\/noticias\/wp-json\/wp\/v2\/tags?post=34126"}],"curies":[{"name":"wp","href":"https:\/\/api.w.org\/{rel}","templated":true}]}}