{"id":34186,"date":"2017-11-30T12:59:08","date_gmt":"2017-11-30T12:59:08","guid":{"rendered":"https:\/\/www.ull.es\/portal\/noticias\/?p=34186"},"modified":"2017-11-30T12:59:08","modified_gmt":"2017-11-30T12:59:08","slug":"conclusiones-international-staff-week","status":"publish","type":"post","link":"https:\/\/www.ull.es\/portal\/noticias\/2017\/conclusiones-international-staff-week\/","title":{"rendered":"La ULL firma nuevos acuerdos bilaterales con universidades europeas en el marco de la International Staff Week"},"content":{"rendered":"<p>La Universidad de La Laguna ha estado acogiendo desde el pasado lunes 27 de noviembre la <a href=\"https:\/\/eventos.ull.es\/12417\/detail\/international-staff-training-week.html\" target=\"_blank\" rel=\"noopener\" target=\"_blank\" rel=\"noopener\">International Staff Week<\/a>, un encuentro con personal de administraci\u00f3n y servicios (PAS) de diecis\u00e9is universidades de nueve pa\u00edses europeos diferentes, y forma parte del programa de intercambio Erasmus+. Aunque el encuentro ha sido, principalmente, un foro de debate e intercambio de experiencias entre profesiones de la gesti\u00f3n universitaria internacional, tambi\u00e9n ha servido para que la ULL, a trav\u00e9s de su Vicerrectorado de Internacionalizaci\u00f3n, establezca m\u00e1s alianzas continentales mediante la firma de nuevos acuerdos bilaterales con algunas de las instituciones participantes.<\/p>\n<p>De este modo, a lo largo de estos d\u00edas se han firmado nuevos convenios en \u00e1reas de inter\u00e9s para la ULL. As\u00ed, se han ampliado los acuerdos ya existentes en el \u00e1rea de Logopedia; la Facultad de Derecho ha establecido contactos con alguna universidad b\u00falgara; y tanto la Facultad de Educaci\u00f3n como la Escuela Superior de Ingenier\u00eda y Tecnolog\u00eda han establecido acuerdos con Finlandia. Por su parte, la Universidad de Mesina (Italia) ha mostrado inter\u00e9s por empezar a colaborar en otras \u00e1reas distintas de las ya existentes.<\/p>\n<p>Este encuentro, que ha culminado hoy, jueves 30 de noviembre con una visita al Teide, ha servido para mejorar la visibilidad y proyecci\u00f3n internacional de la Universidad de La Laguna mediante la vinculaci\u00f3n del PAS de la instituci\u00f3n con hom\u00f3logos extranjeros, y tambi\u00e9n ha propiciado el intercambio de buenas pr\u00e1cticas que ayudar\u00e1n al personal implicado a mejorar sus labores de gesti\u00f3n.<\/p>\n<p>Durante estos cuatro d\u00edas de encuentro, ha habido presentaciones de las distintas instituciones participantes, as\u00ed como de la propia ULL y sus servicios; talleres; encuentro con coordinadores de movilidad de las distintas facultades; y visitas a varios campus y a instalaciones como el Servicio General de Apoyo a la Investigaci\u00f3n (SEGAI), el Fondo Antiguo de la Biblioteca Universitaria, o la sede de la Secci\u00f3n de Bellas Artes de la Facultad de Humanidades. Todo ello complementado por un programa social que incluy\u00f3 una visita guiada a la Laguna, una cena institucional y la ya mencionada excursi\u00f3n de hoy a El Teide.<\/p>\n<p>Esta ha sido la segunda semana internacional para PAS organizada por la ULL, que es una de las modalidades de intercambio de personal que contempla el programa Erasmus+. Ha sido organizada por la Oficina de Relaciones Internacionales y en ella han participado 19 gestores procedentes de \u00a0de nueve pa\u00edses: 5 de Alemania; 3 de Polonia; 2 de Finlandia, Italia y Bulgaria; y 1de Rep\u00fablica Checa, Reino Unido, Croacia y Hungr\u00eda.<\/p>\n<p><strong>\u00a0<\/strong><\/p>\n","protected":false},"excerpt":{"rendered":"<p>La Universidad de La Laguna ha estado acogiendo desde el pasado lunes 27 de noviembre la International Staff Week, un&#8230;<\/p>\n","protected":false},"author":21,"featured_media":34187,"comment_status":"closed","ping_status":"closed","sticky":false,"template":"","format":"standard","meta":{"inline_featured_image":false,"footnotes":""},"categories":[345,349,2755,2765],"tags":[3742,2057,3719,2171,2611],"acf":[],"yoast_head":"<!-- This site is optimized with the Yoast SEO plugin v21.3 - https:\/\/yoast.com\/wordpress\/plugins\/seo\/ -->\n<title>La International Staff Week permite a la ULL firmar convenios europeos<\/title>\n<meta name=\"description\" content=\"Finaliza la International Staff Week celebrada en la ULL dentro del programa Erasmus+, que ha reunido a 19 personas de 9 paises diferentes.\" \/>\n<meta name=\"robots\" content=\"index, follow, max-snippet:-1, max-image-preview:large, max-video-preview:-1\" \/>\n<link rel=\"canonical\" href=\"https:\/\/www.ull.es\/portal\/noticias\/2017\/conclusiones-international-staff-week\/\" \/>\n<meta property=\"og:locale\" content=\"es_ES\" \/>\n<meta property=\"og:type\" content=\"article\" \/>\n<meta property=\"og:title\" content=\"La International Staff Week permite a la ULL firmar convenios europeos\" \/>\n<meta property=\"og:description\" content=\"Finaliza la International Staff Week celebrada en la ULL dentro del programa Erasmus+, que ha reunido a 19 personas de 9 paises diferentes.\" \/>\n<meta property=\"og:url\" content=\"https:\/\/www.ull.es\/portal\/noticias\/2017\/conclusiones-international-staff-week\/\" \/>\n<meta property=\"og:site_name\" content=\"ULL - Noticias\" \/>\n<meta property=\"article:publisher\" content=\"https:\/\/www.facebook.com\/universidaddelalaguna\/\" \/>\n<meta property=\"article:published_time\" content=\"2017-11-30T12:59:08+00:00\" \/>\n<meta property=\"og:image\" content=\"https:\/\/www.ull.es\/portal\/noticias\/wp-content\/uploads\/sites\/13\/2017\/11\/international-staff-week-grupo.jpg\" \/>\n\t<meta property=\"og:image:width\" content=\"1200\" \/>\n\t<meta property=\"og:image:height\" content=\"800\" \/>\n\t<meta property=\"og:image:type\" content=\"image\/jpeg\" \/>\n<meta name=\"author\" content=\"prensa2\" \/>\n<meta name=\"twitter:card\" content=\"summary_large_image\" \/>\n<meta name=\"twitter:creator\" content=\"@CanalULL\" \/>\n<meta name=\"twitter:site\" content=\"@CanalULL\" \/>\n<meta name=\"twitter:label1\" content=\"Escrito por\" \/>\n\t<meta name=\"twitter:data1\" content=\"prensa2\" \/>\n\t<meta name=\"twitter:label2\" content=\"Tiempo de lectura\" \/>\n\t<meta name=\"twitter:data2\" content=\"2 minutos\" \/>\n<script type=\"application\/ld+json\" class=\"yoast-schema-graph\">{\"@context\":\"https:\/\/schema.org\",\"@graph\":[{\"@type\":\"WebPage\",\"@id\":\"https:\/\/www.ull.es\/portal\/noticias\/2017\/conclusiones-international-staff-week\/\",\"url\":\"https:\/\/www.ull.es\/portal\/noticias\/2017\/conclusiones-international-staff-week\/\",\"name\":\"La International Staff Week permite a la ULL firmar convenios europeos\",\"isPartOf\":{\"@id\":\"https:\/\/www.ull.es\/portal\/noticias\/#website\"},\"datePublished\":\"2017-11-30T12:59:08+00:00\",\"dateModified\":\"2017-11-30T12:59:08+00:00\",\"author\":{\"@id\":\"https:\/\/www.ull.es\/portal\/noticias\/#\/schema\/person\/c3b2aa857797592927a03740d6664376\"},\"description\":\"Finaliza la International Staff Week celebrada en la ULL dentro del programa Erasmus+, que ha reunido a 19 personas de 9 paises diferentes.\",\"breadcrumb\":{\"@id\":\"https:\/\/www.ull.es\/portal\/noticias\/2017\/conclusiones-international-staff-week\/#breadcrumb\"},\"inLanguage\":\"es\",\"potentialAction\":[{\"@type\":\"ReadAction\",\"target\":[\"https:\/\/www.ull.es\/portal\/noticias\/2017\/conclusiones-international-staff-week\/\"]}]},{\"@type\":\"BreadcrumbList\",\"@id\":\"https:\/\/www.ull.es\/portal\/noticias\/2017\/conclusiones-international-staff-week\/#breadcrumb\",\"itemListElement\":[{\"@type\":\"ListItem\",\"position\":1,\"name\":\"Portada\",\"item\":\"https:\/\/www.ull.es\/portal\/noticias\/\"},{\"@type\":\"ListItem\",\"position\":2,\"name\":\"La ULL firma nuevos acuerdos bilaterales con universidades europeas en el marco de la International Staff Week\"}]},{\"@type\":\"WebSite\",\"@id\":\"https:\/\/www.ull.es\/portal\/noticias\/#website\",\"url\":\"https:\/\/www.ull.es\/portal\/noticias\/\",\"name\":\"ULL - Noticias\",\"description\":\"\",\"potentialAction\":[{\"@type\":\"SearchAction\",\"target\":{\"@type\":\"EntryPoint\",\"urlTemplate\":\"https:\/\/www.ull.es\/portal\/noticias\/?s={search_term_string}\"},\"query-input\":\"required name=search_term_string\"}],\"inLanguage\":\"es\"},{\"@type\":\"Person\",\"@id\":\"https:\/\/www.ull.es\/portal\/noticias\/#\/schema\/person\/c3b2aa857797592927a03740d6664376\",\"name\":\"prensa2\",\"image\":{\"@type\":\"ImageObject\",\"inLanguage\":\"es\",\"@id\":\"https:\/\/www.ull.es\/portal\/noticias\/#\/schema\/person\/image\/\",\"url\":\"https:\/\/secure.gravatar.com\/avatar\/b58f310a5de5feb33d1e026d2493f23c?s=96&d=mm&r=g\",\"contentUrl\":\"https:\/\/secure.gravatar.com\/avatar\/b58f310a5de5feb33d1e026d2493f23c?s=96&d=mm&r=g\",\"caption\":\"prensa2\"},\"url\":\"https:\/\/www.ull.es\/portal\/noticias\/author\/prensa2\/\"}]}<\/script>\n<!-- \/ Yoast SEO plugin. -->","yoast_head_json":{"title":"La International Staff Week permite a la ULL firmar convenios europeos","description":"Finaliza la International Staff Week celebrada en la ULL dentro del programa Erasmus+, que ha reunido a 19 personas de 9 paises diferentes.","robots":{"index":"index","follow":"follow","max-snippet":"max-snippet:-1","max-image-preview":"max-image-preview:large","max-video-preview":"max-video-preview:-1"},"canonical":"https:\/\/www.ull.es\/portal\/noticias\/2017\/conclusiones-international-staff-week\/","og_locale":"es_ES","og_type":"article","og_title":"La International Staff Week permite a la ULL firmar convenios europeos","og_description":"Finaliza la International Staff Week celebrada en la ULL dentro del programa Erasmus+, que ha reunido a 19 personas de 9 paises diferentes.","og_url":"https:\/\/www.ull.es\/portal\/noticias\/2017\/conclusiones-international-staff-week\/","og_site_name":"ULL - Noticias","article_publisher":"https:\/\/www.facebook.com\/universidaddelalaguna\/","article_published_time":"2017-11-30T12:59:08+00:00","og_image":[{"width":1200,"height":800,"url":"https:\/\/www.ull.es\/portal\/noticias\/wp-content\/uploads\/sites\/13\/2017\/11\/international-staff-week-grupo.jpg","type":"image\/jpeg"}],"author":"prensa2","twitter_card":"summary_large_image","twitter_creator":"@CanalULL","twitter_site":"@CanalULL","twitter_misc":{"Escrito por":"prensa2","Tiempo de lectura":"2 minutos"},"schema":{"@context":"https:\/\/schema.org","@graph":[{"@type":"WebPage","@id":"https:\/\/www.ull.es\/portal\/noticias\/2017\/conclusiones-international-staff-week\/","url":"https:\/\/www.ull.es\/portal\/noticias\/2017\/conclusiones-international-staff-week\/","name":"La International Staff Week permite a la ULL firmar convenios europeos","isPartOf":{"@id":"https:\/\/www.ull.es\/portal\/noticias\/#website"},"datePublished":"2017-11-30T12:59:08+00:00","dateModified":"2017-11-30T12:59:08+00:00","author":{"@id":"https:\/\/www.ull.es\/portal\/noticias\/#\/schema\/person\/c3b2aa857797592927a03740d6664376"},"description":"Finaliza la International Staff Week celebrada en la ULL dentro del programa Erasmus+, que ha reunido a 19 personas de 9 paises diferentes.","breadcrumb":{"@id":"https:\/\/www.ull.es\/portal\/noticias\/2017\/conclusiones-international-staff-week\/#breadcrumb"},"inLanguage":"es","potentialAction":[{"@type":"ReadAction","target":["https:\/\/www.ull.es\/portal\/noticias\/2017\/conclusiones-international-staff-week\/"]}]},{"@type":"BreadcrumbList","@id":"https:\/\/www.ull.es\/portal\/noticias\/2017\/conclusiones-international-staff-week\/#breadcrumb","itemListElement":[{"@type":"ListItem","position":1,"name":"Portada","item":"https:\/\/www.ull.es\/portal\/noticias\/"},{"@type":"ListItem","position":2,"name":"La ULL firma nuevos acuerdos bilaterales con universidades europeas en el marco de la International Staff Week"}]},{"@type":"WebSite","@id":"https:\/\/www.ull.es\/portal\/noticias\/#website","url":"https:\/\/www.ull.es\/portal\/noticias\/","name":"ULL - Noticias","description":"","potentialAction":[{"@type":"SearchAction","target":{"@type":"EntryPoint","urlTemplate":"https:\/\/www.ull.es\/portal\/noticias\/?s={search_term_string}"},"query-input":"required name=search_term_string"}],"inLanguage":"es"},{"@type":"Person","@id":"https:\/\/www.ull.es\/portal\/noticias\/#\/schema\/person\/c3b2aa857797592927a03740d6664376","name":"prensa2","image":{"@type":"ImageObject","inLanguage":"es","@id":"https:\/\/www.ull.es\/portal\/noticias\/#\/schema\/person\/image\/","url":"https:\/\/secure.gravatar.com\/avatar\/b58f310a5de5feb33d1e026d2493f23c?s=96&d=mm&r=g","contentUrl":"https:\/\/secure.gravatar.com\/avatar\/b58f310a5de5feb33d1e026d2493f23c?s=96&d=mm&r=g","caption":"prensa2"},"url":"https:\/\/www.ull.es\/portal\/noticias\/author\/prensa2\/"}]}},"primary_category":{"id":349,"name":"Internacionalizaci\u00f3n","slug":"internacionalizacion","link":"https:\/\/www.ull.es\/portal\/noticias\/category\/internacionalizacion\/"},"featured_image_thumbnail_url":"https:\/\/www.ull.es\/portal\/noticias\/wp-content\/uploads\/sites\/13\/2017\/11\/international-staff-week-grupo-300x200.jpg","_links":{"self":[{"href":"https:\/\/www.ull.es\/portal\/noticias\/wp-json\/wp\/v2\/posts\/34186"}],"collection":[{"href":"https:\/\/www.ull.es\/portal\/noticias\/wp-json\/wp\/v2\/posts"}],"about":[{"href":"https:\/\/www.ull.es\/portal\/noticias\/wp-json\/wp\/v2\/types\/post"}],"author":[{"embeddable":true,"href":"https:\/\/www.ull.es\/portal\/noticias\/wp-json\/wp\/v2\/users\/21"}],"replies":[{"embeddable":true,"href":"https:\/\/www.ull.es\/portal\/noticias\/wp-json\/wp\/v2\/comments?post=34186"}],"version-history":[{"count":1,"href":"https:\/\/www.ull.es\/portal\/noticias\/wp-json\/wp\/v2\/posts\/34186\/revisions"}],"predecessor-version":[{"id":34188,"href":"https:\/\/www.ull.es\/portal\/noticias\/wp-json\/wp\/v2\/posts\/34186\/revisions\/34188"}],"wp:featuredmedia":[{"embeddable":true,"href":"https:\/\/www.ull.es\/portal\/noticias\/wp-json\/wp\/v2\/media\/34187"}],"wp:attachment":[{"href":"https:\/\/www.ull.es\/portal\/noticias\/wp-json\/wp\/v2\/media?parent=34186"}],"wp:term":[{"taxonomy":"category","embeddable":true,"href":"https:\/\/www.ull.es\/portal\/noticias\/wp-json\/wp\/v2\/categories?post=34186"},{"taxonomy":"post_tag","embeddable":true,"href":"https:\/\/www.ull.es\/portal\/noticias\/wp-json\/wp\/v2\/tags?post=34186"}],"curies":[{"name":"wp","href":"https:\/\/api.w.org\/{rel}","templated":true}]}}