{"id":34196,"date":"2017-11-30T15:06:41","date_gmt":"2017-11-30T15:06:41","guid":{"rendered":"https:\/\/www.ull.es\/portal\/noticias\/?p=34196"},"modified":"2017-11-30T15:06:41","modified_gmt":"2017-11-30T15:06:41","slug":"congreso-la-universidad-debate-arranca-llamamiento-aumentar-la-inversion-investigacion","status":"publish","type":"post","link":"https:\/\/www.ull.es\/portal\/noticias\/2017\/congreso-la-universidad-debate-arranca-llamamiento-aumentar-la-inversion-investigacion\/","title":{"rendered":"El congreso \u201cLa Universidad a debate\u201d arranca con el llamamiento a aumentar la inversi\u00f3n en investigaci\u00f3n"},"content":{"rendered":"<p>En la tarde de ayer mi\u00e9rcoles el sal\u00f3n de actos del Instituto de Bio-Org\u00e1nica Antonio Gonz\u00e1lez acogi\u00f3 la apertura del Congreso \u201cLa Universidad\u00a0 a debate\u201d, un encuentro que tiene como objetivos reflexionar sobre el estado de salud de la universidad p\u00fablica y debatir sobre cu\u00e1les pueden ser las mejores soluciones a los problemas que tiene esta instituci\u00f3n en nuestro pa\u00eds.<\/p>\n<p>La mesa inaugural estuvo compuesta por Inmaculada Perdomo, directora de la C\u00e1tedra Pedro Garc\u00eda Cabrera; Raimundo Baroja, presidente Consejo Social; Marisa Tejedor, presidenta del comit\u00e9 organizador 225 aniversario de la Universidad de La Laguna y Francisco Garc\u00eda, vicerrector de Relaciones con la Sociedad.<\/p>\n<p>La conferencia inaugural corri\u00f3 a cargo de Carlos Mart\u00ednez Alonso, profesor de investigaci\u00f3n del Consejo Superior de Investigaciones Cient\u00edficas (CSIC) e investigador del Centro Nacional de Biotecnolog\u00eda. Mart\u00ednez tambi\u00e9n fue secretario de Estado de Investigaci\u00f3n y presidente del CSIC.<\/p>\n<p>Mart\u00ednez Alonso comenz\u00f3 su intervenci\u00f3n apelando a la autocr\u00edtica: \u201cSi la universidad no debate sobre sus problemas nadie lo har\u00e1 por ella, de esa manera se ir\u00e1 abriendo camino en la sociedad adapt\u00e1ndose a sus cambios\u201d. La universidad,\u00a0 como catedral del conocimiento, es un lugar para innovar, algo que nos hace diferentes como especie, \u00a0seg\u00fan el ponente. \u201cEl Homo Sapiens domina en estos momentos el mundo porque no ha parado de innovar; domesticando animales, ha inventando desde la rueda hasta la agricultura. Ese aspecto innovador ha sido sustituido por el conocimiento, una forma muy sofisticada de la innovaci\u00f3n, que hoy es muy diferente de su predecesor y que seguro que ser\u00e1 muy distinto de lo que viene\u201d.<\/p>\n<p>La capacidad de inventar est\u00e1 siendo exponencial. \u201cEn los ultimo 75 a\u00f1os se han descubierto tantas cosas como en los \u00faltimos siglos, y esto s\u00f3lo es un aperitivo de los que nos depara el futuro, los avances cient\u00edficos van mucho m\u00e1s r\u00e1pido que los avances sociales y esto es un gran problema para gestionar la ciencia\u201d.<\/p>\n<p>Mart\u00ednez Alonso durante su disertaci\u00f3n apel\u00f3 tambi\u00e9n a la necesidad de investigar en ciencia b\u00e1sica, algo que, en su opini\u00f3n, hace muy bien la universidad. \u201dMuchos conocimientos cient\u00edficos b\u00e1sicos tardan d\u00e9cadas en poder ser aplicados, no hay una correlaci\u00f3n causa efecto inmediata. Hay que investigar por ampliar las fronteras del conocimiento; muchos grandes descubrimientos llegan sin que sus autores sepan cu\u00e1l puede ser su aplicaci\u00f3n. El CRISPR, con el que se puede editar el genoma, fue un descubrimiento que lleg\u00f3 estudiando unas bacterias, 30 a\u00f1os despu\u00e9s de ese hallazgo la aplicaci\u00f3n llega para revolucionar el mundo de la biomedicina\u201d.<\/p>\n<p>El ex director del CSIC acab\u00f3 apelando a la necesidad de aumentar el gasto p\u00fablico en I+D, que, lejos de aumentar, cada a\u00f1o va a menos. \u201cEn Espa\u00f1a las cosas van a peor, lo m\u00e1s que hemos invertido en nuestra historia ha sido el 1,39% del PIB, est\u00e1bamos lejos del 2% que era la media europea, pero es que ahora vamos mucho peor, ahora nos encontramos con un 40% menos, crecemos cerca al 3% pero seguimos recortando en investigaci\u00f3n\u201d.<\/p>\n<p>El sal\u00f3n de actos de Ciencias de la Informaci\u00f3n tom\u00f3 el testigo esta ma\u00f1ana en la agenda del congreso. La jornada arranc\u00f3 con la charla de Aurelia Modrego Rico, profesora de Econom\u00eda Aplicada de la Universidad Carlos III de Madrid. En su charla defendi\u00f3 la necesidad de aligerar los tr\u00e1mites organizativos de las universidades p\u00fablicas con el objetivo de agilizar la producci\u00f3n cient\u00edfica. Donde debe primar la inteligencia sobre la burocracia, sostuvo la ponente.<\/p>\n<p>Como coordinadora de la Comisi\u00f3n DECIDES de An\u00e1lisis de Pol\u00edticas Cient\u00edficas, Modrego coment\u00f3 las principales conclusiones del informe publicado ayer donde se puso de manifiesto que \u201cexiste una carencia de informaci\u00f3n, cuando no una desinformaci\u00f3n, sobre la estrategia a seguir en el \u00e1mbito de la ciencia, lo que supone la ant\u00edtesis de una pol\u00edtica orientada a generar confianza y a reducir la inseguridad e incertidumbre inherente a cualquier actividad de I+D+i\u201d.<\/p>\n<p>Hoy el congreso continuar\u00e1 con las comunicaciones libres y la charla\u00a0 \u201cEl gobierno de las instituciones de educaci\u00f3n superior: Reformas y tendencias internacionales\u201d por Juan Moreno Olmedilla, especialista internacional de educaci\u00f3n en el Banco Mundial.<\/p>\n","protected":false},"excerpt":{"rendered":"<p>En la tarde de ayer mi\u00e9rcoles el sal\u00f3n de actos del Instituto de Bio-Org\u00e1nica Antonio Gonz\u00e1lez acogi\u00f3 la apertura del&#8230;<\/p>\n","protected":false},"author":23,"featured_media":34198,"comment_status":"closed","ping_status":"closed","sticky":false,"template":"","format":"standard","meta":{"inline_featured_image":false,"footnotes":""},"categories":[345,348,2765],"tags":[1732],"acf":[],"yoast_head":"<!-- This site is optimized with the Yoast SEO plugin v21.3 - https:\/\/yoast.com\/wordpress\/plugins\/seo\/ -->\n<title>El congreso \u201cLa Universidad a debate\u201d arranca con el llamamiento a aumentar la inversi\u00f3n en investigaci\u00f3n - ULL - Noticias<\/title>\n<meta name=\"robots\" content=\"index, follow, max-snippet:-1, max-image-preview:large, max-video-preview:-1\" \/>\n<link rel=\"canonical\" href=\"https:\/\/www.ull.es\/portal\/noticias\/2017\/congreso-la-universidad-debate-arranca-llamamiento-aumentar-la-inversion-investigacion\/\" \/>\n<meta property=\"og:locale\" content=\"es_ES\" \/>\n<meta property=\"og:type\" content=\"article\" \/>\n<meta property=\"og:title\" content=\"El congreso \u201cLa Universidad a debate\u201d arranca con el llamamiento a aumentar la inversi\u00f3n en investigaci\u00f3n - ULL - Noticias\" \/>\n<meta property=\"og:description\" content=\"En la tarde de ayer mi\u00e9rcoles el sal\u00f3n de actos del Instituto de Bio-Org\u00e1nica Antonio Gonz\u00e1lez acogi\u00f3 la apertura del...\" \/>\n<meta property=\"og:url\" content=\"https:\/\/www.ull.es\/portal\/noticias\/2017\/congreso-la-universidad-debate-arranca-llamamiento-aumentar-la-inversion-investigacion\/\" \/>\n<meta property=\"og:site_name\" content=\"ULL - Noticias\" \/>\n<meta property=\"article:publisher\" content=\"https:\/\/www.facebook.com\/universidaddelalaguna\/\" \/>\n<meta property=\"article:published_time\" content=\"2017-11-30T15:06:41+00:00\" \/>\n<meta property=\"og:image\" content=\"https:\/\/www.ull.es\/portal\/noticias\/wp-content\/uploads\/sites\/13\/2017\/11\/universidad-a-debate-conf-inaugural.jpg\" \/>\n\t<meta property=\"og:image:width\" content=\"1024\" \/>\n\t<meta property=\"og:image:height\" content=\"683\" \/>\n\t<meta property=\"og:image:type\" content=\"image\/jpeg\" \/>\n<meta name=\"author\" content=\"gaprsa\" \/>\n<meta name=\"twitter:card\" content=\"summary_large_image\" \/>\n<meta name=\"twitter:creator\" content=\"@CanalULL\" \/>\n<meta name=\"twitter:site\" content=\"@CanalULL\" \/>\n<meta name=\"twitter:label1\" content=\"Escrito por\" \/>\n\t<meta name=\"twitter:data1\" content=\"gaprsa\" \/>\n\t<meta name=\"twitter:label2\" content=\"Tiempo de lectura\" \/>\n\t<meta name=\"twitter:data2\" content=\"4 minutos\" \/>\n<script type=\"application\/ld+json\" class=\"yoast-schema-graph\">{\"@context\":\"https:\/\/schema.org\",\"@graph\":[{\"@type\":\"WebPage\",\"@id\":\"https:\/\/www.ull.es\/portal\/noticias\/2017\/congreso-la-universidad-debate-arranca-llamamiento-aumentar-la-inversion-investigacion\/\",\"url\":\"https:\/\/www.ull.es\/portal\/noticias\/2017\/congreso-la-universidad-debate-arranca-llamamiento-aumentar-la-inversion-investigacion\/\",\"name\":\"El congreso \u201cLa Universidad a debate\u201d arranca con el llamamiento a aumentar la inversi\u00f3n en investigaci\u00f3n - ULL - Noticias\",\"isPartOf\":{\"@id\":\"https:\/\/www.ull.es\/portal\/noticias\/#website\"},\"datePublished\":\"2017-11-30T15:06:41+00:00\",\"dateModified\":\"2017-11-30T15:06:41+00:00\",\"author\":{\"@id\":\"https:\/\/www.ull.es\/portal\/noticias\/#\/schema\/person\/b2b1a89d43ffa609e591f7df8ef3e817\"},\"breadcrumb\":{\"@id\":\"https:\/\/www.ull.es\/portal\/noticias\/2017\/congreso-la-universidad-debate-arranca-llamamiento-aumentar-la-inversion-investigacion\/#breadcrumb\"},\"inLanguage\":\"es\",\"potentialAction\":[{\"@type\":\"ReadAction\",\"target\":[\"https:\/\/www.ull.es\/portal\/noticias\/2017\/congreso-la-universidad-debate-arranca-llamamiento-aumentar-la-inversion-investigacion\/\"]}]},{\"@type\":\"BreadcrumbList\",\"@id\":\"https:\/\/www.ull.es\/portal\/noticias\/2017\/congreso-la-universidad-debate-arranca-llamamiento-aumentar-la-inversion-investigacion\/#breadcrumb\",\"itemListElement\":[{\"@type\":\"ListItem\",\"position\":1,\"name\":\"Portada\",\"item\":\"https:\/\/www.ull.es\/portal\/noticias\/\"},{\"@type\":\"ListItem\",\"position\":2,\"name\":\"El congreso \u201cLa Universidad a debate\u201d arranca con el llamamiento a aumentar la inversi\u00f3n en investigaci\u00f3n\"}]},{\"@type\":\"WebSite\",\"@id\":\"https:\/\/www.ull.es\/portal\/noticias\/#website\",\"url\":\"https:\/\/www.ull.es\/portal\/noticias\/\",\"name\":\"ULL - Noticias\",\"description\":\"\",\"potentialAction\":[{\"@type\":\"SearchAction\",\"target\":{\"@type\":\"EntryPoint\",\"urlTemplate\":\"https:\/\/www.ull.es\/portal\/noticias\/?s={search_term_string}\"},\"query-input\":\"required name=search_term_string\"}],\"inLanguage\":\"es\"},{\"@type\":\"Person\",\"@id\":\"https:\/\/www.ull.es\/portal\/noticias\/#\/schema\/person\/b2b1a89d43ffa609e591f7df8ef3e817\",\"name\":\"gaprsa\",\"image\":{\"@type\":\"ImageObject\",\"inLanguage\":\"es\",\"@id\":\"https:\/\/www.ull.es\/portal\/noticias\/#\/schema\/person\/image\/\",\"url\":\"https:\/\/secure.gravatar.com\/avatar\/443820550921091458b4823867723b3d?s=96&d=mm&r=g\",\"contentUrl\":\"https:\/\/secure.gravatar.com\/avatar\/443820550921091458b4823867723b3d?s=96&d=mm&r=g\",\"caption\":\"gaprsa\"},\"url\":\"https:\/\/www.ull.es\/portal\/noticias\/author\/gaprsa\/\"}]}<\/script>\n<!-- \/ Yoast SEO plugin. -->","yoast_head_json":{"title":"El congreso \u201cLa Universidad a debate\u201d arranca con el llamamiento a aumentar la inversi\u00f3n en investigaci\u00f3n - ULL - Noticias","robots":{"index":"index","follow":"follow","max-snippet":"max-snippet:-1","max-image-preview":"max-image-preview:large","max-video-preview":"max-video-preview:-1"},"canonical":"https:\/\/www.ull.es\/portal\/noticias\/2017\/congreso-la-universidad-debate-arranca-llamamiento-aumentar-la-inversion-investigacion\/","og_locale":"es_ES","og_type":"article","og_title":"El congreso \u201cLa Universidad a debate\u201d arranca con el llamamiento a aumentar la inversi\u00f3n en investigaci\u00f3n - ULL - Noticias","og_description":"En la tarde de ayer mi\u00e9rcoles el sal\u00f3n de actos del Instituto de Bio-Org\u00e1nica Antonio Gonz\u00e1lez acogi\u00f3 la apertura del...","og_url":"https:\/\/www.ull.es\/portal\/noticias\/2017\/congreso-la-universidad-debate-arranca-llamamiento-aumentar-la-inversion-investigacion\/","og_site_name":"ULL - Noticias","article_publisher":"https:\/\/www.facebook.com\/universidaddelalaguna\/","article_published_time":"2017-11-30T15:06:41+00:00","og_image":[{"width":1024,"height":683,"url":"https:\/\/www.ull.es\/portal\/noticias\/wp-content\/uploads\/sites\/13\/2017\/11\/universidad-a-debate-conf-inaugural.jpg","type":"image\/jpeg"}],"author":"gaprsa","twitter_card":"summary_large_image","twitter_creator":"@CanalULL","twitter_site":"@CanalULL","twitter_misc":{"Escrito por":"gaprsa","Tiempo de lectura":"4 minutos"},"schema":{"@context":"https:\/\/schema.org","@graph":[{"@type":"WebPage","@id":"https:\/\/www.ull.es\/portal\/noticias\/2017\/congreso-la-universidad-debate-arranca-llamamiento-aumentar-la-inversion-investigacion\/","url":"https:\/\/www.ull.es\/portal\/noticias\/2017\/congreso-la-universidad-debate-arranca-llamamiento-aumentar-la-inversion-investigacion\/","name":"El congreso \u201cLa Universidad a debate\u201d arranca con el llamamiento a aumentar la inversi\u00f3n en investigaci\u00f3n - ULL - Noticias","isPartOf":{"@id":"https:\/\/www.ull.es\/portal\/noticias\/#website"},"datePublished":"2017-11-30T15:06:41+00:00","dateModified":"2017-11-30T15:06:41+00:00","author":{"@id":"https:\/\/www.ull.es\/portal\/noticias\/#\/schema\/person\/b2b1a89d43ffa609e591f7df8ef3e817"},"breadcrumb":{"@id":"https:\/\/www.ull.es\/portal\/noticias\/2017\/congreso-la-universidad-debate-arranca-llamamiento-aumentar-la-inversion-investigacion\/#breadcrumb"},"inLanguage":"es","potentialAction":[{"@type":"ReadAction","target":["https:\/\/www.ull.es\/portal\/noticias\/2017\/congreso-la-universidad-debate-arranca-llamamiento-aumentar-la-inversion-investigacion\/"]}]},{"@type":"BreadcrumbList","@id":"https:\/\/www.ull.es\/portal\/noticias\/2017\/congreso-la-universidad-debate-arranca-llamamiento-aumentar-la-inversion-investigacion\/#breadcrumb","itemListElement":[{"@type":"ListItem","position":1,"name":"Portada","item":"https:\/\/www.ull.es\/portal\/noticias\/"},{"@type":"ListItem","position":2,"name":"El congreso \u201cLa Universidad a debate\u201d arranca con el llamamiento a aumentar la inversi\u00f3n en investigaci\u00f3n"}]},{"@type":"WebSite","@id":"https:\/\/www.ull.es\/portal\/noticias\/#website","url":"https:\/\/www.ull.es\/portal\/noticias\/","name":"ULL - Noticias","description":"","potentialAction":[{"@type":"SearchAction","target":{"@type":"EntryPoint","urlTemplate":"https:\/\/www.ull.es\/portal\/noticias\/?s={search_term_string}"},"query-input":"required name=search_term_string"}],"inLanguage":"es"},{"@type":"Person","@id":"https:\/\/www.ull.es\/portal\/noticias\/#\/schema\/person\/b2b1a89d43ffa609e591f7df8ef3e817","name":"gaprsa","image":{"@type":"ImageObject","inLanguage":"es","@id":"https:\/\/www.ull.es\/portal\/noticias\/#\/schema\/person\/image\/","url":"https:\/\/secure.gravatar.com\/avatar\/443820550921091458b4823867723b3d?s=96&d=mm&r=g","contentUrl":"https:\/\/secure.gravatar.com\/avatar\/443820550921091458b4823867723b3d?s=96&d=mm&r=g","caption":"gaprsa"},"url":"https:\/\/www.ull.es\/portal\/noticias\/author\/gaprsa\/"}]}},"primary_category":{"id":345,"name":"Destacado","slug":"destacado","link":"https:\/\/www.ull.es\/portal\/noticias\/category\/destacado\/"},"featured_image_thumbnail_url":"https:\/\/www.ull.es\/portal\/noticias\/wp-content\/uploads\/sites\/13\/2017\/11\/universidad-a-debate-conf-inaugural-300x200.jpg","_links":{"self":[{"href":"https:\/\/www.ull.es\/portal\/noticias\/wp-json\/wp\/v2\/posts\/34196"}],"collection":[{"href":"https:\/\/www.ull.es\/portal\/noticias\/wp-json\/wp\/v2\/posts"}],"about":[{"href":"https:\/\/www.ull.es\/portal\/noticias\/wp-json\/wp\/v2\/types\/post"}],"author":[{"embeddable":true,"href":"https:\/\/www.ull.es\/portal\/noticias\/wp-json\/wp\/v2\/users\/23"}],"replies":[{"embeddable":true,"href":"https:\/\/www.ull.es\/portal\/noticias\/wp-json\/wp\/v2\/comments?post=34196"}],"version-history":[{"count":1,"href":"https:\/\/www.ull.es\/portal\/noticias\/wp-json\/wp\/v2\/posts\/34196\/revisions"}],"predecessor-version":[{"id":34197,"href":"https:\/\/www.ull.es\/portal\/noticias\/wp-json\/wp\/v2\/posts\/34196\/revisions\/34197"}],"wp:featuredmedia":[{"embeddable":true,"href":"https:\/\/www.ull.es\/portal\/noticias\/wp-json\/wp\/v2\/media\/34198"}],"wp:attachment":[{"href":"https:\/\/www.ull.es\/portal\/noticias\/wp-json\/wp\/v2\/media?parent=34196"}],"wp:term":[{"taxonomy":"category","embeddable":true,"href":"https:\/\/www.ull.es\/portal\/noticias\/wp-json\/wp\/v2\/categories?post=34196"},{"taxonomy":"post_tag","embeddable":true,"href":"https:\/\/www.ull.es\/portal\/noticias\/wp-json\/wp\/v2\/tags?post=34196"}],"curies":[{"name":"wp","href":"https:\/\/api.w.org\/{rel}","templated":true}]}}