{"id":34202,"date":"2017-12-01T10:30:07","date_gmt":"2017-12-01T10:30:07","guid":{"rendered":"https:\/\/www.ull.es\/portal\/noticias\/?p=34202"},"modified":"2017-12-01T10:30:07","modified_gmt":"2017-12-01T10:30:07","slug":"la-parranda-ixemad-celebra-octavo-aniversario-la-presentacion-primer-disco-paraninfo-la-universidad-la-laguna","status":"publish","type":"post","link":"https:\/\/www.ull.es\/portal\/noticias\/2017\/la-parranda-ixemad-celebra-octavo-aniversario-la-presentacion-primer-disco-paraninfo-la-universidad-la-laguna\/","title":{"rendered":"La Parranda Ixemad celebra su octavo aniversario con la presentaci\u00f3n de su primer disco en el Paraninfo de la Universidad de La Laguna"},"content":{"rendered":"<p>La Parranda Ixemad festeja su octavo aniversario ma\u00f1ana, s\u00e1bado 2 de diciembre, en el Paraninfo de la Universidad de La Laguna, a partir de las 21:00 horas. M\u00e1s de 500 personas que ya han confirmado su entrada disfrutar\u00e1n del lanzamiento de su primer disco, titulado \u201cArrancamos\u201d.<\/p>\n<p>Carlos de la Rosa dirige esta agrupaci\u00f3n de 35 componentes que se subir\u00e1n al escenario del espacio universitario para poner el ritmo a la noche con canciones de folklore tradicional y moderno. En esta ocasi\u00f3n contar\u00e1n con el acompa\u00f1amiento de los solistas Javier Albelo y Pedro Manuel Afonso. Se trata de un espect\u00e1culo que mejorar\u00e1 al ya vivido en el Paraninfo hace ya un a\u00f1o.<\/p>\n<p>Las entradas est\u00e1n a la venta al precio de 5 euros en la sede del propio grupo Parranda Ixemad o contactando a trav\u00e9s de la propia p\u00e1gina de Facebook de la formaci\u00f3n. Los asistentes disponen de estacionamiento gratuito en el aparcamiento del Edificio Central de la Universidad de La Laguna.<\/p>\n<p>Con este concierto comienza la programaci\u00f3n de diciembre del Paraninfo de la Universidad de La Laguna que cerr\u00f3 el mes de noviembre con funciones de renombre como \u201cMu\u00f1eca de Porcelana\u201d con Jos\u00e9 Sacrist\u00e1n y Javier Godino, y el concierto de Marwan. El teatro universitario inicia este \u00faltimo mes del a\u00f1o con una imagen de aforo pr\u00e1cticamente lleno, gracias a la Parranda Ixemad y espera conseguir a trav\u00e9s de la oferta cultural variada llegar al m\u00e1ximo n\u00famero de espectadores posibles. La programaci\u00f3n del Paraninfo puede consultarse en la web <a href=\"http:\/\/www.ull.es\/paraninfo\" target=\"_blank\" rel=\"noopener\">www.ull.es\/paraninfo<\/a><\/p>\n<p>&nbsp;<\/p>\n","protected":false},"excerpt":{"rendered":"<p>La Parranda Ixemad festeja su octavo aniversario ma\u00f1ana, s\u00e1bado 2 de diciembre, en el Paraninfo de la Universidad de La&#8230;<\/p>\n","protected":false},"author":23,"featured_media":34204,"comment_status":"closed","ping_status":"closed","sticky":false,"template":"","format":"standard","meta":{"inline_featured_image":false,"footnotes":""},"categories":[344,345,2765],"tags":[2047,3745],"acf":[],"yoast_head":"<!-- This site is optimized with the Yoast SEO plugin v21.3 - https:\/\/yoast.com\/wordpress\/plugins\/seo\/ -->\n<title>La Parranda Ixemad celebra su octavo aniversario con la presentaci\u00f3n de su primer disco en el Paraninfo de la Universidad de La Laguna - ULL - Noticias<\/title>\n<meta name=\"robots\" content=\"index, follow, max-snippet:-1, max-image-preview:large, max-video-preview:-1\" \/>\n<link rel=\"canonical\" href=\"https:\/\/www.ull.es\/portal\/noticias\/2017\/la-parranda-ixemad-celebra-octavo-aniversario-la-presentacion-primer-disco-paraninfo-la-universidad-la-laguna\/\" \/>\n<meta property=\"og:locale\" content=\"es_ES\" \/>\n<meta property=\"og:type\" content=\"article\" \/>\n<meta property=\"og:title\" content=\"La Parranda Ixemad celebra su octavo aniversario con la presentaci\u00f3n de su primer disco en el Paraninfo de la Universidad de La Laguna - ULL - Noticias\" \/>\n<meta property=\"og:description\" content=\"La Parranda Ixemad festeja su octavo aniversario ma\u00f1ana, s\u00e1bado 2 de diciembre, en el Paraninfo de la Universidad de La...\" \/>\n<meta property=\"og:url\" content=\"https:\/\/www.ull.es\/portal\/noticias\/2017\/la-parranda-ixemad-celebra-octavo-aniversario-la-presentacion-primer-disco-paraninfo-la-universidad-la-laguna\/\" \/>\n<meta property=\"og:site_name\" content=\"ULL - Noticias\" \/>\n<meta property=\"article:publisher\" content=\"https:\/\/www.facebook.com\/universidaddelalaguna\/\" \/>\n<meta property=\"article:published_time\" content=\"2017-12-01T10:30:07+00:00\" \/>\n<meta property=\"og:image\" content=\"https:\/\/www.ull.es\/portal\/noticias\/wp-content\/uploads\/sites\/13\/2017\/12\/parranda-ixemad.jpg\" \/>\n\t<meta property=\"og:image:width\" content=\"1600\" \/>\n\t<meta property=\"og:image:height\" content=\"1131\" \/>\n\t<meta property=\"og:image:type\" content=\"image\/jpeg\" \/>\n<meta name=\"author\" content=\"gaprsa\" \/>\n<meta name=\"twitter:card\" content=\"summary_large_image\" \/>\n<meta name=\"twitter:creator\" content=\"@CanalULL\" \/>\n<meta name=\"twitter:site\" content=\"@CanalULL\" \/>\n<meta name=\"twitter:label1\" content=\"Escrito por\" \/>\n\t<meta name=\"twitter:data1\" content=\"gaprsa\" \/>\n\t<meta name=\"twitter:label2\" content=\"Tiempo de lectura\" \/>\n\t<meta name=\"twitter:data2\" content=\"1 minuto\" \/>\n<script type=\"application\/ld+json\" class=\"yoast-schema-graph\">{\"@context\":\"https:\/\/schema.org\",\"@graph\":[{\"@type\":\"WebPage\",\"@id\":\"https:\/\/www.ull.es\/portal\/noticias\/2017\/la-parranda-ixemad-celebra-octavo-aniversario-la-presentacion-primer-disco-paraninfo-la-universidad-la-laguna\/\",\"url\":\"https:\/\/www.ull.es\/portal\/noticias\/2017\/la-parranda-ixemad-celebra-octavo-aniversario-la-presentacion-primer-disco-paraninfo-la-universidad-la-laguna\/\",\"name\":\"La Parranda Ixemad celebra su octavo aniversario con la presentaci\u00f3n de su primer disco en el Paraninfo de la Universidad de La Laguna - ULL - Noticias\",\"isPartOf\":{\"@id\":\"https:\/\/www.ull.es\/portal\/noticias\/#website\"},\"datePublished\":\"2017-12-01T10:30:07+00:00\",\"dateModified\":\"2017-12-01T10:30:07+00:00\",\"author\":{\"@id\":\"https:\/\/www.ull.es\/portal\/noticias\/#\/schema\/person\/b2b1a89d43ffa609e591f7df8ef3e817\"},\"breadcrumb\":{\"@id\":\"https:\/\/www.ull.es\/portal\/noticias\/2017\/la-parranda-ixemad-celebra-octavo-aniversario-la-presentacion-primer-disco-paraninfo-la-universidad-la-laguna\/#breadcrumb\"},\"inLanguage\":\"es\",\"potentialAction\":[{\"@type\":\"ReadAction\",\"target\":[\"https:\/\/www.ull.es\/portal\/noticias\/2017\/la-parranda-ixemad-celebra-octavo-aniversario-la-presentacion-primer-disco-paraninfo-la-universidad-la-laguna\/\"]}]},{\"@type\":\"BreadcrumbList\",\"@id\":\"https:\/\/www.ull.es\/portal\/noticias\/2017\/la-parranda-ixemad-celebra-octavo-aniversario-la-presentacion-primer-disco-paraninfo-la-universidad-la-laguna\/#breadcrumb\",\"itemListElement\":[{\"@type\":\"ListItem\",\"position\":1,\"name\":\"Portada\",\"item\":\"https:\/\/www.ull.es\/portal\/noticias\/\"},{\"@type\":\"ListItem\",\"position\":2,\"name\":\"La Parranda Ixemad celebra su octavo aniversario con la presentaci\u00f3n de su primer disco en el Paraninfo de la Universidad de La Laguna\"}]},{\"@type\":\"WebSite\",\"@id\":\"https:\/\/www.ull.es\/portal\/noticias\/#website\",\"url\":\"https:\/\/www.ull.es\/portal\/noticias\/\",\"name\":\"ULL - Noticias\",\"description\":\"\",\"potentialAction\":[{\"@type\":\"SearchAction\",\"target\":{\"@type\":\"EntryPoint\",\"urlTemplate\":\"https:\/\/www.ull.es\/portal\/noticias\/?s={search_term_string}\"},\"query-input\":\"required name=search_term_string\"}],\"inLanguage\":\"es\"},{\"@type\":\"Person\",\"@id\":\"https:\/\/www.ull.es\/portal\/noticias\/#\/schema\/person\/b2b1a89d43ffa609e591f7df8ef3e817\",\"name\":\"gaprsa\",\"image\":{\"@type\":\"ImageObject\",\"inLanguage\":\"es\",\"@id\":\"https:\/\/www.ull.es\/portal\/noticias\/#\/schema\/person\/image\/\",\"url\":\"https:\/\/secure.gravatar.com\/avatar\/443820550921091458b4823867723b3d?s=96&d=mm&r=g\",\"contentUrl\":\"https:\/\/secure.gravatar.com\/avatar\/443820550921091458b4823867723b3d?s=96&d=mm&r=g\",\"caption\":\"gaprsa\"},\"url\":\"https:\/\/www.ull.es\/portal\/noticias\/author\/gaprsa\/\"}]}<\/script>\n<!-- \/ Yoast SEO plugin. -->","yoast_head_json":{"title":"La Parranda Ixemad celebra su octavo aniversario con la presentaci\u00f3n de su primer disco en el Paraninfo de la Universidad de La Laguna - ULL - Noticias","robots":{"index":"index","follow":"follow","max-snippet":"max-snippet:-1","max-image-preview":"max-image-preview:large","max-video-preview":"max-video-preview:-1"},"canonical":"https:\/\/www.ull.es\/portal\/noticias\/2017\/la-parranda-ixemad-celebra-octavo-aniversario-la-presentacion-primer-disco-paraninfo-la-universidad-la-laguna\/","og_locale":"es_ES","og_type":"article","og_title":"La Parranda Ixemad celebra su octavo aniversario con la presentaci\u00f3n de su primer disco en el Paraninfo de la Universidad de La Laguna - ULL - Noticias","og_description":"La Parranda Ixemad festeja su octavo aniversario ma\u00f1ana, s\u00e1bado 2 de diciembre, en el Paraninfo de la Universidad de La...","og_url":"https:\/\/www.ull.es\/portal\/noticias\/2017\/la-parranda-ixemad-celebra-octavo-aniversario-la-presentacion-primer-disco-paraninfo-la-universidad-la-laguna\/","og_site_name":"ULL - Noticias","article_publisher":"https:\/\/www.facebook.com\/universidaddelalaguna\/","article_published_time":"2017-12-01T10:30:07+00:00","og_image":[{"width":1600,"height":1131,"url":"https:\/\/www.ull.es\/portal\/noticias\/wp-content\/uploads\/sites\/13\/2017\/12\/parranda-ixemad.jpg","type":"image\/jpeg"}],"author":"gaprsa","twitter_card":"summary_large_image","twitter_creator":"@CanalULL","twitter_site":"@CanalULL","twitter_misc":{"Escrito por":"gaprsa","Tiempo de lectura":"1 minuto"},"schema":{"@context":"https:\/\/schema.org","@graph":[{"@type":"WebPage","@id":"https:\/\/www.ull.es\/portal\/noticias\/2017\/la-parranda-ixemad-celebra-octavo-aniversario-la-presentacion-primer-disco-paraninfo-la-universidad-la-laguna\/","url":"https:\/\/www.ull.es\/portal\/noticias\/2017\/la-parranda-ixemad-celebra-octavo-aniversario-la-presentacion-primer-disco-paraninfo-la-universidad-la-laguna\/","name":"La Parranda Ixemad celebra su octavo aniversario con la presentaci\u00f3n de su primer disco en el Paraninfo de la Universidad de La Laguna - ULL - Noticias","isPartOf":{"@id":"https:\/\/www.ull.es\/portal\/noticias\/#website"},"datePublished":"2017-12-01T10:30:07+00:00","dateModified":"2017-12-01T10:30:07+00:00","author":{"@id":"https:\/\/www.ull.es\/portal\/noticias\/#\/schema\/person\/b2b1a89d43ffa609e591f7df8ef3e817"},"breadcrumb":{"@id":"https:\/\/www.ull.es\/portal\/noticias\/2017\/la-parranda-ixemad-celebra-octavo-aniversario-la-presentacion-primer-disco-paraninfo-la-universidad-la-laguna\/#breadcrumb"},"inLanguage":"es","potentialAction":[{"@type":"ReadAction","target":["https:\/\/www.ull.es\/portal\/noticias\/2017\/la-parranda-ixemad-celebra-octavo-aniversario-la-presentacion-primer-disco-paraninfo-la-universidad-la-laguna\/"]}]},{"@type":"BreadcrumbList","@id":"https:\/\/www.ull.es\/portal\/noticias\/2017\/la-parranda-ixemad-celebra-octavo-aniversario-la-presentacion-primer-disco-paraninfo-la-universidad-la-laguna\/#breadcrumb","itemListElement":[{"@type":"ListItem","position":1,"name":"Portada","item":"https:\/\/www.ull.es\/portal\/noticias\/"},{"@type":"ListItem","position":2,"name":"La Parranda Ixemad celebra su octavo aniversario con la presentaci\u00f3n de su primer disco en el Paraninfo de la Universidad de La Laguna"}]},{"@type":"WebSite","@id":"https:\/\/www.ull.es\/portal\/noticias\/#website","url":"https:\/\/www.ull.es\/portal\/noticias\/","name":"ULL - Noticias","description":"","potentialAction":[{"@type":"SearchAction","target":{"@type":"EntryPoint","urlTemplate":"https:\/\/www.ull.es\/portal\/noticias\/?s={search_term_string}"},"query-input":"required name=search_term_string"}],"inLanguage":"es"},{"@type":"Person","@id":"https:\/\/www.ull.es\/portal\/noticias\/#\/schema\/person\/b2b1a89d43ffa609e591f7df8ef3e817","name":"gaprsa","image":{"@type":"ImageObject","inLanguage":"es","@id":"https:\/\/www.ull.es\/portal\/noticias\/#\/schema\/person\/image\/","url":"https:\/\/secure.gravatar.com\/avatar\/443820550921091458b4823867723b3d?s=96&d=mm&r=g","contentUrl":"https:\/\/secure.gravatar.com\/avatar\/443820550921091458b4823867723b3d?s=96&d=mm&r=g","caption":"gaprsa"},"url":"https:\/\/www.ull.es\/portal\/noticias\/author\/gaprsa\/"}]}},"primary_category":{"id":344,"name":"Cultura","slug":"cultura","link":"https:\/\/www.ull.es\/portal\/noticias\/category\/cultura\/"},"featured_image_thumbnail_url":"https:\/\/www.ull.es\/portal\/noticias\/wp-content\/uploads\/sites\/13\/2017\/12\/parranda-ixemad-300x212.jpg","_links":{"self":[{"href":"https:\/\/www.ull.es\/portal\/noticias\/wp-json\/wp\/v2\/posts\/34202"}],"collection":[{"href":"https:\/\/www.ull.es\/portal\/noticias\/wp-json\/wp\/v2\/posts"}],"about":[{"href":"https:\/\/www.ull.es\/portal\/noticias\/wp-json\/wp\/v2\/types\/post"}],"author":[{"embeddable":true,"href":"https:\/\/www.ull.es\/portal\/noticias\/wp-json\/wp\/v2\/users\/23"}],"replies":[{"embeddable":true,"href":"https:\/\/www.ull.es\/portal\/noticias\/wp-json\/wp\/v2\/comments?post=34202"}],"version-history":[{"count":1,"href":"https:\/\/www.ull.es\/portal\/noticias\/wp-json\/wp\/v2\/posts\/34202\/revisions"}],"predecessor-version":[{"id":34203,"href":"https:\/\/www.ull.es\/portal\/noticias\/wp-json\/wp\/v2\/posts\/34202\/revisions\/34203"}],"wp:featuredmedia":[{"embeddable":true,"href":"https:\/\/www.ull.es\/portal\/noticias\/wp-json\/wp\/v2\/media\/34204"}],"wp:attachment":[{"href":"https:\/\/www.ull.es\/portal\/noticias\/wp-json\/wp\/v2\/media?parent=34202"}],"wp:term":[{"taxonomy":"category","embeddable":true,"href":"https:\/\/www.ull.es\/portal\/noticias\/wp-json\/wp\/v2\/categories?post=34202"},{"taxonomy":"post_tag","embeddable":true,"href":"https:\/\/www.ull.es\/portal\/noticias\/wp-json\/wp\/v2\/tags?post=34202"}],"curies":[{"name":"wp","href":"https:\/\/api.w.org\/{rel}","templated":true}]}}