{"id":34330,"date":"2017-12-11T09:28:14","date_gmt":"2017-12-11T09:28:14","guid":{"rendered":"https:\/\/www.ull.es\/portal\/noticias\/?p=34330"},"modified":"2017-12-11T14:49:53","modified_gmt":"2017-12-11T14:49:53","slug":"la-ull-participa-publicacion-nature-la-observacion-ejemplo-particular-jet-forma-espiral-repleto-remolinos","status":"publish","type":"post","link":"https:\/\/www.ull.es\/portal\/noticias\/2017\/la-ull-participa-publicacion-nature-la-observacion-ejemplo-particular-jet-forma-espiral-repleto-remolinos\/","title":{"rendered":"La ULL participa en publicaci\u00f3n de Nature sobre la observaci\u00f3n de un ejemplo particular de jet con forma de espiral repleto de remolinos"},"content":{"rendered":"<p>Un grupo internacional de cient\u00edficos dirigido por miembros del Instituto Nacional de Astrofisica &#8211; Osservatorio Astronomico di Torino (INAF-OATo), y en el que han participado investigadores de la ULL y del Instituto de Astrof\u00edsica de Canarias, descubre un ejemplo particular de jet con forma de espiral repleto de remolinos. Los resultados de estas observaciones se han publicado recientemente en la revista Nature.<\/p>\n<p>Un bl\u00e1zar es un objeto astron\u00f3mico asociado a una galaxia el\u00edptica gigante en cuyo centro se encuentra un agujero negro supermasivo que emite chorros de radiaci\u00f3n y part\u00edculas de enorme energ\u00eda en direcci\u00f3n a la Tierra, y es por tanto uno de los fen\u00f3menos m\u00e1s energ\u00e9ticos del Universo.<\/p>\n<p>En la segunda mitad del pasado a\u00f1o, el bl\u00e1zar CTA 102, a una distancia de 7.600 millones de a\u00f1os luz de la Tierra, mostr\u00f3 un importante aumento de su brillo, atrayendo la atenci\u00f3n de todos los astr\u00f3nomos especializados en estos objetos. El culmen de la emisi\u00f3n fue detectado el 28 de diciembre, cuando super\u00f3 alrededor de 3.500 veces los niveles m\u00ednimos de brillo observados en a\u00f1os anteriores. El evento fue tan excepcional que hizo que, por unos d\u00edas, este objeto fuese el bl\u00e1zar m\u00e1s luminoso observado hasta la fecha.<\/p>\n<p>Para seguir el evento, los investigadores del Observatorio Astrof\u00edsico de Tur\u00edn (OATo) coordinaron una intensa campa\u00f1a observacional multifrecuencia en el \u00e1mbito de la colaboraci\u00f3n internacional <em>Whole Earth Blazar Telescope<\/em> (WEBT). M\u00e1s de 40 telescopios en el hemisferio Norte recogieron miles de datos en el rango visible, radio e infrarrojo cercano, permitiendo construir las curvas de luz en detalle. Entre los telescopios que se utilizaron en esta colaboraci\u00f3n se encuentran el Telescopio Carlos S\u00e1nchez y los telescopios IAC-80 y STELLA, todos ellos ubicados en el Observatorio del Teide (Iza\u00f1a, Tenerife).<\/p>\n<p>\u201cTodos estos datos nos han permitido validar la hip\u00f3tesis de que la variabilidad mostrada por este objeto es debida a cambios en el factor Doppler relativista\u201d, explica Jos\u00e9 Antonio Acosta Pulido, investigador del IAC y del Departamento de Astrof\u00edsica de la ULL y uno de los autores del art\u00edculo que se ha publicado estos d\u00edas en la revista <em>Nature<\/em><em>.<\/em> \u201cLa emisi\u00f3n de los bl\u00e1zares -contin\u00faa- est\u00e1 dominada por la radiaci\u00f3n procedente de uno de los chorros relativistas, que apunta hacia La Tierra. Este alineamiento amplifica el flujo observado y causa una contracci\u00f3n de la longitud de onda de la radiaci\u00f3n y, por tanto, una contracci\u00f3n de la escala de tiempo en la cual se produce la variabilidad\u201d.<\/p>\n<p>La interpretaci\u00f3n de los investigadores es que el chorro es serpenteante e inhomog\u00e9neo porque emite radiaci\u00f3n en varias frecuencias y desde zonas diferentes que cambian de orientaci\u00f3n debido a las inestabilidades que surgen en el chorro o a los movimientos orbitales.<\/p>\n<p>Siguiendo esta interpretaci\u00f3n, Acosta indica que \u201cel incre\u00edble aumento de luminosidad fue el resultado de un mayor alineamiento (ocurrido hace alrededor de 8 mil millones de a\u00f1os) de la regi\u00f3n del chorro responsable de la emisi\u00f3n \u00f3ptica a nuestra l\u00ednea de visi\u00f3n\u201d. Gracias a estas observaciones, el modelo de la investigaci\u00f3n encuentra apoyo tanto te\u00f3rico como observacional.<\/p>\n<p>\u201cLas simulaciones num\u00e9ricas tridimensionales, teniendo en cuenta las propiedades magneto-hidrodin\u00e1micas y las velocidades relativistas, muestran la aparici\u00f3n y propagaci\u00f3n de inestabilidades en el chorro, que acaban distorsion\u00e1ndolo\u00bb, aclara Acosta. \u00abPor otro lado -a\u00f1ade-, el an\u00e1lisis de im\u00e1genes obtenidas por interferometr\u00eda radio revelan que a escala de parsec, equivalentes a 3 a\u00f1os-luz, el chorro aparece helicoidal y lleno de remolinos\/v\u00f3rtices. El cuadro que emerge es por lo tanto el de un \u00abtwisting jet\u00bb (chorro retorci\u00e9ndose) cuya emisi\u00f3n, por una especie de \u2018efecto faro\u2019 viene amplificada en diferentes longitudes de onda en distintos momentos y mostr\u00f3 una situaci\u00f3n especialmente favorable en diciembre de 2016 para que la radiaci\u00f3n visible fuese amplificada extraordinariamente\u201d.<\/p>\n<p><strong>Art\u00edculo:<\/strong> \u201c<a href=\"http:\/\/rdcu.be\/AjnW\" target=\"_blank\" rel=\"noopener\">Blazar spectral variability as explained by a twisting inhomogeneous jet<\/a>\u201d por C. M. Raiteri et al. Nature. DOI: <a href=\"https:\/\/www.nature.com\/articles\/nature24623\" target=\"_blank\" rel=\"noopener\">10.1038\/nature24623<\/a><\/p>\n<p>(Nota de prensa cedida por el IAC).<\/p>\n","protected":false},"excerpt":{"rendered":"<p>Un grupo internacional de cient\u00edficos dirigido por miembros del Instituto Nacional de Astrofisica &#8211; Osservatorio Astronomico di Torino (INAF-OATo), y&#8230;<\/p>\n","protected":false},"author":21,"featured_media":34335,"comment_status":"closed","ping_status":"closed","sticky":false,"template":"","format":"standard","meta":{"inline_featured_image":false,"footnotes":""},"categories":[3152,345,350,2765],"tags":[3771,1454,1955],"acf":[],"yoast_head":"<!-- This site is optimized with the Yoast SEO plugin v21.3 - https:\/\/yoast.com\/wordpress\/plugins\/seo\/ -->\n<title>La ULL participa en publicaci\u00f3n de Nature sobre la observaci\u00f3n de un ejemplo particular de jet con forma de espiral repleto de remolinos - ULL - Noticias<\/title>\n<meta name=\"robots\" content=\"index, follow, max-snippet:-1, max-image-preview:large, max-video-preview:-1\" \/>\n<link rel=\"canonical\" href=\"https:\/\/www.ull.es\/portal\/noticias\/2017\/la-ull-participa-publicacion-nature-la-observacion-ejemplo-particular-jet-forma-espiral-repleto-remolinos\/\" \/>\n<meta property=\"og:locale\" content=\"es_ES\" \/>\n<meta property=\"og:type\" content=\"article\" \/>\n<meta property=\"og:title\" content=\"La ULL participa en publicaci\u00f3n de Nature sobre la observaci\u00f3n de un ejemplo particular de jet con forma de espiral repleto de remolinos - ULL - Noticias\" \/>\n<meta property=\"og:description\" content=\"Un grupo internacional de cient\u00edficos dirigido por miembros del Instituto Nacional de Astrofisica &#8211; Osservatorio Astronomico di Torino (INAF-OATo), y...\" \/>\n<meta property=\"og:url\" content=\"https:\/\/www.ull.es\/portal\/noticias\/2017\/la-ull-participa-publicacion-nature-la-observacion-ejemplo-particular-jet-forma-espiral-repleto-remolinos\/\" \/>\n<meta property=\"og:site_name\" content=\"ULL - Noticias\" \/>\n<meta property=\"article:publisher\" content=\"https:\/\/www.facebook.com\/universidaddelalaguna\/\" \/>\n<meta property=\"article:published_time\" content=\"2017-12-11T09:28:14+00:00\" \/>\n<meta property=\"article:modified_time\" content=\"2017-12-11T14:49:53+00:00\" \/>\n<meta property=\"og:image\" content=\"https:\/\/www.ull.es\/portal\/noticias\/wp-content\/uploads\/sites\/13\/2017\/12\/iac-imagen.jpg\" \/>\n\t<meta property=\"og:image:width\" content=\"650\" \/>\n\t<meta property=\"og:image:height\" content=\"493\" \/>\n\t<meta property=\"og:image:type\" content=\"image\/jpeg\" \/>\n<meta name=\"author\" content=\"prensa2\" \/>\n<meta name=\"twitter:card\" content=\"summary_large_image\" \/>\n<meta name=\"twitter:creator\" content=\"@CanalULL\" \/>\n<meta name=\"twitter:site\" content=\"@CanalULL\" \/>\n<meta name=\"twitter:label1\" content=\"Escrito por\" \/>\n\t<meta name=\"twitter:data1\" content=\"prensa2\" \/>\n\t<meta name=\"twitter:label2\" content=\"Tiempo de lectura\" \/>\n\t<meta name=\"twitter:data2\" content=\"4 minutos\" \/>\n<script type=\"application\/ld+json\" class=\"yoast-schema-graph\">{\"@context\":\"https:\/\/schema.org\",\"@graph\":[{\"@type\":\"WebPage\",\"@id\":\"https:\/\/www.ull.es\/portal\/noticias\/2017\/la-ull-participa-publicacion-nature-la-observacion-ejemplo-particular-jet-forma-espiral-repleto-remolinos\/\",\"url\":\"https:\/\/www.ull.es\/portal\/noticias\/2017\/la-ull-participa-publicacion-nature-la-observacion-ejemplo-particular-jet-forma-espiral-repleto-remolinos\/\",\"name\":\"La ULL participa en publicaci\u00f3n de Nature sobre la observaci\u00f3n de un ejemplo particular de jet con forma de espiral repleto de remolinos - ULL - Noticias\",\"isPartOf\":{\"@id\":\"https:\/\/www.ull.es\/portal\/noticias\/#website\"},\"datePublished\":\"2017-12-11T09:28:14+00:00\",\"dateModified\":\"2017-12-11T14:49:53+00:00\",\"author\":{\"@id\":\"https:\/\/www.ull.es\/portal\/noticias\/#\/schema\/person\/c3b2aa857797592927a03740d6664376\"},\"breadcrumb\":{\"@id\":\"https:\/\/www.ull.es\/portal\/noticias\/2017\/la-ull-participa-publicacion-nature-la-observacion-ejemplo-particular-jet-forma-espiral-repleto-remolinos\/#breadcrumb\"},\"inLanguage\":\"es\",\"potentialAction\":[{\"@type\":\"ReadAction\",\"target\":[\"https:\/\/www.ull.es\/portal\/noticias\/2017\/la-ull-participa-publicacion-nature-la-observacion-ejemplo-particular-jet-forma-espiral-repleto-remolinos\/\"]}]},{\"@type\":\"BreadcrumbList\",\"@id\":\"https:\/\/www.ull.es\/portal\/noticias\/2017\/la-ull-participa-publicacion-nature-la-observacion-ejemplo-particular-jet-forma-espiral-repleto-remolinos\/#breadcrumb\",\"itemListElement\":[{\"@type\":\"ListItem\",\"position\":1,\"name\":\"Portada\",\"item\":\"https:\/\/www.ull.es\/portal\/noticias\/\"},{\"@type\":\"ListItem\",\"position\":2,\"name\":\"La ULL participa en publicaci\u00f3n de Nature sobre la observaci\u00f3n de un ejemplo particular de jet con forma de espiral repleto de remolinos\"}]},{\"@type\":\"WebSite\",\"@id\":\"https:\/\/www.ull.es\/portal\/noticias\/#website\",\"url\":\"https:\/\/www.ull.es\/portal\/noticias\/\",\"name\":\"ULL - Noticias\",\"description\":\"\",\"potentialAction\":[{\"@type\":\"SearchAction\",\"target\":{\"@type\":\"EntryPoint\",\"urlTemplate\":\"https:\/\/www.ull.es\/portal\/noticias\/?s={search_term_string}\"},\"query-input\":\"required name=search_term_string\"}],\"inLanguage\":\"es\"},{\"@type\":\"Person\",\"@id\":\"https:\/\/www.ull.es\/portal\/noticias\/#\/schema\/person\/c3b2aa857797592927a03740d6664376\",\"name\":\"prensa2\",\"image\":{\"@type\":\"ImageObject\",\"inLanguage\":\"es\",\"@id\":\"https:\/\/www.ull.es\/portal\/noticias\/#\/schema\/person\/image\/\",\"url\":\"https:\/\/secure.gravatar.com\/avatar\/b58f310a5de5feb33d1e026d2493f23c?s=96&d=mm&r=g\",\"contentUrl\":\"https:\/\/secure.gravatar.com\/avatar\/b58f310a5de5feb33d1e026d2493f23c?s=96&d=mm&r=g\",\"caption\":\"prensa2\"},\"url\":\"https:\/\/www.ull.es\/portal\/noticias\/author\/prensa2\/\"}]}<\/script>\n<!-- \/ Yoast SEO plugin. -->","yoast_head_json":{"title":"La ULL participa en publicaci\u00f3n de Nature sobre la observaci\u00f3n de un ejemplo particular de jet con forma de espiral repleto de remolinos - ULL - Noticias","robots":{"index":"index","follow":"follow","max-snippet":"max-snippet:-1","max-image-preview":"max-image-preview:large","max-video-preview":"max-video-preview:-1"},"canonical":"https:\/\/www.ull.es\/portal\/noticias\/2017\/la-ull-participa-publicacion-nature-la-observacion-ejemplo-particular-jet-forma-espiral-repleto-remolinos\/","og_locale":"es_ES","og_type":"article","og_title":"La ULL participa en publicaci\u00f3n de Nature sobre la observaci\u00f3n de un ejemplo particular de jet con forma de espiral repleto de remolinos - ULL - Noticias","og_description":"Un grupo internacional de cient\u00edficos dirigido por miembros del Instituto Nacional de Astrofisica &#8211; Osservatorio Astronomico di Torino (INAF-OATo), y...","og_url":"https:\/\/www.ull.es\/portal\/noticias\/2017\/la-ull-participa-publicacion-nature-la-observacion-ejemplo-particular-jet-forma-espiral-repleto-remolinos\/","og_site_name":"ULL - Noticias","article_publisher":"https:\/\/www.facebook.com\/universidaddelalaguna\/","article_published_time":"2017-12-11T09:28:14+00:00","article_modified_time":"2017-12-11T14:49:53+00:00","og_image":[{"width":650,"height":493,"url":"https:\/\/www.ull.es\/portal\/noticias\/wp-content\/uploads\/sites\/13\/2017\/12\/iac-imagen.jpg","type":"image\/jpeg"}],"author":"prensa2","twitter_card":"summary_large_image","twitter_creator":"@CanalULL","twitter_site":"@CanalULL","twitter_misc":{"Escrito por":"prensa2","Tiempo de lectura":"4 minutos"},"schema":{"@context":"https:\/\/schema.org","@graph":[{"@type":"WebPage","@id":"https:\/\/www.ull.es\/portal\/noticias\/2017\/la-ull-participa-publicacion-nature-la-observacion-ejemplo-particular-jet-forma-espiral-repleto-remolinos\/","url":"https:\/\/www.ull.es\/portal\/noticias\/2017\/la-ull-participa-publicacion-nature-la-observacion-ejemplo-particular-jet-forma-espiral-repleto-remolinos\/","name":"La ULL participa en publicaci\u00f3n de Nature sobre la observaci\u00f3n de un ejemplo particular de jet con forma de espiral repleto de remolinos - ULL - Noticias","isPartOf":{"@id":"https:\/\/www.ull.es\/portal\/noticias\/#website"},"datePublished":"2017-12-11T09:28:14+00:00","dateModified":"2017-12-11T14:49:53+00:00","author":{"@id":"https:\/\/www.ull.es\/portal\/noticias\/#\/schema\/person\/c3b2aa857797592927a03740d6664376"},"breadcrumb":{"@id":"https:\/\/www.ull.es\/portal\/noticias\/2017\/la-ull-participa-publicacion-nature-la-observacion-ejemplo-particular-jet-forma-espiral-repleto-remolinos\/#breadcrumb"},"inLanguage":"es","potentialAction":[{"@type":"ReadAction","target":["https:\/\/www.ull.es\/portal\/noticias\/2017\/la-ull-participa-publicacion-nature-la-observacion-ejemplo-particular-jet-forma-espiral-repleto-remolinos\/"]}]},{"@type":"BreadcrumbList","@id":"https:\/\/www.ull.es\/portal\/noticias\/2017\/la-ull-participa-publicacion-nature-la-observacion-ejemplo-particular-jet-forma-espiral-repleto-remolinos\/#breadcrumb","itemListElement":[{"@type":"ListItem","position":1,"name":"Portada","item":"https:\/\/www.ull.es\/portal\/noticias\/"},{"@type":"ListItem","position":2,"name":"La ULL participa en publicaci\u00f3n de Nature sobre la observaci\u00f3n de un ejemplo particular de jet con forma de espiral repleto de remolinos"}]},{"@type":"WebSite","@id":"https:\/\/www.ull.es\/portal\/noticias\/#website","url":"https:\/\/www.ull.es\/portal\/noticias\/","name":"ULL - Noticias","description":"","potentialAction":[{"@type":"SearchAction","target":{"@type":"EntryPoint","urlTemplate":"https:\/\/www.ull.es\/portal\/noticias\/?s={search_term_string}"},"query-input":"required name=search_term_string"}],"inLanguage":"es"},{"@type":"Person","@id":"https:\/\/www.ull.es\/portal\/noticias\/#\/schema\/person\/c3b2aa857797592927a03740d6664376","name":"prensa2","image":{"@type":"ImageObject","inLanguage":"es","@id":"https:\/\/www.ull.es\/portal\/noticias\/#\/schema\/person\/image\/","url":"https:\/\/secure.gravatar.com\/avatar\/b58f310a5de5feb33d1e026d2493f23c?s=96&d=mm&r=g","contentUrl":"https:\/\/secure.gravatar.com\/avatar\/b58f310a5de5feb33d1e026d2493f23c?s=96&d=mm&r=g","caption":"prensa2"},"url":"https:\/\/www.ull.es\/portal\/noticias\/author\/prensa2\/"}]}},"primary_category":{"id":3152,"name":"Astrof\u00edsica","slug":"astrofisica","link":"https:\/\/www.ull.es\/portal\/noticias\/category\/departamentos\/astrofisica\/"},"featured_image_thumbnail_url":"https:\/\/www.ull.es\/portal\/noticias\/wp-content\/uploads\/sites\/13\/2017\/12\/iac-imagen-300x228.jpg","_links":{"self":[{"href":"https:\/\/www.ull.es\/portal\/noticias\/wp-json\/wp\/v2\/posts\/34330"}],"collection":[{"href":"https:\/\/www.ull.es\/portal\/noticias\/wp-json\/wp\/v2\/posts"}],"about":[{"href":"https:\/\/www.ull.es\/portal\/noticias\/wp-json\/wp\/v2\/types\/post"}],"author":[{"embeddable":true,"href":"https:\/\/www.ull.es\/portal\/noticias\/wp-json\/wp\/v2\/users\/21"}],"replies":[{"embeddable":true,"href":"https:\/\/www.ull.es\/portal\/noticias\/wp-json\/wp\/v2\/comments?post=34330"}],"version-history":[{"count":2,"href":"https:\/\/www.ull.es\/portal\/noticias\/wp-json\/wp\/v2\/posts\/34330\/revisions"}],"predecessor-version":[{"id":34332,"href":"https:\/\/www.ull.es\/portal\/noticias\/wp-json\/wp\/v2\/posts\/34330\/revisions\/34332"}],"wp:featuredmedia":[{"embeddable":true,"href":"https:\/\/www.ull.es\/portal\/noticias\/wp-json\/wp\/v2\/media\/34335"}],"wp:attachment":[{"href":"https:\/\/www.ull.es\/portal\/noticias\/wp-json\/wp\/v2\/media?parent=34330"}],"wp:term":[{"taxonomy":"category","embeddable":true,"href":"https:\/\/www.ull.es\/portal\/noticias\/wp-json\/wp\/v2\/categories?post=34330"},{"taxonomy":"post_tag","embeddable":true,"href":"https:\/\/www.ull.es\/portal\/noticias\/wp-json\/wp\/v2\/tags?post=34330"}],"curies":[{"name":"wp","href":"https:\/\/api.w.org\/{rel}","templated":true}]}}