{"id":34421,"date":"2017-12-15T09:20:51","date_gmt":"2017-12-15T09:20:51","guid":{"rendered":"https:\/\/www.ull.es\/portal\/noticias\/?p=34421"},"modified":"2017-12-15T15:22:18","modified_gmt":"2017-12-15T15:22:18","slug":"cerca-300-egresados-consiguen-empleo-2017-tras-asesorados-serivico-orientacion-la-fundacion-general-la-ull","status":"publish","type":"post","link":"https:\/\/www.ull.es\/portal\/noticias\/2017\/cerca-300-egresados-consiguen-empleo-2017-tras-asesorados-serivico-orientacion-la-fundacion-general-la-ull\/","title":{"rendered":"Cerca de 300 egresados consiguen empleo en 2017 tras ser asesorados por el serivico de orientaci\u00f3n de la Fundaci\u00f3n General de la ULL"},"content":{"rendered":"<p>Durante el presente a\u00f1o han pasado por el servicio de orientaci\u00f3n de la Fundaci\u00f3n General un total de 577 personas, las cuales han sido asesoradas y formadas con el objetivo de mejorar su empleabilidad. La orientaci\u00f3n comienza con un diagn\u00f3stico inicial que eval\u00faa el nivel de empleabilidad de la persona y a ra\u00edz de los resultados obtenidos se establecen una serie de acciones personalizadas y coordinadas para trabajar individualmente o en grupo. Los datos de inserci\u00f3n laboral muestran que, hasta el momento, de las 437 personas que ya finalizaron sus itinerarios 257 han conseguido un puesto de trabajo, lo que supone un 59% del total.<\/p>\n<p>Adem\u00e1s, se han realizado diecinueve talleres de competencias transversales para el empleo en los que han participado 225 personas. Las tem\u00e1ticas de estos talleres han sido variadas, con el factor com\u00fan de trabajar sobre habilidades b\u00e1sicas y transversales en la mejora de la empleabilidad. Por ejemplo, se desarrollaron talleres de uso de aplicaciones colaborativas para la empresa, negociaci\u00f3n y comunicaci\u00f3n, liderazgo y gesti\u00f3n eficaz de equipos, utilizaci\u00f3n de presentaciones gr\u00e1ficas de informaci\u00f3n o presencia online y medios sociales para el profesional.<\/p>\n<p>Por otro lado, se han desarrollado setenta sesiones grupales de orientaci\u00f3n laboral en las que participaron 418 personas. Su finalidad ha sido ofrecer herramientas de b\u00fasqueda para el empleo, preparaci\u00f3n para entrevistas y pruebas de selecci\u00f3n y entrenamiento de las actitudes \u00f3ptimas y necesarias para desenvolverse en contextos profesionales.<\/p>\n<p>Adem\u00e1s, se han celebrado 1719 tutor\u00edas personalizadas en las que se trabajaron aspectos como el autoconocimiento personal y profesional el desarrollo de la marca personal o y se ha continuado con el seguimiento del itinerario propuesto.<\/p>\n<p>La valoraci\u00f3n final del servicio dada por sus participantes es de nueve puntos sobre diez, dando especial valor a las tutor\u00edas, la adaptabilidad y atenci\u00f3n personalizada recibida. El Servicio de Orientaci\u00f3n y Acompa\u00f1amiento Laboral se enmarcan dentro del Plan de Empleo para la Educaci\u00f3n Superior, un proyecto de la ULL gestionado a trav\u00e9s de la Fundaci\u00f3n General y financiado por el Gobierno de Canarias, por medio de su Servicio Canario de Empleo y con cargo a los fondos recibidos del Ministerio de Empleo y Seguridad Social del Gobierno de Espa\u00f1a.<\/p>\n<p>(Nota de prensa y foto cedida)<\/p>\n<p>&nbsp;<\/p>\n<p>&nbsp;<\/p>\n","protected":false},"excerpt":{"rendered":"<p>Durante el presente a\u00f1o han pasado por el servicio de orientaci\u00f3n de la Fundaci\u00f3n General un total de 577 personas,&#8230;<\/p>\n","protected":false},"author":23,"featured_media":34424,"comment_status":"closed","ping_status":"closed","sticky":false,"template":"","format":"standard","meta":{"inline_featured_image":false,"footnotes":""},"categories":[343,345,348,2765],"tags":[3794],"acf":[],"yoast_head":"<!-- This site is optimized with the Yoast SEO plugin v21.3 - https:\/\/yoast.com\/wordpress\/plugins\/seo\/ -->\n<title>Cerca de 300 egresados consiguen empleo en 2017 tras ser asesorados por el serivico de orientaci\u00f3n de la Fundaci\u00f3n General de la ULL - ULL - Noticias<\/title>\n<meta name=\"robots\" content=\"index, follow, max-snippet:-1, max-image-preview:large, max-video-preview:-1\" \/>\n<link rel=\"canonical\" href=\"https:\/\/www.ull.es\/portal\/noticias\/2017\/cerca-300-egresados-consiguen-empleo-2017-tras-asesorados-serivico-orientacion-la-fundacion-general-la-ull\/\" \/>\n<meta property=\"og:locale\" content=\"es_ES\" \/>\n<meta property=\"og:type\" content=\"article\" \/>\n<meta property=\"og:title\" content=\"Cerca de 300 egresados consiguen empleo en 2017 tras ser asesorados por el serivico de orientaci\u00f3n de la Fundaci\u00f3n General de la ULL - ULL - Noticias\" \/>\n<meta property=\"og:description\" content=\"Durante el presente a\u00f1o han pasado por el servicio de orientaci\u00f3n de la Fundaci\u00f3n General un total de 577 personas,...\" \/>\n<meta property=\"og:url\" content=\"https:\/\/www.ull.es\/portal\/noticias\/2017\/cerca-300-egresados-consiguen-empleo-2017-tras-asesorados-serivico-orientacion-la-fundacion-general-la-ull\/\" \/>\n<meta property=\"og:site_name\" content=\"ULL - Noticias\" \/>\n<meta property=\"article:publisher\" content=\"https:\/\/www.facebook.com\/universidaddelalaguna\/\" \/>\n<meta property=\"article:published_time\" content=\"2017-12-15T09:20:51+00:00\" \/>\n<meta property=\"article:modified_time\" content=\"2017-12-15T15:22:18+00:00\" \/>\n<meta property=\"og:image\" content=\"https:\/\/www.ull.es\/portal\/noticias\/wp-content\/uploads\/sites\/13\/2017\/12\/orientacion.jpg\" \/>\n\t<meta property=\"og:image:width\" content=\"1280\" \/>\n\t<meta property=\"og:image:height\" content=\"862\" \/>\n\t<meta property=\"og:image:type\" content=\"image\/jpeg\" \/>\n<meta name=\"author\" content=\"gaprsa\" \/>\n<meta name=\"twitter:card\" content=\"summary_large_image\" \/>\n<meta name=\"twitter:creator\" content=\"@CanalULL\" \/>\n<meta name=\"twitter:site\" content=\"@CanalULL\" \/>\n<meta name=\"twitter:label1\" content=\"Escrito por\" \/>\n\t<meta name=\"twitter:data1\" content=\"gaprsa\" \/>\n\t<meta name=\"twitter:label2\" content=\"Tiempo de lectura\" \/>\n\t<meta name=\"twitter:data2\" content=\"2 minutos\" \/>\n<script type=\"application\/ld+json\" class=\"yoast-schema-graph\">{\"@context\":\"https:\/\/schema.org\",\"@graph\":[{\"@type\":\"WebPage\",\"@id\":\"https:\/\/www.ull.es\/portal\/noticias\/2017\/cerca-300-egresados-consiguen-empleo-2017-tras-asesorados-serivico-orientacion-la-fundacion-general-la-ull\/\",\"url\":\"https:\/\/www.ull.es\/portal\/noticias\/2017\/cerca-300-egresados-consiguen-empleo-2017-tras-asesorados-serivico-orientacion-la-fundacion-general-la-ull\/\",\"name\":\"Cerca de 300 egresados consiguen empleo en 2017 tras ser asesorados por el serivico de orientaci\u00f3n de la Fundaci\u00f3n General de la ULL - ULL - Noticias\",\"isPartOf\":{\"@id\":\"https:\/\/www.ull.es\/portal\/noticias\/#website\"},\"datePublished\":\"2017-12-15T09:20:51+00:00\",\"dateModified\":\"2017-12-15T15:22:18+00:00\",\"author\":{\"@id\":\"https:\/\/www.ull.es\/portal\/noticias\/#\/schema\/person\/b2b1a89d43ffa609e591f7df8ef3e817\"},\"breadcrumb\":{\"@id\":\"https:\/\/www.ull.es\/portal\/noticias\/2017\/cerca-300-egresados-consiguen-empleo-2017-tras-asesorados-serivico-orientacion-la-fundacion-general-la-ull\/#breadcrumb\"},\"inLanguage\":\"es\",\"potentialAction\":[{\"@type\":\"ReadAction\",\"target\":[\"https:\/\/www.ull.es\/portal\/noticias\/2017\/cerca-300-egresados-consiguen-empleo-2017-tras-asesorados-serivico-orientacion-la-fundacion-general-la-ull\/\"]}]},{\"@type\":\"BreadcrumbList\",\"@id\":\"https:\/\/www.ull.es\/portal\/noticias\/2017\/cerca-300-egresados-consiguen-empleo-2017-tras-asesorados-serivico-orientacion-la-fundacion-general-la-ull\/#breadcrumb\",\"itemListElement\":[{\"@type\":\"ListItem\",\"position\":1,\"name\":\"Portada\",\"item\":\"https:\/\/www.ull.es\/portal\/noticias\/\"},{\"@type\":\"ListItem\",\"position\":2,\"name\":\"Cerca de 300 egresados consiguen empleo en 2017 tras ser asesorados por el serivico de orientaci\u00f3n de la Fundaci\u00f3n General de la ULL\"}]},{\"@type\":\"WebSite\",\"@id\":\"https:\/\/www.ull.es\/portal\/noticias\/#website\",\"url\":\"https:\/\/www.ull.es\/portal\/noticias\/\",\"name\":\"ULL - Noticias\",\"description\":\"\",\"potentialAction\":[{\"@type\":\"SearchAction\",\"target\":{\"@type\":\"EntryPoint\",\"urlTemplate\":\"https:\/\/www.ull.es\/portal\/noticias\/?s={search_term_string}\"},\"query-input\":\"required name=search_term_string\"}],\"inLanguage\":\"es\"},{\"@type\":\"Person\",\"@id\":\"https:\/\/www.ull.es\/portal\/noticias\/#\/schema\/person\/b2b1a89d43ffa609e591f7df8ef3e817\",\"name\":\"gaprsa\",\"image\":{\"@type\":\"ImageObject\",\"inLanguage\":\"es\",\"@id\":\"https:\/\/www.ull.es\/portal\/noticias\/#\/schema\/person\/image\/\",\"url\":\"https:\/\/secure.gravatar.com\/avatar\/443820550921091458b4823867723b3d?s=96&d=mm&r=g\",\"contentUrl\":\"https:\/\/secure.gravatar.com\/avatar\/443820550921091458b4823867723b3d?s=96&d=mm&r=g\",\"caption\":\"gaprsa\"},\"url\":\"https:\/\/www.ull.es\/portal\/noticias\/author\/gaprsa\/\"}]}<\/script>\n<!-- \/ Yoast SEO plugin. -->","yoast_head_json":{"title":"Cerca de 300 egresados consiguen empleo en 2017 tras ser asesorados por el serivico de orientaci\u00f3n de la Fundaci\u00f3n General de la ULL - ULL - Noticias","robots":{"index":"index","follow":"follow","max-snippet":"max-snippet:-1","max-image-preview":"max-image-preview:large","max-video-preview":"max-video-preview:-1"},"canonical":"https:\/\/www.ull.es\/portal\/noticias\/2017\/cerca-300-egresados-consiguen-empleo-2017-tras-asesorados-serivico-orientacion-la-fundacion-general-la-ull\/","og_locale":"es_ES","og_type":"article","og_title":"Cerca de 300 egresados consiguen empleo en 2017 tras ser asesorados por el serivico de orientaci\u00f3n de la Fundaci\u00f3n General de la ULL - ULL - Noticias","og_description":"Durante el presente a\u00f1o han pasado por el servicio de orientaci\u00f3n de la Fundaci\u00f3n General un total de 577 personas,...","og_url":"https:\/\/www.ull.es\/portal\/noticias\/2017\/cerca-300-egresados-consiguen-empleo-2017-tras-asesorados-serivico-orientacion-la-fundacion-general-la-ull\/","og_site_name":"ULL - Noticias","article_publisher":"https:\/\/www.facebook.com\/universidaddelalaguna\/","article_published_time":"2017-12-15T09:20:51+00:00","article_modified_time":"2017-12-15T15:22:18+00:00","og_image":[{"width":1280,"height":862,"url":"https:\/\/www.ull.es\/portal\/noticias\/wp-content\/uploads\/sites\/13\/2017\/12\/orientacion.jpg","type":"image\/jpeg"}],"author":"gaprsa","twitter_card":"summary_large_image","twitter_creator":"@CanalULL","twitter_site":"@CanalULL","twitter_misc":{"Escrito por":"gaprsa","Tiempo de lectura":"2 minutos"},"schema":{"@context":"https:\/\/schema.org","@graph":[{"@type":"WebPage","@id":"https:\/\/www.ull.es\/portal\/noticias\/2017\/cerca-300-egresados-consiguen-empleo-2017-tras-asesorados-serivico-orientacion-la-fundacion-general-la-ull\/","url":"https:\/\/www.ull.es\/portal\/noticias\/2017\/cerca-300-egresados-consiguen-empleo-2017-tras-asesorados-serivico-orientacion-la-fundacion-general-la-ull\/","name":"Cerca de 300 egresados consiguen empleo en 2017 tras ser asesorados por el serivico de orientaci\u00f3n de la Fundaci\u00f3n General de la ULL - ULL - Noticias","isPartOf":{"@id":"https:\/\/www.ull.es\/portal\/noticias\/#website"},"datePublished":"2017-12-15T09:20:51+00:00","dateModified":"2017-12-15T15:22:18+00:00","author":{"@id":"https:\/\/www.ull.es\/portal\/noticias\/#\/schema\/person\/b2b1a89d43ffa609e591f7df8ef3e817"},"breadcrumb":{"@id":"https:\/\/www.ull.es\/portal\/noticias\/2017\/cerca-300-egresados-consiguen-empleo-2017-tras-asesorados-serivico-orientacion-la-fundacion-general-la-ull\/#breadcrumb"},"inLanguage":"es","potentialAction":[{"@type":"ReadAction","target":["https:\/\/www.ull.es\/portal\/noticias\/2017\/cerca-300-egresados-consiguen-empleo-2017-tras-asesorados-serivico-orientacion-la-fundacion-general-la-ull\/"]}]},{"@type":"BreadcrumbList","@id":"https:\/\/www.ull.es\/portal\/noticias\/2017\/cerca-300-egresados-consiguen-empleo-2017-tras-asesorados-serivico-orientacion-la-fundacion-general-la-ull\/#breadcrumb","itemListElement":[{"@type":"ListItem","position":1,"name":"Portada","item":"https:\/\/www.ull.es\/portal\/noticias\/"},{"@type":"ListItem","position":2,"name":"Cerca de 300 egresados consiguen empleo en 2017 tras ser asesorados por el serivico de orientaci\u00f3n de la Fundaci\u00f3n General de la ULL"}]},{"@type":"WebSite","@id":"https:\/\/www.ull.es\/portal\/noticias\/#website","url":"https:\/\/www.ull.es\/portal\/noticias\/","name":"ULL - Noticias","description":"","potentialAction":[{"@type":"SearchAction","target":{"@type":"EntryPoint","urlTemplate":"https:\/\/www.ull.es\/portal\/noticias\/?s={search_term_string}"},"query-input":"required name=search_term_string"}],"inLanguage":"es"},{"@type":"Person","@id":"https:\/\/www.ull.es\/portal\/noticias\/#\/schema\/person\/b2b1a89d43ffa609e591f7df8ef3e817","name":"gaprsa","image":{"@type":"ImageObject","inLanguage":"es","@id":"https:\/\/www.ull.es\/portal\/noticias\/#\/schema\/person\/image\/","url":"https:\/\/secure.gravatar.com\/avatar\/443820550921091458b4823867723b3d?s=96&d=mm&r=g","contentUrl":"https:\/\/secure.gravatar.com\/avatar\/443820550921091458b4823867723b3d?s=96&d=mm&r=g","caption":"gaprsa"},"url":"https:\/\/www.ull.es\/portal\/noticias\/author\/gaprsa\/"}]}},"primary_category":{"id":343,"name":"Alumnado","slug":"alumnado","link":"https:\/\/www.ull.es\/portal\/noticias\/category\/alumnado\/"},"featured_image_thumbnail_url":"https:\/\/www.ull.es\/portal\/noticias\/wp-content\/uploads\/sites\/13\/2017\/12\/orientacion-300x202.jpg","_links":{"self":[{"href":"https:\/\/www.ull.es\/portal\/noticias\/wp-json\/wp\/v2\/posts\/34421"}],"collection":[{"href":"https:\/\/www.ull.es\/portal\/noticias\/wp-json\/wp\/v2\/posts"}],"about":[{"href":"https:\/\/www.ull.es\/portal\/noticias\/wp-json\/wp\/v2\/types\/post"}],"author":[{"embeddable":true,"href":"https:\/\/www.ull.es\/portal\/noticias\/wp-json\/wp\/v2\/users\/23"}],"replies":[{"embeddable":true,"href":"https:\/\/www.ull.es\/portal\/noticias\/wp-json\/wp\/v2\/comments?post=34421"}],"version-history":[{"count":1,"href":"https:\/\/www.ull.es\/portal\/noticias\/wp-json\/wp\/v2\/posts\/34421\/revisions"}],"predecessor-version":[{"id":34422,"href":"https:\/\/www.ull.es\/portal\/noticias\/wp-json\/wp\/v2\/posts\/34421\/revisions\/34422"}],"wp:featuredmedia":[{"embeddable":true,"href":"https:\/\/www.ull.es\/portal\/noticias\/wp-json\/wp\/v2\/media\/34424"}],"wp:attachment":[{"href":"https:\/\/www.ull.es\/portal\/noticias\/wp-json\/wp\/v2\/media?parent=34421"}],"wp:term":[{"taxonomy":"category","embeddable":true,"href":"https:\/\/www.ull.es\/portal\/noticias\/wp-json\/wp\/v2\/categories?post=34421"},{"taxonomy":"post_tag","embeddable":true,"href":"https:\/\/www.ull.es\/portal\/noticias\/wp-json\/wp\/v2\/tags?post=34421"}],"curies":[{"name":"wp","href":"https:\/\/api.w.org\/{rel}","templated":true}]}}