{"id":34437,"date":"2017-12-18T12:31:45","date_gmt":"2017-12-18T12:31:45","guid":{"rendered":"https:\/\/www.ull.es\/portal\/noticias\/?p=34437"},"modified":"2017-12-18T12:31:45","modified_gmt":"2017-12-18T12:31:45","slug":"monografico-revista-cedille-7","status":"publish","type":"post","link":"https:\/\/www.ull.es\/portal\/noticias\/2017\/monografico-revista-cedille-7\/","title":{"rendered":"La revista de estudios franceses \u00c7\u00e9dille dedica su \u00faltimo n\u00famero monogr\u00e1fico a la relaci\u00f3n entre locura y literatura"},"content":{"rendered":"<div id=\"attachment_34438\" style=\"width: 310px\" class=\"wp-caption alignleft\"><a href=\"https:\/\/www.ull.es\/portal\/noticias\/wp-content\/uploads\/sites\/13\/2017\/12\/\u00e7edille.jpg\" target=\"_blank\" rel=\"noopener\"><img aria-describedby=\"caption-attachment-34438\" decoding=\"async\" loading=\"lazy\" class=\"size-medium wp-image-34438\" src=\"https:\/\/www.ull.es\/portal\/noticias\/wp-content\/uploads\/sites\/13\/2017\/12\/\u00e7edille-300x157.jpg\" alt=\"Captura de pantalla de la portada de la web de \u00c7\u00e9dille.\" width=\"300\" height=\"157\" srcset=\"https:\/\/www.ull.es\/portal\/noticias\/wp-content\/uploads\/sites\/13\/2017\/12\/\u00e7edille-300x157.jpg 300w, https:\/\/www.ull.es\/portal\/noticias\/wp-content\/uploads\/sites\/13\/2017\/12\/\u00e7edille-768x401.jpg 768w, https:\/\/www.ull.es\/portal\/noticias\/wp-content\/uploads\/sites\/13\/2017\/12\/\u00e7edille.jpg 1024w, https:\/\/www.ull.es\/portal\/noticias\/wp-content\/uploads\/sites\/13\/2017\/12\/\u00e7edille-375x196.jpg 375w, https:\/\/www.ull.es\/portal\/noticias\/wp-content\/uploads\/sites\/13\/2017\/12\/\u00e7edille-750x392.jpg 750w\" sizes=\"(max-width: 300px) 100vw, 300px\" \/><\/a><p id=\"caption-attachment-34438\" class=\"wp-caption-text\">Captura de pantalla de la portada de la web de \u00c7\u00e9dille.<\/p><\/div>\n<p>\u00c7\u00e9dille es una revista cient\u00edfica sobre estudios franceses, publicada en formato digital y de acceso abierto por la Asociaci\u00f3n de Francesistas de la Universidad Espa\u00f1ola en colaboraci\u00f3n con la Universidad de La Laguna, instituci\u00f3n a la que pertenece su editor, el profesor del Departamento de Filolog\u00eda Cl\u00e1sica, Francesa, \u00c1rabe y Rom\u00e1nica Jos\u00e9 Oliver Frade. Acaba de difundirse el s\u00e9ptimo n\u00famero de su serie Monograf\u00edas, que en esta ocasi\u00f3n gira en torno a la relaci\u00f3n entre locura y literatura y ha sido coordinado por el profesor titular de la Universidad Aut\u00f3noma de Madrid Andr\u00e9 B\u00e9nit.<\/p>\n<p>La publicaci\u00f3n, <a href=\"http:\/\/cedille.webs.ull.es\/index-M7.htm\" target=\"_blank\" rel=\"noopener\" target=\"_blank\" rel=\"noopener\">ya disponible en la red<\/a>, re\u00fane once art\u00edculos originales redactados por investigadores de universidades de Austria, B\u00e9lgica, Canad\u00e1, Costa de Marfil y Espa\u00f1a.<\/p>\n<p>Como explica el editor de este n\u00famero, la idea de este monogr\u00e1fico titulado \u201c<em>Mises en litt\u00e9rature de la folie<\/em>\u201d (\u201cLiteraturizaci\u00f3n de la locura\u201d), surgi\u00f3 a ra\u00edz de una investigaci\u00f3n realizada por el propio Andr\u00e9 B\u00e9nit en el marco de un proyecto de investigaci\u00f3n sobre las representaciones de las mujeres como figuras hist\u00f3ricas en la literatura francesa, dirigido por la profesora Mercedes Boixareu Vilaplana, catedr\u00e1tica de la UNED. En ese trabajo, el investigador tuvo la oportunidad de estudiar la trayectoria muy particular y tr\u00e1gica de Carlota de B\u00e9lgica, que acab\u00f3 sus d\u00edas en las tinieblas de la locura, tal y como est\u00e1 representada en las novelas en lengua francesa.<\/p>\n<p>Ese estudio fue el acicate para profundizar el tema de la locura en la literatura, as\u00ed que, con la ayuda de la profesora Martine Renouprez, de la Universidad de C\u00e1diz, el editor contact\u00f3 con varios especialistas en literatura francesa, tanto espa\u00f1oles como del extranjero, con el objetivo de elaborar un dossier sobre este asunto.<\/p>\n<p>Todos respondieron con mucho entusiasmo a la invitaci\u00f3n y, como se puede constatar en la monograf\u00eda, las propuestas que hicieron y las perspectivas contempladas fueron, en opini\u00f3n de B\u00e9nit, \u201ctan diversas como novedosas, lo que demuestra que se trata sin duda de un campo muy amplio y rico, donde queda mucho por descubrir\u201d.<\/p>\n<p>Los art\u00edculos var\u00edan no solamente en cuanto a sus contenidos, sino tambi\u00e9n en funci\u00f3n del g\u00e9nero narrativo (novela, poes\u00eda, c\u00f3mics), de la cronolog\u00eda de las obras tratadas (del siglo XIX al siglo XXI) y del origen social y geogr\u00e1fico de sus autores: Danielle Collobert y Sophie Podolski, estudiados por Martine Renouprez (Universidad de C\u00e1diz); Guy de Maupassant, por Lola Berm\u00fadez Medina (U. de C\u00e1diz); Barbey d\u2019Aurevilly, por Victoria Ferrety (U. de C\u00e1diz); Th\u00e9ophile Gautier y Charles Baudelaire, por Salah Khan (Universidad Aut\u00f3noma de Madrid); Katrina Kalda, por Margarita Alfaro Amieiro (U. Aut\u00f3noma de Madrid); Isabelle Eberhardt, Le\u00efla Sebbar, Azza Filali, Malika Madi y Le\u00efla Marouane, por Catherine Gravet (Universidad de Mons); Unica Z\u00fcrn, por Jeannine Paque (Universidad de Lieja); Emmanuelle Bayamack-Tam, por Martina Stemberger (Universidad de Viena) y Andr\u00e9 Franquin, por Chris Reyns-Chikuma (Universidad de Alberta en Edmonton).<\/p>\n<p>Adem\u00e1s, esta monograf\u00eda de diez art\u00edculos incluye un texto de creaci\u00f3n y reflexi\u00f3n escrito desde el continente africano por el profesor Parfait Bi Kacou Diandu\u00e9, de la Universidad F\u00e9lix Houphou\u00ebt-Boigny de Cocody en Abidjan: \u201c<em>Le large, la limite et la folie: cr\u00e9dit de mort et hypoth\u00e8que sur le radeau du migrant<\/em>\u201d.<\/p>\n<p>\u00c7\u00e9dille es la primera revista electr\u00f3nica de su \u00e1mbito editada en Espa\u00f1a, cuyo primer n\u00famero apareci\u00f3 en 2005. Desde 2016 cuenta con el sello de calidad que otorga la Fundaci\u00f3n Espa\u00f1ola para la Ciencia y la Tecnolog\u00eda (FECyT) y est\u00e1 indizada y clasificada en las m\u00e1s prestigiosas bases de datos y repertorios nacionales (MIAR, Carhus Plus, CIRC, DICE, RESH, Dialnet, REDIB, CSIC) e internacionales (Scopus, SCimago, ESCI [Web of Science], DOAJ, ERIH+, MLA, CAPES, EBSCO). En abril de 2018 ver\u00e1 la luz el n\u00famero 14 de la serie ordinaria, que reunir\u00e1 m\u00e1s de veinte art\u00edculos sobre ling\u00fc\u00edstica, literatura, traducci\u00f3n y otras materias relacionadas con los estudios franceses.<\/p>\n","protected":false},"excerpt":{"rendered":"<p>\u00c7\u00e9dille es una revista cient\u00edfica sobre estudios franceses, publicada en formato digital y de acceso abierto por la Asociaci\u00f3n de&#8230;<\/p>\n","protected":false},"author":21,"featured_media":34439,"comment_status":"closed","ping_status":"closed","sticky":false,"template":"","format":"image","meta":{"inline_featured_image":false,"footnotes":""},"categories":[345,3381,350,2754,2765],"tags":[782,1267,1664,2271],"acf":[],"yoast_head":"<!-- This site is optimized with the Yoast SEO plugin v21.3 - https:\/\/yoast.com\/wordpress\/plugins\/seo\/ -->\n<title>La revista \u00c7\u00e9dille dedica un n\u00famero a la locura en la literatura francesa<\/title>\n<meta name=\"description\" content=\"\u00c7\u00e9dille es una revista cient\u00edfica digital en abierto sobre estudios franceses que ha dedicado su \u00faltimo monogr\u00e1fico a la relaci\u00f3n entre locura y literatura.\" \/>\n<meta name=\"robots\" content=\"index, follow, max-snippet:-1, max-image-preview:large, max-video-preview:-1\" \/>\n<link rel=\"canonical\" href=\"https:\/\/www.ull.es\/portal\/noticias\/2017\/monografico-revista-cedille-7\/\" \/>\n<meta property=\"og:locale\" content=\"es_ES\" \/>\n<meta property=\"og:type\" content=\"article\" \/>\n<meta property=\"og:title\" content=\"La revista \u00c7\u00e9dille dedica un n\u00famero a la locura en la literatura francesa\" \/>\n<meta property=\"og:description\" content=\"\u00c7\u00e9dille es una revista cient\u00edfica digital en abierto sobre estudios franceses que ha dedicado su \u00faltimo monogr\u00e1fico a la relaci\u00f3n entre locura y literatura.\" \/>\n<meta property=\"og:url\" content=\"https:\/\/www.ull.es\/portal\/noticias\/2017\/monografico-revista-cedille-7\/\" \/>\n<meta property=\"og:site_name\" content=\"ULL - Noticias\" \/>\n<meta property=\"article:publisher\" content=\"https:\/\/www.facebook.com\/universidaddelalaguna\/\" \/>\n<meta property=\"article:published_time\" content=\"2017-12-18T12:31:45+00:00\" \/>\n<meta property=\"og:image\" content=\"https:\/\/www.ull.es\/portal\/noticias\/wp-content\/uploads\/sites\/13\/2017\/12\/\u00e7edille-t.png\" \/>\n\t<meta property=\"og:image:width\" content=\"480\" \/>\n\t<meta property=\"og:image:height\" content=\"223\" \/>\n\t<meta property=\"og:image:type\" content=\"image\/png\" \/>\n<meta name=\"author\" content=\"prensa2\" \/>\n<meta name=\"twitter:card\" content=\"summary_large_image\" \/>\n<meta name=\"twitter:creator\" content=\"@CanalULL\" \/>\n<meta name=\"twitter:site\" content=\"@CanalULL\" \/>\n<meta name=\"twitter:label1\" content=\"Escrito por\" \/>\n\t<meta name=\"twitter:data1\" content=\"prensa2\" \/>\n\t<meta name=\"twitter:label2\" content=\"Tiempo de lectura\" \/>\n\t<meta name=\"twitter:data2\" content=\"4 minutos\" \/>\n<script type=\"application\/ld+json\" class=\"yoast-schema-graph\">{\"@context\":\"https:\/\/schema.org\",\"@graph\":[{\"@type\":\"WebPage\",\"@id\":\"https:\/\/www.ull.es\/portal\/noticias\/2017\/monografico-revista-cedille-7\/\",\"url\":\"https:\/\/www.ull.es\/portal\/noticias\/2017\/monografico-revista-cedille-7\/\",\"name\":\"La revista \u00c7\u00e9dille dedica un n\u00famero a la locura en la literatura francesa\",\"isPartOf\":{\"@id\":\"https:\/\/www.ull.es\/portal\/noticias\/#website\"},\"datePublished\":\"2017-12-18T12:31:45+00:00\",\"dateModified\":\"2017-12-18T12:31:45+00:00\",\"author\":{\"@id\":\"https:\/\/www.ull.es\/portal\/noticias\/#\/schema\/person\/c3b2aa857797592927a03740d6664376\"},\"description\":\"\u00c7\u00e9dille es una revista cient\u00edfica digital en abierto sobre estudios franceses que ha dedicado su \u00faltimo monogr\u00e1fico a la relaci\u00f3n entre locura y literatura.\",\"breadcrumb\":{\"@id\":\"https:\/\/www.ull.es\/portal\/noticias\/2017\/monografico-revista-cedille-7\/#breadcrumb\"},\"inLanguage\":\"es\",\"potentialAction\":[{\"@type\":\"ReadAction\",\"target\":[\"https:\/\/www.ull.es\/portal\/noticias\/2017\/monografico-revista-cedille-7\/\"]}]},{\"@type\":\"BreadcrumbList\",\"@id\":\"https:\/\/www.ull.es\/portal\/noticias\/2017\/monografico-revista-cedille-7\/#breadcrumb\",\"itemListElement\":[{\"@type\":\"ListItem\",\"position\":1,\"name\":\"Portada\",\"item\":\"https:\/\/www.ull.es\/portal\/noticias\/\"},{\"@type\":\"ListItem\",\"position\":2,\"name\":\"La revista de estudios franceses \u00c7\u00e9dille dedica su \u00faltimo n\u00famero monogr\u00e1fico a la relaci\u00f3n entre locura y literatura\"}]},{\"@type\":\"WebSite\",\"@id\":\"https:\/\/www.ull.es\/portal\/noticias\/#website\",\"url\":\"https:\/\/www.ull.es\/portal\/noticias\/\",\"name\":\"ULL - Noticias\",\"description\":\"\",\"potentialAction\":[{\"@type\":\"SearchAction\",\"target\":{\"@type\":\"EntryPoint\",\"urlTemplate\":\"https:\/\/www.ull.es\/portal\/noticias\/?s={search_term_string}\"},\"query-input\":\"required name=search_term_string\"}],\"inLanguage\":\"es\"},{\"@type\":\"Person\",\"@id\":\"https:\/\/www.ull.es\/portal\/noticias\/#\/schema\/person\/c3b2aa857797592927a03740d6664376\",\"name\":\"prensa2\",\"image\":{\"@type\":\"ImageObject\",\"inLanguage\":\"es\",\"@id\":\"https:\/\/www.ull.es\/portal\/noticias\/#\/schema\/person\/image\/\",\"url\":\"https:\/\/secure.gravatar.com\/avatar\/b58f310a5de5feb33d1e026d2493f23c?s=96&d=mm&r=g\",\"contentUrl\":\"https:\/\/secure.gravatar.com\/avatar\/b58f310a5de5feb33d1e026d2493f23c?s=96&d=mm&r=g\",\"caption\":\"prensa2\"},\"url\":\"https:\/\/www.ull.es\/portal\/noticias\/author\/prensa2\/\"}]}<\/script>\n<!-- \/ Yoast SEO plugin. -->","yoast_head_json":{"title":"La revista \u00c7\u00e9dille dedica un n\u00famero a la locura en la literatura francesa","description":"\u00c7\u00e9dille es una revista cient\u00edfica digital en abierto sobre estudios franceses que ha dedicado su \u00faltimo monogr\u00e1fico a la relaci\u00f3n entre locura y literatura.","robots":{"index":"index","follow":"follow","max-snippet":"max-snippet:-1","max-image-preview":"max-image-preview:large","max-video-preview":"max-video-preview:-1"},"canonical":"https:\/\/www.ull.es\/portal\/noticias\/2017\/monografico-revista-cedille-7\/","og_locale":"es_ES","og_type":"article","og_title":"La revista \u00c7\u00e9dille dedica un n\u00famero a la locura en la literatura francesa","og_description":"\u00c7\u00e9dille es una revista cient\u00edfica digital en abierto sobre estudios franceses que ha dedicado su \u00faltimo monogr\u00e1fico a la relaci\u00f3n entre locura y literatura.","og_url":"https:\/\/www.ull.es\/portal\/noticias\/2017\/monografico-revista-cedille-7\/","og_site_name":"ULL - Noticias","article_publisher":"https:\/\/www.facebook.com\/universidaddelalaguna\/","article_published_time":"2017-12-18T12:31:45+00:00","og_image":[{"width":480,"height":223,"url":"https:\/\/www.ull.es\/portal\/noticias\/wp-content\/uploads\/sites\/13\/2017\/12\/\u00e7edille-t.png","type":"image\/png"}],"author":"prensa2","twitter_card":"summary_large_image","twitter_creator":"@CanalULL","twitter_site":"@CanalULL","twitter_misc":{"Escrito por":"prensa2","Tiempo de lectura":"4 minutos"},"schema":{"@context":"https:\/\/schema.org","@graph":[{"@type":"WebPage","@id":"https:\/\/www.ull.es\/portal\/noticias\/2017\/monografico-revista-cedille-7\/","url":"https:\/\/www.ull.es\/portal\/noticias\/2017\/monografico-revista-cedille-7\/","name":"La revista \u00c7\u00e9dille dedica un n\u00famero a la locura en la literatura francesa","isPartOf":{"@id":"https:\/\/www.ull.es\/portal\/noticias\/#website"},"datePublished":"2017-12-18T12:31:45+00:00","dateModified":"2017-12-18T12:31:45+00:00","author":{"@id":"https:\/\/www.ull.es\/portal\/noticias\/#\/schema\/person\/c3b2aa857797592927a03740d6664376"},"description":"\u00c7\u00e9dille es una revista cient\u00edfica digital en abierto sobre estudios franceses que ha dedicado su \u00faltimo monogr\u00e1fico a la relaci\u00f3n entre locura y literatura.","breadcrumb":{"@id":"https:\/\/www.ull.es\/portal\/noticias\/2017\/monografico-revista-cedille-7\/#breadcrumb"},"inLanguage":"es","potentialAction":[{"@type":"ReadAction","target":["https:\/\/www.ull.es\/portal\/noticias\/2017\/monografico-revista-cedille-7\/"]}]},{"@type":"BreadcrumbList","@id":"https:\/\/www.ull.es\/portal\/noticias\/2017\/monografico-revista-cedille-7\/#breadcrumb","itemListElement":[{"@type":"ListItem","position":1,"name":"Portada","item":"https:\/\/www.ull.es\/portal\/noticias\/"},{"@type":"ListItem","position":2,"name":"La revista de estudios franceses \u00c7\u00e9dille dedica su \u00faltimo n\u00famero monogr\u00e1fico a la relaci\u00f3n entre locura y literatura"}]},{"@type":"WebSite","@id":"https:\/\/www.ull.es\/portal\/noticias\/#website","url":"https:\/\/www.ull.es\/portal\/noticias\/","name":"ULL - Noticias","description":"","potentialAction":[{"@type":"SearchAction","target":{"@type":"EntryPoint","urlTemplate":"https:\/\/www.ull.es\/portal\/noticias\/?s={search_term_string}"},"query-input":"required name=search_term_string"}],"inLanguage":"es"},{"@type":"Person","@id":"https:\/\/www.ull.es\/portal\/noticias\/#\/schema\/person\/c3b2aa857797592927a03740d6664376","name":"prensa2","image":{"@type":"ImageObject","inLanguage":"es","@id":"https:\/\/www.ull.es\/portal\/noticias\/#\/schema\/person\/image\/","url":"https:\/\/secure.gravatar.com\/avatar\/b58f310a5de5feb33d1e026d2493f23c?s=96&d=mm&r=g","contentUrl":"https:\/\/secure.gravatar.com\/avatar\/b58f310a5de5feb33d1e026d2493f23c?s=96&d=mm&r=g","caption":"prensa2"},"url":"https:\/\/www.ull.es\/portal\/noticias\/author\/prensa2\/"}]}},"primary_category":{"id":350,"name":"Investigaci\u00f3n","slug":"investigacion","link":"https:\/\/www.ull.es\/portal\/noticias\/category\/investigacion\/"},"featured_image_thumbnail_url":"https:\/\/www.ull.es\/portal\/noticias\/wp-content\/uploads\/sites\/13\/2017\/12\/\u00e7edille-t-300x139.png","_links":{"self":[{"href":"https:\/\/www.ull.es\/portal\/noticias\/wp-json\/wp\/v2\/posts\/34437"}],"collection":[{"href":"https:\/\/www.ull.es\/portal\/noticias\/wp-json\/wp\/v2\/posts"}],"about":[{"href":"https:\/\/www.ull.es\/portal\/noticias\/wp-json\/wp\/v2\/types\/post"}],"author":[{"embeddable":true,"href":"https:\/\/www.ull.es\/portal\/noticias\/wp-json\/wp\/v2\/users\/21"}],"replies":[{"embeddable":true,"href":"https:\/\/www.ull.es\/portal\/noticias\/wp-json\/wp\/v2\/comments?post=34437"}],"version-history":[{"count":1,"href":"https:\/\/www.ull.es\/portal\/noticias\/wp-json\/wp\/v2\/posts\/34437\/revisions"}],"predecessor-version":[{"id":34440,"href":"https:\/\/www.ull.es\/portal\/noticias\/wp-json\/wp\/v2\/posts\/34437\/revisions\/34440"}],"wp:featuredmedia":[{"embeddable":true,"href":"https:\/\/www.ull.es\/portal\/noticias\/wp-json\/wp\/v2\/media\/34439"}],"wp:attachment":[{"href":"https:\/\/www.ull.es\/portal\/noticias\/wp-json\/wp\/v2\/media?parent=34437"}],"wp:term":[{"taxonomy":"category","embeddable":true,"href":"https:\/\/www.ull.es\/portal\/noticias\/wp-json\/wp\/v2\/categories?post=34437"},{"taxonomy":"post_tag","embeddable":true,"href":"https:\/\/www.ull.es\/portal\/noticias\/wp-json\/wp\/v2\/tags?post=34437"}],"curies":[{"name":"wp","href":"https:\/\/api.w.org\/{rel}","templated":true}]}}