{"id":34444,"date":"2017-12-19T09:32:19","date_gmt":"2017-12-19T09:32:19","guid":{"rendered":"https:\/\/www.ull.es\/portal\/noticias\/?p=34444"},"modified":"2017-12-19T10:34:29","modified_gmt":"2017-12-19T10:34:29","slug":"alumnado-del-grado-educacion-primaria-la-ull-participa-la-iv-carrera-solidaria-la-laguna","status":"publish","type":"post","link":"https:\/\/www.ull.es\/portal\/noticias\/2017\/alumnado-del-grado-educacion-primaria-la-ull-participa-la-iv-carrera-solidaria-la-laguna\/","title":{"rendered":"Alumnado del Grado en Educaci\u00f3n Primaria de la ULL participa en la IV Carrera Solidaria de La Laguna"},"content":{"rendered":"<p>Hace escasos d\u00edas tuvo lugar la IV Carrera Solidaria \u00abLa Educaci\u00f3n F\u00edsica se mueve en La Laguna\u00bb, que este a\u00f1o ha llevado el lema \u00abActividad F\u00edsica y Salud\u00bb. En este evento, organizado por el IES Canarias Cabrera Pinto con la colaboraci\u00f3n del Ayuntamiento de La Laguna, participaron cerca de 400 estudiantes de distintos centros p\u00fablicos del municipio. La actividad consisti\u00f3 en la participaci\u00f3n en talleres organizados por el propio alumnado\u00a0 y Cruz Roja, una carrera no competitiva y finalmente una din\u00e1mica de percusi\u00f3n corporal de todos los participantes. Este a\u00f1o se cont\u00f3 con la colaboraci\u00f3n de la Facultad de Educaci\u00f3n (Grado en Educaci\u00f3n Primaria). El alumnado de la asignatura \u00abEnse\u00f1anza y Aprendizaje de la Educaci\u00f3n F\u00edsica\u00bb organiz\u00f3 el taller de percusi\u00f3n corporal y la din\u00e1mica final, recibiendo la felicitaci\u00f3n de todos los participantes.<\/p>\n","protected":false},"excerpt":{"rendered":"<p>Hace escasos d\u00edas tuvo lugar la IV Carrera Solidaria \u00abLa Educaci\u00f3n F\u00edsica se mueve en La Laguna\u00bb, que este a\u00f1o&#8230;<\/p>\n","protected":false},"author":23,"featured_media":34450,"comment_status":"closed","ping_status":"closed","sticky":false,"template":"","format":"standard","meta":{"inline_featured_image":false,"footnotes":""},"categories":[343,345,3364],"tags":[3798],"acf":[],"yoast_head":"<!-- This site is optimized with the Yoast SEO plugin v21.3 - https:\/\/yoast.com\/wordpress\/plugins\/seo\/ -->\n<title>Alumnado del Grado en Educaci\u00f3n Primaria de la ULL participa en la IV Carrera Solidaria de La Laguna - ULL - Noticias<\/title>\n<meta name=\"robots\" content=\"index, follow, max-snippet:-1, max-image-preview:large, max-video-preview:-1\" \/>\n<link rel=\"canonical\" href=\"https:\/\/www.ull.es\/portal\/noticias\/2017\/alumnado-del-grado-educacion-primaria-la-ull-participa-la-iv-carrera-solidaria-la-laguna\/\" \/>\n<meta property=\"og:locale\" content=\"es_ES\" \/>\n<meta property=\"og:type\" content=\"article\" \/>\n<meta property=\"og:title\" content=\"Alumnado del Grado en Educaci\u00f3n Primaria de la ULL participa en la IV Carrera Solidaria de La Laguna - ULL - Noticias\" \/>\n<meta property=\"og:description\" content=\"Hace escasos d\u00edas tuvo lugar la IV Carrera Solidaria \u00abLa Educaci\u00f3n F\u00edsica se mueve en La Laguna\u00bb, que este a\u00f1o...\" \/>\n<meta property=\"og:url\" content=\"https:\/\/www.ull.es\/portal\/noticias\/2017\/alumnado-del-grado-educacion-primaria-la-ull-participa-la-iv-carrera-solidaria-la-laguna\/\" \/>\n<meta property=\"og:site_name\" content=\"ULL - Noticias\" \/>\n<meta property=\"article:publisher\" content=\"https:\/\/www.facebook.com\/universidaddelalaguna\/\" \/>\n<meta property=\"article:published_time\" content=\"2017-12-19T09:32:19+00:00\" \/>\n<meta property=\"article:modified_time\" content=\"2017-12-19T10:34:29+00:00\" \/>\n<meta property=\"og:image\" content=\"https:\/\/www.ull.es\/portal\/noticias\/wp-content\/uploads\/sites\/13\/2017\/12\/educacion-primaria-1.jpg\" \/>\n\t<meta property=\"og:image:width\" content=\"1400\" \/>\n\t<meta property=\"og:image:height\" content=\"1200\" \/>\n\t<meta property=\"og:image:type\" content=\"image\/jpeg\" \/>\n<meta name=\"author\" content=\"gaprsa\" \/>\n<meta name=\"twitter:card\" content=\"summary_large_image\" \/>\n<meta name=\"twitter:creator\" content=\"@CanalULL\" \/>\n<meta name=\"twitter:site\" content=\"@CanalULL\" \/>\n<meta name=\"twitter:label1\" content=\"Escrito por\" \/>\n\t<meta name=\"twitter:data1\" content=\"gaprsa\" \/>\n\t<meta name=\"twitter:label2\" content=\"Tiempo de lectura\" \/>\n\t<meta name=\"twitter:data2\" content=\"1 minuto\" \/>\n<script type=\"application\/ld+json\" class=\"yoast-schema-graph\">{\"@context\":\"https:\/\/schema.org\",\"@graph\":[{\"@type\":\"WebPage\",\"@id\":\"https:\/\/www.ull.es\/portal\/noticias\/2017\/alumnado-del-grado-educacion-primaria-la-ull-participa-la-iv-carrera-solidaria-la-laguna\/\",\"url\":\"https:\/\/www.ull.es\/portal\/noticias\/2017\/alumnado-del-grado-educacion-primaria-la-ull-participa-la-iv-carrera-solidaria-la-laguna\/\",\"name\":\"Alumnado del Grado en Educaci\u00f3n Primaria de la ULL participa en la IV Carrera Solidaria de La Laguna - ULL - Noticias\",\"isPartOf\":{\"@id\":\"https:\/\/www.ull.es\/portal\/noticias\/#website\"},\"datePublished\":\"2017-12-19T09:32:19+00:00\",\"dateModified\":\"2017-12-19T10:34:29+00:00\",\"author\":{\"@id\":\"https:\/\/www.ull.es\/portal\/noticias\/#\/schema\/person\/b2b1a89d43ffa609e591f7df8ef3e817\"},\"breadcrumb\":{\"@id\":\"https:\/\/www.ull.es\/portal\/noticias\/2017\/alumnado-del-grado-educacion-primaria-la-ull-participa-la-iv-carrera-solidaria-la-laguna\/#breadcrumb\"},\"inLanguage\":\"es\",\"potentialAction\":[{\"@type\":\"ReadAction\",\"target\":[\"https:\/\/www.ull.es\/portal\/noticias\/2017\/alumnado-del-grado-educacion-primaria-la-ull-participa-la-iv-carrera-solidaria-la-laguna\/\"]}]},{\"@type\":\"BreadcrumbList\",\"@id\":\"https:\/\/www.ull.es\/portal\/noticias\/2017\/alumnado-del-grado-educacion-primaria-la-ull-participa-la-iv-carrera-solidaria-la-laguna\/#breadcrumb\",\"itemListElement\":[{\"@type\":\"ListItem\",\"position\":1,\"name\":\"Portada\",\"item\":\"https:\/\/www.ull.es\/portal\/noticias\/\"},{\"@type\":\"ListItem\",\"position\":2,\"name\":\"Alumnado del Grado en Educaci\u00f3n Primaria de la ULL participa en la IV Carrera Solidaria de La Laguna\"}]},{\"@type\":\"WebSite\",\"@id\":\"https:\/\/www.ull.es\/portal\/noticias\/#website\",\"url\":\"https:\/\/www.ull.es\/portal\/noticias\/\",\"name\":\"ULL - Noticias\",\"description\":\"\",\"potentialAction\":[{\"@type\":\"SearchAction\",\"target\":{\"@type\":\"EntryPoint\",\"urlTemplate\":\"https:\/\/www.ull.es\/portal\/noticias\/?s={search_term_string}\"},\"query-input\":\"required name=search_term_string\"}],\"inLanguage\":\"es\"},{\"@type\":\"Person\",\"@id\":\"https:\/\/www.ull.es\/portal\/noticias\/#\/schema\/person\/b2b1a89d43ffa609e591f7df8ef3e817\",\"name\":\"gaprsa\",\"image\":{\"@type\":\"ImageObject\",\"inLanguage\":\"es\",\"@id\":\"https:\/\/www.ull.es\/portal\/noticias\/#\/schema\/person\/image\/\",\"url\":\"https:\/\/secure.gravatar.com\/avatar\/443820550921091458b4823867723b3d?s=96&d=mm&r=g\",\"contentUrl\":\"https:\/\/secure.gravatar.com\/avatar\/443820550921091458b4823867723b3d?s=96&d=mm&r=g\",\"caption\":\"gaprsa\"},\"url\":\"https:\/\/www.ull.es\/portal\/noticias\/author\/gaprsa\/\"}]}<\/script>\n<!-- \/ Yoast SEO plugin. -->","yoast_head_json":{"title":"Alumnado del Grado en Educaci\u00f3n Primaria de la ULL participa en la IV Carrera Solidaria de La Laguna - ULL - Noticias","robots":{"index":"index","follow":"follow","max-snippet":"max-snippet:-1","max-image-preview":"max-image-preview:large","max-video-preview":"max-video-preview:-1"},"canonical":"https:\/\/www.ull.es\/portal\/noticias\/2017\/alumnado-del-grado-educacion-primaria-la-ull-participa-la-iv-carrera-solidaria-la-laguna\/","og_locale":"es_ES","og_type":"article","og_title":"Alumnado del Grado en Educaci\u00f3n Primaria de la ULL participa en la IV Carrera Solidaria de La Laguna - ULL - Noticias","og_description":"Hace escasos d\u00edas tuvo lugar la IV Carrera Solidaria \u00abLa Educaci\u00f3n F\u00edsica se mueve en La Laguna\u00bb, que este a\u00f1o...","og_url":"https:\/\/www.ull.es\/portal\/noticias\/2017\/alumnado-del-grado-educacion-primaria-la-ull-participa-la-iv-carrera-solidaria-la-laguna\/","og_site_name":"ULL - Noticias","article_publisher":"https:\/\/www.facebook.com\/universidaddelalaguna\/","article_published_time":"2017-12-19T09:32:19+00:00","article_modified_time":"2017-12-19T10:34:29+00:00","og_image":[{"width":1400,"height":1200,"url":"https:\/\/www.ull.es\/portal\/noticias\/wp-content\/uploads\/sites\/13\/2017\/12\/educacion-primaria-1.jpg","type":"image\/jpeg"}],"author":"gaprsa","twitter_card":"summary_large_image","twitter_creator":"@CanalULL","twitter_site":"@CanalULL","twitter_misc":{"Escrito por":"gaprsa","Tiempo de lectura":"1 minuto"},"schema":{"@context":"https:\/\/schema.org","@graph":[{"@type":"WebPage","@id":"https:\/\/www.ull.es\/portal\/noticias\/2017\/alumnado-del-grado-educacion-primaria-la-ull-participa-la-iv-carrera-solidaria-la-laguna\/","url":"https:\/\/www.ull.es\/portal\/noticias\/2017\/alumnado-del-grado-educacion-primaria-la-ull-participa-la-iv-carrera-solidaria-la-laguna\/","name":"Alumnado del Grado en Educaci\u00f3n Primaria de la ULL participa en la IV Carrera Solidaria de La Laguna - ULL - Noticias","isPartOf":{"@id":"https:\/\/www.ull.es\/portal\/noticias\/#website"},"datePublished":"2017-12-19T09:32:19+00:00","dateModified":"2017-12-19T10:34:29+00:00","author":{"@id":"https:\/\/www.ull.es\/portal\/noticias\/#\/schema\/person\/b2b1a89d43ffa609e591f7df8ef3e817"},"breadcrumb":{"@id":"https:\/\/www.ull.es\/portal\/noticias\/2017\/alumnado-del-grado-educacion-primaria-la-ull-participa-la-iv-carrera-solidaria-la-laguna\/#breadcrumb"},"inLanguage":"es","potentialAction":[{"@type":"ReadAction","target":["https:\/\/www.ull.es\/portal\/noticias\/2017\/alumnado-del-grado-educacion-primaria-la-ull-participa-la-iv-carrera-solidaria-la-laguna\/"]}]},{"@type":"BreadcrumbList","@id":"https:\/\/www.ull.es\/portal\/noticias\/2017\/alumnado-del-grado-educacion-primaria-la-ull-participa-la-iv-carrera-solidaria-la-laguna\/#breadcrumb","itemListElement":[{"@type":"ListItem","position":1,"name":"Portada","item":"https:\/\/www.ull.es\/portal\/noticias\/"},{"@type":"ListItem","position":2,"name":"Alumnado del Grado en Educaci\u00f3n Primaria de la ULL participa en la IV Carrera Solidaria de La Laguna"}]},{"@type":"WebSite","@id":"https:\/\/www.ull.es\/portal\/noticias\/#website","url":"https:\/\/www.ull.es\/portal\/noticias\/","name":"ULL - Noticias","description":"","potentialAction":[{"@type":"SearchAction","target":{"@type":"EntryPoint","urlTemplate":"https:\/\/www.ull.es\/portal\/noticias\/?s={search_term_string}"},"query-input":"required name=search_term_string"}],"inLanguage":"es"},{"@type":"Person","@id":"https:\/\/www.ull.es\/portal\/noticias\/#\/schema\/person\/b2b1a89d43ffa609e591f7df8ef3e817","name":"gaprsa","image":{"@type":"ImageObject","inLanguage":"es","@id":"https:\/\/www.ull.es\/portal\/noticias\/#\/schema\/person\/image\/","url":"https:\/\/secure.gravatar.com\/avatar\/443820550921091458b4823867723b3d?s=96&d=mm&r=g","contentUrl":"https:\/\/secure.gravatar.com\/avatar\/443820550921091458b4823867723b3d?s=96&d=mm&r=g","caption":"gaprsa"},"url":"https:\/\/www.ull.es\/portal\/noticias\/author\/gaprsa\/"}]}},"primary_category":{"id":343,"name":"Alumnado","slug":"alumnado","link":"https:\/\/www.ull.es\/portal\/noticias\/category\/alumnado\/"},"featured_image_thumbnail_url":"https:\/\/www.ull.es\/portal\/noticias\/wp-content\/uploads\/sites\/13\/2017\/12\/educacion-primaria-1-300x257.jpg","_links":{"self":[{"href":"https:\/\/www.ull.es\/portal\/noticias\/wp-json\/wp\/v2\/posts\/34444"}],"collection":[{"href":"https:\/\/www.ull.es\/portal\/noticias\/wp-json\/wp\/v2\/posts"}],"about":[{"href":"https:\/\/www.ull.es\/portal\/noticias\/wp-json\/wp\/v2\/types\/post"}],"author":[{"embeddable":true,"href":"https:\/\/www.ull.es\/portal\/noticias\/wp-json\/wp\/v2\/users\/23"}],"replies":[{"embeddable":true,"href":"https:\/\/www.ull.es\/portal\/noticias\/wp-json\/wp\/v2\/comments?post=34444"}],"version-history":[{"count":1,"href":"https:\/\/www.ull.es\/portal\/noticias\/wp-json\/wp\/v2\/posts\/34444\/revisions"}],"predecessor-version":[{"id":34445,"href":"https:\/\/www.ull.es\/portal\/noticias\/wp-json\/wp\/v2\/posts\/34444\/revisions\/34445"}],"wp:featuredmedia":[{"embeddable":true,"href":"https:\/\/www.ull.es\/portal\/noticias\/wp-json\/wp\/v2\/media\/34450"}],"wp:attachment":[{"href":"https:\/\/www.ull.es\/portal\/noticias\/wp-json\/wp\/v2\/media?parent=34444"}],"wp:term":[{"taxonomy":"category","embeddable":true,"href":"https:\/\/www.ull.es\/portal\/noticias\/wp-json\/wp\/v2\/categories?post=34444"},{"taxonomy":"post_tag","embeddable":true,"href":"https:\/\/www.ull.es\/portal\/noticias\/wp-json\/wp\/v2\/tags?post=34444"}],"curies":[{"name":"wp","href":"https:\/\/api.w.org\/{rel}","templated":true}]}}