{"id":34492,"date":"2017-12-20T15:36:51","date_gmt":"2017-12-20T15:36:51","guid":{"rendered":"https:\/\/www.ull.es\/portal\/noticias\/?p=34492"},"modified":"2017-12-21T07:29:19","modified_gmt":"2017-12-21T07:29:19","slug":"la-universidad-la-laguna-da-la-bienvenida-al-personal-administracion-servicios-ha-superado-las-pruebas-oposicion-la-escala-tecnica-gestion-sistema-promocion-interna","status":"publish","type":"post","link":"https:\/\/www.ull.es\/portal\/noticias\/2017\/la-universidad-la-laguna-da-la-bienvenida-al-personal-administracion-servicios-ha-superado-las-pruebas-oposicion-la-escala-tecnica-gestion-sistema-promocion-interna\/","title":{"rendered":"La ULL da la bienvenida al PAS que ha accedido a la escala de gesti\u00f3n por el sistema de promoci\u00f3n interna"},"content":{"rendered":"<p>La Universidad de La Laguna ha celebrado hoy mi\u00e9rcoles 20 de diciembre un acto de reconocimiento al personal de administraci\u00f3n y servicios que ha promocionado a las escalas de gesti\u00f3n A1 y A2, mediante el procedimiento de promoci\u00f3n interna. Se trata de un conjunto de funcionarios que ocupar\u00e1n a partir de este mes plazas de alto nivel dedicadas a la gesti\u00f3n de facultades, centros y servicios en los \u00e1mbitos de la investigaci\u00f3n, la planificaci\u00f3n acad\u00e9mica, la movilidad internacional y la contrataci\u00f3n p\u00fablica, entre otros destinos.<\/p>\n<p>El rector de la Universidad de La Laguna, Antonio Martin\u00f3n, y la gerente de la ULL, Lidia Patricia Pereira, felicitaron a los funcionarios promocionados por su esfuerzo y dedicaci\u00f3n no solo en su labor diaria sino en el estudio de unas exigentes pruebas de selecci\u00f3n. \u00abSi para ustedes es importante acceder a estos puestos, para la universidad lo es m\u00e1s porque supone cualificar la gesti\u00f3n administrativa\u00bb.<\/p>\n<p>La gerente, por su parte, indic\u00f3 que se continuar\u00e1n desarrollando convocatorias de promoci\u00f3n interna porque se necesita adecuar la estructura de la instituci\u00f3n con un mayor peso de t\u00e9cnicos cualificados, a la vez que en el contexto actual las tareas m\u00e1s rutinarias, en mayor medida, se apoyan en los sistemas de procesos de informaci\u00f3n. Asimismo, adelant\u00f3 que la Oferta de Empleo P\u00fablico (OPE), aprobada este a\u00f1o, permitir\u00e1 que en pr\u00f3ximo ejercicio se desarrollen nuevas convocatorias, y en concreto, de promoci\u00f3n interna para la escala de gesti\u00f3n subgrupo A2.<\/p>\n<p>A continuaci\u00f3n, la relaci\u00f3n de personas agasajadas en el d\u00eda de hoy son:<\/p>\n<p><strong>Grupo A (subgrupo A1) Escala de T\u00e9cnicos de Gesti\u00f3n<\/strong><\/p>\n<p>Isabel Zamora Fern\u00e1ndez = Jefa de Servicio de Planificaci\u00f3n de Gesti\u00f3n Acad\u00e9mica<\/p>\n<p><strong>Grupo A (subgrupo A2) Escala de Gesti\u00f3n<\/strong><\/p>\n<p>Nayra de Mart\u00edn Rivero = Jefa de Secci\u00f3n de Gesti\u00f3n de la Investigaci\u00f3n<\/p>\n<p>Iluminada Palao Gonz\u00e1lez = Jefa de Secci\u00f3n de Contrataci\u00f3n<\/p>\n<p>C\u00e9sar Enrique Salazar Jorge = Jefe de Secci\u00f3n de Gesti\u00f3n Acad\u00e9mica<\/p>\n<p>F\u00e9lix Antonio G\u00f3mez Alonso = Administrador de la Facultad de Derecho<\/p>\n<p>Ana Mar\u00eda Concepci\u00f3n S\u00e1nchez = Administradora de la Escuela Superior de Ingenier\u00eda y Tecnolog\u00eda<\/p>\n<p>Mar\u00eda Sonia Calvo Gonz\u00e1lez = Jefa de Secci\u00f3n de la Oficina de Relaciones Internacionales<\/p>\n<p>M\u00f3nica Esther Flores Felipe = Administradora de la Escuela Polit\u00e9cnica Superior de Ingenier\u00eda<\/p>\n<p>Teodora Conde Galiano = Administradora de la Facultad de Educaci\u00f3n<\/p>\n<p>Tania Espinosa Ben\u00edtez = Administradora de la Escuela de Doctorado y Posgrados Oficiales<\/p>\n<p>Mar\u00eda de la Cruz Brito Barroso = Administradora de la Facultad de Ciencias de la Salud<\/p>\n<p>Alfredo Bento Afonso = Administrador de la Facultad de Ciencias<\/p>\n<p>Mar\u00eda Isabel Gonz\u00e1lez D\u00edaz = Administradora de la Facultad de Econom\u00eda, Empresa y Turismo<\/p>\n","protected":false},"excerpt":{"rendered":"<p>La Universidad de La Laguna ha celebrado hoy mi\u00e9rcoles 20 de diciembre un acto de reconocimiento al personal de administraci\u00f3n&#8230;<\/p>\n","protected":false},"author":20,"featured_media":34495,"comment_status":"closed","ping_status":"closed","sticky":false,"template":"","format":"standard","meta":{"inline_featured_image":false,"footnotes":""},"categories":[345,348,2755,2765],"tags":[3806,2057,3807,2527,2560],"acf":[],"yoast_head":"<!-- This site is optimized with the Yoast SEO plugin v21.3 - https:\/\/yoast.com\/wordpress\/plugins\/seo\/ -->\n<title>La ULL da la bienvenida al PAS que ha accedido a la escala de gesti\u00f3n<\/title>\n<meta name=\"description\" content=\"La ULL da la bienvenida al PAS que ha accedido a la escala de gesti\u00f3n por el sistema de promoci\u00f3n interna en un acto celebrado en el Rectorado\" \/>\n<meta name=\"robots\" content=\"index, follow, max-snippet:-1, max-image-preview:large, max-video-preview:-1\" \/>\n<link rel=\"canonical\" href=\"https:\/\/www.ull.es\/portal\/noticias\/2017\/la-universidad-la-laguna-da-la-bienvenida-al-personal-administracion-servicios-ha-superado-las-pruebas-oposicion-la-escala-tecnica-gestion-sistema-promocion-interna\/\" \/>\n<meta property=\"og:locale\" content=\"es_ES\" \/>\n<meta property=\"og:type\" content=\"article\" \/>\n<meta property=\"og:title\" content=\"La ULL da la bienvenida al PAS que ha accedido a la escala de gesti\u00f3n\" \/>\n<meta property=\"og:description\" content=\"La ULL da la bienvenida al PAS que ha accedido a la escala de gesti\u00f3n por el sistema de promoci\u00f3n interna en un acto celebrado en el Rectorado\" \/>\n<meta property=\"og:url\" content=\"https:\/\/www.ull.es\/portal\/noticias\/2017\/la-universidad-la-laguna-da-la-bienvenida-al-personal-administracion-servicios-ha-superado-las-pruebas-oposicion-la-escala-tecnica-gestion-sistema-promocion-interna\/\" \/>\n<meta property=\"og:site_name\" content=\"ULL - Noticias\" \/>\n<meta property=\"article:publisher\" content=\"https:\/\/www.facebook.com\/universidaddelalaguna\/\" \/>\n<meta property=\"article:published_time\" content=\"2017-12-20T15:36:51+00:00\" \/>\n<meta property=\"article:modified_time\" content=\"2017-12-21T07:29:19+00:00\" \/>\n<meta property=\"og:image\" content=\"https:\/\/www.ull.es\/portal\/noticias\/wp-content\/uploads\/sites\/13\/2017\/12\/gruposa1a2.jpg\" \/>\n\t<meta property=\"og:image:width\" content=\"1024\" \/>\n\t<meta property=\"og:image:height\" content=\"683\" \/>\n\t<meta property=\"og:image:type\" content=\"image\/jpeg\" \/>\n<meta name=\"author\" content=\"prensa1\" \/>\n<meta name=\"twitter:card\" content=\"summary_large_image\" \/>\n<meta name=\"twitter:creator\" content=\"@CanalULL\" \/>\n<meta name=\"twitter:site\" content=\"@CanalULL\" \/>\n<meta name=\"twitter:label1\" content=\"Escrito por\" \/>\n\t<meta name=\"twitter:data1\" content=\"prensa1\" \/>\n\t<meta name=\"twitter:label2\" content=\"Tiempo de lectura\" \/>\n\t<meta name=\"twitter:data2\" content=\"2 minutos\" \/>\n<script type=\"application\/ld+json\" class=\"yoast-schema-graph\">{\"@context\":\"https:\/\/schema.org\",\"@graph\":[{\"@type\":\"WebPage\",\"@id\":\"https:\/\/www.ull.es\/portal\/noticias\/2017\/la-universidad-la-laguna-da-la-bienvenida-al-personal-administracion-servicios-ha-superado-las-pruebas-oposicion-la-escala-tecnica-gestion-sistema-promocion-interna\/\",\"url\":\"https:\/\/www.ull.es\/portal\/noticias\/2017\/la-universidad-la-laguna-da-la-bienvenida-al-personal-administracion-servicios-ha-superado-las-pruebas-oposicion-la-escala-tecnica-gestion-sistema-promocion-interna\/\",\"name\":\"La ULL da la bienvenida al PAS que ha accedido a la escala de gesti\u00f3n\",\"isPartOf\":{\"@id\":\"https:\/\/www.ull.es\/portal\/noticias\/#website\"},\"datePublished\":\"2017-12-20T15:36:51+00:00\",\"dateModified\":\"2017-12-21T07:29:19+00:00\",\"author\":{\"@id\":\"https:\/\/www.ull.es\/portal\/noticias\/#\/schema\/person\/ea9b721b26bc001d9f8820a760100f96\"},\"description\":\"La ULL da la bienvenida al PAS que ha accedido a la escala de gesti\u00f3n por el sistema de promoci\u00f3n interna en un acto celebrado en el Rectorado\",\"breadcrumb\":{\"@id\":\"https:\/\/www.ull.es\/portal\/noticias\/2017\/la-universidad-la-laguna-da-la-bienvenida-al-personal-administracion-servicios-ha-superado-las-pruebas-oposicion-la-escala-tecnica-gestion-sistema-promocion-interna\/#breadcrumb\"},\"inLanguage\":\"es\",\"potentialAction\":[{\"@type\":\"ReadAction\",\"target\":[\"https:\/\/www.ull.es\/portal\/noticias\/2017\/la-universidad-la-laguna-da-la-bienvenida-al-personal-administracion-servicios-ha-superado-las-pruebas-oposicion-la-escala-tecnica-gestion-sistema-promocion-interna\/\"]}]},{\"@type\":\"BreadcrumbList\",\"@id\":\"https:\/\/www.ull.es\/portal\/noticias\/2017\/la-universidad-la-laguna-da-la-bienvenida-al-personal-administracion-servicios-ha-superado-las-pruebas-oposicion-la-escala-tecnica-gestion-sistema-promocion-interna\/#breadcrumb\",\"itemListElement\":[{\"@type\":\"ListItem\",\"position\":1,\"name\":\"Portada\",\"item\":\"https:\/\/www.ull.es\/portal\/noticias\/\"},{\"@type\":\"ListItem\",\"position\":2,\"name\":\"La ULL da la bienvenida al PAS que ha accedido a la escala de gesti\u00f3n por el sistema de promoci\u00f3n interna\"}]},{\"@type\":\"WebSite\",\"@id\":\"https:\/\/www.ull.es\/portal\/noticias\/#website\",\"url\":\"https:\/\/www.ull.es\/portal\/noticias\/\",\"name\":\"ULL - Noticias\",\"description\":\"\",\"potentialAction\":[{\"@type\":\"SearchAction\",\"target\":{\"@type\":\"EntryPoint\",\"urlTemplate\":\"https:\/\/www.ull.es\/portal\/noticias\/?s={search_term_string}\"},\"query-input\":\"required name=search_term_string\"}],\"inLanguage\":\"es\"},{\"@type\":\"Person\",\"@id\":\"https:\/\/www.ull.es\/portal\/noticias\/#\/schema\/person\/ea9b721b26bc001d9f8820a760100f96\",\"name\":\"prensa1\",\"image\":{\"@type\":\"ImageObject\",\"inLanguage\":\"es\",\"@id\":\"https:\/\/www.ull.es\/portal\/noticias\/#\/schema\/person\/image\/\",\"url\":\"https:\/\/secure.gravatar.com\/avatar\/94b9dcabd35142d3e94c7343cd1c6ca0?s=96&d=mm&r=g\",\"contentUrl\":\"https:\/\/secure.gravatar.com\/avatar\/94b9dcabd35142d3e94c7343cd1c6ca0?s=96&d=mm&r=g\",\"caption\":\"prensa1\"},\"url\":\"https:\/\/www.ull.es\/portal\/noticias\/author\/prensa1\/\"}]}<\/script>\n<!-- \/ Yoast SEO plugin. -->","yoast_head_json":{"title":"La ULL da la bienvenida al PAS que ha accedido a la escala de gesti\u00f3n","description":"La ULL da la bienvenida al PAS que ha accedido a la escala de gesti\u00f3n por el sistema de promoci\u00f3n interna en un acto celebrado en el Rectorado","robots":{"index":"index","follow":"follow","max-snippet":"max-snippet:-1","max-image-preview":"max-image-preview:large","max-video-preview":"max-video-preview:-1"},"canonical":"https:\/\/www.ull.es\/portal\/noticias\/2017\/la-universidad-la-laguna-da-la-bienvenida-al-personal-administracion-servicios-ha-superado-las-pruebas-oposicion-la-escala-tecnica-gestion-sistema-promocion-interna\/","og_locale":"es_ES","og_type":"article","og_title":"La ULL da la bienvenida al PAS que ha accedido a la escala de gesti\u00f3n","og_description":"La ULL da la bienvenida al PAS que ha accedido a la escala de gesti\u00f3n por el sistema de promoci\u00f3n interna en un acto celebrado en el Rectorado","og_url":"https:\/\/www.ull.es\/portal\/noticias\/2017\/la-universidad-la-laguna-da-la-bienvenida-al-personal-administracion-servicios-ha-superado-las-pruebas-oposicion-la-escala-tecnica-gestion-sistema-promocion-interna\/","og_site_name":"ULL - Noticias","article_publisher":"https:\/\/www.facebook.com\/universidaddelalaguna\/","article_published_time":"2017-12-20T15:36:51+00:00","article_modified_time":"2017-12-21T07:29:19+00:00","og_image":[{"width":1024,"height":683,"url":"https:\/\/www.ull.es\/portal\/noticias\/wp-content\/uploads\/sites\/13\/2017\/12\/gruposa1a2.jpg","type":"image\/jpeg"}],"author":"prensa1","twitter_card":"summary_large_image","twitter_creator":"@CanalULL","twitter_site":"@CanalULL","twitter_misc":{"Escrito por":"prensa1","Tiempo de lectura":"2 minutos"},"schema":{"@context":"https:\/\/schema.org","@graph":[{"@type":"WebPage","@id":"https:\/\/www.ull.es\/portal\/noticias\/2017\/la-universidad-la-laguna-da-la-bienvenida-al-personal-administracion-servicios-ha-superado-las-pruebas-oposicion-la-escala-tecnica-gestion-sistema-promocion-interna\/","url":"https:\/\/www.ull.es\/portal\/noticias\/2017\/la-universidad-la-laguna-da-la-bienvenida-al-personal-administracion-servicios-ha-superado-las-pruebas-oposicion-la-escala-tecnica-gestion-sistema-promocion-interna\/","name":"La ULL da la bienvenida al PAS que ha accedido a la escala de gesti\u00f3n","isPartOf":{"@id":"https:\/\/www.ull.es\/portal\/noticias\/#website"},"datePublished":"2017-12-20T15:36:51+00:00","dateModified":"2017-12-21T07:29:19+00:00","author":{"@id":"https:\/\/www.ull.es\/portal\/noticias\/#\/schema\/person\/ea9b721b26bc001d9f8820a760100f96"},"description":"La ULL da la bienvenida al PAS que ha accedido a la escala de gesti\u00f3n por el sistema de promoci\u00f3n interna en un acto celebrado en el Rectorado","breadcrumb":{"@id":"https:\/\/www.ull.es\/portal\/noticias\/2017\/la-universidad-la-laguna-da-la-bienvenida-al-personal-administracion-servicios-ha-superado-las-pruebas-oposicion-la-escala-tecnica-gestion-sistema-promocion-interna\/#breadcrumb"},"inLanguage":"es","potentialAction":[{"@type":"ReadAction","target":["https:\/\/www.ull.es\/portal\/noticias\/2017\/la-universidad-la-laguna-da-la-bienvenida-al-personal-administracion-servicios-ha-superado-las-pruebas-oposicion-la-escala-tecnica-gestion-sistema-promocion-interna\/"]}]},{"@type":"BreadcrumbList","@id":"https:\/\/www.ull.es\/portal\/noticias\/2017\/la-universidad-la-laguna-da-la-bienvenida-al-personal-administracion-servicios-ha-superado-las-pruebas-oposicion-la-escala-tecnica-gestion-sistema-promocion-interna\/#breadcrumb","itemListElement":[{"@type":"ListItem","position":1,"name":"Portada","item":"https:\/\/www.ull.es\/portal\/noticias\/"},{"@type":"ListItem","position":2,"name":"La ULL da la bienvenida al PAS que ha accedido a la escala de gesti\u00f3n por el sistema de promoci\u00f3n interna"}]},{"@type":"WebSite","@id":"https:\/\/www.ull.es\/portal\/noticias\/#website","url":"https:\/\/www.ull.es\/portal\/noticias\/","name":"ULL - Noticias","description":"","potentialAction":[{"@type":"SearchAction","target":{"@type":"EntryPoint","urlTemplate":"https:\/\/www.ull.es\/portal\/noticias\/?s={search_term_string}"},"query-input":"required name=search_term_string"}],"inLanguage":"es"},{"@type":"Person","@id":"https:\/\/www.ull.es\/portal\/noticias\/#\/schema\/person\/ea9b721b26bc001d9f8820a760100f96","name":"prensa1","image":{"@type":"ImageObject","inLanguage":"es","@id":"https:\/\/www.ull.es\/portal\/noticias\/#\/schema\/person\/image\/","url":"https:\/\/secure.gravatar.com\/avatar\/94b9dcabd35142d3e94c7343cd1c6ca0?s=96&d=mm&r=g","contentUrl":"https:\/\/secure.gravatar.com\/avatar\/94b9dcabd35142d3e94c7343cd1c6ca0?s=96&d=mm&r=g","caption":"prensa1"},"url":"https:\/\/www.ull.es\/portal\/noticias\/author\/prensa1\/"}]}},"primary_category":{"id":345,"name":"Destacado","slug":"destacado","link":"https:\/\/www.ull.es\/portal\/noticias\/category\/destacado\/"},"featured_image_thumbnail_url":"https:\/\/www.ull.es\/portal\/noticias\/wp-content\/uploads\/sites\/13\/2017\/12\/gruposa1a2-300x200.jpg","_links":{"self":[{"href":"https:\/\/www.ull.es\/portal\/noticias\/wp-json\/wp\/v2\/posts\/34492"}],"collection":[{"href":"https:\/\/www.ull.es\/portal\/noticias\/wp-json\/wp\/v2\/posts"}],"about":[{"href":"https:\/\/www.ull.es\/portal\/noticias\/wp-json\/wp\/v2\/types\/post"}],"author":[{"embeddable":true,"href":"https:\/\/www.ull.es\/portal\/noticias\/wp-json\/wp\/v2\/users\/20"}],"replies":[{"embeddable":true,"href":"https:\/\/www.ull.es\/portal\/noticias\/wp-json\/wp\/v2\/comments?post=34492"}],"version-history":[{"count":4,"href":"https:\/\/www.ull.es\/portal\/noticias\/wp-json\/wp\/v2\/posts\/34492\/revisions"}],"predecessor-version":[{"id":34501,"href":"https:\/\/www.ull.es\/portal\/noticias\/wp-json\/wp\/v2\/posts\/34492\/revisions\/34501"}],"wp:featuredmedia":[{"embeddable":true,"href":"https:\/\/www.ull.es\/portal\/noticias\/wp-json\/wp\/v2\/media\/34495"}],"wp:attachment":[{"href":"https:\/\/www.ull.es\/portal\/noticias\/wp-json\/wp\/v2\/media?parent=34492"}],"wp:term":[{"taxonomy":"category","embeddable":true,"href":"https:\/\/www.ull.es\/portal\/noticias\/wp-json\/wp\/v2\/categories?post=34492"},{"taxonomy":"post_tag","embeddable":true,"href":"https:\/\/www.ull.es\/portal\/noticias\/wp-json\/wp\/v2\/tags?post=34492"}],"curies":[{"name":"wp","href":"https:\/\/api.w.org\/{rel}","templated":true}]}}