{"id":34589,"date":"2017-12-27T14:33:25","date_gmt":"2017-12-27T14:33:25","guid":{"rendered":"https:\/\/www.ull.es\/portal\/noticias\/?p=34589"},"modified":"2017-12-28T14:26:26","modified_gmt":"2017-12-28T14:26:26","slug":"la-universidad-la-laguna-entrega-la-recaudacion-del-concierto-la-ost-tres-ong-luchan-cancer","status":"publish","type":"post","link":"https:\/\/www.ull.es\/portal\/noticias\/2017\/la-universidad-la-laguna-entrega-la-recaudacion-del-concierto-la-ost-tres-ong-luchan-cancer\/","title":{"rendered":"La Universidad de La Laguna entrega la recaudaci\u00f3n del concierto de la OST a tres ONG que luchan contra el c\u00e1ncer"},"content":{"rendered":"<p>La Universidad de La Laguna ha donado recientemente de la recaudaci\u00f3n \u00edntegra del concierto de la Orquesta Sinf\u00f3nica de Tenerife (OST), celebrado en el Paraninfo a comienzos de diciembre, a tres ONG que luchan contra el c\u00e1ncer. As\u00ed, el rector del centro acad\u00e9mico, Antonio Martin\u00f3n, hizo entrega a Peque\u00f1o Valiente, Asociaci\u00f3n Espa\u00f1ola contra el C\u00e1ncer (AECC) y \u00c1mate de tres cheques de 900 euros cada uno.<\/p>\n<p style=\"text-align: center\"><a href=\"https:\/\/drive.google.com\/drive\/folders\/1iWt-c8aTEyRBCCuLRjbkiv7NKpkAk0mE?usp=sharing\" target=\"_blank\" rel=\"noopener\" target=\"_blank\" rel=\"noopener\"><strong>Ver galer\u00eda de im\u00e1genes<\/strong><\/a><\/p>\n<p>En el acto estuvieron presentes los representantes de las asociaciones junto al vicerrector de Relaciones con la Sociedad, Francisco Garc\u00eda, y el director t\u00e9cnico del Patronato Insular de M\u00fasica, Miguel \u00c1ngel Parera.<\/p>\n<p>Martin\u00f3n agradeci\u00f3 al Cabildo Insular de Tenerife el apoyo a esta iniciativa, que se llev\u00f3 a cabo como uno de los actos de cierre del 225 aniversario de la instituci\u00f3n acad\u00e9mica, y de hecho coment\u00f3 que se ha adoptado la pol\u00edtica de estipular un abono de \u00ednfima cantidad monetaria con destino a alguna organizaci\u00f3n con fin social. \u201cEste tipo de solidaridad tambi\u00e9n forma parte de la formaci\u00f3n de los propios estudiantes a la hora de transmitir los valores a la sociedad\u201d.<\/p>\n<p>El vicerrector a\u00f1adi\u00f3 que la selecci\u00f3n de estas ONG se llev\u00f3 a cabo mediante consulta de la base de datos de ULL Solidaria y que as\u00ed se seguir\u00e1 procediendo en pr\u00f3ximas actuaciones.<\/p>\n<p>Por su parte, Parera apunt\u00f3 que la relaci\u00f3n entre la OST y la Universidad de La Laguna es hist\u00f3rica y, adem\u00e1s, record\u00f3 que este centro acad\u00e9mico fue una de las primeras instituciones que acogi\u00f3 a la OST, para luego aseverar que el Paraninfo Universitario cuenta con una \u201cmagn\u00edfica ac\u00fastica\u201d, no en vano por este espacio han pasado las mejores orquestas del mundo, adem\u00e1s de ser un punto de encuentro de cultura, sociedad y solidaridad. \u201cCreo mucho en este tipo de acciones y en su visibilizaci\u00f3n, ya que es la \u00fanica manera de llevar a cabo estas iniciativas\u201d. El responsable a\u00f1adi\u00f3 que en enero la OST y la ULL volver\u00e1n a colaborar con m\u00e1s conciertos en la instituci\u00f3n universitaria, en este caso con un programa dedicado a Vivaldi.<\/p>\n<p>Las tres ONGs agradecieron estas donaciones. El representante de AECC sostuvo que \u201cla cultura, la instituci\u00f3n docente y m\u00fasica hacen un pueblo mejor\u201d. Desde \u00c1mate se\u00f1alaron la enorme satisfacci\u00f3n por esta donaci\u00f3n y desde Peque\u00f1o Valiente agradecieron esta iniciativa, ya que \u201cde un granito de arena se hace una monta\u00f1a\u201d.<\/p>\n<p>&nbsp;<\/p>\n","protected":false},"excerpt":{"rendered":"<p>La Universidad de La Laguna ha donado recientemente de la recaudaci\u00f3n \u00edntegra del concierto de la Orquesta Sinf\u00f3nica de Tenerife&#8230;<\/p>\n","protected":false},"author":20,"featured_media":34592,"comment_status":"closed","ping_status":"closed","sticky":false,"template":"","format":"standard","meta":{"inline_featured_image":false,"footnotes":""},"categories":[345,348,2752,2765],"tags":[701,876,3825,2047,3824,2527,2560],"acf":[],"yoast_head":"<!-- This site is optimized with the Yoast SEO plugin v21.3 - https:\/\/yoast.com\/wordpress\/plugins\/seo\/ -->\n<title>La Universidad de La Laguna entrega la recaudaci\u00f3n del concierto de la OST a tres ONG que luchan contra el c\u00e1ncer<\/title>\n<meta name=\"description\" content=\"La Universidad de La Laguna entrega la recaudaci\u00f3n del concierto de la Orquesta Sinf\u00f3nica de Tenerife a tres ONG que luchan contra el c\u00e1ncer\" \/>\n<meta name=\"robots\" content=\"index, follow, max-snippet:-1, max-image-preview:large, max-video-preview:-1\" \/>\n<link rel=\"canonical\" href=\"https:\/\/www.ull.es\/portal\/noticias\/2017\/la-universidad-la-laguna-entrega-la-recaudacion-del-concierto-la-ost-tres-ong-luchan-cancer\/\" \/>\n<meta property=\"og:locale\" content=\"es_ES\" \/>\n<meta property=\"og:type\" content=\"article\" \/>\n<meta property=\"og:title\" content=\"La Universidad de La Laguna entrega la recaudaci\u00f3n del concierto de la OST a tres ONG que luchan contra el c\u00e1ncer\" \/>\n<meta property=\"og:description\" content=\"La Universidad de La Laguna entrega la recaudaci\u00f3n del concierto de la Orquesta Sinf\u00f3nica de Tenerife a tres ONG que luchan contra el c\u00e1ncer\" \/>\n<meta property=\"og:url\" content=\"https:\/\/www.ull.es\/portal\/noticias\/2017\/la-universidad-la-laguna-entrega-la-recaudacion-del-concierto-la-ost-tres-ong-luchan-cancer\/\" \/>\n<meta property=\"og:site_name\" content=\"ULL - Noticias\" \/>\n<meta property=\"article:publisher\" content=\"https:\/\/www.facebook.com\/universidaddelalaguna\/\" \/>\n<meta property=\"article:published_time\" content=\"2017-12-27T14:33:25+00:00\" \/>\n<meta property=\"article:modified_time\" content=\"2017-12-28T14:26:26+00:00\" \/>\n<meta property=\"og:image\" content=\"https:\/\/www.ull.es\/portal\/noticias\/wp-content\/uploads\/sites\/13\/2017\/12\/grupo2.png\" \/>\n\t<meta property=\"og:image:width\" content=\"1000\" \/>\n\t<meta property=\"og:image:height\" content=\"667\" \/>\n\t<meta property=\"og:image:type\" content=\"image\/png\" \/>\n<meta name=\"author\" content=\"prensa1\" \/>\n<meta name=\"twitter:card\" content=\"summary_large_image\" \/>\n<meta name=\"twitter:creator\" content=\"@CanalULL\" \/>\n<meta name=\"twitter:site\" content=\"@CanalULL\" \/>\n<meta name=\"twitter:label1\" content=\"Escrito por\" \/>\n\t<meta name=\"twitter:data1\" content=\"prensa1\" \/>\n\t<meta name=\"twitter:label2\" content=\"Tiempo de lectura\" \/>\n\t<meta name=\"twitter:data2\" content=\"2 minutos\" \/>\n<script type=\"application\/ld+json\" class=\"yoast-schema-graph\">{\"@context\":\"https:\/\/schema.org\",\"@graph\":[{\"@type\":\"WebPage\",\"@id\":\"https:\/\/www.ull.es\/portal\/noticias\/2017\/la-universidad-la-laguna-entrega-la-recaudacion-del-concierto-la-ost-tres-ong-luchan-cancer\/\",\"url\":\"https:\/\/www.ull.es\/portal\/noticias\/2017\/la-universidad-la-laguna-entrega-la-recaudacion-del-concierto-la-ost-tres-ong-luchan-cancer\/\",\"name\":\"La Universidad de La Laguna entrega la recaudaci\u00f3n del concierto de la OST a tres ONG que luchan contra el c\u00e1ncer\",\"isPartOf\":{\"@id\":\"https:\/\/www.ull.es\/portal\/noticias\/#website\"},\"datePublished\":\"2017-12-27T14:33:25+00:00\",\"dateModified\":\"2017-12-28T14:26:26+00:00\",\"author\":{\"@id\":\"https:\/\/www.ull.es\/portal\/noticias\/#\/schema\/person\/ea9b721b26bc001d9f8820a760100f96\"},\"description\":\"La Universidad de La Laguna entrega la recaudaci\u00f3n del concierto de la Orquesta Sinf\u00f3nica de Tenerife a tres ONG que luchan contra el c\u00e1ncer\",\"breadcrumb\":{\"@id\":\"https:\/\/www.ull.es\/portal\/noticias\/2017\/la-universidad-la-laguna-entrega-la-recaudacion-del-concierto-la-ost-tres-ong-luchan-cancer\/#breadcrumb\"},\"inLanguage\":\"es\",\"potentialAction\":[{\"@type\":\"ReadAction\",\"target\":[\"https:\/\/www.ull.es\/portal\/noticias\/2017\/la-universidad-la-laguna-entrega-la-recaudacion-del-concierto-la-ost-tres-ong-luchan-cancer\/\"]}]},{\"@type\":\"BreadcrumbList\",\"@id\":\"https:\/\/www.ull.es\/portal\/noticias\/2017\/la-universidad-la-laguna-entrega-la-recaudacion-del-concierto-la-ost-tres-ong-luchan-cancer\/#breadcrumb\",\"itemListElement\":[{\"@type\":\"ListItem\",\"position\":1,\"name\":\"Portada\",\"item\":\"https:\/\/www.ull.es\/portal\/noticias\/\"},{\"@type\":\"ListItem\",\"position\":2,\"name\":\"La Universidad de La Laguna entrega la recaudaci\u00f3n del concierto de la OST a tres ONG que luchan contra el c\u00e1ncer\"}]},{\"@type\":\"WebSite\",\"@id\":\"https:\/\/www.ull.es\/portal\/noticias\/#website\",\"url\":\"https:\/\/www.ull.es\/portal\/noticias\/\",\"name\":\"ULL - Noticias\",\"description\":\"\",\"potentialAction\":[{\"@type\":\"SearchAction\",\"target\":{\"@type\":\"EntryPoint\",\"urlTemplate\":\"https:\/\/www.ull.es\/portal\/noticias\/?s={search_term_string}\"},\"query-input\":\"required name=search_term_string\"}],\"inLanguage\":\"es\"},{\"@type\":\"Person\",\"@id\":\"https:\/\/www.ull.es\/portal\/noticias\/#\/schema\/person\/ea9b721b26bc001d9f8820a760100f96\",\"name\":\"prensa1\",\"image\":{\"@type\":\"ImageObject\",\"inLanguage\":\"es\",\"@id\":\"https:\/\/www.ull.es\/portal\/noticias\/#\/schema\/person\/image\/\",\"url\":\"https:\/\/secure.gravatar.com\/avatar\/94b9dcabd35142d3e94c7343cd1c6ca0?s=96&d=mm&r=g\",\"contentUrl\":\"https:\/\/secure.gravatar.com\/avatar\/94b9dcabd35142d3e94c7343cd1c6ca0?s=96&d=mm&r=g\",\"caption\":\"prensa1\"},\"url\":\"https:\/\/www.ull.es\/portal\/noticias\/author\/prensa1\/\"}]}<\/script>\n<!-- \/ Yoast SEO plugin. -->","yoast_head_json":{"title":"La Universidad de La Laguna entrega la recaudaci\u00f3n del concierto de la OST a tres ONG que luchan contra el c\u00e1ncer","description":"La Universidad de La Laguna entrega la recaudaci\u00f3n del concierto de la Orquesta Sinf\u00f3nica de Tenerife a tres ONG que luchan contra el c\u00e1ncer","robots":{"index":"index","follow":"follow","max-snippet":"max-snippet:-1","max-image-preview":"max-image-preview:large","max-video-preview":"max-video-preview:-1"},"canonical":"https:\/\/www.ull.es\/portal\/noticias\/2017\/la-universidad-la-laguna-entrega-la-recaudacion-del-concierto-la-ost-tres-ong-luchan-cancer\/","og_locale":"es_ES","og_type":"article","og_title":"La Universidad de La Laguna entrega la recaudaci\u00f3n del concierto de la OST a tres ONG que luchan contra el c\u00e1ncer","og_description":"La Universidad de La Laguna entrega la recaudaci\u00f3n del concierto de la Orquesta Sinf\u00f3nica de Tenerife a tres ONG que luchan contra el c\u00e1ncer","og_url":"https:\/\/www.ull.es\/portal\/noticias\/2017\/la-universidad-la-laguna-entrega-la-recaudacion-del-concierto-la-ost-tres-ong-luchan-cancer\/","og_site_name":"ULL - Noticias","article_publisher":"https:\/\/www.facebook.com\/universidaddelalaguna\/","article_published_time":"2017-12-27T14:33:25+00:00","article_modified_time":"2017-12-28T14:26:26+00:00","og_image":[{"width":1000,"height":667,"url":"https:\/\/www.ull.es\/portal\/noticias\/wp-content\/uploads\/sites\/13\/2017\/12\/grupo2.png","type":"image\/png"}],"author":"prensa1","twitter_card":"summary_large_image","twitter_creator":"@CanalULL","twitter_site":"@CanalULL","twitter_misc":{"Escrito por":"prensa1","Tiempo de lectura":"2 minutos"},"schema":{"@context":"https:\/\/schema.org","@graph":[{"@type":"WebPage","@id":"https:\/\/www.ull.es\/portal\/noticias\/2017\/la-universidad-la-laguna-entrega-la-recaudacion-del-concierto-la-ost-tres-ong-luchan-cancer\/","url":"https:\/\/www.ull.es\/portal\/noticias\/2017\/la-universidad-la-laguna-entrega-la-recaudacion-del-concierto-la-ost-tres-ong-luchan-cancer\/","name":"La Universidad de La Laguna entrega la recaudaci\u00f3n del concierto de la OST a tres ONG que luchan contra el c\u00e1ncer","isPartOf":{"@id":"https:\/\/www.ull.es\/portal\/noticias\/#website"},"datePublished":"2017-12-27T14:33:25+00:00","dateModified":"2017-12-28T14:26:26+00:00","author":{"@id":"https:\/\/www.ull.es\/portal\/noticias\/#\/schema\/person\/ea9b721b26bc001d9f8820a760100f96"},"description":"La Universidad de La Laguna entrega la recaudaci\u00f3n del concierto de la Orquesta Sinf\u00f3nica de Tenerife a tres ONG que luchan contra el c\u00e1ncer","breadcrumb":{"@id":"https:\/\/www.ull.es\/portal\/noticias\/2017\/la-universidad-la-laguna-entrega-la-recaudacion-del-concierto-la-ost-tres-ong-luchan-cancer\/#breadcrumb"},"inLanguage":"es","potentialAction":[{"@type":"ReadAction","target":["https:\/\/www.ull.es\/portal\/noticias\/2017\/la-universidad-la-laguna-entrega-la-recaudacion-del-concierto-la-ost-tres-ong-luchan-cancer\/"]}]},{"@type":"BreadcrumbList","@id":"https:\/\/www.ull.es\/portal\/noticias\/2017\/la-universidad-la-laguna-entrega-la-recaudacion-del-concierto-la-ost-tres-ong-luchan-cancer\/#breadcrumb","itemListElement":[{"@type":"ListItem","position":1,"name":"Portada","item":"https:\/\/www.ull.es\/portal\/noticias\/"},{"@type":"ListItem","position":2,"name":"La Universidad de La Laguna entrega la recaudaci\u00f3n del concierto de la OST a tres ONG que luchan contra el c\u00e1ncer"}]},{"@type":"WebSite","@id":"https:\/\/www.ull.es\/portal\/noticias\/#website","url":"https:\/\/www.ull.es\/portal\/noticias\/","name":"ULL - Noticias","description":"","potentialAction":[{"@type":"SearchAction","target":{"@type":"EntryPoint","urlTemplate":"https:\/\/www.ull.es\/portal\/noticias\/?s={search_term_string}"},"query-input":"required name=search_term_string"}],"inLanguage":"es"},{"@type":"Person","@id":"https:\/\/www.ull.es\/portal\/noticias\/#\/schema\/person\/ea9b721b26bc001d9f8820a760100f96","name":"prensa1","image":{"@type":"ImageObject","inLanguage":"es","@id":"https:\/\/www.ull.es\/portal\/noticias\/#\/schema\/person\/image\/","url":"https:\/\/secure.gravatar.com\/avatar\/94b9dcabd35142d3e94c7343cd1c6ca0?s=96&d=mm&r=g","contentUrl":"https:\/\/secure.gravatar.com\/avatar\/94b9dcabd35142d3e94c7343cd1c6ca0?s=96&d=mm&r=g","caption":"prensa1"},"url":"https:\/\/www.ull.es\/portal\/noticias\/author\/prensa1\/"}]}},"primary_category":{"id":345,"name":"Destacado","slug":"destacado","link":"https:\/\/www.ull.es\/portal\/noticias\/category\/destacado\/"},"featured_image_thumbnail_url":"https:\/\/www.ull.es\/portal\/noticias\/wp-content\/uploads\/sites\/13\/2017\/12\/grupo2-300x200.png","_links":{"self":[{"href":"https:\/\/www.ull.es\/portal\/noticias\/wp-json\/wp\/v2\/posts\/34589"}],"collection":[{"href":"https:\/\/www.ull.es\/portal\/noticias\/wp-json\/wp\/v2\/posts"}],"about":[{"href":"https:\/\/www.ull.es\/portal\/noticias\/wp-json\/wp\/v2\/types\/post"}],"author":[{"embeddable":true,"href":"https:\/\/www.ull.es\/portal\/noticias\/wp-json\/wp\/v2\/users\/20"}],"replies":[{"embeddable":true,"href":"https:\/\/www.ull.es\/portal\/noticias\/wp-json\/wp\/v2\/comments?post=34589"}],"version-history":[{"count":3,"href":"https:\/\/www.ull.es\/portal\/noticias\/wp-json\/wp\/v2\/posts\/34589\/revisions"}],"predecessor-version":[{"id":34634,"href":"https:\/\/www.ull.es\/portal\/noticias\/wp-json\/wp\/v2\/posts\/34589\/revisions\/34634"}],"wp:featuredmedia":[{"embeddable":true,"href":"https:\/\/www.ull.es\/portal\/noticias\/wp-json\/wp\/v2\/media\/34592"}],"wp:attachment":[{"href":"https:\/\/www.ull.es\/portal\/noticias\/wp-json\/wp\/v2\/media?parent=34589"}],"wp:term":[{"taxonomy":"category","embeddable":true,"href":"https:\/\/www.ull.es\/portal\/noticias\/wp-json\/wp\/v2\/categories?post=34589"},{"taxonomy":"post_tag","embeddable":true,"href":"https:\/\/www.ull.es\/portal\/noticias\/wp-json\/wp\/v2\/tags?post=34589"}],"curies":[{"name":"wp","href":"https:\/\/api.w.org\/{rel}","templated":true}]}}