{"id":34594,"date":"2017-12-27T14:53:04","date_gmt":"2017-12-27T14:53:04","guid":{"rendered":"https:\/\/www.ull.es\/portal\/noticias\/?p=34594"},"modified":"2017-12-27T14:53:04","modified_gmt":"2017-12-27T14:53:04","slug":"mas-1500-ninas-ninos-ya-aprenden-se-divierten-las-cooperativas-escolares-tenerife","status":"publish","type":"post","link":"https:\/\/www.ull.es\/portal\/noticias\/2017\/mas-1500-ninas-ninos-ya-aprenden-se-divierten-las-cooperativas-escolares-tenerife\/","title":{"rendered":"M\u00e1s de 1500 ni\u00f1as y ni\u00f1os ya aprenden y se divierten con las cooperativas escolares en Tenerife"},"content":{"rendered":"<p>La octava edici\u00f3n del proyecto Ense\u00f1ar para Emprender (EPE) cierra el a\u00f1o con 68 cooperativas escolares creadas en el periodo de septiembre a diciembre. Es un programa educativo dirigido especialmente al alumnado de Educaci\u00f3n Infantil, Educaci\u00f3n Primaria y Educaci\u00f3n Especial. Hasta el momento, para este curso, participan 41 centros, con 1527 ni\u00f1os y ni\u00f1as, supervisados por 96 docentes.<\/p>\n<p>El objetivo es que el alumnado pueda aprender durante el curso escolar los distintos pasos que forma la configuraci\u00f3n de un negocio e impulsar su iniciativa emprendedora. El programa simula la creaci\u00f3n y gesti\u00f3n de una cooperativa con la que fabrican distintos productos y los venden en la feria de car\u00e1cter anual. La din\u00e1mica est\u00e1 enfocada en el aprendizaje basado en proyectos, con el fin de aportar valores como el del trabajo cooperativo, el compa\u00f1erismo, la responsabilidad, la solidaridad o la superaci\u00f3n personal.<\/p>\n<p>La gran mayor\u00eda del estudiantado participante ya han elegido con qu\u00e9 productos se pondr\u00e1 manos a la obra, ya sean llaveros, botes, libretas, productos de huerto ecol\u00f3gico, jarrones, portam\u00f3viles, entre otros. Aparte, se est\u00e1 procediendo a la gesti\u00f3n de la constituci\u00f3n de las cooperativas lo que supone el establecimiento de los cargos de presidencia, tesorer\u00eda y secretar\u00eda del consejo gestor. Se suma al dise\u00f1o del nombre y logotipo de las mismas, adem\u00e1s del establecimiento del capital social o capital inicial que pondr\u00e1 el alumnado.<\/p>\n<p>En cuanto a las acciones desarrolladas hasta el momento en esta octava edici\u00f3n, en octubre se celebr\u00f3 una reuni\u00f3n informativa dirigida al profesorado y durante los meses de noviembre y diciembre tuvo lugar un taller denominado EPE \u00a0Creativo, donde muchos participantes pudieron trabajar el pensamiento creativo y las t\u00e9cnicas de fabricaci\u00f3n de productos mediante el uso de materiales reciclados.<\/p>\n<p>Las actividades del programa continuar\u00e1n en 2018 hasta llegar a las Ferias de Cooperativas Escolares que, previsiblemente, tendr\u00e1n lugar en mayo y que suponen la fecha clave del programa, una jornada l\u00fadica y festiva en que todas las cooperativas mostrar\u00e1n sus productos y podr\u00e1n conocerse entre ellas.<\/p>\n<p>El programa est\u00e1 desarrollado por la Fundaci\u00f3n General de La Laguna en colaboraci\u00f3n con la Consejer\u00eda de Educaci\u00f3n del Gobierno de Canarias. Ha contado con la financiaci\u00f3n independiente de administraciones como el Cabildo Insular de Tenerife y el Ayuntamiento de San Crist\u00f3bal de La Laguna.<\/p>\n<p>&nbsp;<\/p>\n<p>&nbsp;<\/p>\n<p>&nbsp;<\/p>\n","protected":false},"excerpt":{"rendered":"<p>El proyecto Ense\u00f1ar Para Emprender promueve la creaci\u00f3n de Cooperativas Escolares por toda la isla y busca impulsar la cultura del emprendimiento a partir de un personalizado <\/p>\n","protected":false},"author":20,"featured_media":34595,"comment_status":"closed","ping_status":"closed","sticky":false,"template":"","format":"standard","meta":{"inline_featured_image":false,"footnotes":""},"categories":[343,345,348,2765],"tags":[2949,1261,3826,2462,2527,2560],"acf":[],"yoast_head":"<!-- This site is optimized with the Yoast SEO plugin v21.3 - https:\/\/yoast.com\/wordpress\/plugins\/seo\/ -->\n<title>M\u00e1s de 1500 ni\u00f1as y ni\u00f1os ya aprenden y se divierten con las cooperativas escolares en Tenerife - ULL - Noticias<\/title>\n<meta name=\"description\" content=\"M\u00e1s de 1500 ni\u00f1as y ni\u00f1os ya aprenden y se divierten con las cooperativas escolares en Tenerife en la octava edici\u00f3n del proyecto Ense\u00f1ar para Emprender\" \/>\n<meta name=\"robots\" content=\"index, follow, max-snippet:-1, max-image-preview:large, max-video-preview:-1\" \/>\n<link rel=\"canonical\" href=\"https:\/\/www.ull.es\/portal\/noticias\/2017\/mas-1500-ninas-ninos-ya-aprenden-se-divierten-las-cooperativas-escolares-tenerife\/\" \/>\n<meta property=\"og:locale\" content=\"es_ES\" \/>\n<meta property=\"og:type\" content=\"article\" \/>\n<meta property=\"og:title\" content=\"M\u00e1s de 1500 ni\u00f1as y ni\u00f1os ya aprenden y se divierten con las cooperativas escolares en Tenerife - ULL - Noticias\" \/>\n<meta property=\"og:description\" content=\"M\u00e1s de 1500 ni\u00f1as y ni\u00f1os ya aprenden y se divierten con las cooperativas escolares en Tenerife en la octava edici\u00f3n del proyecto Ense\u00f1ar para Emprender\" \/>\n<meta property=\"og:url\" content=\"https:\/\/www.ull.es\/portal\/noticias\/2017\/mas-1500-ninas-ninos-ya-aprenden-se-divierten-las-cooperativas-escolares-tenerife\/\" \/>\n<meta property=\"og:site_name\" content=\"ULL - Noticias\" \/>\n<meta property=\"article:publisher\" content=\"https:\/\/www.facebook.com\/universidaddelalaguna\/\" \/>\n<meta property=\"article:published_time\" content=\"2017-12-27T14:53:04+00:00\" \/>\n<meta property=\"og:image\" content=\"https:\/\/www.ull.es\/portal\/noticias\/wp-content\/uploads\/sites\/13\/2017\/12\/Feria-EPE-La-Laguna.png\" \/>\n\t<meta property=\"og:image:width\" content=\"1000\" \/>\n\t<meta property=\"og:image:height\" content=\"667\" \/>\n\t<meta property=\"og:image:type\" content=\"image\/png\" \/>\n<meta name=\"author\" content=\"prensa1\" \/>\n<meta name=\"twitter:card\" content=\"summary_large_image\" \/>\n<meta name=\"twitter:creator\" content=\"@CanalULL\" \/>\n<meta name=\"twitter:site\" content=\"@CanalULL\" \/>\n<meta name=\"twitter:label1\" content=\"Escrito por\" \/>\n\t<meta name=\"twitter:data1\" content=\"prensa1\" \/>\n\t<meta name=\"twitter:label2\" content=\"Tiempo de lectura\" \/>\n\t<meta name=\"twitter:data2\" content=\"2 minutos\" \/>\n<script type=\"application\/ld+json\" class=\"yoast-schema-graph\">{\"@context\":\"https:\/\/schema.org\",\"@graph\":[{\"@type\":\"WebPage\",\"@id\":\"https:\/\/www.ull.es\/portal\/noticias\/2017\/mas-1500-ninas-ninos-ya-aprenden-se-divierten-las-cooperativas-escolares-tenerife\/\",\"url\":\"https:\/\/www.ull.es\/portal\/noticias\/2017\/mas-1500-ninas-ninos-ya-aprenden-se-divierten-las-cooperativas-escolares-tenerife\/\",\"name\":\"M\u00e1s de 1500 ni\u00f1as y ni\u00f1os ya aprenden y se divierten con las cooperativas escolares en Tenerife - ULL - Noticias\",\"isPartOf\":{\"@id\":\"https:\/\/www.ull.es\/portal\/noticias\/#website\"},\"datePublished\":\"2017-12-27T14:53:04+00:00\",\"dateModified\":\"2017-12-27T14:53:04+00:00\",\"author\":{\"@id\":\"https:\/\/www.ull.es\/portal\/noticias\/#\/schema\/person\/ea9b721b26bc001d9f8820a760100f96\"},\"description\":\"M\u00e1s de 1500 ni\u00f1as y ni\u00f1os ya aprenden y se divierten con las cooperativas escolares en Tenerife en la octava edici\u00f3n del proyecto Ense\u00f1ar para Emprender\",\"breadcrumb\":{\"@id\":\"https:\/\/www.ull.es\/portal\/noticias\/2017\/mas-1500-ninas-ninos-ya-aprenden-se-divierten-las-cooperativas-escolares-tenerife\/#breadcrumb\"},\"inLanguage\":\"es\",\"potentialAction\":[{\"@type\":\"ReadAction\",\"target\":[\"https:\/\/www.ull.es\/portal\/noticias\/2017\/mas-1500-ninas-ninos-ya-aprenden-se-divierten-las-cooperativas-escolares-tenerife\/\"]}]},{\"@type\":\"BreadcrumbList\",\"@id\":\"https:\/\/www.ull.es\/portal\/noticias\/2017\/mas-1500-ninas-ninos-ya-aprenden-se-divierten-las-cooperativas-escolares-tenerife\/#breadcrumb\",\"itemListElement\":[{\"@type\":\"ListItem\",\"position\":1,\"name\":\"Portada\",\"item\":\"https:\/\/www.ull.es\/portal\/noticias\/\"},{\"@type\":\"ListItem\",\"position\":2,\"name\":\"M\u00e1s de 1500 ni\u00f1as y ni\u00f1os ya aprenden y se divierten con las cooperativas escolares en Tenerife\"}]},{\"@type\":\"WebSite\",\"@id\":\"https:\/\/www.ull.es\/portal\/noticias\/#website\",\"url\":\"https:\/\/www.ull.es\/portal\/noticias\/\",\"name\":\"ULL - Noticias\",\"description\":\"\",\"potentialAction\":[{\"@type\":\"SearchAction\",\"target\":{\"@type\":\"EntryPoint\",\"urlTemplate\":\"https:\/\/www.ull.es\/portal\/noticias\/?s={search_term_string}\"},\"query-input\":\"required name=search_term_string\"}],\"inLanguage\":\"es\"},{\"@type\":\"Person\",\"@id\":\"https:\/\/www.ull.es\/portal\/noticias\/#\/schema\/person\/ea9b721b26bc001d9f8820a760100f96\",\"name\":\"prensa1\",\"image\":{\"@type\":\"ImageObject\",\"inLanguage\":\"es\",\"@id\":\"https:\/\/www.ull.es\/portal\/noticias\/#\/schema\/person\/image\/\",\"url\":\"https:\/\/secure.gravatar.com\/avatar\/94b9dcabd35142d3e94c7343cd1c6ca0?s=96&d=mm&r=g\",\"contentUrl\":\"https:\/\/secure.gravatar.com\/avatar\/94b9dcabd35142d3e94c7343cd1c6ca0?s=96&d=mm&r=g\",\"caption\":\"prensa1\"},\"url\":\"https:\/\/www.ull.es\/portal\/noticias\/author\/prensa1\/\"}]}<\/script>\n<!-- \/ Yoast SEO plugin. -->","yoast_head_json":{"title":"M\u00e1s de 1500 ni\u00f1as y ni\u00f1os ya aprenden y se divierten con las cooperativas escolares en Tenerife - ULL - Noticias","description":"M\u00e1s de 1500 ni\u00f1as y ni\u00f1os ya aprenden y se divierten con las cooperativas escolares en Tenerife en la octava edici\u00f3n del proyecto Ense\u00f1ar para Emprender","robots":{"index":"index","follow":"follow","max-snippet":"max-snippet:-1","max-image-preview":"max-image-preview:large","max-video-preview":"max-video-preview:-1"},"canonical":"https:\/\/www.ull.es\/portal\/noticias\/2017\/mas-1500-ninas-ninos-ya-aprenden-se-divierten-las-cooperativas-escolares-tenerife\/","og_locale":"es_ES","og_type":"article","og_title":"M\u00e1s de 1500 ni\u00f1as y ni\u00f1os ya aprenden y se divierten con las cooperativas escolares en Tenerife - ULL - Noticias","og_description":"M\u00e1s de 1500 ni\u00f1as y ni\u00f1os ya aprenden y se divierten con las cooperativas escolares en Tenerife en la octava edici\u00f3n del proyecto Ense\u00f1ar para Emprender","og_url":"https:\/\/www.ull.es\/portal\/noticias\/2017\/mas-1500-ninas-ninos-ya-aprenden-se-divierten-las-cooperativas-escolares-tenerife\/","og_site_name":"ULL - Noticias","article_publisher":"https:\/\/www.facebook.com\/universidaddelalaguna\/","article_published_time":"2017-12-27T14:53:04+00:00","og_image":[{"width":1000,"height":667,"url":"https:\/\/www.ull.es\/portal\/noticias\/wp-content\/uploads\/sites\/13\/2017\/12\/Feria-EPE-La-Laguna.png","type":"image\/png"}],"author":"prensa1","twitter_card":"summary_large_image","twitter_creator":"@CanalULL","twitter_site":"@CanalULL","twitter_misc":{"Escrito por":"prensa1","Tiempo de lectura":"2 minutos"},"schema":{"@context":"https:\/\/schema.org","@graph":[{"@type":"WebPage","@id":"https:\/\/www.ull.es\/portal\/noticias\/2017\/mas-1500-ninas-ninos-ya-aprenden-se-divierten-las-cooperativas-escolares-tenerife\/","url":"https:\/\/www.ull.es\/portal\/noticias\/2017\/mas-1500-ninas-ninos-ya-aprenden-se-divierten-las-cooperativas-escolares-tenerife\/","name":"M\u00e1s de 1500 ni\u00f1as y ni\u00f1os ya aprenden y se divierten con las cooperativas escolares en Tenerife - ULL - Noticias","isPartOf":{"@id":"https:\/\/www.ull.es\/portal\/noticias\/#website"},"datePublished":"2017-12-27T14:53:04+00:00","dateModified":"2017-12-27T14:53:04+00:00","author":{"@id":"https:\/\/www.ull.es\/portal\/noticias\/#\/schema\/person\/ea9b721b26bc001d9f8820a760100f96"},"description":"M\u00e1s de 1500 ni\u00f1as y ni\u00f1os ya aprenden y se divierten con las cooperativas escolares en Tenerife en la octava edici\u00f3n del proyecto Ense\u00f1ar para Emprender","breadcrumb":{"@id":"https:\/\/www.ull.es\/portal\/noticias\/2017\/mas-1500-ninas-ninos-ya-aprenden-se-divierten-las-cooperativas-escolares-tenerife\/#breadcrumb"},"inLanguage":"es","potentialAction":[{"@type":"ReadAction","target":["https:\/\/www.ull.es\/portal\/noticias\/2017\/mas-1500-ninas-ninos-ya-aprenden-se-divierten-las-cooperativas-escolares-tenerife\/"]}]},{"@type":"BreadcrumbList","@id":"https:\/\/www.ull.es\/portal\/noticias\/2017\/mas-1500-ninas-ninos-ya-aprenden-se-divierten-las-cooperativas-escolares-tenerife\/#breadcrumb","itemListElement":[{"@type":"ListItem","position":1,"name":"Portada","item":"https:\/\/www.ull.es\/portal\/noticias\/"},{"@type":"ListItem","position":2,"name":"M\u00e1s de 1500 ni\u00f1as y ni\u00f1os ya aprenden y se divierten con las cooperativas escolares en Tenerife"}]},{"@type":"WebSite","@id":"https:\/\/www.ull.es\/portal\/noticias\/#website","url":"https:\/\/www.ull.es\/portal\/noticias\/","name":"ULL - Noticias","description":"","potentialAction":[{"@type":"SearchAction","target":{"@type":"EntryPoint","urlTemplate":"https:\/\/www.ull.es\/portal\/noticias\/?s={search_term_string}"},"query-input":"required name=search_term_string"}],"inLanguage":"es"},{"@type":"Person","@id":"https:\/\/www.ull.es\/portal\/noticias\/#\/schema\/person\/ea9b721b26bc001d9f8820a760100f96","name":"prensa1","image":{"@type":"ImageObject","inLanguage":"es","@id":"https:\/\/www.ull.es\/portal\/noticias\/#\/schema\/person\/image\/","url":"https:\/\/secure.gravatar.com\/avatar\/94b9dcabd35142d3e94c7343cd1c6ca0?s=96&d=mm&r=g","contentUrl":"https:\/\/secure.gravatar.com\/avatar\/94b9dcabd35142d3e94c7343cd1c6ca0?s=96&d=mm&r=g","caption":"prensa1"},"url":"https:\/\/www.ull.es\/portal\/noticias\/author\/prensa1\/"}]}},"primary_category":{"id":343,"name":"Alumnado","slug":"alumnado","link":"https:\/\/www.ull.es\/portal\/noticias\/category\/alumnado\/"},"featured_image_thumbnail_url":"https:\/\/www.ull.es\/portal\/noticias\/wp-content\/uploads\/sites\/13\/2017\/12\/Feria-EPE-La-Laguna-300x200.png","_links":{"self":[{"href":"https:\/\/www.ull.es\/portal\/noticias\/wp-json\/wp\/v2\/posts\/34594"}],"collection":[{"href":"https:\/\/www.ull.es\/portal\/noticias\/wp-json\/wp\/v2\/posts"}],"about":[{"href":"https:\/\/www.ull.es\/portal\/noticias\/wp-json\/wp\/v2\/types\/post"}],"author":[{"embeddable":true,"href":"https:\/\/www.ull.es\/portal\/noticias\/wp-json\/wp\/v2\/users\/20"}],"replies":[{"embeddable":true,"href":"https:\/\/www.ull.es\/portal\/noticias\/wp-json\/wp\/v2\/comments?post=34594"}],"version-history":[{"count":1,"href":"https:\/\/www.ull.es\/portal\/noticias\/wp-json\/wp\/v2\/posts\/34594\/revisions"}],"predecessor-version":[{"id":34596,"href":"https:\/\/www.ull.es\/portal\/noticias\/wp-json\/wp\/v2\/posts\/34594\/revisions\/34596"}],"wp:featuredmedia":[{"embeddable":true,"href":"https:\/\/www.ull.es\/portal\/noticias\/wp-json\/wp\/v2\/media\/34595"}],"wp:attachment":[{"href":"https:\/\/www.ull.es\/portal\/noticias\/wp-json\/wp\/v2\/media?parent=34594"}],"wp:term":[{"taxonomy":"category","embeddable":true,"href":"https:\/\/www.ull.es\/portal\/noticias\/wp-json\/wp\/v2\/categories?post=34594"},{"taxonomy":"post_tag","embeddable":true,"href":"https:\/\/www.ull.es\/portal\/noticias\/wp-json\/wp\/v2\/tags?post=34594"}],"curies":[{"name":"wp","href":"https:\/\/api.w.org\/{rel}","templated":true}]}}