{"id":34604,"date":"2017-12-13T10:04:05","date_gmt":"2017-12-13T10:04:05","guid":{"rendered":"https:\/\/www.ull.es\/portal\/noticias\/?p=34604"},"modified":"2018-01-22T14:24:34","modified_gmt":"2018-01-22T14:24:34","slug":"mayor-transparencia-la-toma-decisiones-la-ue-nuevo-registro-actos-delegados","status":"publish","type":"post","link":"https:\/\/www.ull.es\/portal\/noticias\/2017\/mayor-transparencia-la-toma-decisiones-la-ue-nuevo-registro-actos-delegados\/","title":{"rendered":"Mayor transparencia en la toma de decisiones de la UE nuevo registro de actos delegados"},"content":{"rendered":"<p>Un nuevo registro en l\u00ednea, abierto el martes 12 de diciembre, har\u00e1 m\u00e1s f\u00e1cil encontrar y seguir las decisiones de la UE en forma de actos delegados.<\/p>\n<p>Para ayudar a los ciudadanos y a las partes interesadas a seguir esta parte del proceso decisorio de la UE, el Parlamento Europeo, el Consejo y la Comisi\u00f3n han puesto en marcha un nuevo registro com\u00fan, de modo que cualquiera pueda buscar y encontrar f\u00e1cilmente actos delegados relacionados con un tema o un acto legislativo determinados.<br \/>\nFrans Timmermans, vicepresidente primero de la Comisi\u00f3n Europea, ha declarado: \u00abHoy damos cumplimiento una vez m\u00e1s al programa \u2018Legislar mejor&#8217; de la Comisi\u00f3n y a nuestro compromiso conjunto con el Parlamento y el Consejo de legislar mejor para los ciudadanos de Europa. Al abrir hoy este nuevo registro en l\u00ednea, vamos a hacer que la UE sea m\u00e1s transparente y a echar m\u00e1s luz sobre el proceso de adopci\u00f3n de normas t\u00e9cnicas para aplicar nuestras pol\u00edticas\u00bb.<\/p>\n<p>El presidente del Parlamento Europeo, Antonio Tajani, ha declarado lo siguiente: \u00abEl registro permitir\u00e1 a los ciudadanos seguir el proceso de toma de decisiones en materia de actos delegados, que suelen tener car\u00e1cter t\u00e9cnico, pero que tambi\u00e9n pueden ser pol\u00edticamente sensibles. Es una respuesta a la hist\u00f3rica reivindicaci\u00f3n del Parlamento de acercar la toma de decisiones a los ciudadanos de la UE y, en consecuencia, hacer m\u00e1s transparentes las instituciones y el Derecho de la UE\u00bb.<br \/>\nMatti Maasikas, viceministro de Asuntos de la Uni\u00f3n Europea, ha declarado en nombre de la Presidencia estonia del Consejo: \u00abEl proceso de toma de decisiones de la UE debe ser m\u00e1s accesible para los ciudadanos. Es para m\u00ed una grata noticia que el nuevo registro abierto hoy vaya a facilitar a todos el seguimiento del proceso de adopci\u00f3n de los actos delegados. Esta iniciativa se ajusta a nuestro objetivo de aportar una mayor transparencia a la labor de las instituciones de la UE\u00bb.<\/p>\n<p>El nuevo Registro Interinstitucional de Actos Delegados ofrece un panorama completo del ciclo de vida de este proceso. Permite a los usuarios buscar y seguir el curso de los actos delegados desde la fase de planificaci\u00f3n llevada a cabo por la Comisi\u00f3n Europea hasta la publicaci\u00f3n final en el Diario Oficial. El Registro tambi\u00e9n ilustra las distintas medidas adoptadas por el Parlamento Europeo y el Consejo, as\u00ed como la labor de los grupos de expertos de la Comisi\u00f3n que participan en la preparaci\u00f3n de los actos delegados. Aumenta la transparencia del proceso de toma de decisiones, ya que ofrece un repositorio \u00fanico de actos delegados en el que puede encontrarse con facilidad toda la informaci\u00f3n pertinente. Tambi\u00e9n permite a los usuarios suscribirse y recibir notificaciones sobre el curso de actos delegados espec\u00edficos que sean de su inter\u00e9s.<\/p>\n<p>Los actos delegados sirven para completar o modificar los actos legislativos de la UE. Son especialmente comunes en los \u00e1mbitos de la econom\u00eda, la agricultura, el medio ambiente y la salud p\u00fablica, el mercado \u00fanico y el comercio. Constituyen una forma de Derecho derivado que sirve, por ejemplo, para actualizar los requisitos t\u00e9cnicos en la legislaci\u00f3n. El Parlamento Europeo y el Consejo facultan a la Comisi\u00f3n para redactar proyectos de actos delegados, que acto seguido se presentan a aquellas instituciones. El Parlamento y el Consejo pueden rechazar esos proyectos.<\/p>\n<p><strong>Antecedentes<\/strong><\/p>\n<p>El 15 de marzo de 2016, las tres instituciones de la UE alcanzaron un <a href=\"http:\/\/eur-lex.europa.eu\/legal-content\/ES\/TXT\/?uri=CELEX%3A32016Q0512%2801%29\" target=\"_blank\" rel=\"noopener\" target=\"_blank\" rel=\"noopener\">Acuerdo Interinstitucional (AI) sobre la mejora de la legislaci\u00f3n<\/a>, basado en una propuesta de la Comisi\u00f3n Europea presentada en el programa \u00abLegislar mejor\u00bb, de mayo de 2015. Este Acuerdo Interinstitucional aportar\u00e1 cambios en todo el ciclo de formulaci\u00f3n de pol\u00edticas, desde las consultas y la evaluaci\u00f3n de impacto hasta la adopci\u00f3n, la aplicaci\u00f3n y la evaluaci\u00f3n del Derecho de la UE. En virtud del Acuerdo Interinstitucional, las tres Instituciones se comprometieron a crear, antes de que finalizara 2017, un registro conjunto funcional de actos delegados cuya informaci\u00f3n se estructure adecuadamente y sea f\u00e1cil de utilizar, de modo que se refuerce la transparencia, se facilite la planificaci\u00f3n y quede constancia de cada una de las distintas fases del ciclo de vida de los actos delegados. La apertura hoy del registro responde a este compromiso.<\/p>\n<p><strong>M\u00e1s informaci\u00f3n:<\/strong><\/p>\n<p><a href=\"https:\/\/webgate.ec.europa.eu\/regdel\" target=\"_blank\" rel=\"noopener\" target=\"_blank\" rel=\"noopener\">Registro de Actos Delegados<\/a><br \/>\n<a href=\"http:\/\/eur-lex.europa.eu\/legal-content\/ES\/TXT\/?uri=uriserv:OJ.L_.2016.123.01.0001.01.ES&amp;toc=OJ:L:2016:123:TOC\" target=\"_blank\" rel=\"noopener\" target=\"_blank\" rel=\"noopener\">Acuerdo interinstitucional sobre la mejora de la legislaci\u00f3n<\/a><br \/>\n<a href=\"http:\/\/europa.eu\/rapid\/attachment\/IP-17-5221\/es\/Register%20of%20delegated%20acts%20flyer.pdf\" target=\"_blank\" rel=\"noopener\" target=\"_blank\" rel=\"noopener\">Folleto sobre el Registro de Actos Delegados<\/a><\/p>\n","protected":false},"excerpt":{"rendered":"<p>Un nuevo registro en l\u00ednea, abierto el martes 12 de diciembre, har\u00e1 m\u00e1s f\u00e1cil encontrar y seguir las decisiones de&#8230;<\/p>\n","protected":false},"author":22,"featured_media":34873,"comment_status":"closed","ping_status":"closed","sticky":false,"template":"","format":"standard","meta":{"inline_featured_image":false,"footnotes":""},"categories":[3773,348,349],"tags":[792,1220,2550],"acf":[],"yoast_head":"<!-- This site is optimized with the Yoast SEO plugin v21.3 - https:\/\/yoast.com\/wordpress\/plugins\/seo\/ -->\n<title>Mayor transparencia en la toma de decisiones de la UE nuevo registro de actos delegados - ULL - Noticias<\/title>\n<meta name=\"robots\" content=\"index, follow, max-snippet:-1, max-image-preview:large, max-video-preview:-1\" \/>\n<link rel=\"canonical\" href=\"https:\/\/www.ull.es\/portal\/noticias\/2017\/mayor-transparencia-la-toma-decisiones-la-ue-nuevo-registro-actos-delegados\/\" \/>\n<meta property=\"og:locale\" content=\"es_ES\" \/>\n<meta property=\"og:type\" content=\"article\" \/>\n<meta property=\"og:title\" content=\"Mayor transparencia en la toma de decisiones de la UE nuevo registro de actos delegados - ULL - Noticias\" \/>\n<meta property=\"og:description\" content=\"Un nuevo registro en l\u00ednea, abierto el martes 12 de diciembre, har\u00e1 m\u00e1s f\u00e1cil encontrar y seguir las decisiones de...\" \/>\n<meta property=\"og:url\" content=\"https:\/\/www.ull.es\/portal\/noticias\/2017\/mayor-transparencia-la-toma-decisiones-la-ue-nuevo-registro-actos-delegados\/\" \/>\n<meta property=\"og:site_name\" content=\"ULL - Noticias\" \/>\n<meta property=\"article:publisher\" content=\"https:\/\/www.facebook.com\/universidaddelalaguna\/\" \/>\n<meta property=\"article:published_time\" content=\"2017-12-13T10:04:05+00:00\" \/>\n<meta property=\"article:modified_time\" content=\"2018-01-22T14:24:34+00:00\" \/>\n<meta property=\"og:image\" content=\"https:\/\/www.ull.es\/portal\/noticias\/wp-content\/uploads\/sites\/13\/2017\/12\/flag.jpg\" \/>\n\t<meta property=\"og:image:width\" content=\"1200\" \/>\n\t<meta property=\"og:image:height\" content=\"300\" \/>\n\t<meta property=\"og:image:type\" content=\"image\/jpeg\" \/>\n<meta name=\"author\" content=\"gesweb\" \/>\n<meta name=\"twitter:card\" content=\"summary_large_image\" \/>\n<meta name=\"twitter:creator\" content=\"@CanalULL\" \/>\n<meta name=\"twitter:site\" content=\"@CanalULL\" \/>\n<meta name=\"twitter:label1\" content=\"Escrito por\" \/>\n\t<meta name=\"twitter:data1\" content=\"gesweb\" \/>\n\t<meta name=\"twitter:label2\" content=\"Tiempo de lectura\" \/>\n\t<meta name=\"twitter:data2\" content=\"4 minutos\" \/>\n<script type=\"application\/ld+json\" class=\"yoast-schema-graph\">{\"@context\":\"https:\/\/schema.org\",\"@graph\":[{\"@type\":\"WebPage\",\"@id\":\"https:\/\/www.ull.es\/portal\/noticias\/2017\/mayor-transparencia-la-toma-decisiones-la-ue-nuevo-registro-actos-delegados\/\",\"url\":\"https:\/\/www.ull.es\/portal\/noticias\/2017\/mayor-transparencia-la-toma-decisiones-la-ue-nuevo-registro-actos-delegados\/\",\"name\":\"Mayor transparencia en la toma de decisiones de la UE nuevo registro de actos delegados - ULL - Noticias\",\"isPartOf\":{\"@id\":\"https:\/\/www.ull.es\/portal\/noticias\/#website\"},\"datePublished\":\"2017-12-13T10:04:05+00:00\",\"dateModified\":\"2018-01-22T14:24:34+00:00\",\"author\":{\"@id\":\"https:\/\/www.ull.es\/portal\/noticias\/#\/schema\/person\/0d0cec7a74dddecef1a523fc5adef552\"},\"breadcrumb\":{\"@id\":\"https:\/\/www.ull.es\/portal\/noticias\/2017\/mayor-transparencia-la-toma-decisiones-la-ue-nuevo-registro-actos-delegados\/#breadcrumb\"},\"inLanguage\":\"es\",\"potentialAction\":[{\"@type\":\"ReadAction\",\"target\":[\"https:\/\/www.ull.es\/portal\/noticias\/2017\/mayor-transparencia-la-toma-decisiones-la-ue-nuevo-registro-actos-delegados\/\"]}]},{\"@type\":\"BreadcrumbList\",\"@id\":\"https:\/\/www.ull.es\/portal\/noticias\/2017\/mayor-transparencia-la-toma-decisiones-la-ue-nuevo-registro-actos-delegados\/#breadcrumb\",\"itemListElement\":[{\"@type\":\"ListItem\",\"position\":1,\"name\":\"Portada\",\"item\":\"https:\/\/www.ull.es\/portal\/noticias\/\"},{\"@type\":\"ListItem\",\"position\":2,\"name\":\"Mayor transparencia en la toma de decisiones de la UE nuevo registro de actos delegados\"}]},{\"@type\":\"WebSite\",\"@id\":\"https:\/\/www.ull.es\/portal\/noticias\/#website\",\"url\":\"https:\/\/www.ull.es\/portal\/noticias\/\",\"name\":\"ULL - Noticias\",\"description\":\"\",\"potentialAction\":[{\"@type\":\"SearchAction\",\"target\":{\"@type\":\"EntryPoint\",\"urlTemplate\":\"https:\/\/www.ull.es\/portal\/noticias\/?s={search_term_string}\"},\"query-input\":\"required name=search_term_string\"}],\"inLanguage\":\"es\"},{\"@type\":\"Person\",\"@id\":\"https:\/\/www.ull.es\/portal\/noticias\/#\/schema\/person\/0d0cec7a74dddecef1a523fc5adef552\",\"name\":\"gesweb\",\"image\":{\"@type\":\"ImageObject\",\"inLanguage\":\"es\",\"@id\":\"https:\/\/www.ull.es\/portal\/noticias\/#\/schema\/person\/image\/\",\"url\":\"https:\/\/secure.gravatar.com\/avatar\/23432b5ec55289f95fd3441098fba4b4?s=96&d=mm&r=g\",\"contentUrl\":\"https:\/\/secure.gravatar.com\/avatar\/23432b5ec55289f95fd3441098fba4b4?s=96&d=mm&r=g\",\"caption\":\"gesweb\"},\"url\":\"https:\/\/www.ull.es\/portal\/noticias\/author\/gesweb\/\"}]}<\/script>\n<!-- \/ Yoast SEO plugin. -->","yoast_head_json":{"title":"Mayor transparencia en la toma de decisiones de la UE nuevo registro de actos delegados - ULL - Noticias","robots":{"index":"index","follow":"follow","max-snippet":"max-snippet:-1","max-image-preview":"max-image-preview:large","max-video-preview":"max-video-preview:-1"},"canonical":"https:\/\/www.ull.es\/portal\/noticias\/2017\/mayor-transparencia-la-toma-decisiones-la-ue-nuevo-registro-actos-delegados\/","og_locale":"es_ES","og_type":"article","og_title":"Mayor transparencia en la toma de decisiones de la UE nuevo registro de actos delegados - ULL - Noticias","og_description":"Un nuevo registro en l\u00ednea, abierto el martes 12 de diciembre, har\u00e1 m\u00e1s f\u00e1cil encontrar y seguir las decisiones de...","og_url":"https:\/\/www.ull.es\/portal\/noticias\/2017\/mayor-transparencia-la-toma-decisiones-la-ue-nuevo-registro-actos-delegados\/","og_site_name":"ULL - Noticias","article_publisher":"https:\/\/www.facebook.com\/universidaddelalaguna\/","article_published_time":"2017-12-13T10:04:05+00:00","article_modified_time":"2018-01-22T14:24:34+00:00","og_image":[{"width":1200,"height":300,"url":"https:\/\/www.ull.es\/portal\/noticias\/wp-content\/uploads\/sites\/13\/2017\/12\/flag.jpg","type":"image\/jpeg"}],"author":"gesweb","twitter_card":"summary_large_image","twitter_creator":"@CanalULL","twitter_site":"@CanalULL","twitter_misc":{"Escrito por":"gesweb","Tiempo de lectura":"4 minutos"},"schema":{"@context":"https:\/\/schema.org","@graph":[{"@type":"WebPage","@id":"https:\/\/www.ull.es\/portal\/noticias\/2017\/mayor-transparencia-la-toma-decisiones-la-ue-nuevo-registro-actos-delegados\/","url":"https:\/\/www.ull.es\/portal\/noticias\/2017\/mayor-transparencia-la-toma-decisiones-la-ue-nuevo-registro-actos-delegados\/","name":"Mayor transparencia en la toma de decisiones de la UE nuevo registro de actos delegados - ULL - Noticias","isPartOf":{"@id":"https:\/\/www.ull.es\/portal\/noticias\/#website"},"datePublished":"2017-12-13T10:04:05+00:00","dateModified":"2018-01-22T14:24:34+00:00","author":{"@id":"https:\/\/www.ull.es\/portal\/noticias\/#\/schema\/person\/0d0cec7a74dddecef1a523fc5adef552"},"breadcrumb":{"@id":"https:\/\/www.ull.es\/portal\/noticias\/2017\/mayor-transparencia-la-toma-decisiones-la-ue-nuevo-registro-actos-delegados\/#breadcrumb"},"inLanguage":"es","potentialAction":[{"@type":"ReadAction","target":["https:\/\/www.ull.es\/portal\/noticias\/2017\/mayor-transparencia-la-toma-decisiones-la-ue-nuevo-registro-actos-delegados\/"]}]},{"@type":"BreadcrumbList","@id":"https:\/\/www.ull.es\/portal\/noticias\/2017\/mayor-transparencia-la-toma-decisiones-la-ue-nuevo-registro-actos-delegados\/#breadcrumb","itemListElement":[{"@type":"ListItem","position":1,"name":"Portada","item":"https:\/\/www.ull.es\/portal\/noticias\/"},{"@type":"ListItem","position":2,"name":"Mayor transparencia en la toma de decisiones de la UE nuevo registro de actos delegados"}]},{"@type":"WebSite","@id":"https:\/\/www.ull.es\/portal\/noticias\/#website","url":"https:\/\/www.ull.es\/portal\/noticias\/","name":"ULL - Noticias","description":"","potentialAction":[{"@type":"SearchAction","target":{"@type":"EntryPoint","urlTemplate":"https:\/\/www.ull.es\/portal\/noticias\/?s={search_term_string}"},"query-input":"required name=search_term_string"}],"inLanguage":"es"},{"@type":"Person","@id":"https:\/\/www.ull.es\/portal\/noticias\/#\/schema\/person\/0d0cec7a74dddecef1a523fc5adef552","name":"gesweb","image":{"@type":"ImageObject","inLanguage":"es","@id":"https:\/\/www.ull.es\/portal\/noticias\/#\/schema\/person\/image\/","url":"https:\/\/secure.gravatar.com\/avatar\/23432b5ec55289f95fd3441098fba4b4?s=96&d=mm&r=g","contentUrl":"https:\/\/secure.gravatar.com\/avatar\/23432b5ec55289f95fd3441098fba4b4?s=96&d=mm&r=g","caption":"gesweb"},"url":"https:\/\/www.ull.es\/portal\/noticias\/author\/gesweb\/"}]}},"primary_category":{"id":348,"name":"Instituci\u00f3n","slug":"institucion","link":"https:\/\/www.ull.es\/portal\/noticias\/category\/institucion\/"},"featured_image_thumbnail_url":"https:\/\/www.ull.es\/portal\/noticias\/wp-content\/uploads\/sites\/13\/2017\/12\/flag-300x75.jpg","_links":{"self":[{"href":"https:\/\/www.ull.es\/portal\/noticias\/wp-json\/wp\/v2\/posts\/34604"}],"collection":[{"href":"https:\/\/www.ull.es\/portal\/noticias\/wp-json\/wp\/v2\/posts"}],"about":[{"href":"https:\/\/www.ull.es\/portal\/noticias\/wp-json\/wp\/v2\/types\/post"}],"author":[{"embeddable":true,"href":"https:\/\/www.ull.es\/portal\/noticias\/wp-json\/wp\/v2\/users\/22"}],"replies":[{"embeddable":true,"href":"https:\/\/www.ull.es\/portal\/noticias\/wp-json\/wp\/v2\/comments?post=34604"}],"version-history":[{"count":2,"href":"https:\/\/www.ull.es\/portal\/noticias\/wp-json\/wp\/v2\/posts\/34604\/revisions"}],"predecessor-version":[{"id":34606,"href":"https:\/\/www.ull.es\/portal\/noticias\/wp-json\/wp\/v2\/posts\/34604\/revisions\/34606"}],"wp:featuredmedia":[{"embeddable":true,"href":"https:\/\/www.ull.es\/portal\/noticias\/wp-json\/wp\/v2\/media\/34873"}],"wp:attachment":[{"href":"https:\/\/www.ull.es\/portal\/noticias\/wp-json\/wp\/v2\/media?parent=34604"}],"wp:term":[{"taxonomy":"category","embeddable":true,"href":"https:\/\/www.ull.es\/portal\/noticias\/wp-json\/wp\/v2\/categories?post=34604"},{"taxonomy":"post_tag","embeddable":true,"href":"https:\/\/www.ull.es\/portal\/noticias\/wp-json\/wp\/v2\/tags?post=34604"}],"curies":[{"name":"wp","href":"https:\/\/api.w.org\/{rel}","templated":true}]}}