{"id":34607,"date":"2017-12-13T10:22:42","date_gmt":"2017-12-13T10:22:42","guid":{"rendered":"https:\/\/www.ull.es\/portal\/noticias\/?p=34607"},"modified":"2018-01-22T14:23:32","modified_gmt":"2018-01-22T14:23:32","slug":"la-economia-real-europa-ya-ha-recibido-278-000-millones-euros-traves-los-fondos-estructurales-inversion-europeos","status":"publish","type":"post","link":"https:\/\/www.ull.es\/portal\/noticias\/2017\/la-economia-real-europa-ya-ha-recibido-278-000-millones-euros-traves-los-fondos-estructurales-inversion-europeos\/","title":{"rendered":"La econom\u00eda real en Europa ya ha recibido 278 000 millones de euros a trav\u00e9s de los Fondos Estructurales y de Inversi\u00f3n Europeos"},"content":{"rendered":"<p>Un nuevo informe publicado hoy pone de relieve lo que los cinco Fondos de la UE han logrado desde el inicio del per\u00edodo de financiaci\u00f3n, cuando la ejecuci\u00f3n de los programas del per\u00edodo 2014-2020 ha alcanzado su velocidad de crucero.<\/p>\n<p>En octubre de 2017, casi la mitad de del presupuesto de 2014-2020 de los <a href=\"https:\/\/cohesiondata.ec.europa.eu\/funds\" target=\"_blank\" rel=\"noopener\" target=\"_blank\" rel=\"noopener\">Fondos Estructurales y de Inversi\u00f3n Europeos (Fondos EIE)<\/a>\u00bb se hab\u00edan comprometido para proyectos concretos. A finales de 2016, casi 793 500 empresas hab\u00edan recibido ayuda a trav\u00e9s de los Fondos, lo cual permiti\u00f3 crear, seg\u00fan las estimaciones, 154 000 nuevos puestos de trabajo.<\/p>\n<p>7,8 millones de personas ya han recibido ayuda para encontrar trabajo o desarrollar capacidades, y se ha mejorado la biodiversidad de 23,5 millones de hect\u00e1reas de tierras agr\u00edcolas. En total, a finales de 2016 se hab\u00edan seleccionado 2 millones de proyectos, es decir, <a href=\"http:\/\/europa.eu\/rapid\/press-release_IP-16-4421_es.htm\" target=\"_blank\" rel=\"noopener\" target=\"_blank\" rel=\"noopener\">1 mill\u00f3n m\u00e1s que el a\u00f1o anterior<\/a>.<\/p>\n<p>El vicepresidente Jyrki <strong>Katainen<\/strong>, responsable de Fomento del Empleo, Crecimiento, Inversi\u00f3n y Competitividad, ha manifestado: \u00abLos Fondos Estructurales y de Inversi\u00f3n Europeos desempe\u00f1an un papel crucial a la hora de consolidar nuestro mercado \u00fanico. Contribuyen al crecimiento de nuestras econom\u00edas e impulsan la creaci\u00f3n de empleo y la innovaci\u00f3n en Europa. La combinaci\u00f3n de los Fondos Estructurales con el Fondo Europeo para Inversiones Estrat\u00e9gicas tambi\u00e9n permite financiar proyectos m\u00e1s arriesgados, pero m\u00e1s prometedores. Animo a los promotores de proyectos a que examinen esa posibilidad.\u00bb<\/p>\n<p>La comisaria de Pol\u00edtica Regional, Corina <strong>Cre\u021bu<\/strong>, ha se\u00f1alado: \u00abEl n\u00famero de proyectos financiados por la UE se duplic\u00f3 en tan solo un a\u00f1o, lo cual demuestra que ahora se ha alcanzado velocidad de crucero en t\u00e9rminos de aplicaci\u00f3n. Los Fondos Estructurales y de Inversi\u00f3n Europeos funcionan a pleno rendimiento y henchir\u00e1n las velas de Europa los pr\u00f3ximos diez a\u00f1os.\u00bb<\/p>\n<p>Adem\u00e1s de los proyectos financiados por la UE en el \u00e1mbito digital, de inclusi\u00f3n social y medioambientales que empiezan a ver la luz del d\u00eda ahora, el informe muestra que las novedades introducidas en el per\u00edodo de financiaci\u00f3n 2014-2020 realmente han valido la pena.<\/p>\n<p><strong>Los nuevos prerrequisitos han contribuido a un entorno m\u00e1s positivo para las inversiones<\/strong><\/p>\n<p>En marzo de 2017, una <a href=\"http:\/\/europa.eu\/rapid\/press-release_IP-17-781_es.htm\" target=\"_blank\" rel=\"noopener\" target=\"_blank\" rel=\"noopener\">primera evaluaci\u00f3n<\/a> de las nuevas condiciones previas para el \u00e9xito de las inversiones (\u00ab<a href=\"http:\/\/ec.europa.eu\/regional_policy\/es\/policy\/what\/glossary\/e\/ex-ante-conditionalities\" target=\"_blank\" rel=\"noopener\" target=\"_blank\" rel=\"noopener\">condiciones ex ante<\/a>\u00bb) puso de manifiesto que estas hab\u00edan demostrado ser un poderoso incentivo para las reformas en una amplia variedad de sectores: cumplimiento de la eficiencia energ\u00e9tica o de la legislaci\u00f3n sobre contrataci\u00f3n p\u00fablica, planificaci\u00f3n de la inversi\u00f3n para la innovaci\u00f3n, transporte o tecnolog\u00edas digitales.<\/p>\n<p>Para el per\u00edodo de financiaci\u00f3n posterior a 2020, est\u00e1 previsto reforzar a\u00fan m\u00e1s el v\u00ednculo entre los fondos de la UE y el apoyo a las reformas estructurales en los Estados miembros, tal como se indica en el <a href=\"http:\/\/europa.eu\/rapid\/press-release_IP-17-1795_es.htm\" target=\"_blank\" rel=\"noopener\" target=\"_blank\" rel=\"noopener\">documento de reflexi\u00f3n de la Comisi\u00f3n sobre el futuro de las finanzas de la UE<\/a> y en las propuestas de la Comisi\u00f3n para <a href=\"http:\/\/europa.eu\/rapid\/press-release_IP-17-5005_es.htm\" target=\"_blank\" rel=\"noopener\" target=\"_blank\" rel=\"noopener\">la profundizaci\u00f3n de la Uni\u00f3n Econ\u00f3mica y Monetaria europea<\/a>, presentadas la semana pasada.<\/p>\n<p><strong>Menos burocracia para los beneficiarios de los Fondos<\/strong><\/p>\n<p>El informe se\u00f1ala que los Estados miembros han venido utilizando cada vez m\u00e1s las oportunidades de simplificaci\u00f3n de la pol\u00edtica de cohesi\u00f3n del per\u00edodo 2014-2020, a saber, los procedimientos en l\u00ednea en el marco de la gesti\u00f3n de los fondos (\u00abe-cohesi\u00f3n\u00bb), la simplificaci\u00f3n de los procedimientos de solicitud para las empresas (\u00abventanillas \u00fanicas\u00bb) y modalidades m\u00e1s sencillas para los beneficiarios a la hora de solicitar un reembolso a la UE.<\/p>\n<p>La simplificaci\u00f3n tambi\u00e9n es un tema central de la reflexi\u00f3n sobre la arquitectura de la futura pol\u00edtica de cohesi\u00f3n, con la valiosa <a href=\"http:\/\/ec.europa.eu\/regional_policy\/fr\/policy\/how\/improving-investment\/high-level-group-simplification\/\" target=\"_blank\" rel=\"noopener\" target=\"_blank\" rel=\"noopener\">contribuci\u00f3n del Grupo de Alto Nivel sobre Simplificaci\u00f3n<\/a> establecido por la Comisi\u00f3n.<\/p>\n<p><strong>Un uso m\u00e1s inteligente de los recursos disponibles ha dado lugar a una mayor movilizaci\u00f3n de la financiaci\u00f3n privada<\/strong><\/p>\n<p>En consonancia con el objetivo del <a href=\"https:\/\/ec.europa.eu\/commission\/priorities\/jobs-growth-and-investment\/investment-plan-europe-juncker-plan_es\" target=\"_blank\" rel=\"noopener\" target=\"_blank\" rel=\"noopener\">Plan de Inversi\u00f3n<\/a> de movilizar m\u00e1s inversiones, el marco 2014-2020 se cre\u00f3 para apoyar un uso m\u00e1s generalizado de los instrumentos financieros. A finales de 2016, 13 300 millones de euros en el marco de los programas de los Fondos EIE se hab\u00edan comprometido para dichos instrumentos, la mayor parte para respaldo de las pymes, investigaci\u00f3n e innovaci\u00f3n y la econom\u00eda hipocarb\u00f3nica.<\/p>\n<p>Actualmente, m\u00e1s de 76 000 empresas reciben ayuda con cargo a los Fondos EIE a trav\u00e9s de instrumentos financieros. Los proyectos de apoyo a las pymes seleccionados hasta ahora en el marco del Fondo Europeo de Desarrollo Regional (<a href=\"https:\/\/cohesiondata.ec.europa.eu\/funds\/erdf\" target=\"_blank\" rel=\"noopener\" target=\"_blank\" rel=\"noopener\">FEDER<\/a>) representan 11 500 millones de euros de financiaci\u00f3n privada apalancada, de un objetivo de 42 000 millones de euros.<\/p>\n<p><strong>M\u00e1s informaci\u00f3n:<\/strong><\/p>\n<p><a href=\"https:\/\/drive.google.com\/open?id=1Un9WnCr3X9v40Y2HCY-ZEYS_eESVoRCu\" target=\"_blank\" rel=\"noopener\">Ficha informativa \u2014 Los Fondos Estructurales y de Inversi\u00f3n Europeos en el trabajo<\/a><br \/>\n<a href=\"https:\/\/drive.google.com\/open?id=1AJUi_SJXJRkJYCjS-Eg75otpcjOSoJwE\" target=\"_blank\" rel=\"noopener\">Informe estrat\u00e9gico de 2017 sobre la aplicaci\u00f3n de los Fondos Estructurales y de Inversi\u00f3n Europeos<\/a><br \/>\n<a href=\"https:\/\/cohesiondata.ec.europa.eu\/funds\" target=\"_blank\" rel=\"noopener\" target=\"_blank\" rel=\"noopener\">Plataforma de datos abiertos sobre la cohesi\u00f3n<\/a><\/p>\n","protected":false},"excerpt":{"rendered":"<p>Un nuevo informe publicado hoy pone de relieve lo que los cinco Fondos de la UE han logrado desde el&#8230;<\/p>\n","protected":false},"author":22,"featured_media":34873,"comment_status":"closed","ping_status":"closed","sticky":false,"template":"","format":"standard","meta":{"inline_featured_image":false,"footnotes":""},"categories":[3773,348],"tags":[792,1220,2550],"acf":[],"yoast_head":"<!-- This site is optimized with the Yoast SEO plugin v21.3 - https:\/\/yoast.com\/wordpress\/plugins\/seo\/ -->\n<title>La econom\u00eda real en Europa ya ha recibido 278 000 millones de euros a trav\u00e9s de los Fondos Estructurales y de Inversi\u00f3n Europeos - ULL - Noticias<\/title>\n<meta name=\"robots\" content=\"index, follow, max-snippet:-1, max-image-preview:large, max-video-preview:-1\" \/>\n<link rel=\"canonical\" href=\"https:\/\/www.ull.es\/portal\/noticias\/2017\/la-economia-real-europa-ya-ha-recibido-278-000-millones-euros-traves-los-fondos-estructurales-inversion-europeos\/\" \/>\n<meta property=\"og:locale\" content=\"es_ES\" \/>\n<meta property=\"og:type\" content=\"article\" \/>\n<meta property=\"og:title\" content=\"La econom\u00eda real en Europa ya ha recibido 278 000 millones de euros a trav\u00e9s de los Fondos Estructurales y de Inversi\u00f3n Europeos - ULL - Noticias\" \/>\n<meta property=\"og:description\" content=\"Un nuevo informe publicado hoy pone de relieve lo que los cinco Fondos de la UE han logrado desde el...\" \/>\n<meta property=\"og:url\" content=\"https:\/\/www.ull.es\/portal\/noticias\/2017\/la-economia-real-europa-ya-ha-recibido-278-000-millones-euros-traves-los-fondos-estructurales-inversion-europeos\/\" \/>\n<meta property=\"og:site_name\" content=\"ULL - Noticias\" \/>\n<meta property=\"article:publisher\" content=\"https:\/\/www.facebook.com\/universidaddelalaguna\/\" \/>\n<meta property=\"article:published_time\" content=\"2017-12-13T10:22:42+00:00\" \/>\n<meta property=\"article:modified_time\" content=\"2018-01-22T14:23:32+00:00\" \/>\n<meta property=\"og:image\" content=\"https:\/\/www.ull.es\/portal\/noticias\/wp-content\/uploads\/sites\/13\/2017\/12\/flag.jpg\" \/>\n\t<meta property=\"og:image:width\" content=\"1200\" \/>\n\t<meta property=\"og:image:height\" content=\"300\" \/>\n\t<meta property=\"og:image:type\" content=\"image\/jpeg\" \/>\n<meta name=\"author\" content=\"gesweb\" \/>\n<meta name=\"twitter:card\" content=\"summary_large_image\" \/>\n<meta name=\"twitter:creator\" content=\"@CanalULL\" \/>\n<meta name=\"twitter:site\" content=\"@CanalULL\" \/>\n<meta name=\"twitter:label1\" content=\"Escrito por\" \/>\n\t<meta name=\"twitter:data1\" content=\"gesweb\" \/>\n\t<meta name=\"twitter:label2\" content=\"Tiempo de lectura\" \/>\n\t<meta name=\"twitter:data2\" content=\"4 minutos\" \/>\n<script type=\"application\/ld+json\" class=\"yoast-schema-graph\">{\"@context\":\"https:\/\/schema.org\",\"@graph\":[{\"@type\":\"WebPage\",\"@id\":\"https:\/\/www.ull.es\/portal\/noticias\/2017\/la-economia-real-europa-ya-ha-recibido-278-000-millones-euros-traves-los-fondos-estructurales-inversion-europeos\/\",\"url\":\"https:\/\/www.ull.es\/portal\/noticias\/2017\/la-economia-real-europa-ya-ha-recibido-278-000-millones-euros-traves-los-fondos-estructurales-inversion-europeos\/\",\"name\":\"La econom\u00eda real en Europa ya ha recibido 278 000 millones de euros a trav\u00e9s de los Fondos Estructurales y de Inversi\u00f3n Europeos - ULL - Noticias\",\"isPartOf\":{\"@id\":\"https:\/\/www.ull.es\/portal\/noticias\/#website\"},\"datePublished\":\"2017-12-13T10:22:42+00:00\",\"dateModified\":\"2018-01-22T14:23:32+00:00\",\"author\":{\"@id\":\"https:\/\/www.ull.es\/portal\/noticias\/#\/schema\/person\/0d0cec7a74dddecef1a523fc5adef552\"},\"breadcrumb\":{\"@id\":\"https:\/\/www.ull.es\/portal\/noticias\/2017\/la-economia-real-europa-ya-ha-recibido-278-000-millones-euros-traves-los-fondos-estructurales-inversion-europeos\/#breadcrumb\"},\"inLanguage\":\"es\",\"potentialAction\":[{\"@type\":\"ReadAction\",\"target\":[\"https:\/\/www.ull.es\/portal\/noticias\/2017\/la-economia-real-europa-ya-ha-recibido-278-000-millones-euros-traves-los-fondos-estructurales-inversion-europeos\/\"]}]},{\"@type\":\"BreadcrumbList\",\"@id\":\"https:\/\/www.ull.es\/portal\/noticias\/2017\/la-economia-real-europa-ya-ha-recibido-278-000-millones-euros-traves-los-fondos-estructurales-inversion-europeos\/#breadcrumb\",\"itemListElement\":[{\"@type\":\"ListItem\",\"position\":1,\"name\":\"Portada\",\"item\":\"https:\/\/www.ull.es\/portal\/noticias\/\"},{\"@type\":\"ListItem\",\"position\":2,\"name\":\"La econom\u00eda real en Europa ya ha recibido 278 000 millones de euros a trav\u00e9s de los Fondos Estructurales y de Inversi\u00f3n Europeos\"}]},{\"@type\":\"WebSite\",\"@id\":\"https:\/\/www.ull.es\/portal\/noticias\/#website\",\"url\":\"https:\/\/www.ull.es\/portal\/noticias\/\",\"name\":\"ULL - Noticias\",\"description\":\"\",\"potentialAction\":[{\"@type\":\"SearchAction\",\"target\":{\"@type\":\"EntryPoint\",\"urlTemplate\":\"https:\/\/www.ull.es\/portal\/noticias\/?s={search_term_string}\"},\"query-input\":\"required name=search_term_string\"}],\"inLanguage\":\"es\"},{\"@type\":\"Person\",\"@id\":\"https:\/\/www.ull.es\/portal\/noticias\/#\/schema\/person\/0d0cec7a74dddecef1a523fc5adef552\",\"name\":\"gesweb\",\"image\":{\"@type\":\"ImageObject\",\"inLanguage\":\"es\",\"@id\":\"https:\/\/www.ull.es\/portal\/noticias\/#\/schema\/person\/image\/\",\"url\":\"https:\/\/secure.gravatar.com\/avatar\/23432b5ec55289f95fd3441098fba4b4?s=96&d=mm&r=g\",\"contentUrl\":\"https:\/\/secure.gravatar.com\/avatar\/23432b5ec55289f95fd3441098fba4b4?s=96&d=mm&r=g\",\"caption\":\"gesweb\"},\"url\":\"https:\/\/www.ull.es\/portal\/noticias\/author\/gesweb\/\"}]}<\/script>\n<!-- \/ Yoast SEO plugin. -->","yoast_head_json":{"title":"La econom\u00eda real en Europa ya ha recibido 278 000 millones de euros a trav\u00e9s de los Fondos Estructurales y de Inversi\u00f3n Europeos - ULL - Noticias","robots":{"index":"index","follow":"follow","max-snippet":"max-snippet:-1","max-image-preview":"max-image-preview:large","max-video-preview":"max-video-preview:-1"},"canonical":"https:\/\/www.ull.es\/portal\/noticias\/2017\/la-economia-real-europa-ya-ha-recibido-278-000-millones-euros-traves-los-fondos-estructurales-inversion-europeos\/","og_locale":"es_ES","og_type":"article","og_title":"La econom\u00eda real en Europa ya ha recibido 278 000 millones de euros a trav\u00e9s de los Fondos Estructurales y de Inversi\u00f3n Europeos - ULL - Noticias","og_description":"Un nuevo informe publicado hoy pone de relieve lo que los cinco Fondos de la UE han logrado desde el...","og_url":"https:\/\/www.ull.es\/portal\/noticias\/2017\/la-economia-real-europa-ya-ha-recibido-278-000-millones-euros-traves-los-fondos-estructurales-inversion-europeos\/","og_site_name":"ULL - Noticias","article_publisher":"https:\/\/www.facebook.com\/universidaddelalaguna\/","article_published_time":"2017-12-13T10:22:42+00:00","article_modified_time":"2018-01-22T14:23:32+00:00","og_image":[{"width":1200,"height":300,"url":"https:\/\/www.ull.es\/portal\/noticias\/wp-content\/uploads\/sites\/13\/2017\/12\/flag.jpg","type":"image\/jpeg"}],"author":"gesweb","twitter_card":"summary_large_image","twitter_creator":"@CanalULL","twitter_site":"@CanalULL","twitter_misc":{"Escrito por":"gesweb","Tiempo de lectura":"4 minutos"},"schema":{"@context":"https:\/\/schema.org","@graph":[{"@type":"WebPage","@id":"https:\/\/www.ull.es\/portal\/noticias\/2017\/la-economia-real-europa-ya-ha-recibido-278-000-millones-euros-traves-los-fondos-estructurales-inversion-europeos\/","url":"https:\/\/www.ull.es\/portal\/noticias\/2017\/la-economia-real-europa-ya-ha-recibido-278-000-millones-euros-traves-los-fondos-estructurales-inversion-europeos\/","name":"La econom\u00eda real en Europa ya ha recibido 278 000 millones de euros a trav\u00e9s de los Fondos Estructurales y de Inversi\u00f3n Europeos - ULL - Noticias","isPartOf":{"@id":"https:\/\/www.ull.es\/portal\/noticias\/#website"},"datePublished":"2017-12-13T10:22:42+00:00","dateModified":"2018-01-22T14:23:32+00:00","author":{"@id":"https:\/\/www.ull.es\/portal\/noticias\/#\/schema\/person\/0d0cec7a74dddecef1a523fc5adef552"},"breadcrumb":{"@id":"https:\/\/www.ull.es\/portal\/noticias\/2017\/la-economia-real-europa-ya-ha-recibido-278-000-millones-euros-traves-los-fondos-estructurales-inversion-europeos\/#breadcrumb"},"inLanguage":"es","potentialAction":[{"@type":"ReadAction","target":["https:\/\/www.ull.es\/portal\/noticias\/2017\/la-economia-real-europa-ya-ha-recibido-278-000-millones-euros-traves-los-fondos-estructurales-inversion-europeos\/"]}]},{"@type":"BreadcrumbList","@id":"https:\/\/www.ull.es\/portal\/noticias\/2017\/la-economia-real-europa-ya-ha-recibido-278-000-millones-euros-traves-los-fondos-estructurales-inversion-europeos\/#breadcrumb","itemListElement":[{"@type":"ListItem","position":1,"name":"Portada","item":"https:\/\/www.ull.es\/portal\/noticias\/"},{"@type":"ListItem","position":2,"name":"La econom\u00eda real en Europa ya ha recibido 278 000 millones de euros a trav\u00e9s de los Fondos Estructurales y de Inversi\u00f3n Europeos"}]},{"@type":"WebSite","@id":"https:\/\/www.ull.es\/portal\/noticias\/#website","url":"https:\/\/www.ull.es\/portal\/noticias\/","name":"ULL - Noticias","description":"","potentialAction":[{"@type":"SearchAction","target":{"@type":"EntryPoint","urlTemplate":"https:\/\/www.ull.es\/portal\/noticias\/?s={search_term_string}"},"query-input":"required name=search_term_string"}],"inLanguage":"es"},{"@type":"Person","@id":"https:\/\/www.ull.es\/portal\/noticias\/#\/schema\/person\/0d0cec7a74dddecef1a523fc5adef552","name":"gesweb","image":{"@type":"ImageObject","inLanguage":"es","@id":"https:\/\/www.ull.es\/portal\/noticias\/#\/schema\/person\/image\/","url":"https:\/\/secure.gravatar.com\/avatar\/23432b5ec55289f95fd3441098fba4b4?s=96&d=mm&r=g","contentUrl":"https:\/\/secure.gravatar.com\/avatar\/23432b5ec55289f95fd3441098fba4b4?s=96&d=mm&r=g","caption":"gesweb"},"url":"https:\/\/www.ull.es\/portal\/noticias\/author\/gesweb\/"}]}},"primary_category":{"id":null,"name":null,"slug":null,"link":{"errors":{"invalid_term":["T\u00e9rmino vac\u00edo."]},"error_data":[]}},"featured_image_thumbnail_url":"https:\/\/www.ull.es\/portal\/noticias\/wp-content\/uploads\/sites\/13\/2017\/12\/flag-300x75.jpg","_links":{"self":[{"href":"https:\/\/www.ull.es\/portal\/noticias\/wp-json\/wp\/v2\/posts\/34607"}],"collection":[{"href":"https:\/\/www.ull.es\/portal\/noticias\/wp-json\/wp\/v2\/posts"}],"about":[{"href":"https:\/\/www.ull.es\/portal\/noticias\/wp-json\/wp\/v2\/types\/post"}],"author":[{"embeddable":true,"href":"https:\/\/www.ull.es\/portal\/noticias\/wp-json\/wp\/v2\/users\/22"}],"replies":[{"embeddable":true,"href":"https:\/\/www.ull.es\/portal\/noticias\/wp-json\/wp\/v2\/comments?post=34607"}],"version-history":[{"count":4,"href":"https:\/\/www.ull.es\/portal\/noticias\/wp-json\/wp\/v2\/posts\/34607\/revisions"}],"predecessor-version":[{"id":34611,"href":"https:\/\/www.ull.es\/portal\/noticias\/wp-json\/wp\/v2\/posts\/34607\/revisions\/34611"}],"wp:featuredmedia":[{"embeddable":true,"href":"https:\/\/www.ull.es\/portal\/noticias\/wp-json\/wp\/v2\/media\/34873"}],"wp:attachment":[{"href":"https:\/\/www.ull.es\/portal\/noticias\/wp-json\/wp\/v2\/media?parent=34607"}],"wp:term":[{"taxonomy":"category","embeddable":true,"href":"https:\/\/www.ull.es\/portal\/noticias\/wp-json\/wp\/v2\/categories?post=34607"},{"taxonomy":"post_tag","embeddable":true,"href":"https:\/\/www.ull.es\/portal\/noticias\/wp-json\/wp\/v2\/tags?post=34607"}],"curies":[{"name":"wp","href":"https:\/\/api.w.org\/{rel}","templated":true}]}}