{"id":34638,"date":"2017-12-28T15:05:15","date_gmt":"2017-12-28T15:05:15","guid":{"rendered":"https:\/\/www.ull.es\/portal\/noticias\/?p=34638"},"modified":"2018-01-31T13:15:56","modified_gmt":"2018-01-31T13:15:56","slug":"resolucion-12-diciembre-2017-la-se-convoca-una-beca-laboratorios-audiovisuales-la-seccion-ciencias-informacion-la-universidad-la-laguna-curso-2017-2018","status":"publish","type":"post","link":"https:\/\/www.ull.es\/portal\/noticias\/2017\/resolucion-12-diciembre-2017-la-se-convoca-una-beca-laboratorios-audiovisuales-la-seccion-ciencias-informacion-la-universidad-la-laguna-curso-2017-2018\/","title":{"rendered":"Resoluci\u00f3n de 12 de diciembre de 2017, por la que se convoca una beca en Laboratorios Audiovisuales de la Secci\u00f3n de Ciencias de Informaci\u00f3n de La Universidad de La Laguna, curso 2017-2018"},"content":{"rendered":"<p>Toda la informaci\u00f3n acerca de esta convocatoria la podr\u00e1n consultar a trav\u00e9s de<strong><a href=\"https:\/\/www.ull.es\/portal\/convocatorias\/convocatoria\/resolucion-12-diciembre-2017-la-se-convoca-una-beca-laboratorios-audiovisuales-la-seccion-ciencias-informacion-la-universidad-la-laguna-curso-2017-2018\/\" target=\"_blank\" rel=\"noopener\" target=\"_blank\" rel=\"noopener\"> este enlace<\/a> <\/strong>dentro del Portal de Convocatorias<\/p>\n","protected":false},"excerpt":{"rendered":"<p>Toda la informaci\u00f3n acerca de esta convocatoria la podr\u00e1n consultar a trav\u00e9s de este enlace dentro del Portal de Convocatorias<\/p>\n","protected":false},"author":20,"featured_media":0,"comment_status":"closed","ping_status":"closed","sticky":false,"template":"","format":"standard","meta":{"inline_featured_image":false,"footnotes":""},"categories":[2768],"tags":[],"acf":[],"yoast_head":"<!-- This site is optimized with the Yoast SEO plugin v21.3 - https:\/\/yoast.com\/wordpress\/plugins\/seo\/ -->\n<title>Resoluci\u00f3n de 12 de diciembre de 2017, por la que se convoca una beca en Laboratorios Audiovisuales de la Secci\u00f3n de Ciencias de Informaci\u00f3n de La Universidad de La Laguna, curso 2017-2018 - ULL - Noticias<\/title>\n<meta name=\"robots\" content=\"index, follow, max-snippet:-1, max-image-preview:large, max-video-preview:-1\" \/>\n<link rel=\"canonical\" href=\"https:\/\/www.ull.es\/portal\/noticias\/2017\/resolucion-12-diciembre-2017-la-se-convoca-una-beca-laboratorios-audiovisuales-la-seccion-ciencias-informacion-la-universidad-la-laguna-curso-2017-2018\/\" \/>\n<meta property=\"og:locale\" content=\"es_ES\" \/>\n<meta property=\"og:type\" content=\"article\" \/>\n<meta property=\"og:title\" content=\"Resoluci\u00f3n de 12 de diciembre de 2017, por la que se convoca una beca en Laboratorios Audiovisuales de la Secci\u00f3n de Ciencias de Informaci\u00f3n de La Universidad de La Laguna, curso 2017-2018 - ULL - Noticias\" \/>\n<meta property=\"og:description\" content=\"Toda la informaci\u00f3n acerca de esta convocatoria la podr\u00e1n consultar a trav\u00e9s de este enlace dentro del Portal de Convocatorias\" \/>\n<meta property=\"og:url\" content=\"https:\/\/www.ull.es\/portal\/noticias\/2017\/resolucion-12-diciembre-2017-la-se-convoca-una-beca-laboratorios-audiovisuales-la-seccion-ciencias-informacion-la-universidad-la-laguna-curso-2017-2018\/\" \/>\n<meta property=\"og:site_name\" content=\"ULL - Noticias\" \/>\n<meta property=\"article:publisher\" content=\"https:\/\/www.facebook.com\/universidaddelalaguna\/\" \/>\n<meta property=\"article:published_time\" content=\"2017-12-28T15:05:15+00:00\" \/>\n<meta property=\"article:modified_time\" content=\"2018-01-31T13:15:56+00:00\" \/>\n<meta property=\"og:image\" content=\"https:\/\/www.ull.es\/portal\/noticias\/wp-content\/uploads\/sites\/13\/2023\/06\/logo-redimensionado.png\" \/>\n\t<meta property=\"og:image:width\" content=\"1200\" \/>\n\t<meta property=\"og:image:height\" content=\"630\" \/>\n\t<meta property=\"og:image:type\" content=\"image\/png\" \/>\n<meta name=\"author\" content=\"prensa1\" \/>\n<meta name=\"twitter:card\" content=\"summary_large_image\" \/>\n<meta name=\"twitter:creator\" content=\"@CanalULL\" \/>\n<meta name=\"twitter:site\" content=\"@CanalULL\" \/>\n<meta name=\"twitter:label1\" content=\"Escrito por\" \/>\n\t<meta name=\"twitter:data1\" content=\"prensa1\" \/>\n<script type=\"application\/ld+json\" class=\"yoast-schema-graph\">{\"@context\":\"https:\/\/schema.org\",\"@graph\":[{\"@type\":\"WebPage\",\"@id\":\"https:\/\/www.ull.es\/portal\/noticias\/2017\/resolucion-12-diciembre-2017-la-se-convoca-una-beca-laboratorios-audiovisuales-la-seccion-ciencias-informacion-la-universidad-la-laguna-curso-2017-2018\/\",\"url\":\"https:\/\/www.ull.es\/portal\/noticias\/2017\/resolucion-12-diciembre-2017-la-se-convoca-una-beca-laboratorios-audiovisuales-la-seccion-ciencias-informacion-la-universidad-la-laguna-curso-2017-2018\/\",\"name\":\"Resoluci\u00f3n de 12 de diciembre de 2017, por la que se convoca una beca en Laboratorios Audiovisuales de la Secci\u00f3n de Ciencias de Informaci\u00f3n de La Universidad de La Laguna, curso 2017-2018 - ULL - Noticias\",\"isPartOf\":{\"@id\":\"https:\/\/www.ull.es\/portal\/noticias\/#website\"},\"datePublished\":\"2017-12-28T15:05:15+00:00\",\"dateModified\":\"2018-01-31T13:15:56+00:00\",\"author\":{\"@id\":\"https:\/\/www.ull.es\/portal\/noticias\/#\/schema\/person\/ea9b721b26bc001d9f8820a760100f96\"},\"breadcrumb\":{\"@id\":\"https:\/\/www.ull.es\/portal\/noticias\/2017\/resolucion-12-diciembre-2017-la-se-convoca-una-beca-laboratorios-audiovisuales-la-seccion-ciencias-informacion-la-universidad-la-laguna-curso-2017-2018\/#breadcrumb\"},\"inLanguage\":\"es\",\"potentialAction\":[{\"@type\":\"ReadAction\",\"target\":[\"https:\/\/www.ull.es\/portal\/noticias\/2017\/resolucion-12-diciembre-2017-la-se-convoca-una-beca-laboratorios-audiovisuales-la-seccion-ciencias-informacion-la-universidad-la-laguna-curso-2017-2018\/\"]}]},{\"@type\":\"BreadcrumbList\",\"@id\":\"https:\/\/www.ull.es\/portal\/noticias\/2017\/resolucion-12-diciembre-2017-la-se-convoca-una-beca-laboratorios-audiovisuales-la-seccion-ciencias-informacion-la-universidad-la-laguna-curso-2017-2018\/#breadcrumb\",\"itemListElement\":[{\"@type\":\"ListItem\",\"position\":1,\"name\":\"Portada\",\"item\":\"https:\/\/www.ull.es\/portal\/noticias\/\"},{\"@type\":\"ListItem\",\"position\":2,\"name\":\"Resoluci\u00f3n de 12 de diciembre de 2017, por la que se convoca una beca en Laboratorios Audiovisuales de la Secci\u00f3n de Ciencias de Informaci\u00f3n de La Universidad de La Laguna, curso 2017-2018\"}]},{\"@type\":\"WebSite\",\"@id\":\"https:\/\/www.ull.es\/portal\/noticias\/#website\",\"url\":\"https:\/\/www.ull.es\/portal\/noticias\/\",\"name\":\"ULL - Noticias\",\"description\":\"\",\"potentialAction\":[{\"@type\":\"SearchAction\",\"target\":{\"@type\":\"EntryPoint\",\"urlTemplate\":\"https:\/\/www.ull.es\/portal\/noticias\/?s={search_term_string}\"},\"query-input\":\"required name=search_term_string\"}],\"inLanguage\":\"es\"},{\"@type\":\"Person\",\"@id\":\"https:\/\/www.ull.es\/portal\/noticias\/#\/schema\/person\/ea9b721b26bc001d9f8820a760100f96\",\"name\":\"prensa1\",\"image\":{\"@type\":\"ImageObject\",\"inLanguage\":\"es\",\"@id\":\"https:\/\/www.ull.es\/portal\/noticias\/#\/schema\/person\/image\/\",\"url\":\"https:\/\/secure.gravatar.com\/avatar\/94b9dcabd35142d3e94c7343cd1c6ca0?s=96&d=mm&r=g\",\"contentUrl\":\"https:\/\/secure.gravatar.com\/avatar\/94b9dcabd35142d3e94c7343cd1c6ca0?s=96&d=mm&r=g\",\"caption\":\"prensa1\"},\"url\":\"https:\/\/www.ull.es\/portal\/noticias\/author\/prensa1\/\"}]}<\/script>\n<!-- \/ Yoast SEO plugin. -->","yoast_head_json":{"title":"Resoluci\u00f3n de 12 de diciembre de 2017, por la que se convoca una beca en Laboratorios Audiovisuales de la Secci\u00f3n de Ciencias de Informaci\u00f3n de La Universidad de La Laguna, curso 2017-2018 - ULL - Noticias","robots":{"index":"index","follow":"follow","max-snippet":"max-snippet:-1","max-image-preview":"max-image-preview:large","max-video-preview":"max-video-preview:-1"},"canonical":"https:\/\/www.ull.es\/portal\/noticias\/2017\/resolucion-12-diciembre-2017-la-se-convoca-una-beca-laboratorios-audiovisuales-la-seccion-ciencias-informacion-la-universidad-la-laguna-curso-2017-2018\/","og_locale":"es_ES","og_type":"article","og_title":"Resoluci\u00f3n de 12 de diciembre de 2017, por la que se convoca una beca en Laboratorios Audiovisuales de la Secci\u00f3n de Ciencias de Informaci\u00f3n de La Universidad de La Laguna, curso 2017-2018 - ULL - Noticias","og_description":"Toda la informaci\u00f3n acerca de esta convocatoria la podr\u00e1n consultar a trav\u00e9s de este enlace dentro del Portal de Convocatorias","og_url":"https:\/\/www.ull.es\/portal\/noticias\/2017\/resolucion-12-diciembre-2017-la-se-convoca-una-beca-laboratorios-audiovisuales-la-seccion-ciencias-informacion-la-universidad-la-laguna-curso-2017-2018\/","og_site_name":"ULL - Noticias","article_publisher":"https:\/\/www.facebook.com\/universidaddelalaguna\/","article_published_time":"2017-12-28T15:05:15+00:00","article_modified_time":"2018-01-31T13:15:56+00:00","og_image":[{"width":1200,"height":630,"url":"https:\/\/www.ull.es\/portal\/noticias\/wp-content\/uploads\/sites\/13\/2023\/06\/logo-redimensionado.png","type":"image\/png"}],"author":"prensa1","twitter_card":"summary_large_image","twitter_creator":"@CanalULL","twitter_site":"@CanalULL","twitter_misc":{"Escrito por":"prensa1"},"schema":{"@context":"https:\/\/schema.org","@graph":[{"@type":"WebPage","@id":"https:\/\/www.ull.es\/portal\/noticias\/2017\/resolucion-12-diciembre-2017-la-se-convoca-una-beca-laboratorios-audiovisuales-la-seccion-ciencias-informacion-la-universidad-la-laguna-curso-2017-2018\/","url":"https:\/\/www.ull.es\/portal\/noticias\/2017\/resolucion-12-diciembre-2017-la-se-convoca-una-beca-laboratorios-audiovisuales-la-seccion-ciencias-informacion-la-universidad-la-laguna-curso-2017-2018\/","name":"Resoluci\u00f3n de 12 de diciembre de 2017, por la que se convoca una beca en Laboratorios Audiovisuales de la Secci\u00f3n de Ciencias de Informaci\u00f3n de La Universidad de La Laguna, curso 2017-2018 - ULL - Noticias","isPartOf":{"@id":"https:\/\/www.ull.es\/portal\/noticias\/#website"},"datePublished":"2017-12-28T15:05:15+00:00","dateModified":"2018-01-31T13:15:56+00:00","author":{"@id":"https:\/\/www.ull.es\/portal\/noticias\/#\/schema\/person\/ea9b721b26bc001d9f8820a760100f96"},"breadcrumb":{"@id":"https:\/\/www.ull.es\/portal\/noticias\/2017\/resolucion-12-diciembre-2017-la-se-convoca-una-beca-laboratorios-audiovisuales-la-seccion-ciencias-informacion-la-universidad-la-laguna-curso-2017-2018\/#breadcrumb"},"inLanguage":"es","potentialAction":[{"@type":"ReadAction","target":["https:\/\/www.ull.es\/portal\/noticias\/2017\/resolucion-12-diciembre-2017-la-se-convoca-una-beca-laboratorios-audiovisuales-la-seccion-ciencias-informacion-la-universidad-la-laguna-curso-2017-2018\/"]}]},{"@type":"BreadcrumbList","@id":"https:\/\/www.ull.es\/portal\/noticias\/2017\/resolucion-12-diciembre-2017-la-se-convoca-una-beca-laboratorios-audiovisuales-la-seccion-ciencias-informacion-la-universidad-la-laguna-curso-2017-2018\/#breadcrumb","itemListElement":[{"@type":"ListItem","position":1,"name":"Portada","item":"https:\/\/www.ull.es\/portal\/noticias\/"},{"@type":"ListItem","position":2,"name":"Resoluci\u00f3n de 12 de diciembre de 2017, por la que se convoca una beca en Laboratorios Audiovisuales de la Secci\u00f3n de Ciencias de Informaci\u00f3n de La Universidad de La Laguna, curso 2017-2018"}]},{"@type":"WebSite","@id":"https:\/\/www.ull.es\/portal\/noticias\/#website","url":"https:\/\/www.ull.es\/portal\/noticias\/","name":"ULL - Noticias","description":"","potentialAction":[{"@type":"SearchAction","target":{"@type":"EntryPoint","urlTemplate":"https:\/\/www.ull.es\/portal\/noticias\/?s={search_term_string}"},"query-input":"required name=search_term_string"}],"inLanguage":"es"},{"@type":"Person","@id":"https:\/\/www.ull.es\/portal\/noticias\/#\/schema\/person\/ea9b721b26bc001d9f8820a760100f96","name":"prensa1","image":{"@type":"ImageObject","inLanguage":"es","@id":"https:\/\/www.ull.es\/portal\/noticias\/#\/schema\/person\/image\/","url":"https:\/\/secure.gravatar.com\/avatar\/94b9dcabd35142d3e94c7343cd1c6ca0?s=96&d=mm&r=g","contentUrl":"https:\/\/secure.gravatar.com\/avatar\/94b9dcabd35142d3e94c7343cd1c6ca0?s=96&d=mm&r=g","caption":"prensa1"},"url":"https:\/\/www.ull.es\/portal\/noticias\/author\/prensa1\/"}]}},"primary_category":{"id":2768,"name":"Notificaciones Estudiantes","slug":"notificaciones-estudiantes","link":"https:\/\/www.ull.es\/portal\/noticias\/category\/notificaciones-ull\/notificaciones-estudiantes\/"},"featured_image_thumbnail_url":null,"_links":{"self":[{"href":"https:\/\/www.ull.es\/portal\/noticias\/wp-json\/wp\/v2\/posts\/34638"}],"collection":[{"href":"https:\/\/www.ull.es\/portal\/noticias\/wp-json\/wp\/v2\/posts"}],"about":[{"href":"https:\/\/www.ull.es\/portal\/noticias\/wp-json\/wp\/v2\/types\/post"}],"author":[{"embeddable":true,"href":"https:\/\/www.ull.es\/portal\/noticias\/wp-json\/wp\/v2\/users\/20"}],"replies":[{"embeddable":true,"href":"https:\/\/www.ull.es\/portal\/noticias\/wp-json\/wp\/v2\/comments?post=34638"}],"version-history":[{"count":5,"href":"https:\/\/www.ull.es\/portal\/noticias\/wp-json\/wp\/v2\/posts\/34638\/revisions"}],"predecessor-version":[{"id":35078,"href":"https:\/\/www.ull.es\/portal\/noticias\/wp-json\/wp\/v2\/posts\/34638\/revisions\/35078"}],"wp:attachment":[{"href":"https:\/\/www.ull.es\/portal\/noticias\/wp-json\/wp\/v2\/media?parent=34638"}],"wp:term":[{"taxonomy":"category","embeddable":true,"href":"https:\/\/www.ull.es\/portal\/noticias\/wp-json\/wp\/v2\/categories?post=34638"},{"taxonomy":"post_tag","embeddable":true,"href":"https:\/\/www.ull.es\/portal\/noticias\/wp-json\/wp\/v2\/tags?post=34638"}],"curies":[{"name":"wp","href":"https:\/\/api.w.org\/{rel}","templated":true}]}}