{"id":34723,"date":"2018-01-09T15:11:40","date_gmt":"2018-01-09T15:11:40","guid":{"rendered":"https:\/\/www.ull.es\/portal\/noticias\/?p=34723"},"modified":"2018-01-09T15:11:40","modified_gmt":"2018-01-09T15:11:40","slug":"servicio-idiomas-matricula-segundo-cuatrimestre","status":"publish","type":"post","link":"https:\/\/www.ull.es\/portal\/noticias\/2018\/servicio-idiomas-matricula-segundo-cuatrimestre\/","title":{"rendered":"Abierta la matr\u00edcula para los cursos del Servicio de Idiomas de la ULL del segundo cuatrimestre"},"content":{"rendered":"<p>El Servicio de Idiomas de la Universidad de La Laguna ya ha habilitado la matr\u00edcula para todos aquellos cursos programados en el segundo cuatrimestre acad\u00e9mico. Para los niveles iniciales de todos los idiomas ofertados puede realizarse la matr\u00edcula directamente en el portal del Servicio de Idiomas, a trav\u00e9s de la sede electr\u00f3nica. Sin embargo, el estudiantado interesado en niveles superiores tendr\u00e1 que realizar previamente una prueba de nivel, de car\u00e1cter gratuito, para poder acceder al proceso de inscripci\u00f3n deseado.<\/p>\n<p>El cat\u00e1logo de idiomas disponible cuenta con alem\u00e1n, ingl\u00e9s, italiano, lengua de signos, franc\u00e9s, portugu\u00e9s, espa\u00f1ol, \u00e1rabe y ruso; todos ellos en distintos niveles adaptados al marco europeo y con acreditaciones de nivel. Dentro del programa hay cursos preparatorios para pruebas de certificaci\u00f3n internacional, como pueden ser Cambridge o ACLES, entre otros.\u00a0 Igualmente, se puede optar a cursos espec\u00edficos para la mejora de idiomas adaptada al contexto profesional o necesidades concretas, como la conversaci\u00f3n.<\/p>\n<p>Los costes de los cursos var\u00edan en cada caso y se ofrecen reducciones a estudiantes o personas en situaci\u00f3n de desempleo. Por el Servicio de Idiomas pasan cada a\u00f1o cientos de estudiantes de muy diferentes procedencias, universitarios, profesionales, personas de edad avanzada, profesorado de la ULL o personas que, simplemente, tienen inter\u00e9s por estudiar idiomas.<\/p>\n<p>Las personas interesadas pueden acceder a la oferta completa y a las caracter\u00edsticas de cada curso, a trav\u00e9s de la p\u00e1gina web <a href=\"http:\/\/fg.ull.es\/idiomas\" target=\"_blank\" rel=\"noopener\" target=\"_blank\" rel=\"noopener\">fg.ull.es\/idiomas<\/a>.<\/p>\n","protected":false},"excerpt":{"rendered":"<p>La oferta est\u00e1 compuesta por un total de ocho idiomas en diferentes niveles: alem\u00e1n, ingl\u00e9s, italiano, lengua de signos, franc\u00e9s, \u00e1rabe, portugu\u00e9s, espa\u00f1ol y ruso.<\/p>\n","protected":false},"author":21,"featured_media":34724,"comment_status":"closed","ping_status":"closed","sticky":false,"template":"","format":"standard","meta":{"inline_featured_image":false,"footnotes":""},"categories":[345,346,2753,2755,2754,2765],"tags":[1331,1465,1866,2381],"acf":[],"yoast_head":"<!-- This site is optimized with the Yoast SEO plugin v21.3 - https:\/\/yoast.com\/wordpress\/plugins\/seo\/ -->\n<title>El Servicio de Idiomas de la ULL abre matr\u00edcula de segundo cuatrimestre<\/title>\n<meta name=\"description\" content=\"El Servicio de Idiomas de la ULL abre la matr\u00edcula para 2\u00aa cuatrimestre de alem\u00e1n, ingl\u00e9s, italiano, signos, franc\u00e9s, portugu\u00e9s, espa\u00f1ol, \u00e1rabe y ruso.\" \/>\n<meta name=\"robots\" content=\"index, follow, max-snippet:-1, max-image-preview:large, max-video-preview:-1\" \/>\n<link rel=\"canonical\" href=\"https:\/\/www.ull.es\/portal\/noticias\/2018\/servicio-idiomas-matricula-segundo-cuatrimestre\/\" \/>\n<meta property=\"og:locale\" content=\"es_ES\" \/>\n<meta property=\"og:type\" content=\"article\" \/>\n<meta property=\"og:title\" content=\"El Servicio de Idiomas de la ULL abre matr\u00edcula de segundo cuatrimestre\" \/>\n<meta property=\"og:description\" content=\"El Servicio de Idiomas de la ULL abre la matr\u00edcula para 2\u00aa cuatrimestre de alem\u00e1n, ingl\u00e9s, italiano, signos, franc\u00e9s, portugu\u00e9s, espa\u00f1ol, \u00e1rabe y ruso.\" \/>\n<meta property=\"og:url\" content=\"https:\/\/www.ull.es\/portal\/noticias\/2018\/servicio-idiomas-matricula-segundo-cuatrimestre\/\" \/>\n<meta property=\"og:site_name\" content=\"ULL - Noticias\" \/>\n<meta property=\"article:publisher\" content=\"https:\/\/www.facebook.com\/universidaddelalaguna\/\" \/>\n<meta property=\"article:published_time\" content=\"2018-01-09T15:11:40+00:00\" \/>\n<meta property=\"og:image\" content=\"https:\/\/www.ull.es\/portal\/noticias\/wp-content\/uploads\/sites\/13\/2018\/01\/Clase-Serv-Idiomas-06.jpg\" \/>\n\t<meta property=\"og:image:width\" content=\"1024\" \/>\n\t<meta property=\"og:image:height\" content=\"683\" \/>\n\t<meta property=\"og:image:type\" content=\"image\/jpeg\" \/>\n<meta name=\"author\" content=\"prensa2\" \/>\n<meta name=\"twitter:card\" content=\"summary_large_image\" \/>\n<meta name=\"twitter:creator\" content=\"@CanalULL\" \/>\n<meta name=\"twitter:site\" content=\"@CanalULL\" \/>\n<meta name=\"twitter:label1\" content=\"Escrito por\" \/>\n\t<meta name=\"twitter:data1\" content=\"prensa2\" \/>\n\t<meta name=\"twitter:label2\" content=\"Tiempo de lectura\" \/>\n\t<meta name=\"twitter:data2\" content=\"1 minuto\" \/>\n<script type=\"application\/ld+json\" class=\"yoast-schema-graph\">{\"@context\":\"https:\/\/schema.org\",\"@graph\":[{\"@type\":\"WebPage\",\"@id\":\"https:\/\/www.ull.es\/portal\/noticias\/2018\/servicio-idiomas-matricula-segundo-cuatrimestre\/\",\"url\":\"https:\/\/www.ull.es\/portal\/noticias\/2018\/servicio-idiomas-matricula-segundo-cuatrimestre\/\",\"name\":\"El Servicio de Idiomas de la ULL abre matr\u00edcula de segundo cuatrimestre\",\"isPartOf\":{\"@id\":\"https:\/\/www.ull.es\/portal\/noticias\/#website\"},\"datePublished\":\"2018-01-09T15:11:40+00:00\",\"dateModified\":\"2018-01-09T15:11:40+00:00\",\"author\":{\"@id\":\"https:\/\/www.ull.es\/portal\/noticias\/#\/schema\/person\/c3b2aa857797592927a03740d6664376\"},\"description\":\"El Servicio de Idiomas de la ULL abre la matr\u00edcula para 2\u00aa cuatrimestre de alem\u00e1n, ingl\u00e9s, italiano, signos, franc\u00e9s, portugu\u00e9s, espa\u00f1ol, \u00e1rabe y ruso.\",\"breadcrumb\":{\"@id\":\"https:\/\/www.ull.es\/portal\/noticias\/2018\/servicio-idiomas-matricula-segundo-cuatrimestre\/#breadcrumb\"},\"inLanguage\":\"es\",\"potentialAction\":[{\"@type\":\"ReadAction\",\"target\":[\"https:\/\/www.ull.es\/portal\/noticias\/2018\/servicio-idiomas-matricula-segundo-cuatrimestre\/\"]}]},{\"@type\":\"BreadcrumbList\",\"@id\":\"https:\/\/www.ull.es\/portal\/noticias\/2018\/servicio-idiomas-matricula-segundo-cuatrimestre\/#breadcrumb\",\"itemListElement\":[{\"@type\":\"ListItem\",\"position\":1,\"name\":\"Portada\",\"item\":\"https:\/\/www.ull.es\/portal\/noticias\/\"},{\"@type\":\"ListItem\",\"position\":2,\"name\":\"Abierta la matr\u00edcula para los cursos del Servicio de Idiomas de la ULL del segundo cuatrimestre\"}]},{\"@type\":\"WebSite\",\"@id\":\"https:\/\/www.ull.es\/portal\/noticias\/#website\",\"url\":\"https:\/\/www.ull.es\/portal\/noticias\/\",\"name\":\"ULL - Noticias\",\"description\":\"\",\"potentialAction\":[{\"@type\":\"SearchAction\",\"target\":{\"@type\":\"EntryPoint\",\"urlTemplate\":\"https:\/\/www.ull.es\/portal\/noticias\/?s={search_term_string}\"},\"query-input\":\"required name=search_term_string\"}],\"inLanguage\":\"es\"},{\"@type\":\"Person\",\"@id\":\"https:\/\/www.ull.es\/portal\/noticias\/#\/schema\/person\/c3b2aa857797592927a03740d6664376\",\"name\":\"prensa2\",\"image\":{\"@type\":\"ImageObject\",\"inLanguage\":\"es\",\"@id\":\"https:\/\/www.ull.es\/portal\/noticias\/#\/schema\/person\/image\/\",\"url\":\"https:\/\/secure.gravatar.com\/avatar\/b58f310a5de5feb33d1e026d2493f23c?s=96&d=mm&r=g\",\"contentUrl\":\"https:\/\/secure.gravatar.com\/avatar\/b58f310a5de5feb33d1e026d2493f23c?s=96&d=mm&r=g\",\"caption\":\"prensa2\"},\"url\":\"https:\/\/www.ull.es\/portal\/noticias\/author\/prensa2\/\"}]}<\/script>\n<!-- \/ Yoast SEO plugin. -->","yoast_head_json":{"title":"El Servicio de Idiomas de la ULL abre matr\u00edcula de segundo cuatrimestre","description":"El Servicio de Idiomas de la ULL abre la matr\u00edcula para 2\u00aa cuatrimestre de alem\u00e1n, ingl\u00e9s, italiano, signos, franc\u00e9s, portugu\u00e9s, espa\u00f1ol, \u00e1rabe y ruso.","robots":{"index":"index","follow":"follow","max-snippet":"max-snippet:-1","max-image-preview":"max-image-preview:large","max-video-preview":"max-video-preview:-1"},"canonical":"https:\/\/www.ull.es\/portal\/noticias\/2018\/servicio-idiomas-matricula-segundo-cuatrimestre\/","og_locale":"es_ES","og_type":"article","og_title":"El Servicio de Idiomas de la ULL abre matr\u00edcula de segundo cuatrimestre","og_description":"El Servicio de Idiomas de la ULL abre la matr\u00edcula para 2\u00aa cuatrimestre de alem\u00e1n, ingl\u00e9s, italiano, signos, franc\u00e9s, portugu\u00e9s, espa\u00f1ol, \u00e1rabe y ruso.","og_url":"https:\/\/www.ull.es\/portal\/noticias\/2018\/servicio-idiomas-matricula-segundo-cuatrimestre\/","og_site_name":"ULL - Noticias","article_publisher":"https:\/\/www.facebook.com\/universidaddelalaguna\/","article_published_time":"2018-01-09T15:11:40+00:00","og_image":[{"width":1024,"height":683,"url":"https:\/\/www.ull.es\/portal\/noticias\/wp-content\/uploads\/sites\/13\/2018\/01\/Clase-Serv-Idiomas-06.jpg","type":"image\/jpeg"}],"author":"prensa2","twitter_card":"summary_large_image","twitter_creator":"@CanalULL","twitter_site":"@CanalULL","twitter_misc":{"Escrito por":"prensa2","Tiempo de lectura":"1 minuto"},"schema":{"@context":"https:\/\/schema.org","@graph":[{"@type":"WebPage","@id":"https:\/\/www.ull.es\/portal\/noticias\/2018\/servicio-idiomas-matricula-segundo-cuatrimestre\/","url":"https:\/\/www.ull.es\/portal\/noticias\/2018\/servicio-idiomas-matricula-segundo-cuatrimestre\/","name":"El Servicio de Idiomas de la ULL abre matr\u00edcula de segundo cuatrimestre","isPartOf":{"@id":"https:\/\/www.ull.es\/portal\/noticias\/#website"},"datePublished":"2018-01-09T15:11:40+00:00","dateModified":"2018-01-09T15:11:40+00:00","author":{"@id":"https:\/\/www.ull.es\/portal\/noticias\/#\/schema\/person\/c3b2aa857797592927a03740d6664376"},"description":"El Servicio de Idiomas de la ULL abre la matr\u00edcula para 2\u00aa cuatrimestre de alem\u00e1n, ingl\u00e9s, italiano, signos, franc\u00e9s, portugu\u00e9s, espa\u00f1ol, \u00e1rabe y ruso.","breadcrumb":{"@id":"https:\/\/www.ull.es\/portal\/noticias\/2018\/servicio-idiomas-matricula-segundo-cuatrimestre\/#breadcrumb"},"inLanguage":"es","potentialAction":[{"@type":"ReadAction","target":["https:\/\/www.ull.es\/portal\/noticias\/2018\/servicio-idiomas-matricula-segundo-cuatrimestre\/"]}]},{"@type":"BreadcrumbList","@id":"https:\/\/www.ull.es\/portal\/noticias\/2018\/servicio-idiomas-matricula-segundo-cuatrimestre\/#breadcrumb","itemListElement":[{"@type":"ListItem","position":1,"name":"Portada","item":"https:\/\/www.ull.es\/portal\/noticias\/"},{"@type":"ListItem","position":2,"name":"Abierta la matr\u00edcula para los cursos del Servicio de Idiomas de la ULL del segundo cuatrimestre"}]},{"@type":"WebSite","@id":"https:\/\/www.ull.es\/portal\/noticias\/#website","url":"https:\/\/www.ull.es\/portal\/noticias\/","name":"ULL - Noticias","description":"","potentialAction":[{"@type":"SearchAction","target":{"@type":"EntryPoint","urlTemplate":"https:\/\/www.ull.es\/portal\/noticias\/?s={search_term_string}"},"query-input":"required name=search_term_string"}],"inLanguage":"es"},{"@type":"Person","@id":"https:\/\/www.ull.es\/portal\/noticias\/#\/schema\/person\/c3b2aa857797592927a03740d6664376","name":"prensa2","image":{"@type":"ImageObject","inLanguage":"es","@id":"https:\/\/www.ull.es\/portal\/noticias\/#\/schema\/person\/image\/","url":"https:\/\/secure.gravatar.com\/avatar\/b58f310a5de5feb33d1e026d2493f23c?s=96&d=mm&r=g","contentUrl":"https:\/\/secure.gravatar.com\/avatar\/b58f310a5de5feb33d1e026d2493f23c?s=96&d=mm&r=g","caption":"prensa2"},"url":"https:\/\/www.ull.es\/portal\/noticias\/author\/prensa2\/"}]}},"primary_category":{"id":346,"name":"Docencia","slug":"docencia","link":"https:\/\/www.ull.es\/portal\/noticias\/category\/docencia\/"},"featured_image_thumbnail_url":"https:\/\/www.ull.es\/portal\/noticias\/wp-content\/uploads\/sites\/13\/2018\/01\/Clase-Serv-Idiomas-06-300x200.jpg","_links":{"self":[{"href":"https:\/\/www.ull.es\/portal\/noticias\/wp-json\/wp\/v2\/posts\/34723"}],"collection":[{"href":"https:\/\/www.ull.es\/portal\/noticias\/wp-json\/wp\/v2\/posts"}],"about":[{"href":"https:\/\/www.ull.es\/portal\/noticias\/wp-json\/wp\/v2\/types\/post"}],"author":[{"embeddable":true,"href":"https:\/\/www.ull.es\/portal\/noticias\/wp-json\/wp\/v2\/users\/21"}],"replies":[{"embeddable":true,"href":"https:\/\/www.ull.es\/portal\/noticias\/wp-json\/wp\/v2\/comments?post=34723"}],"version-history":[{"count":1,"href":"https:\/\/www.ull.es\/portal\/noticias\/wp-json\/wp\/v2\/posts\/34723\/revisions"}],"predecessor-version":[{"id":34725,"href":"https:\/\/www.ull.es\/portal\/noticias\/wp-json\/wp\/v2\/posts\/34723\/revisions\/34725"}],"wp:featuredmedia":[{"embeddable":true,"href":"https:\/\/www.ull.es\/portal\/noticias\/wp-json\/wp\/v2\/media\/34724"}],"wp:attachment":[{"href":"https:\/\/www.ull.es\/portal\/noticias\/wp-json\/wp\/v2\/media?parent=34723"}],"wp:term":[{"taxonomy":"category","embeddable":true,"href":"https:\/\/www.ull.es\/portal\/noticias\/wp-json\/wp\/v2\/categories?post=34723"},{"taxonomy":"post_tag","embeddable":true,"href":"https:\/\/www.ull.es\/portal\/noticias\/wp-json\/wp\/v2\/tags?post=34723"}],"curies":[{"name":"wp","href":"https:\/\/api.w.org\/{rel}","templated":true}]}}