{"id":34952,"date":"2018-01-24T15:06:37","date_gmt":"2018-01-24T15:06:37","guid":{"rendered":"https:\/\/www.ull.es\/portal\/noticias\/?p=34952"},"modified":"2018-01-24T15:06:37","modified_gmt":"2018-01-24T15:06:37","slug":"la-red-fundaciones-universitarias-celebra-encuentro-anual-la-universidad-la-laguna","status":"publish","type":"post","link":"https:\/\/www.ull.es\/portal\/noticias\/2018\/la-red-fundaciones-universitarias-celebra-encuentro-anual-la-universidad-la-laguna\/","title":{"rendered":"La Red de Fundaciones Universitarias celebra su encuentro anual en la Universidad de La Laguna"},"content":{"rendered":"<p>La Red de Fundaciones Universidad Empresa (REDFUE), con representantes de todo el Estado, se reunir\u00e1 en la Universidad de La Laguna los pr\u00f3ximos d\u00edas 25 y 26 de enero para celebrar su encuentro anual, que se compone por una asamblea interna y varias jornadas de trabajo sobre temas de inter\u00e9s compartidos por las fundaciones. Estos encuentros anuales son itinerantes, pasando por las sedes de las diferentes organizaciones participantes en la Red. En este caso, la Fundaci\u00f3n General de la Universidad de La Laguna acoger\u00e1 esta cita, caracterizada por una intensa agenda y que contar\u00e1 tambi\u00e9n con la presencia del Cabildo Insular, instituci\u00f3n colaboradora en numerosos proyectos con la Fundaci\u00f3n universitaria dentro de su estrategia Tenerife 2030.<\/p>\n<p>La REDFUE, que preside en este momento Antonio Aracil, es una asociaci\u00f3n sin \u00e1nimo de lucro que trabaja con la intenci\u00f3n de potenciar y mejorar las relaciones entre la universidad y el tejido social y empresarial. Est\u00e1 vinculada con m\u00e1s de 40 universidades espa\u00f1olas y m\u00e1s de 15.000 organizaciones de car\u00e1cter m\u00faltiple, como empresas, c\u00e1maras de comercio, asociaciones empresariales, entre otras. Sus actividades se centran en el desarrollo del conocimiento universitario y la translaci\u00f3n que tiene en el mundo empresarial y el conjunto de la sociedad, fortaleciendo las conexiones entre ambos.<\/p>\n<p>La primera sesi\u00f3n tendr\u00e1 lugar ma\u00f1ana jueves 25 de enero en las instalaciones de La Laguna Gran Hotel, en horario de tarde. La apertura correr\u00e1 a cargo del rector de la ULL, Antonio Martin\u00f3n. Le seguir\u00e1n las distintas mesas tem\u00e1ticas que abordar\u00e1n aspectos como la \u201cMovilidad en la Educaci\u00f3n Superior\u201d, a cargo de Jos\u00e9 Manuel Gonz\u00e1lez Canino, director de la Unidad de Educaci\u00f3n Superior del Servicio Espa\u00f1ol para la Internacionalizaci\u00f3n de la Educaci\u00f3n (SEPIE).<\/p>\n<p>A continuaci\u00f3n, ser\u00e1 el turno de Julio Brito, gerente de la Fundaci\u00f3n de la ULL, quien presentar\u00e1 la l\u00ednea de Innovaci\u00f3n Social que ha desarrollado la organizaci\u00f3n en los \u00faltimos a\u00f1os y que la han convertido en referente en el resto del estado. Le acompa\u00f1ar\u00e1 el profesor Vicente Zapata, especialista en el desarrollo de proyectos de intervenci\u00f3n sociocomunitaria y activaci\u00f3n del empleo desde el trabajo de base en los territorios e ide\u00f3logo de varios proyectos desarrollados, originalmente, en la propia Fundaci\u00f3n, como es el caso de \u201cBarrios Por el Empleo\u201d.<\/p>\n<p>Le seguir\u00e1 Rafael Escamilla, secretario general de la Asociaci\u00f3n Espa\u00f1ola de Agencias de Desarrollo Regional (Foro ADR), con una charla denominada \u201cGobernanza y competitividad de redes de cooperaci\u00f3n en el \u00e1mbito europeo e iberoamericano\u201d. Y, por \u00faltimo, el presidente del Cabildo Insular de Tenerife, Carlos Alonso, presentar\u00e1 una ponencia con el t\u00edtulo \u201cRedes de colaboraci\u00f3n para innovar en el territorio (una perspectiva europea)\u201d.<\/p>\n<p>&nbsp;<\/p>\n","protected":false},"excerpt":{"rendered":"<p>La Red de Fundaciones Universidad Empresa (REDFUE), con representantes de todo el Estado, se reunir\u00e1 en la Universidad de La&#8230;<\/p>\n","protected":false},"author":23,"featured_media":34954,"comment_status":"closed","ping_status":"closed","sticky":false,"template":"","format":"standard","meta":{"inline_featured_image":false,"footnotes":""},"categories":[345,348,2765],"tags":[1330,3914],"acf":[],"yoast_head":"<!-- This site is optimized with the Yoast SEO plugin v21.3 - https:\/\/yoast.com\/wordpress\/plugins\/seo\/ -->\n<title>La Red de Fundaciones Universitarias celebra su encuentro anual en la Universidad de La Laguna - ULL - Noticias<\/title>\n<meta name=\"robots\" content=\"index, follow, max-snippet:-1, max-image-preview:large, max-video-preview:-1\" \/>\n<link rel=\"canonical\" href=\"https:\/\/www.ull.es\/portal\/noticias\/2018\/la-red-fundaciones-universitarias-celebra-encuentro-anual-la-universidad-la-laguna\/\" \/>\n<meta property=\"og:locale\" content=\"es_ES\" \/>\n<meta property=\"og:type\" content=\"article\" \/>\n<meta property=\"og:title\" content=\"La Red de Fundaciones Universitarias celebra su encuentro anual en la Universidad de La Laguna - ULL - Noticias\" \/>\n<meta property=\"og:description\" content=\"La Red de Fundaciones Universidad Empresa (REDFUE), con representantes de todo el Estado, se reunir\u00e1 en la Universidad de La...\" \/>\n<meta property=\"og:url\" content=\"https:\/\/www.ull.es\/portal\/noticias\/2018\/la-red-fundaciones-universitarias-celebra-encuentro-anual-la-universidad-la-laguna\/\" \/>\n<meta property=\"og:site_name\" content=\"ULL - Noticias\" \/>\n<meta property=\"article:publisher\" content=\"https:\/\/www.facebook.com\/universidaddelalaguna\/\" \/>\n<meta property=\"article:published_time\" content=\"2018-01-24T15:06:37+00:00\" \/>\n<meta property=\"og:image\" content=\"https:\/\/www.ull.es\/portal\/noticias\/wp-content\/uploads\/sites\/13\/2018\/01\/Reunion-Red-FUE.jpg\" \/>\n\t<meta property=\"og:image:width\" content=\"900\" \/>\n\t<meta property=\"og:image:height\" content=\"600\" \/>\n\t<meta property=\"og:image:type\" content=\"image\/jpeg\" \/>\n<meta name=\"author\" content=\"gaprsa\" \/>\n<meta name=\"twitter:card\" content=\"summary_large_image\" \/>\n<meta name=\"twitter:creator\" content=\"@CanalULL\" \/>\n<meta name=\"twitter:site\" content=\"@CanalULL\" \/>\n<meta name=\"twitter:label1\" content=\"Escrito por\" \/>\n\t<meta name=\"twitter:data1\" content=\"gaprsa\" \/>\n\t<meta name=\"twitter:label2\" content=\"Tiempo de lectura\" \/>\n\t<meta name=\"twitter:data2\" content=\"2 minutos\" \/>\n<script type=\"application\/ld+json\" class=\"yoast-schema-graph\">{\"@context\":\"https:\/\/schema.org\",\"@graph\":[{\"@type\":\"WebPage\",\"@id\":\"https:\/\/www.ull.es\/portal\/noticias\/2018\/la-red-fundaciones-universitarias-celebra-encuentro-anual-la-universidad-la-laguna\/\",\"url\":\"https:\/\/www.ull.es\/portal\/noticias\/2018\/la-red-fundaciones-universitarias-celebra-encuentro-anual-la-universidad-la-laguna\/\",\"name\":\"La Red de Fundaciones Universitarias celebra su encuentro anual en la Universidad de La Laguna - ULL - Noticias\",\"isPartOf\":{\"@id\":\"https:\/\/www.ull.es\/portal\/noticias\/#website\"},\"datePublished\":\"2018-01-24T15:06:37+00:00\",\"dateModified\":\"2018-01-24T15:06:37+00:00\",\"author\":{\"@id\":\"https:\/\/www.ull.es\/portal\/noticias\/#\/schema\/person\/b2b1a89d43ffa609e591f7df8ef3e817\"},\"breadcrumb\":{\"@id\":\"https:\/\/www.ull.es\/portal\/noticias\/2018\/la-red-fundaciones-universitarias-celebra-encuentro-anual-la-universidad-la-laguna\/#breadcrumb\"},\"inLanguage\":\"es\",\"potentialAction\":[{\"@type\":\"ReadAction\",\"target\":[\"https:\/\/www.ull.es\/portal\/noticias\/2018\/la-red-fundaciones-universitarias-celebra-encuentro-anual-la-universidad-la-laguna\/\"]}]},{\"@type\":\"BreadcrumbList\",\"@id\":\"https:\/\/www.ull.es\/portal\/noticias\/2018\/la-red-fundaciones-universitarias-celebra-encuentro-anual-la-universidad-la-laguna\/#breadcrumb\",\"itemListElement\":[{\"@type\":\"ListItem\",\"position\":1,\"name\":\"Portada\",\"item\":\"https:\/\/www.ull.es\/portal\/noticias\/\"},{\"@type\":\"ListItem\",\"position\":2,\"name\":\"La Red de Fundaciones Universitarias celebra su encuentro anual en la Universidad de La Laguna\"}]},{\"@type\":\"WebSite\",\"@id\":\"https:\/\/www.ull.es\/portal\/noticias\/#website\",\"url\":\"https:\/\/www.ull.es\/portal\/noticias\/\",\"name\":\"ULL - Noticias\",\"description\":\"\",\"potentialAction\":[{\"@type\":\"SearchAction\",\"target\":{\"@type\":\"EntryPoint\",\"urlTemplate\":\"https:\/\/www.ull.es\/portal\/noticias\/?s={search_term_string}\"},\"query-input\":\"required name=search_term_string\"}],\"inLanguage\":\"es\"},{\"@type\":\"Person\",\"@id\":\"https:\/\/www.ull.es\/portal\/noticias\/#\/schema\/person\/b2b1a89d43ffa609e591f7df8ef3e817\",\"name\":\"gaprsa\",\"image\":{\"@type\":\"ImageObject\",\"inLanguage\":\"es\",\"@id\":\"https:\/\/www.ull.es\/portal\/noticias\/#\/schema\/person\/image\/\",\"url\":\"https:\/\/secure.gravatar.com\/avatar\/443820550921091458b4823867723b3d?s=96&d=mm&r=g\",\"contentUrl\":\"https:\/\/secure.gravatar.com\/avatar\/443820550921091458b4823867723b3d?s=96&d=mm&r=g\",\"caption\":\"gaprsa\"},\"url\":\"https:\/\/www.ull.es\/portal\/noticias\/author\/gaprsa\/\"}]}<\/script>\n<!-- \/ Yoast SEO plugin. -->","yoast_head_json":{"title":"La Red de Fundaciones Universitarias celebra su encuentro anual en la Universidad de La Laguna - ULL - Noticias","robots":{"index":"index","follow":"follow","max-snippet":"max-snippet:-1","max-image-preview":"max-image-preview:large","max-video-preview":"max-video-preview:-1"},"canonical":"https:\/\/www.ull.es\/portal\/noticias\/2018\/la-red-fundaciones-universitarias-celebra-encuentro-anual-la-universidad-la-laguna\/","og_locale":"es_ES","og_type":"article","og_title":"La Red de Fundaciones Universitarias celebra su encuentro anual en la Universidad de La Laguna - ULL - Noticias","og_description":"La Red de Fundaciones Universidad Empresa (REDFUE), con representantes de todo el Estado, se reunir\u00e1 en la Universidad de La...","og_url":"https:\/\/www.ull.es\/portal\/noticias\/2018\/la-red-fundaciones-universitarias-celebra-encuentro-anual-la-universidad-la-laguna\/","og_site_name":"ULL - Noticias","article_publisher":"https:\/\/www.facebook.com\/universidaddelalaguna\/","article_published_time":"2018-01-24T15:06:37+00:00","og_image":[{"width":900,"height":600,"url":"https:\/\/www.ull.es\/portal\/noticias\/wp-content\/uploads\/sites\/13\/2018\/01\/Reunion-Red-FUE.jpg","type":"image\/jpeg"}],"author":"gaprsa","twitter_card":"summary_large_image","twitter_creator":"@CanalULL","twitter_site":"@CanalULL","twitter_misc":{"Escrito por":"gaprsa","Tiempo de lectura":"2 minutos"},"schema":{"@context":"https:\/\/schema.org","@graph":[{"@type":"WebPage","@id":"https:\/\/www.ull.es\/portal\/noticias\/2018\/la-red-fundaciones-universitarias-celebra-encuentro-anual-la-universidad-la-laguna\/","url":"https:\/\/www.ull.es\/portal\/noticias\/2018\/la-red-fundaciones-universitarias-celebra-encuentro-anual-la-universidad-la-laguna\/","name":"La Red de Fundaciones Universitarias celebra su encuentro anual en la Universidad de La Laguna - ULL - Noticias","isPartOf":{"@id":"https:\/\/www.ull.es\/portal\/noticias\/#website"},"datePublished":"2018-01-24T15:06:37+00:00","dateModified":"2018-01-24T15:06:37+00:00","author":{"@id":"https:\/\/www.ull.es\/portal\/noticias\/#\/schema\/person\/b2b1a89d43ffa609e591f7df8ef3e817"},"breadcrumb":{"@id":"https:\/\/www.ull.es\/portal\/noticias\/2018\/la-red-fundaciones-universitarias-celebra-encuentro-anual-la-universidad-la-laguna\/#breadcrumb"},"inLanguage":"es","potentialAction":[{"@type":"ReadAction","target":["https:\/\/www.ull.es\/portal\/noticias\/2018\/la-red-fundaciones-universitarias-celebra-encuentro-anual-la-universidad-la-laguna\/"]}]},{"@type":"BreadcrumbList","@id":"https:\/\/www.ull.es\/portal\/noticias\/2018\/la-red-fundaciones-universitarias-celebra-encuentro-anual-la-universidad-la-laguna\/#breadcrumb","itemListElement":[{"@type":"ListItem","position":1,"name":"Portada","item":"https:\/\/www.ull.es\/portal\/noticias\/"},{"@type":"ListItem","position":2,"name":"La Red de Fundaciones Universitarias celebra su encuentro anual en la Universidad de La Laguna"}]},{"@type":"WebSite","@id":"https:\/\/www.ull.es\/portal\/noticias\/#website","url":"https:\/\/www.ull.es\/portal\/noticias\/","name":"ULL - Noticias","description":"","potentialAction":[{"@type":"SearchAction","target":{"@type":"EntryPoint","urlTemplate":"https:\/\/www.ull.es\/portal\/noticias\/?s={search_term_string}"},"query-input":"required name=search_term_string"}],"inLanguage":"es"},{"@type":"Person","@id":"https:\/\/www.ull.es\/portal\/noticias\/#\/schema\/person\/b2b1a89d43ffa609e591f7df8ef3e817","name":"gaprsa","image":{"@type":"ImageObject","inLanguage":"es","@id":"https:\/\/www.ull.es\/portal\/noticias\/#\/schema\/person\/image\/","url":"https:\/\/secure.gravatar.com\/avatar\/443820550921091458b4823867723b3d?s=96&d=mm&r=g","contentUrl":"https:\/\/secure.gravatar.com\/avatar\/443820550921091458b4823867723b3d?s=96&d=mm&r=g","caption":"gaprsa"},"url":"https:\/\/www.ull.es\/portal\/noticias\/author\/gaprsa\/"}]}},"primary_category":{"id":2765,"name":"Portada ULL","slug":"portada-ull","link":"https:\/\/www.ull.es\/portal\/noticias\/category\/portada-ull\/"},"featured_image_thumbnail_url":"https:\/\/www.ull.es\/portal\/noticias\/wp-content\/uploads\/sites\/13\/2018\/01\/Reunion-Red-FUE-300x200.jpg","_links":{"self":[{"href":"https:\/\/www.ull.es\/portal\/noticias\/wp-json\/wp\/v2\/posts\/34952"}],"collection":[{"href":"https:\/\/www.ull.es\/portal\/noticias\/wp-json\/wp\/v2\/posts"}],"about":[{"href":"https:\/\/www.ull.es\/portal\/noticias\/wp-json\/wp\/v2\/types\/post"}],"author":[{"embeddable":true,"href":"https:\/\/www.ull.es\/portal\/noticias\/wp-json\/wp\/v2\/users\/23"}],"replies":[{"embeddable":true,"href":"https:\/\/www.ull.es\/portal\/noticias\/wp-json\/wp\/v2\/comments?post=34952"}],"version-history":[{"count":1,"href":"https:\/\/www.ull.es\/portal\/noticias\/wp-json\/wp\/v2\/posts\/34952\/revisions"}],"predecessor-version":[{"id":34953,"href":"https:\/\/www.ull.es\/portal\/noticias\/wp-json\/wp\/v2\/posts\/34952\/revisions\/34953"}],"wp:featuredmedia":[{"embeddable":true,"href":"https:\/\/www.ull.es\/portal\/noticias\/wp-json\/wp\/v2\/media\/34954"}],"wp:attachment":[{"href":"https:\/\/www.ull.es\/portal\/noticias\/wp-json\/wp\/v2\/media?parent=34952"}],"wp:term":[{"taxonomy":"category","embeddable":true,"href":"https:\/\/www.ull.es\/portal\/noticias\/wp-json\/wp\/v2\/categories?post=34952"},{"taxonomy":"post_tag","embeddable":true,"href":"https:\/\/www.ull.es\/portal\/noticias\/wp-json\/wp\/v2\/tags?post=34952"}],"curies":[{"name":"wp","href":"https:\/\/api.w.org\/{rel}","templated":true}]}}