{"id":35010,"date":"2018-01-26T11:18:18","date_gmt":"2018-01-26T11:18:18","guid":{"rendered":"https:\/\/www.ull.es\/portal\/noticias\/?p=35010"},"modified":"2018-04-16T12:07:37","modified_gmt":"2018-04-16T12:07:37","slug":"la-ost-ofrece-primer-concierto-del-ciclo-camara-2018-aulario-guajara-la-ull","status":"publish","type":"post","link":"https:\/\/www.ull.es\/portal\/noticias\/2018\/la-ost-ofrece-primer-concierto-del-ciclo-camara-2018-aulario-guajara-la-ull\/","title":{"rendered":"La OST ofrece su primer concierto del Ciclo de C\u00e1mara 2018 en el Aulario de Guajara de la ULL"},"content":{"rendered":"<p>El Aula Magna del Aulario del campus de Guajara de la Universidad de La Laguna ser\u00e1 el escenario para el concierto de inicio de los Ciclos de C\u00e1mara 2018 que la Orquesta Sinf\u00f3nica de Tenerife ha programado junto con la instituci\u00f3n acad\u00e9mica, y que tendr\u00e1 lugar el pr\u00f3ximo mi\u00e9rcoles 31 de enero.<\/p>\n<p>El concierto dar\u00e1 comienzo a las 19 horas y ofrecer\u00e1 un programa con las obras de Antonio Vivaldi (1678-1741) <em>Concerto alla rustica en Sol mayor<\/em>, RV 151, <em>el Concierto para viola d\u2019amore en Re mayor<\/em>, RV 392, el <em>Concierto para piccolo en Do mayor<\/em>, RV 443 y el <em>Concierto para dos violonchelos en Sol menor<\/em>, RV 531; tambi\u00e9n interpretar\u00e1n <em>Don Quijote, Suite<\/em>, TWV 1:181, de Georg PhilippTelemann (1681-1767).<\/p>\n<p>Bajo la batuta de Ra\u00fal Miguel Rodr\u00edguez participar\u00e1n los solistas Sviatoslav Belonogov, viola d\u2019amore; Francisco Garc\u00eda, piccolo; Johanna Kegel, violonchelo; y David Barrera, violonchelo. La direcci\u00f3n recae pues en el actual director art\u00edstico de la Orquesta Madrid Sinf\u00f3nica, uno de los m\u00fasicos m\u00e1s completos del panorama musical espa\u00f1ol.<\/p>\n<p>Rodr\u00edguez ha sido galardonado con el 2\u00ba premio del Concurso Internacional de Direcci\u00f3n de Orquesta de Londres, organizado por la London Classical Solists Orchestra. Su formaci\u00f3n como director ha ido de la mano del prestigioso director George Pehlivanian. Trompetista destacado, ha sido primer trompeta de varias orquestas, entre ellas la Joven Orquesta Sinf\u00f3nica Fundaci\u00f3n Coca-Cola y Orquestas de C\u00e1mara, Sinf\u00f3nica y de M\u00fasica Contempor\u00e1nea del Real Conservatorio Superior de M\u00fasica de Madrid, Filarm\u00f3nica de Madrid y Orquesta Filarmon\u00eda de Espa\u00f1a.<\/p>\n<p>Ha realizado numerosas colaboraciones con diferentes artistas, destacando la grabaci\u00f3n de \u00abHistoria del Soldado\u00bb de Igor Stravinsky junto a Paquito D&#8217;Rivera, con el que ha sido galardonado con un Grammy latino al mejor disco de m\u00fasica cl\u00e1sica.<\/p>\n<p>Ha dirigido numerosas formaciones, destacando su colaboraci\u00f3n como director asistente en la JONDE, JORCAM (Grupo de Metales y percusi\u00f3n), London Classical Soloists, Orquesta Sinf\u00f3nica de la ESMUC, Banda Sinf\u00f3nica del Conservatorio de M\u00fasica Profesional de Getafe, Banda Sinf\u00f3nica Complutense de Alcal\u00e1 de Henares, Banda de Conciertos de San Jos\u00e9 (Costa Rica), Banda de conciertos de Heredia, European Soloists Orchestra, la orquesta del Festival de Almansa, Krasnoyarsk Chamber Orchestra (Rusia), Orquesta Nacional de Guatemala, Orquesta de Camerata de Castilla la Mancha. Ha dirigido a solistas de la talla como Reinhold Friedrich, Manuel Blanco, James Ackley, Eriko Takezawa, etc.<\/p>\n<p>La entrada al recital ser\u00e1 gratuita, si bien es necesario reservar plaza a trav\u00e9s del formulario habilitado al efecto.<\/p>\n","protected":false},"excerpt":{"rendered":"<p>El Aula Magna del Aulario del campus de Guajara de la Universidad de La Laguna ser\u00e1 el escenario para el&#8230;<\/p>\n","protected":false},"author":23,"featured_media":35013,"comment_status":"closed","ping_status":"closed","sticky":false,"template":"","format":"standard","meta":{"inline_featured_image":false,"footnotes":""},"categories":[344,345,2765],"tags":[3922,3825],"acf":[],"yoast_head":"<!-- This site is optimized with the Yoast SEO plugin v21.3 - https:\/\/yoast.com\/wordpress\/plugins\/seo\/ -->\n<title>La OST ofrece su primer concierto del Ciclo de C\u00e1mara 2018 en el Aulario de Guajara de la ULL - ULL - Noticias<\/title>\n<meta name=\"robots\" content=\"index, follow, max-snippet:-1, max-image-preview:large, max-video-preview:-1\" \/>\n<link rel=\"canonical\" href=\"https:\/\/www.ull.es\/portal\/noticias\/2018\/la-ost-ofrece-primer-concierto-del-ciclo-camara-2018-aulario-guajara-la-ull\/\" \/>\n<meta property=\"og:locale\" content=\"es_ES\" \/>\n<meta property=\"og:type\" content=\"article\" \/>\n<meta property=\"og:title\" content=\"La OST ofrece su primer concierto del Ciclo de C\u00e1mara 2018 en el Aulario de Guajara de la ULL - ULL - Noticias\" \/>\n<meta property=\"og:description\" content=\"El Aula Magna del Aulario del campus de Guajara de la Universidad de La Laguna ser\u00e1 el escenario para el...\" \/>\n<meta property=\"og:url\" content=\"https:\/\/www.ull.es\/portal\/noticias\/2018\/la-ost-ofrece-primer-concierto-del-ciclo-camara-2018-aulario-guajara-la-ull\/\" \/>\n<meta property=\"og:site_name\" content=\"ULL - Noticias\" \/>\n<meta property=\"article:publisher\" content=\"https:\/\/www.facebook.com\/universidaddelalaguna\/\" \/>\n<meta property=\"article:published_time\" content=\"2018-01-26T11:18:18+00:00\" \/>\n<meta property=\"article:modified_time\" content=\"2018-04-16T12:07:37+00:00\" \/>\n<meta property=\"og:image\" content=\"https:\/\/www.ull.es\/portal\/noticias\/wp-content\/uploads\/sites\/13\/2018\/01\/OST_raul-miguel-rodriguez.jpg\" \/>\n\t<meta property=\"og:image:width\" content=\"1600\" \/>\n\t<meta property=\"og:image:height\" content=\"1067\" \/>\n\t<meta property=\"og:image:type\" content=\"image\/jpeg\" \/>\n<meta name=\"author\" content=\"gaprsa\" \/>\n<meta name=\"twitter:card\" content=\"summary_large_image\" \/>\n<meta name=\"twitter:creator\" content=\"@CanalULL\" \/>\n<meta name=\"twitter:site\" content=\"@CanalULL\" \/>\n<meta name=\"twitter:label1\" content=\"Escrito por\" \/>\n\t<meta name=\"twitter:data1\" content=\"gaprsa\" \/>\n\t<meta name=\"twitter:label2\" content=\"Tiempo de lectura\" \/>\n\t<meta name=\"twitter:data2\" content=\"2 minutos\" \/>\n<script type=\"application\/ld+json\" class=\"yoast-schema-graph\">{\"@context\":\"https:\/\/schema.org\",\"@graph\":[{\"@type\":\"WebPage\",\"@id\":\"https:\/\/www.ull.es\/portal\/noticias\/2018\/la-ost-ofrece-primer-concierto-del-ciclo-camara-2018-aulario-guajara-la-ull\/\",\"url\":\"https:\/\/www.ull.es\/portal\/noticias\/2018\/la-ost-ofrece-primer-concierto-del-ciclo-camara-2018-aulario-guajara-la-ull\/\",\"name\":\"La OST ofrece su primer concierto del Ciclo de C\u00e1mara 2018 en el Aulario de Guajara de la ULL - ULL - Noticias\",\"isPartOf\":{\"@id\":\"https:\/\/www.ull.es\/portal\/noticias\/#website\"},\"datePublished\":\"2018-01-26T11:18:18+00:00\",\"dateModified\":\"2018-04-16T12:07:37+00:00\",\"author\":{\"@id\":\"https:\/\/www.ull.es\/portal\/noticias\/#\/schema\/person\/b2b1a89d43ffa609e591f7df8ef3e817\"},\"breadcrumb\":{\"@id\":\"https:\/\/www.ull.es\/portal\/noticias\/2018\/la-ost-ofrece-primer-concierto-del-ciclo-camara-2018-aulario-guajara-la-ull\/#breadcrumb\"},\"inLanguage\":\"es\",\"potentialAction\":[{\"@type\":\"ReadAction\",\"target\":[\"https:\/\/www.ull.es\/portal\/noticias\/2018\/la-ost-ofrece-primer-concierto-del-ciclo-camara-2018-aulario-guajara-la-ull\/\"]}]},{\"@type\":\"BreadcrumbList\",\"@id\":\"https:\/\/www.ull.es\/portal\/noticias\/2018\/la-ost-ofrece-primer-concierto-del-ciclo-camara-2018-aulario-guajara-la-ull\/#breadcrumb\",\"itemListElement\":[{\"@type\":\"ListItem\",\"position\":1,\"name\":\"Portada\",\"item\":\"https:\/\/www.ull.es\/portal\/noticias\/\"},{\"@type\":\"ListItem\",\"position\":2,\"name\":\"La OST ofrece su primer concierto del Ciclo de C\u00e1mara 2018 en el Aulario de Guajara de la ULL\"}]},{\"@type\":\"WebSite\",\"@id\":\"https:\/\/www.ull.es\/portal\/noticias\/#website\",\"url\":\"https:\/\/www.ull.es\/portal\/noticias\/\",\"name\":\"ULL - Noticias\",\"description\":\"\",\"potentialAction\":[{\"@type\":\"SearchAction\",\"target\":{\"@type\":\"EntryPoint\",\"urlTemplate\":\"https:\/\/www.ull.es\/portal\/noticias\/?s={search_term_string}\"},\"query-input\":\"required name=search_term_string\"}],\"inLanguage\":\"es\"},{\"@type\":\"Person\",\"@id\":\"https:\/\/www.ull.es\/portal\/noticias\/#\/schema\/person\/b2b1a89d43ffa609e591f7df8ef3e817\",\"name\":\"gaprsa\",\"image\":{\"@type\":\"ImageObject\",\"inLanguage\":\"es\",\"@id\":\"https:\/\/www.ull.es\/portal\/noticias\/#\/schema\/person\/image\/\",\"url\":\"https:\/\/secure.gravatar.com\/avatar\/443820550921091458b4823867723b3d?s=96&d=mm&r=g\",\"contentUrl\":\"https:\/\/secure.gravatar.com\/avatar\/443820550921091458b4823867723b3d?s=96&d=mm&r=g\",\"caption\":\"gaprsa\"},\"url\":\"https:\/\/www.ull.es\/portal\/noticias\/author\/gaprsa\/\"}]}<\/script>\n<!-- \/ Yoast SEO plugin. -->","yoast_head_json":{"title":"La OST ofrece su primer concierto del Ciclo de C\u00e1mara 2018 en el Aulario de Guajara de la ULL - ULL - Noticias","robots":{"index":"index","follow":"follow","max-snippet":"max-snippet:-1","max-image-preview":"max-image-preview:large","max-video-preview":"max-video-preview:-1"},"canonical":"https:\/\/www.ull.es\/portal\/noticias\/2018\/la-ost-ofrece-primer-concierto-del-ciclo-camara-2018-aulario-guajara-la-ull\/","og_locale":"es_ES","og_type":"article","og_title":"La OST ofrece su primer concierto del Ciclo de C\u00e1mara 2018 en el Aulario de Guajara de la ULL - ULL - Noticias","og_description":"El Aula Magna del Aulario del campus de Guajara de la Universidad de La Laguna ser\u00e1 el escenario para el...","og_url":"https:\/\/www.ull.es\/portal\/noticias\/2018\/la-ost-ofrece-primer-concierto-del-ciclo-camara-2018-aulario-guajara-la-ull\/","og_site_name":"ULL - Noticias","article_publisher":"https:\/\/www.facebook.com\/universidaddelalaguna\/","article_published_time":"2018-01-26T11:18:18+00:00","article_modified_time":"2018-04-16T12:07:37+00:00","og_image":[{"width":1600,"height":1067,"url":"https:\/\/www.ull.es\/portal\/noticias\/wp-content\/uploads\/sites\/13\/2018\/01\/OST_raul-miguel-rodriguez.jpg","type":"image\/jpeg"}],"author":"gaprsa","twitter_card":"summary_large_image","twitter_creator":"@CanalULL","twitter_site":"@CanalULL","twitter_misc":{"Escrito por":"gaprsa","Tiempo de lectura":"2 minutos"},"schema":{"@context":"https:\/\/schema.org","@graph":[{"@type":"WebPage","@id":"https:\/\/www.ull.es\/portal\/noticias\/2018\/la-ost-ofrece-primer-concierto-del-ciclo-camara-2018-aulario-guajara-la-ull\/","url":"https:\/\/www.ull.es\/portal\/noticias\/2018\/la-ost-ofrece-primer-concierto-del-ciclo-camara-2018-aulario-guajara-la-ull\/","name":"La OST ofrece su primer concierto del Ciclo de C\u00e1mara 2018 en el Aulario de Guajara de la ULL - ULL - Noticias","isPartOf":{"@id":"https:\/\/www.ull.es\/portal\/noticias\/#website"},"datePublished":"2018-01-26T11:18:18+00:00","dateModified":"2018-04-16T12:07:37+00:00","author":{"@id":"https:\/\/www.ull.es\/portal\/noticias\/#\/schema\/person\/b2b1a89d43ffa609e591f7df8ef3e817"},"breadcrumb":{"@id":"https:\/\/www.ull.es\/portal\/noticias\/2018\/la-ost-ofrece-primer-concierto-del-ciclo-camara-2018-aulario-guajara-la-ull\/#breadcrumb"},"inLanguage":"es","potentialAction":[{"@type":"ReadAction","target":["https:\/\/www.ull.es\/portal\/noticias\/2018\/la-ost-ofrece-primer-concierto-del-ciclo-camara-2018-aulario-guajara-la-ull\/"]}]},{"@type":"BreadcrumbList","@id":"https:\/\/www.ull.es\/portal\/noticias\/2018\/la-ost-ofrece-primer-concierto-del-ciclo-camara-2018-aulario-guajara-la-ull\/#breadcrumb","itemListElement":[{"@type":"ListItem","position":1,"name":"Portada","item":"https:\/\/www.ull.es\/portal\/noticias\/"},{"@type":"ListItem","position":2,"name":"La OST ofrece su primer concierto del Ciclo de C\u00e1mara 2018 en el Aulario de Guajara de la ULL"}]},{"@type":"WebSite","@id":"https:\/\/www.ull.es\/portal\/noticias\/#website","url":"https:\/\/www.ull.es\/portal\/noticias\/","name":"ULL - Noticias","description":"","potentialAction":[{"@type":"SearchAction","target":{"@type":"EntryPoint","urlTemplate":"https:\/\/www.ull.es\/portal\/noticias\/?s={search_term_string}"},"query-input":"required name=search_term_string"}],"inLanguage":"es"},{"@type":"Person","@id":"https:\/\/www.ull.es\/portal\/noticias\/#\/schema\/person\/b2b1a89d43ffa609e591f7df8ef3e817","name":"gaprsa","image":{"@type":"ImageObject","inLanguage":"es","@id":"https:\/\/www.ull.es\/portal\/noticias\/#\/schema\/person\/image\/","url":"https:\/\/secure.gravatar.com\/avatar\/443820550921091458b4823867723b3d?s=96&d=mm&r=g","contentUrl":"https:\/\/secure.gravatar.com\/avatar\/443820550921091458b4823867723b3d?s=96&d=mm&r=g","caption":"gaprsa"},"url":"https:\/\/www.ull.es\/portal\/noticias\/author\/gaprsa\/"}]}},"primary_category":{"id":344,"name":"Cultura","slug":"cultura","link":"https:\/\/www.ull.es\/portal\/noticias\/category\/cultura\/"},"featured_image_thumbnail_url":"https:\/\/www.ull.es\/portal\/noticias\/wp-content\/uploads\/sites\/13\/2018\/01\/OST_raul-miguel-rodriguez-300x200.jpg","_links":{"self":[{"href":"https:\/\/www.ull.es\/portal\/noticias\/wp-json\/wp\/v2\/posts\/35010"}],"collection":[{"href":"https:\/\/www.ull.es\/portal\/noticias\/wp-json\/wp\/v2\/posts"}],"about":[{"href":"https:\/\/www.ull.es\/portal\/noticias\/wp-json\/wp\/v2\/types\/post"}],"author":[{"embeddable":true,"href":"https:\/\/www.ull.es\/portal\/noticias\/wp-json\/wp\/v2\/users\/23"}],"replies":[{"embeddable":true,"href":"https:\/\/www.ull.es\/portal\/noticias\/wp-json\/wp\/v2\/comments?post=35010"}],"version-history":[{"count":4,"href":"https:\/\/www.ull.es\/portal\/noticias\/wp-json\/wp\/v2\/posts\/35010\/revisions"}],"predecessor-version":[{"id":36425,"href":"https:\/\/www.ull.es\/portal\/noticias\/wp-json\/wp\/v2\/posts\/35010\/revisions\/36425"}],"wp:featuredmedia":[{"embeddable":true,"href":"https:\/\/www.ull.es\/portal\/noticias\/wp-json\/wp\/v2\/media\/35013"}],"wp:attachment":[{"href":"https:\/\/www.ull.es\/portal\/noticias\/wp-json\/wp\/v2\/media?parent=35010"}],"wp:term":[{"taxonomy":"category","embeddable":true,"href":"https:\/\/www.ull.es\/portal\/noticias\/wp-json\/wp\/v2\/categories?post=35010"},{"taxonomy":"post_tag","embeddable":true,"href":"https:\/\/www.ull.es\/portal\/noticias\/wp-json\/wp\/v2\/tags?post=35010"}],"curies":[{"name":"wp","href":"https:\/\/api.w.org\/{rel}","templated":true}]}}