{"id":35016,"date":"2018-01-26T14:05:25","date_gmt":"2018-01-26T14:05:25","guid":{"rendered":"https:\/\/www.ull.es\/portal\/noticias\/?p=35016"},"modified":"2018-01-26T14:05:42","modified_gmt":"2018-01-26T14:05:42","slug":"la-red-fundaciones-universitarias-espanola-decide-la-ull-lineas-trabajo-2018","status":"publish","type":"post","link":"https:\/\/www.ull.es\/portal\/noticias\/2018\/la-red-fundaciones-universitarias-espanola-decide-la-ull-lineas-trabajo-2018\/","title":{"rendered":"La Red de Fundaciones Universitarias Espa\u00f1ola decide en la ULL sus l\u00edneas de trabajo para 2018"},"content":{"rendered":"<p>Hoy [viernes 26 de enero] ten\u00eda lugar, en la sede de la Fundaci\u00f3n General de la ULL, la asamblea anual de la Red de Fundaciones Universidad Empresa (REDFUE) con la participaci\u00f3n de representantes de todo el Estado. Este encuentro anual, que comenzaba en la tarde de ayer es de car\u00e1cter itinerante, pasando por las sedes de las diferentes fundaciones, y en esta ocasi\u00f3n ha sido la Fundaci\u00f3n General de la Universidad de La Laguna la encargada de acoger el mismo. En la sesi\u00f3n asamblearia se trat\u00f3 tanto la presentaci\u00f3n del plan de actuaci\u00f3n para esta anualidad como la aprobaci\u00f3n del presupuesto de la Red.<\/p>\n<p>La sesi\u00f3n de trabajo que se celebraba en la tarde de ayer comenzaba con la intervenci\u00f3n del rector de la ULL, Antonio Martin\u00f3n, quien repasaba el papel estrat\u00e9gico de la Fundaci\u00f3n General en el desarrollo de acciones de transferencia del conocimiento, formaci\u00f3n continua y valorizaci\u00f3n de la investigaci\u00f3n que, en su opini\u00f3n, gracias a la Fundaci\u00f3n tiene un impacto muy fuerte en la sociedad, especialmenteen lo relativo a las Ciencias Sociales.<\/p>\n<p>A continuaci\u00f3n, Antonio Aracil, presidente de la Red, mostraba su agradecimiento por la acogida en la Isla y afirmaba la importancia que juegan estas organizaciones no lucrativas en la mejora de las relaciones entre la universidad y el tejido social y empresarial. \u201cEs resaltable la importancia que hemos cobrado en facilitar el acceso al empleo por parte de titulados, actuando como bisagra entre el mundo universitario y el mercado laboral\u201d, remarc\u00f3.<\/p>\n<p>La jornada prosegu\u00eda con una intervenci\u00f3n Manuel Gonz\u00e1lez Canino, profesional de origen canario y que, ahora mismo, es director de la Unidad de Educaci\u00f3n Superior del Servicio Espa\u00f1ol para la Internacionalizaci\u00f3n de la Educaci\u00f3n (SEPIE), encargada de la gesti\u00f3n nacional de todo el programa Erasmus Plus. Gonz\u00e1lez Canino hizo un exhaustivo repaso a las condiciones y posibilidades actuales de este programa se\u00f1alando los puntos de inter\u00e9s, el aumento presupuestario en diferentes partidas y la estrategia de ampliaci\u00f3n de este programa a entornos no europeo.<\/p>\n<p>Le sigui\u00f3 Julio Brito, gerente de la Fundaci\u00f3n de la ULL, que se centr\u00f3 en presentar la apuesta seguida por la Fundaci\u00f3n canaria en los \u00faltimos a\u00f1os centrada en la generaci\u00f3n y gesti\u00f3n de proyectos de car\u00e1cter social, a trav\u00e9s de su Unidad de Innovaci\u00f3n Social. Brito destac\u00f3 que en esta l\u00ednea que se ha conseguido que \u00abproyectos que han surgido de nuestros docentes se hayan convertido en estrategias insulares estables y con amplia dotaci\u00f3n de recursos en \u00e1mbitos como el empleo, la multiculturalidad o la igualdad\u201d. Esta idea fue continuada por el profesor Vicente Zapata, profesor e impulsor de programas muy conocidos en el Archipi\u00e9lago como &#8216;Barrios Por el Empleo&#8217; o el Observatorio de la Inmigraci\u00f3n de Tenerife. Zapata destac\u00f3 la evoluci\u00f3n de los mismos, valorando que actualmente se han convertido en pol\u00edticas activas apoyadas desde diversas instituciones, especialmente desde el Cabildo Insular. Igualmente, quiso poner el acento en que se ha trabajado en todo momento con las personas beneficiarias, haci\u00e9ndolas protagonistas y escuch\u00e1ndolas. \u00abEsto ha garantizado nuestra entrada y estabilidad en los territorios y la propagaci\u00f3n de nuestra metodolog\u00eda, que es lo que, verdaderamente, nos hace diferentes\u201d.<\/p>\n<p>Tras Zapata se produjo la participaci\u00f3n del presidente del Cabildo Insular, Carlos Alonso, que se centr\u00f3 en la relevancia que tiene para el Cabildo la generaci\u00f3n de redes de colaboraci\u00f3n con el entorno universitario. Elogi\u00f3 particularmente el trabajo que se ha desarrollado en los \u00faltimos a\u00f1os en la Fundaci\u00f3n de la ULL a la que se\u00f1al\u00f3 como \u201cresponsable de un proceso de cambio de la Universidad\u201d. Por \u00faltimo, le sigui\u00f3 Rafael Escamilla, secretario general de la Asociaci\u00f3n Espa\u00f1ola de Agencias de Desarrollo Regional (Foro ADR), con una charla denominada \u201cGobernanza y competitividad de redes de cooperaci\u00f3n en el \u00e1mbito europeo e iberoamericano\u201d y en al que present\u00f3 la actividad de su organizaci\u00f3n y mostr\u00f3 los ejes de colaboraci\u00f3n que est\u00e1n abiertos desde su organizaci\u00f3n.<\/p>\n<p>(Nota e imagen cedidas).<\/p>\n<p>&nbsp;<\/p>\n","protected":false},"excerpt":{"rendered":"<p>Hoy [viernes 26 de enero] ten\u00eda lugar, en la sede de la Fundaci\u00f3n General de la ULL, la asamblea anual&#8230;<\/p>\n","protected":false},"author":23,"featured_media":35018,"comment_status":"closed","ping_status":"closed","sticky":false,"template":"","format":"standard","meta":{"inline_featured_image":false,"footnotes":""},"categories":[345,348,2765],"tags":[3914],"acf":[],"yoast_head":"<!-- This site is optimized with the Yoast SEO plugin v21.3 - https:\/\/yoast.com\/wordpress\/plugins\/seo\/ -->\n<title>La Red de Fundaciones Universitarias Espa\u00f1ola decide en la ULL sus l\u00edneas de trabajo para 2018 - ULL - Noticias<\/title>\n<meta name=\"robots\" content=\"index, follow, max-snippet:-1, max-image-preview:large, max-video-preview:-1\" \/>\n<link rel=\"canonical\" href=\"https:\/\/www.ull.es\/portal\/noticias\/2018\/la-red-fundaciones-universitarias-espanola-decide-la-ull-lineas-trabajo-2018\/\" \/>\n<meta property=\"og:locale\" content=\"es_ES\" \/>\n<meta property=\"og:type\" content=\"article\" \/>\n<meta property=\"og:title\" content=\"La Red de Fundaciones Universitarias Espa\u00f1ola decide en la ULL sus l\u00edneas de trabajo para 2018 - ULL - Noticias\" \/>\n<meta property=\"og:description\" content=\"Hoy [viernes 26 de enero] ten\u00eda lugar, en la sede de la Fundaci\u00f3n General de la ULL, la asamblea anual...\" \/>\n<meta property=\"og:url\" content=\"https:\/\/www.ull.es\/portal\/noticias\/2018\/la-red-fundaciones-universitarias-espanola-decide-la-ull-lineas-trabajo-2018\/\" \/>\n<meta property=\"og:site_name\" content=\"ULL - Noticias\" \/>\n<meta property=\"article:publisher\" content=\"https:\/\/www.facebook.com\/universidaddelalaguna\/\" \/>\n<meta property=\"article:published_time\" content=\"2018-01-26T14:05:25+00:00\" \/>\n<meta property=\"article:modified_time\" content=\"2018-01-26T14:05:42+00:00\" \/>\n<meta property=\"og:image\" content=\"https:\/\/www.ull.es\/portal\/noticias\/wp-content\/uploads\/sites\/13\/2018\/01\/redfue.jpg\" \/>\n\t<meta property=\"og:image:width\" content=\"1280\" \/>\n\t<meta property=\"og:image:height\" content=\"853\" \/>\n\t<meta property=\"og:image:type\" content=\"image\/jpeg\" \/>\n<meta name=\"author\" content=\"gaprsa\" \/>\n<meta name=\"twitter:card\" content=\"summary_large_image\" \/>\n<meta name=\"twitter:creator\" content=\"@CanalULL\" \/>\n<meta name=\"twitter:site\" content=\"@CanalULL\" \/>\n<meta name=\"twitter:label1\" content=\"Escrito por\" \/>\n\t<meta name=\"twitter:data1\" content=\"gaprsa\" \/>\n\t<meta name=\"twitter:label2\" content=\"Tiempo de lectura\" \/>\n\t<meta name=\"twitter:data2\" content=\"4 minutos\" \/>\n<script type=\"application\/ld+json\" class=\"yoast-schema-graph\">{\"@context\":\"https:\/\/schema.org\",\"@graph\":[{\"@type\":\"WebPage\",\"@id\":\"https:\/\/www.ull.es\/portal\/noticias\/2018\/la-red-fundaciones-universitarias-espanola-decide-la-ull-lineas-trabajo-2018\/\",\"url\":\"https:\/\/www.ull.es\/portal\/noticias\/2018\/la-red-fundaciones-universitarias-espanola-decide-la-ull-lineas-trabajo-2018\/\",\"name\":\"La Red de Fundaciones Universitarias Espa\u00f1ola decide en la ULL sus l\u00edneas de trabajo para 2018 - ULL - Noticias\",\"isPartOf\":{\"@id\":\"https:\/\/www.ull.es\/portal\/noticias\/#website\"},\"datePublished\":\"2018-01-26T14:05:25+00:00\",\"dateModified\":\"2018-01-26T14:05:42+00:00\",\"author\":{\"@id\":\"https:\/\/www.ull.es\/portal\/noticias\/#\/schema\/person\/b2b1a89d43ffa609e591f7df8ef3e817\"},\"breadcrumb\":{\"@id\":\"https:\/\/www.ull.es\/portal\/noticias\/2018\/la-red-fundaciones-universitarias-espanola-decide-la-ull-lineas-trabajo-2018\/#breadcrumb\"},\"inLanguage\":\"es\",\"potentialAction\":[{\"@type\":\"ReadAction\",\"target\":[\"https:\/\/www.ull.es\/portal\/noticias\/2018\/la-red-fundaciones-universitarias-espanola-decide-la-ull-lineas-trabajo-2018\/\"]}]},{\"@type\":\"BreadcrumbList\",\"@id\":\"https:\/\/www.ull.es\/portal\/noticias\/2018\/la-red-fundaciones-universitarias-espanola-decide-la-ull-lineas-trabajo-2018\/#breadcrumb\",\"itemListElement\":[{\"@type\":\"ListItem\",\"position\":1,\"name\":\"Portada\",\"item\":\"https:\/\/www.ull.es\/portal\/noticias\/\"},{\"@type\":\"ListItem\",\"position\":2,\"name\":\"La Red de Fundaciones Universitarias Espa\u00f1ola decide en la ULL sus l\u00edneas de trabajo para 2018\"}]},{\"@type\":\"WebSite\",\"@id\":\"https:\/\/www.ull.es\/portal\/noticias\/#website\",\"url\":\"https:\/\/www.ull.es\/portal\/noticias\/\",\"name\":\"ULL - Noticias\",\"description\":\"\",\"potentialAction\":[{\"@type\":\"SearchAction\",\"target\":{\"@type\":\"EntryPoint\",\"urlTemplate\":\"https:\/\/www.ull.es\/portal\/noticias\/?s={search_term_string}\"},\"query-input\":\"required name=search_term_string\"}],\"inLanguage\":\"es\"},{\"@type\":\"Person\",\"@id\":\"https:\/\/www.ull.es\/portal\/noticias\/#\/schema\/person\/b2b1a89d43ffa609e591f7df8ef3e817\",\"name\":\"gaprsa\",\"image\":{\"@type\":\"ImageObject\",\"inLanguage\":\"es\",\"@id\":\"https:\/\/www.ull.es\/portal\/noticias\/#\/schema\/person\/image\/\",\"url\":\"https:\/\/secure.gravatar.com\/avatar\/443820550921091458b4823867723b3d?s=96&d=mm&r=g\",\"contentUrl\":\"https:\/\/secure.gravatar.com\/avatar\/443820550921091458b4823867723b3d?s=96&d=mm&r=g\",\"caption\":\"gaprsa\"},\"url\":\"https:\/\/www.ull.es\/portal\/noticias\/author\/gaprsa\/\"}]}<\/script>\n<!-- \/ Yoast SEO plugin. -->","yoast_head_json":{"title":"La Red de Fundaciones Universitarias Espa\u00f1ola decide en la ULL sus l\u00edneas de trabajo para 2018 - ULL - Noticias","robots":{"index":"index","follow":"follow","max-snippet":"max-snippet:-1","max-image-preview":"max-image-preview:large","max-video-preview":"max-video-preview:-1"},"canonical":"https:\/\/www.ull.es\/portal\/noticias\/2018\/la-red-fundaciones-universitarias-espanola-decide-la-ull-lineas-trabajo-2018\/","og_locale":"es_ES","og_type":"article","og_title":"La Red de Fundaciones Universitarias Espa\u00f1ola decide en la ULL sus l\u00edneas de trabajo para 2018 - ULL - Noticias","og_description":"Hoy [viernes 26 de enero] ten\u00eda lugar, en la sede de la Fundaci\u00f3n General de la ULL, la asamblea anual...","og_url":"https:\/\/www.ull.es\/portal\/noticias\/2018\/la-red-fundaciones-universitarias-espanola-decide-la-ull-lineas-trabajo-2018\/","og_site_name":"ULL - Noticias","article_publisher":"https:\/\/www.facebook.com\/universidaddelalaguna\/","article_published_time":"2018-01-26T14:05:25+00:00","article_modified_time":"2018-01-26T14:05:42+00:00","og_image":[{"width":1280,"height":853,"url":"https:\/\/www.ull.es\/portal\/noticias\/wp-content\/uploads\/sites\/13\/2018\/01\/redfue.jpg","type":"image\/jpeg"}],"author":"gaprsa","twitter_card":"summary_large_image","twitter_creator":"@CanalULL","twitter_site":"@CanalULL","twitter_misc":{"Escrito por":"gaprsa","Tiempo de lectura":"4 minutos"},"schema":{"@context":"https:\/\/schema.org","@graph":[{"@type":"WebPage","@id":"https:\/\/www.ull.es\/portal\/noticias\/2018\/la-red-fundaciones-universitarias-espanola-decide-la-ull-lineas-trabajo-2018\/","url":"https:\/\/www.ull.es\/portal\/noticias\/2018\/la-red-fundaciones-universitarias-espanola-decide-la-ull-lineas-trabajo-2018\/","name":"La Red de Fundaciones Universitarias Espa\u00f1ola decide en la ULL sus l\u00edneas de trabajo para 2018 - ULL - Noticias","isPartOf":{"@id":"https:\/\/www.ull.es\/portal\/noticias\/#website"},"datePublished":"2018-01-26T14:05:25+00:00","dateModified":"2018-01-26T14:05:42+00:00","author":{"@id":"https:\/\/www.ull.es\/portal\/noticias\/#\/schema\/person\/b2b1a89d43ffa609e591f7df8ef3e817"},"breadcrumb":{"@id":"https:\/\/www.ull.es\/portal\/noticias\/2018\/la-red-fundaciones-universitarias-espanola-decide-la-ull-lineas-trabajo-2018\/#breadcrumb"},"inLanguage":"es","potentialAction":[{"@type":"ReadAction","target":["https:\/\/www.ull.es\/portal\/noticias\/2018\/la-red-fundaciones-universitarias-espanola-decide-la-ull-lineas-trabajo-2018\/"]}]},{"@type":"BreadcrumbList","@id":"https:\/\/www.ull.es\/portal\/noticias\/2018\/la-red-fundaciones-universitarias-espanola-decide-la-ull-lineas-trabajo-2018\/#breadcrumb","itemListElement":[{"@type":"ListItem","position":1,"name":"Portada","item":"https:\/\/www.ull.es\/portal\/noticias\/"},{"@type":"ListItem","position":2,"name":"La Red de Fundaciones Universitarias Espa\u00f1ola decide en la ULL sus l\u00edneas de trabajo para 2018"}]},{"@type":"WebSite","@id":"https:\/\/www.ull.es\/portal\/noticias\/#website","url":"https:\/\/www.ull.es\/portal\/noticias\/","name":"ULL - Noticias","description":"","potentialAction":[{"@type":"SearchAction","target":{"@type":"EntryPoint","urlTemplate":"https:\/\/www.ull.es\/portal\/noticias\/?s={search_term_string}"},"query-input":"required name=search_term_string"}],"inLanguage":"es"},{"@type":"Person","@id":"https:\/\/www.ull.es\/portal\/noticias\/#\/schema\/person\/b2b1a89d43ffa609e591f7df8ef3e817","name":"gaprsa","image":{"@type":"ImageObject","inLanguage":"es","@id":"https:\/\/www.ull.es\/portal\/noticias\/#\/schema\/person\/image\/","url":"https:\/\/secure.gravatar.com\/avatar\/443820550921091458b4823867723b3d?s=96&d=mm&r=g","contentUrl":"https:\/\/secure.gravatar.com\/avatar\/443820550921091458b4823867723b3d?s=96&d=mm&r=g","caption":"gaprsa"},"url":"https:\/\/www.ull.es\/portal\/noticias\/author\/gaprsa\/"}]}},"primary_category":{"id":348,"name":"Instituci\u00f3n","slug":"institucion","link":"https:\/\/www.ull.es\/portal\/noticias\/category\/institucion\/"},"featured_image_thumbnail_url":"https:\/\/www.ull.es\/portal\/noticias\/wp-content\/uploads\/sites\/13\/2018\/01\/redfue-300x200.jpg","_links":{"self":[{"href":"https:\/\/www.ull.es\/portal\/noticias\/wp-json\/wp\/v2\/posts\/35016"}],"collection":[{"href":"https:\/\/www.ull.es\/portal\/noticias\/wp-json\/wp\/v2\/posts"}],"about":[{"href":"https:\/\/www.ull.es\/portal\/noticias\/wp-json\/wp\/v2\/types\/post"}],"author":[{"embeddable":true,"href":"https:\/\/www.ull.es\/portal\/noticias\/wp-json\/wp\/v2\/users\/23"}],"replies":[{"embeddable":true,"href":"https:\/\/www.ull.es\/portal\/noticias\/wp-json\/wp\/v2\/comments?post=35016"}],"version-history":[{"count":1,"href":"https:\/\/www.ull.es\/portal\/noticias\/wp-json\/wp\/v2\/posts\/35016\/revisions"}],"predecessor-version":[{"id":35017,"href":"https:\/\/www.ull.es\/portal\/noticias\/wp-json\/wp\/v2\/posts\/35016\/revisions\/35017"}],"wp:featuredmedia":[{"embeddable":true,"href":"https:\/\/www.ull.es\/portal\/noticias\/wp-json\/wp\/v2\/media\/35018"}],"wp:attachment":[{"href":"https:\/\/www.ull.es\/portal\/noticias\/wp-json\/wp\/v2\/media?parent=35016"}],"wp:term":[{"taxonomy":"category","embeddable":true,"href":"https:\/\/www.ull.es\/portal\/noticias\/wp-json\/wp\/v2\/categories?post=35016"},{"taxonomy":"post_tag","embeddable":true,"href":"https:\/\/www.ull.es\/portal\/noticias\/wp-json\/wp\/v2\/tags?post=35016"}],"curies":[{"name":"wp","href":"https:\/\/api.w.org\/{rel}","templated":true}]}}