{"id":35107,"date":"2018-02-01T12:19:46","date_gmt":"2018-02-01T12:19:46","guid":{"rendered":"https:\/\/www.ull.es\/portal\/noticias\/?p=35107"},"modified":"2018-02-01T13:16:41","modified_gmt":"2018-02-01T13:16:41","slug":"premio-canarias-diseno-jaime-hernandez-crea-cartel-del-ciclo-cultural-la-asociacion-mayores-la-ull","status":"publish","type":"post","link":"https:\/\/www.ull.es\/portal\/noticias\/2018\/premio-canarias-diseno-jaime-hernandez-crea-cartel-del-ciclo-cultural-la-asociacion-mayores-la-ull\/","title":{"rendered":"El Premio Canarias de Dise\u00f1o Jaime Hern\u00e1ndez crea el cartel del ciclo cultural de la Asociaci\u00f3n de Mayores de la ULL"},"content":{"rendered":"<p>La Asociaci\u00f3n de Mayores de la Universidad de La Laguna es una organizaci\u00f3n que en 2018 cumple sus primeros diez a\u00f1os de actividad y deriva del programa de Estudios Universitarios para Personas Adultas y Mayores de la instituci\u00f3n. Con motivo de este aniversario, ha organizado un ciclo de actividades culturales cuyo programa ser\u00e1 anunciado pr\u00f3ximamente, que cuenta con un cartel elaborado por Jaime Hern\u00e1ndez Vera, Premio Canarias de Dise\u00f1o 2015 a la Trayectoria Profesional. La obra fue presentada hoy, viernes 1 de febrero, en el Vicerrectorado de Relaciones con la Sociedad.<\/p>\n<p>Adem\u00e1s del propio Hern\u00e1ndez Vera, el acto cont\u00f3 con la presencia del vicerrector Francisco Garc\u00eda y de la presidenta y vicepresidenta de la Asociaci\u00f3n de Mayores de la ULL, Antonia P\u00e9rez y Manuela de la Fuente, respectivamente, quienes agradecieron al dise\u00f1ador su desinteresada colaboraci\u00f3n y repasaron su curr\u00edculo.<\/p>\n<p>El dise\u00f1ador explic\u00f3 que puso especial cuidado en el desarrollo de este cartel porque era consciente de que el original pasar\u00e1 a formar parte del patrimonio art\u00edstico de la universidad, lo cual a\u00f1adi\u00f3 un plus de responsabilidad al encargo. Por ello, opt\u00f3 por abordarlo de una manera tradicional, es decir, pint\u00e1ndolo con tintas planas en lugar de recurrir a procedimientos inform\u00e1ticos.<\/p>\n<p>La pieza est\u00e1 protagonizada en primer plano por el edificio piramidal de una de las sedes de la Facultad de Ciencias Pol\u00edticas, Sociales y de la Comunicaci\u00f3n, donde se lleva a cabo dicho programa formativo para mayores, con una ventana di\u00e1fana que simboliza la voluntad de apertura hacia la sociedad. Como fondo, unas monta\u00f1as y una ciudad que no corresponden al paisaje real de la facultad, sino que simbolizan facetas de la asociaci\u00f3n como son el contacto con La Laguna y las actividades relacionadas con la naturaleza.<\/p>\n<p>El vicerrector alab\u00f3 esa referencia a la voluntad de apertura de la obra porque, como record\u00f3, esa es una de las prioridades de la universidad. De paso, aprovech\u00f3 para resaltar el alto valor social que poseen los Estudios Universitarios para Personas Adultas y Mayores, y adem\u00e1s del programa cultural que se est\u00e1 preparando para 2018, quiso mencionar una nueva convocatoria de la entidad: el curso de Introducci\u00f3n a la Investigaci\u00f3n de los Estudios Universitarios para Personas Adultas y Mayores, que se ofertar\u00e1 a alumnos del programa que hayan cumplido con, al menos, 38 de los 63 del plan de estudios.<\/p>\n","protected":false},"excerpt":{"rendered":"<p>La Asociaci\u00f3n de Mayores de la Universidad de La Laguna es una organizaci\u00f3n que en 2018 cumple sus primeros diez&#8230;<\/p>\n","protected":false},"author":23,"featured_media":35109,"comment_status":"closed","ping_status":"closed","sticky":false,"template":"","format":"standard","meta":{"inline_featured_image":false,"footnotes":""},"categories":[343,344,345,2765],"tags":[3944],"acf":[],"yoast_head":"<!-- This site is optimized with the Yoast SEO plugin v21.3 - https:\/\/yoast.com\/wordpress\/plugins\/seo\/ -->\n<title>El Premio Canarias de Dise\u00f1o Jaime Hern\u00e1ndez crea el cartel del ciclo cultural de la Asociaci\u00f3n de Mayores de la ULL - ULL - Noticias<\/title>\n<meta name=\"robots\" content=\"index, follow, max-snippet:-1, max-image-preview:large, max-video-preview:-1\" \/>\n<link rel=\"canonical\" href=\"https:\/\/www.ull.es\/portal\/noticias\/2018\/premio-canarias-diseno-jaime-hernandez-crea-cartel-del-ciclo-cultural-la-asociacion-mayores-la-ull\/\" \/>\n<meta property=\"og:locale\" content=\"es_ES\" \/>\n<meta property=\"og:type\" content=\"article\" \/>\n<meta property=\"og:title\" content=\"El Premio Canarias de Dise\u00f1o Jaime Hern\u00e1ndez crea el cartel del ciclo cultural de la Asociaci\u00f3n de Mayores de la ULL - ULL - Noticias\" \/>\n<meta property=\"og:description\" content=\"La Asociaci\u00f3n de Mayores de la Universidad de La Laguna es una organizaci\u00f3n que en 2018 cumple sus primeros diez...\" \/>\n<meta property=\"og:url\" content=\"https:\/\/www.ull.es\/portal\/noticias\/2018\/premio-canarias-diseno-jaime-hernandez-crea-cartel-del-ciclo-cultural-la-asociacion-mayores-la-ull\/\" \/>\n<meta property=\"og:site_name\" content=\"ULL - Noticias\" \/>\n<meta property=\"article:publisher\" content=\"https:\/\/www.facebook.com\/universidaddelalaguna\/\" \/>\n<meta property=\"article:published_time\" content=\"2018-02-01T12:19:46+00:00\" \/>\n<meta property=\"article:modified_time\" content=\"2018-02-01T13:16:41+00:00\" \/>\n<meta property=\"og:image\" content=\"https:\/\/www.ull.es\/portal\/noticias\/wp-content\/uploads\/sites\/13\/2018\/02\/cartel-mayores.jpg\" \/>\n\t<meta property=\"og:image:width\" content=\"1024\" \/>\n\t<meta property=\"og:image:height\" content=\"683\" \/>\n\t<meta property=\"og:image:type\" content=\"image\/jpeg\" \/>\n<meta name=\"author\" content=\"gaprsa\" \/>\n<meta name=\"twitter:card\" content=\"summary_large_image\" \/>\n<meta name=\"twitter:creator\" content=\"@CanalULL\" \/>\n<meta name=\"twitter:site\" content=\"@CanalULL\" \/>\n<meta name=\"twitter:label1\" content=\"Escrito por\" \/>\n\t<meta name=\"twitter:data1\" content=\"gaprsa\" \/>\n\t<meta name=\"twitter:label2\" content=\"Tiempo de lectura\" \/>\n\t<meta name=\"twitter:data2\" content=\"2 minutos\" \/>\n<script type=\"application\/ld+json\" class=\"yoast-schema-graph\">{\"@context\":\"https:\/\/schema.org\",\"@graph\":[{\"@type\":\"WebPage\",\"@id\":\"https:\/\/www.ull.es\/portal\/noticias\/2018\/premio-canarias-diseno-jaime-hernandez-crea-cartel-del-ciclo-cultural-la-asociacion-mayores-la-ull\/\",\"url\":\"https:\/\/www.ull.es\/portal\/noticias\/2018\/premio-canarias-diseno-jaime-hernandez-crea-cartel-del-ciclo-cultural-la-asociacion-mayores-la-ull\/\",\"name\":\"El Premio Canarias de Dise\u00f1o Jaime Hern\u00e1ndez crea el cartel del ciclo cultural de la Asociaci\u00f3n de Mayores de la ULL - ULL - Noticias\",\"isPartOf\":{\"@id\":\"https:\/\/www.ull.es\/portal\/noticias\/#website\"},\"datePublished\":\"2018-02-01T12:19:46+00:00\",\"dateModified\":\"2018-02-01T13:16:41+00:00\",\"author\":{\"@id\":\"https:\/\/www.ull.es\/portal\/noticias\/#\/schema\/person\/b2b1a89d43ffa609e591f7df8ef3e817\"},\"breadcrumb\":{\"@id\":\"https:\/\/www.ull.es\/portal\/noticias\/2018\/premio-canarias-diseno-jaime-hernandez-crea-cartel-del-ciclo-cultural-la-asociacion-mayores-la-ull\/#breadcrumb\"},\"inLanguage\":\"es\",\"potentialAction\":[{\"@type\":\"ReadAction\",\"target\":[\"https:\/\/www.ull.es\/portal\/noticias\/2018\/premio-canarias-diseno-jaime-hernandez-crea-cartel-del-ciclo-cultural-la-asociacion-mayores-la-ull\/\"]}]},{\"@type\":\"BreadcrumbList\",\"@id\":\"https:\/\/www.ull.es\/portal\/noticias\/2018\/premio-canarias-diseno-jaime-hernandez-crea-cartel-del-ciclo-cultural-la-asociacion-mayores-la-ull\/#breadcrumb\",\"itemListElement\":[{\"@type\":\"ListItem\",\"position\":1,\"name\":\"Portada\",\"item\":\"https:\/\/www.ull.es\/portal\/noticias\/\"},{\"@type\":\"ListItem\",\"position\":2,\"name\":\"El Premio Canarias de Dise\u00f1o Jaime Hern\u00e1ndez crea el cartel del ciclo cultural de la Asociaci\u00f3n de Mayores de la ULL\"}]},{\"@type\":\"WebSite\",\"@id\":\"https:\/\/www.ull.es\/portal\/noticias\/#website\",\"url\":\"https:\/\/www.ull.es\/portal\/noticias\/\",\"name\":\"ULL - Noticias\",\"description\":\"\",\"potentialAction\":[{\"@type\":\"SearchAction\",\"target\":{\"@type\":\"EntryPoint\",\"urlTemplate\":\"https:\/\/www.ull.es\/portal\/noticias\/?s={search_term_string}\"},\"query-input\":\"required name=search_term_string\"}],\"inLanguage\":\"es\"},{\"@type\":\"Person\",\"@id\":\"https:\/\/www.ull.es\/portal\/noticias\/#\/schema\/person\/b2b1a89d43ffa609e591f7df8ef3e817\",\"name\":\"gaprsa\",\"image\":{\"@type\":\"ImageObject\",\"inLanguage\":\"es\",\"@id\":\"https:\/\/www.ull.es\/portal\/noticias\/#\/schema\/person\/image\/\",\"url\":\"https:\/\/secure.gravatar.com\/avatar\/443820550921091458b4823867723b3d?s=96&d=mm&r=g\",\"contentUrl\":\"https:\/\/secure.gravatar.com\/avatar\/443820550921091458b4823867723b3d?s=96&d=mm&r=g\",\"caption\":\"gaprsa\"},\"url\":\"https:\/\/www.ull.es\/portal\/noticias\/author\/gaprsa\/\"}]}<\/script>\n<!-- \/ Yoast SEO plugin. -->","yoast_head_json":{"title":"El Premio Canarias de Dise\u00f1o Jaime Hern\u00e1ndez crea el cartel del ciclo cultural de la Asociaci\u00f3n de Mayores de la ULL - ULL - Noticias","robots":{"index":"index","follow":"follow","max-snippet":"max-snippet:-1","max-image-preview":"max-image-preview:large","max-video-preview":"max-video-preview:-1"},"canonical":"https:\/\/www.ull.es\/portal\/noticias\/2018\/premio-canarias-diseno-jaime-hernandez-crea-cartel-del-ciclo-cultural-la-asociacion-mayores-la-ull\/","og_locale":"es_ES","og_type":"article","og_title":"El Premio Canarias de Dise\u00f1o Jaime Hern\u00e1ndez crea el cartel del ciclo cultural de la Asociaci\u00f3n de Mayores de la ULL - ULL - Noticias","og_description":"La Asociaci\u00f3n de Mayores de la Universidad de La Laguna es una organizaci\u00f3n que en 2018 cumple sus primeros diez...","og_url":"https:\/\/www.ull.es\/portal\/noticias\/2018\/premio-canarias-diseno-jaime-hernandez-crea-cartel-del-ciclo-cultural-la-asociacion-mayores-la-ull\/","og_site_name":"ULL - Noticias","article_publisher":"https:\/\/www.facebook.com\/universidaddelalaguna\/","article_published_time":"2018-02-01T12:19:46+00:00","article_modified_time":"2018-02-01T13:16:41+00:00","og_image":[{"width":1024,"height":683,"url":"https:\/\/www.ull.es\/portal\/noticias\/wp-content\/uploads\/sites\/13\/2018\/02\/cartel-mayores.jpg","type":"image\/jpeg"}],"author":"gaprsa","twitter_card":"summary_large_image","twitter_creator":"@CanalULL","twitter_site":"@CanalULL","twitter_misc":{"Escrito por":"gaprsa","Tiempo de lectura":"2 minutos"},"schema":{"@context":"https:\/\/schema.org","@graph":[{"@type":"WebPage","@id":"https:\/\/www.ull.es\/portal\/noticias\/2018\/premio-canarias-diseno-jaime-hernandez-crea-cartel-del-ciclo-cultural-la-asociacion-mayores-la-ull\/","url":"https:\/\/www.ull.es\/portal\/noticias\/2018\/premio-canarias-diseno-jaime-hernandez-crea-cartel-del-ciclo-cultural-la-asociacion-mayores-la-ull\/","name":"El Premio Canarias de Dise\u00f1o Jaime Hern\u00e1ndez crea el cartel del ciclo cultural de la Asociaci\u00f3n de Mayores de la ULL - ULL - Noticias","isPartOf":{"@id":"https:\/\/www.ull.es\/portal\/noticias\/#website"},"datePublished":"2018-02-01T12:19:46+00:00","dateModified":"2018-02-01T13:16:41+00:00","author":{"@id":"https:\/\/www.ull.es\/portal\/noticias\/#\/schema\/person\/b2b1a89d43ffa609e591f7df8ef3e817"},"breadcrumb":{"@id":"https:\/\/www.ull.es\/portal\/noticias\/2018\/premio-canarias-diseno-jaime-hernandez-crea-cartel-del-ciclo-cultural-la-asociacion-mayores-la-ull\/#breadcrumb"},"inLanguage":"es","potentialAction":[{"@type":"ReadAction","target":["https:\/\/www.ull.es\/portal\/noticias\/2018\/premio-canarias-diseno-jaime-hernandez-crea-cartel-del-ciclo-cultural-la-asociacion-mayores-la-ull\/"]}]},{"@type":"BreadcrumbList","@id":"https:\/\/www.ull.es\/portal\/noticias\/2018\/premio-canarias-diseno-jaime-hernandez-crea-cartel-del-ciclo-cultural-la-asociacion-mayores-la-ull\/#breadcrumb","itemListElement":[{"@type":"ListItem","position":1,"name":"Portada","item":"https:\/\/www.ull.es\/portal\/noticias\/"},{"@type":"ListItem","position":2,"name":"El Premio Canarias de Dise\u00f1o Jaime Hern\u00e1ndez crea el cartel del ciclo cultural de la Asociaci\u00f3n de Mayores de la ULL"}]},{"@type":"WebSite","@id":"https:\/\/www.ull.es\/portal\/noticias\/#website","url":"https:\/\/www.ull.es\/portal\/noticias\/","name":"ULL - Noticias","description":"","potentialAction":[{"@type":"SearchAction","target":{"@type":"EntryPoint","urlTemplate":"https:\/\/www.ull.es\/portal\/noticias\/?s={search_term_string}"},"query-input":"required name=search_term_string"}],"inLanguage":"es"},{"@type":"Person","@id":"https:\/\/www.ull.es\/portal\/noticias\/#\/schema\/person\/b2b1a89d43ffa609e591f7df8ef3e817","name":"gaprsa","image":{"@type":"ImageObject","inLanguage":"es","@id":"https:\/\/www.ull.es\/portal\/noticias\/#\/schema\/person\/image\/","url":"https:\/\/secure.gravatar.com\/avatar\/443820550921091458b4823867723b3d?s=96&d=mm&r=g","contentUrl":"https:\/\/secure.gravatar.com\/avatar\/443820550921091458b4823867723b3d?s=96&d=mm&r=g","caption":"gaprsa"},"url":"https:\/\/www.ull.es\/portal\/noticias\/author\/gaprsa\/"}]}},"primary_category":{"id":343,"name":"Alumnado","slug":"alumnado","link":"https:\/\/www.ull.es\/portal\/noticias\/category\/alumnado\/"},"featured_image_thumbnail_url":"https:\/\/www.ull.es\/portal\/noticias\/wp-content\/uploads\/sites\/13\/2018\/02\/cartel-mayores-300x200.jpg","_links":{"self":[{"href":"https:\/\/www.ull.es\/portal\/noticias\/wp-json\/wp\/v2\/posts\/35107"}],"collection":[{"href":"https:\/\/www.ull.es\/portal\/noticias\/wp-json\/wp\/v2\/posts"}],"about":[{"href":"https:\/\/www.ull.es\/portal\/noticias\/wp-json\/wp\/v2\/types\/post"}],"author":[{"embeddable":true,"href":"https:\/\/www.ull.es\/portal\/noticias\/wp-json\/wp\/v2\/users\/23"}],"replies":[{"embeddable":true,"href":"https:\/\/www.ull.es\/portal\/noticias\/wp-json\/wp\/v2\/comments?post=35107"}],"version-history":[{"count":1,"href":"https:\/\/www.ull.es\/portal\/noticias\/wp-json\/wp\/v2\/posts\/35107\/revisions"}],"predecessor-version":[{"id":35108,"href":"https:\/\/www.ull.es\/portal\/noticias\/wp-json\/wp\/v2\/posts\/35107\/revisions\/35108"}],"wp:featuredmedia":[{"embeddable":true,"href":"https:\/\/www.ull.es\/portal\/noticias\/wp-json\/wp\/v2\/media\/35109"}],"wp:attachment":[{"href":"https:\/\/www.ull.es\/portal\/noticias\/wp-json\/wp\/v2\/media?parent=35107"}],"wp:term":[{"taxonomy":"category","embeddable":true,"href":"https:\/\/www.ull.es\/portal\/noticias\/wp-json\/wp\/v2\/categories?post=35107"},{"taxonomy":"post_tag","embeddable":true,"href":"https:\/\/www.ull.es\/portal\/noticias\/wp-json\/wp\/v2\/tags?post=35107"}],"curies":[{"name":"wp","href":"https:\/\/api.w.org\/{rel}","templated":true}]}}