{"id":35121,"date":"2018-02-05T08:56:22","date_gmt":"2018-02-05T08:56:22","guid":{"rendered":"https:\/\/www.ull.es\/portal\/noticias\/?p=35121"},"modified":"2018-02-05T08:56:22","modified_gmt":"2018-02-05T08:56:22","slug":"convocatoria-publica-la-creacion-una-bolsa-trabajo-la-prestacion-caracter-temporal-servicios-funciones-propias-del-personal-funcionario-administracion-servicios-la-esc","status":"publish","type":"post","link":"https:\/\/www.ull.es\/portal\/noticias\/2018\/convocatoria-publica-la-creacion-una-bolsa-trabajo-la-prestacion-caracter-temporal-servicios-funciones-propias-del-personal-funcionario-administracion-servicios-la-esc\/","title":{"rendered":"Convocatoria p\u00fablica para la creaci\u00f3n de una Bolsa de Trabajo para la prestaci\u00f3n con car\u00e1cter temporal de servicios y funciones propias del personal funcionario de administraci\u00f3n y servicios de la Escala de T\u00e9cnicos de Gesti\u00f3n (Grupo A, Subgrupo A1)"},"content":{"rendered":"<p><a href=\"http:\/\/sede.gobcan.es\/boc\/boc-a-2018-025-511.pdf\" target=\"_blank\" rel=\"noopener\" target=\"_blank\" rel=\"noopener\">Resoluci\u00f3n de 25 de enero de 2018, por la que se aprueba la convocatoria p\u00fablica para la creaci\u00f3n de una Bolsa de Trabajo para la prestaci\u00f3n con car\u00e1cter temporal de servicios y funciones propias del personal funcionario de administraci\u00f3n y servicios de la Escala de T\u00e9cnicos de Gesti\u00f3n (Grupo A, Subgrupo A1)<\/a><\/p>\n","protected":false},"excerpt":{"rendered":"<p>Resoluci\u00f3n de 25 de enero de 2018, por la que se aprueba la convocatoria p\u00fablica para la creaci\u00f3n de una&#8230;<\/p>\n","protected":false},"author":20,"featured_media":0,"comment_status":"closed","ping_status":"closed","sticky":false,"template":"","format":"standard","meta":{"inline_featured_image":false,"footnotes":""},"categories":[2769],"tags":[],"acf":[],"yoast_head":"<!-- This site is optimized with the Yoast SEO plugin v21.3 - https:\/\/yoast.com\/wordpress\/plugins\/seo\/ -->\n<title>Convocatoria p\u00fablica para la creaci\u00f3n de una Bolsa de Trabajo para la prestaci\u00f3n con car\u00e1cter temporal de servicios y funciones propias del personal funcionario de administraci\u00f3n y servicios de la Escala de T\u00e9cnicos de Gesti\u00f3n (Grupo A, Subgrupo A1) - ULL - Noticias<\/title>\n<meta name=\"robots\" content=\"index, follow, max-snippet:-1, max-image-preview:large, max-video-preview:-1\" \/>\n<link rel=\"canonical\" href=\"https:\/\/www.ull.es\/portal\/noticias\/2018\/convocatoria-publica-la-creacion-una-bolsa-trabajo-la-prestacion-caracter-temporal-servicios-funciones-propias-del-personal-funcionario-administracion-servicios-la-esc\/\" \/>\n<meta property=\"og:locale\" content=\"es_ES\" \/>\n<meta property=\"og:type\" content=\"article\" \/>\n<meta property=\"og:title\" content=\"Convocatoria p\u00fablica para la creaci\u00f3n de una Bolsa de Trabajo para la prestaci\u00f3n con car\u00e1cter temporal de servicios y funciones propias del personal funcionario de administraci\u00f3n y servicios de la Escala de T\u00e9cnicos de Gesti\u00f3n (Grupo A, Subgrupo A1) - ULL - Noticias\" \/>\n<meta property=\"og:description\" content=\"Resoluci\u00f3n de 25 de enero de 2018, por la que se aprueba la convocatoria p\u00fablica para la creaci\u00f3n de una...\" \/>\n<meta property=\"og:url\" content=\"https:\/\/www.ull.es\/portal\/noticias\/2018\/convocatoria-publica-la-creacion-una-bolsa-trabajo-la-prestacion-caracter-temporal-servicios-funciones-propias-del-personal-funcionario-administracion-servicios-la-esc\/\" \/>\n<meta property=\"og:site_name\" content=\"ULL - Noticias\" \/>\n<meta property=\"article:publisher\" content=\"https:\/\/www.facebook.com\/universidaddelalaguna\/\" \/>\n<meta property=\"article:published_time\" content=\"2018-02-05T08:56:22+00:00\" \/>\n<meta property=\"og:image\" content=\"https:\/\/www.ull.es\/portal\/noticias\/wp-content\/uploads\/sites\/13\/2023\/06\/logo-redimensionado.png\" \/>\n\t<meta property=\"og:image:width\" content=\"1200\" \/>\n\t<meta property=\"og:image:height\" content=\"630\" \/>\n\t<meta property=\"og:image:type\" content=\"image\/png\" \/>\n<meta name=\"author\" content=\"prensa1\" \/>\n<meta name=\"twitter:card\" content=\"summary_large_image\" \/>\n<meta name=\"twitter:creator\" content=\"@CanalULL\" \/>\n<meta name=\"twitter:site\" content=\"@CanalULL\" \/>\n<meta name=\"twitter:label1\" content=\"Escrito por\" \/>\n\t<meta name=\"twitter:data1\" content=\"prensa1\" \/>\n<script type=\"application\/ld+json\" class=\"yoast-schema-graph\">{\"@context\":\"https:\/\/schema.org\",\"@graph\":[{\"@type\":\"WebPage\",\"@id\":\"https:\/\/www.ull.es\/portal\/noticias\/2018\/convocatoria-publica-la-creacion-una-bolsa-trabajo-la-prestacion-caracter-temporal-servicios-funciones-propias-del-personal-funcionario-administracion-servicios-la-esc\/\",\"url\":\"https:\/\/www.ull.es\/portal\/noticias\/2018\/convocatoria-publica-la-creacion-una-bolsa-trabajo-la-prestacion-caracter-temporal-servicios-funciones-propias-del-personal-funcionario-administracion-servicios-la-esc\/\",\"name\":\"Convocatoria p\u00fablica para la creaci\u00f3n de una Bolsa de Trabajo para la prestaci\u00f3n con car\u00e1cter temporal de servicios y funciones propias del personal funcionario de administraci\u00f3n y servicios de la Escala de T\u00e9cnicos de Gesti\u00f3n (Grupo A, Subgrupo A1) - ULL - Noticias\",\"isPartOf\":{\"@id\":\"https:\/\/www.ull.es\/portal\/noticias\/#website\"},\"datePublished\":\"2018-02-05T08:56:22+00:00\",\"dateModified\":\"2018-02-05T08:56:22+00:00\",\"author\":{\"@id\":\"https:\/\/www.ull.es\/portal\/noticias\/#\/schema\/person\/ea9b721b26bc001d9f8820a760100f96\"},\"breadcrumb\":{\"@id\":\"https:\/\/www.ull.es\/portal\/noticias\/2018\/convocatoria-publica-la-creacion-una-bolsa-trabajo-la-prestacion-caracter-temporal-servicios-funciones-propias-del-personal-funcionario-administracion-servicios-la-esc\/#breadcrumb\"},\"inLanguage\":\"es\",\"potentialAction\":[{\"@type\":\"ReadAction\",\"target\":[\"https:\/\/www.ull.es\/portal\/noticias\/2018\/convocatoria-publica-la-creacion-una-bolsa-trabajo-la-prestacion-caracter-temporal-servicios-funciones-propias-del-personal-funcionario-administracion-servicios-la-esc\/\"]}]},{\"@type\":\"BreadcrumbList\",\"@id\":\"https:\/\/www.ull.es\/portal\/noticias\/2018\/convocatoria-publica-la-creacion-una-bolsa-trabajo-la-prestacion-caracter-temporal-servicios-funciones-propias-del-personal-funcionario-administracion-servicios-la-esc\/#breadcrumb\",\"itemListElement\":[{\"@type\":\"ListItem\",\"position\":1,\"name\":\"Portada\",\"item\":\"https:\/\/www.ull.es\/portal\/noticias\/\"},{\"@type\":\"ListItem\",\"position\":2,\"name\":\"Convocatoria p\u00fablica para la creaci\u00f3n de una Bolsa de Trabajo para la prestaci\u00f3n con car\u00e1cter temporal de servicios y funciones propias del personal funcionario de administraci\u00f3n y servicios de la Escala de T\u00e9cnicos de Gesti\u00f3n (Grupo A, Subgrupo A1)\"}]},{\"@type\":\"WebSite\",\"@id\":\"https:\/\/www.ull.es\/portal\/noticias\/#website\",\"url\":\"https:\/\/www.ull.es\/portal\/noticias\/\",\"name\":\"ULL - Noticias\",\"description\":\"\",\"potentialAction\":[{\"@type\":\"SearchAction\",\"target\":{\"@type\":\"EntryPoint\",\"urlTemplate\":\"https:\/\/www.ull.es\/portal\/noticias\/?s={search_term_string}\"},\"query-input\":\"required name=search_term_string\"}],\"inLanguage\":\"es\"},{\"@type\":\"Person\",\"@id\":\"https:\/\/www.ull.es\/portal\/noticias\/#\/schema\/person\/ea9b721b26bc001d9f8820a760100f96\",\"name\":\"prensa1\",\"image\":{\"@type\":\"ImageObject\",\"inLanguage\":\"es\",\"@id\":\"https:\/\/www.ull.es\/portal\/noticias\/#\/schema\/person\/image\/\",\"url\":\"https:\/\/secure.gravatar.com\/avatar\/94b9dcabd35142d3e94c7343cd1c6ca0?s=96&d=mm&r=g\",\"contentUrl\":\"https:\/\/secure.gravatar.com\/avatar\/94b9dcabd35142d3e94c7343cd1c6ca0?s=96&d=mm&r=g\",\"caption\":\"prensa1\"},\"url\":\"https:\/\/www.ull.es\/portal\/noticias\/author\/prensa1\/\"}]}<\/script>\n<!-- \/ Yoast SEO plugin. -->","yoast_head_json":{"title":"Convocatoria p\u00fablica para la creaci\u00f3n de una Bolsa de Trabajo para la prestaci\u00f3n con car\u00e1cter temporal de servicios y funciones propias del personal funcionario de administraci\u00f3n y servicios de la Escala de T\u00e9cnicos de Gesti\u00f3n (Grupo A, Subgrupo A1) - ULL - Noticias","robots":{"index":"index","follow":"follow","max-snippet":"max-snippet:-1","max-image-preview":"max-image-preview:large","max-video-preview":"max-video-preview:-1"},"canonical":"https:\/\/www.ull.es\/portal\/noticias\/2018\/convocatoria-publica-la-creacion-una-bolsa-trabajo-la-prestacion-caracter-temporal-servicios-funciones-propias-del-personal-funcionario-administracion-servicios-la-esc\/","og_locale":"es_ES","og_type":"article","og_title":"Convocatoria p\u00fablica para la creaci\u00f3n de una Bolsa de Trabajo para la prestaci\u00f3n con car\u00e1cter temporal de servicios y funciones propias del personal funcionario de administraci\u00f3n y servicios de la Escala de T\u00e9cnicos de Gesti\u00f3n (Grupo A, Subgrupo A1) - ULL - Noticias","og_description":"Resoluci\u00f3n de 25 de enero de 2018, por la que se aprueba la convocatoria p\u00fablica para la creaci\u00f3n de una...","og_url":"https:\/\/www.ull.es\/portal\/noticias\/2018\/convocatoria-publica-la-creacion-una-bolsa-trabajo-la-prestacion-caracter-temporal-servicios-funciones-propias-del-personal-funcionario-administracion-servicios-la-esc\/","og_site_name":"ULL - Noticias","article_publisher":"https:\/\/www.facebook.com\/universidaddelalaguna\/","article_published_time":"2018-02-05T08:56:22+00:00","og_image":[{"width":1200,"height":630,"url":"https:\/\/www.ull.es\/portal\/noticias\/wp-content\/uploads\/sites\/13\/2023\/06\/logo-redimensionado.png","type":"image\/png"}],"author":"prensa1","twitter_card":"summary_large_image","twitter_creator":"@CanalULL","twitter_site":"@CanalULL","twitter_misc":{"Escrito por":"prensa1"},"schema":{"@context":"https:\/\/schema.org","@graph":[{"@type":"WebPage","@id":"https:\/\/www.ull.es\/portal\/noticias\/2018\/convocatoria-publica-la-creacion-una-bolsa-trabajo-la-prestacion-caracter-temporal-servicios-funciones-propias-del-personal-funcionario-administracion-servicios-la-esc\/","url":"https:\/\/www.ull.es\/portal\/noticias\/2018\/convocatoria-publica-la-creacion-una-bolsa-trabajo-la-prestacion-caracter-temporal-servicios-funciones-propias-del-personal-funcionario-administracion-servicios-la-esc\/","name":"Convocatoria p\u00fablica para la creaci\u00f3n de una Bolsa de Trabajo para la prestaci\u00f3n con car\u00e1cter temporal de servicios y funciones propias del personal funcionario de administraci\u00f3n y servicios de la Escala de T\u00e9cnicos de Gesti\u00f3n (Grupo A, Subgrupo A1) - ULL - Noticias","isPartOf":{"@id":"https:\/\/www.ull.es\/portal\/noticias\/#website"},"datePublished":"2018-02-05T08:56:22+00:00","dateModified":"2018-02-05T08:56:22+00:00","author":{"@id":"https:\/\/www.ull.es\/portal\/noticias\/#\/schema\/person\/ea9b721b26bc001d9f8820a760100f96"},"breadcrumb":{"@id":"https:\/\/www.ull.es\/portal\/noticias\/2018\/convocatoria-publica-la-creacion-una-bolsa-trabajo-la-prestacion-caracter-temporal-servicios-funciones-propias-del-personal-funcionario-administracion-servicios-la-esc\/#breadcrumb"},"inLanguage":"es","potentialAction":[{"@type":"ReadAction","target":["https:\/\/www.ull.es\/portal\/noticias\/2018\/convocatoria-publica-la-creacion-una-bolsa-trabajo-la-prestacion-caracter-temporal-servicios-funciones-propias-del-personal-funcionario-administracion-servicios-la-esc\/"]}]},{"@type":"BreadcrumbList","@id":"https:\/\/www.ull.es\/portal\/noticias\/2018\/convocatoria-publica-la-creacion-una-bolsa-trabajo-la-prestacion-caracter-temporal-servicios-funciones-propias-del-personal-funcionario-administracion-servicios-la-esc\/#breadcrumb","itemListElement":[{"@type":"ListItem","position":1,"name":"Portada","item":"https:\/\/www.ull.es\/portal\/noticias\/"},{"@type":"ListItem","position":2,"name":"Convocatoria p\u00fablica para la creaci\u00f3n de una Bolsa de Trabajo para la prestaci\u00f3n con car\u00e1cter temporal de servicios y funciones propias del personal funcionario de administraci\u00f3n y servicios de la Escala de T\u00e9cnicos de Gesti\u00f3n (Grupo A, Subgrupo A1)"}]},{"@type":"WebSite","@id":"https:\/\/www.ull.es\/portal\/noticias\/#website","url":"https:\/\/www.ull.es\/portal\/noticias\/","name":"ULL - Noticias","description":"","potentialAction":[{"@type":"SearchAction","target":{"@type":"EntryPoint","urlTemplate":"https:\/\/www.ull.es\/portal\/noticias\/?s={search_term_string}"},"query-input":"required name=search_term_string"}],"inLanguage":"es"},{"@type":"Person","@id":"https:\/\/www.ull.es\/portal\/noticias\/#\/schema\/person\/ea9b721b26bc001d9f8820a760100f96","name":"prensa1","image":{"@type":"ImageObject","inLanguage":"es","@id":"https:\/\/www.ull.es\/portal\/noticias\/#\/schema\/person\/image\/","url":"https:\/\/secure.gravatar.com\/avatar\/94b9dcabd35142d3e94c7343cd1c6ca0?s=96&d=mm&r=g","contentUrl":"https:\/\/secure.gravatar.com\/avatar\/94b9dcabd35142d3e94c7343cd1c6ca0?s=96&d=mm&r=g","caption":"prensa1"},"url":"https:\/\/www.ull.es\/portal\/noticias\/author\/prensa1\/"}]}},"primary_category":{"id":2769,"name":"Notificaciones PAS","slug":"notificaciones-pas","link":"https:\/\/www.ull.es\/portal\/noticias\/category\/notificaciones-ull\/notificaciones-pas\/"},"featured_image_thumbnail_url":null,"_links":{"self":[{"href":"https:\/\/www.ull.es\/portal\/noticias\/wp-json\/wp\/v2\/posts\/35121"}],"collection":[{"href":"https:\/\/www.ull.es\/portal\/noticias\/wp-json\/wp\/v2\/posts"}],"about":[{"href":"https:\/\/www.ull.es\/portal\/noticias\/wp-json\/wp\/v2\/types\/post"}],"author":[{"embeddable":true,"href":"https:\/\/www.ull.es\/portal\/noticias\/wp-json\/wp\/v2\/users\/20"}],"replies":[{"embeddable":true,"href":"https:\/\/www.ull.es\/portal\/noticias\/wp-json\/wp\/v2\/comments?post=35121"}],"version-history":[{"count":1,"href":"https:\/\/www.ull.es\/portal\/noticias\/wp-json\/wp\/v2\/posts\/35121\/revisions"}],"predecessor-version":[{"id":35122,"href":"https:\/\/www.ull.es\/portal\/noticias\/wp-json\/wp\/v2\/posts\/35121\/revisions\/35122"}],"wp:attachment":[{"href":"https:\/\/www.ull.es\/portal\/noticias\/wp-json\/wp\/v2\/media?parent=35121"}],"wp:term":[{"taxonomy":"category","embeddable":true,"href":"https:\/\/www.ull.es\/portal\/noticias\/wp-json\/wp\/v2\/categories?post=35121"},{"taxonomy":"post_tag","embeddable":true,"href":"https:\/\/www.ull.es\/portal\/noticias\/wp-json\/wp\/v2\/tags?post=35121"}],"curies":[{"name":"wp","href":"https:\/\/api.w.org\/{rel}","templated":true}]}}