{"id":35161,"date":"2018-02-07T11:36:10","date_gmt":"2018-02-07T11:36:10","guid":{"rendered":"https:\/\/www.ull.es\/portal\/noticias\/?p=35161"},"modified":"2018-02-07T15:06:49","modified_gmt":"2018-02-07T15:06:49","slug":"ull-reunion-asociacion-ade2ca","status":"publish","type":"post","link":"https:\/\/www.ull.es\/portal\/noticias\/2018\/ull-reunion-asociacion-ade2ca\/","title":{"rendered":"La Facultad de Econom\u00eda de la ULL recibe a la asociaci\u00f3n de decanos de Andaluc\u00eda, Canarias, Ceuta y Melilla"},"content":{"rendered":"<p>Durante los d\u00edas 8 y 9 de febrero de 2018 la Universidad de La Laguna acoge la reuni\u00f3n de la Asociaci\u00f3n de Decanas y Decanos de Econom\u00eda y Empresa de Andaluc\u00eda, Canarias, Ceuta y Melilla (ADE<sup>2<\/sup>CA), una organizaci\u00f3n que tiene como fines propios el fomento, la mejora y la coordinaci\u00f3n de los estudios de Econom\u00eda y Empresa en las distintas facultades que los imparten.<\/p>\n<p>Se desarrollar\u00e1 mediante sesiones de trabajo en las que se expondr\u00e1n temas de inter\u00e9s sobre los cuales se generan foros de debate e intercambian ideas y proyectos. Esta Asociaci\u00f3n funciona en estrecha coordinaci\u00f3n con la Conferencia Espa\u00f1ola de Decanas y Decanos de Econom\u00eda y Empresa (CONFEDE).<\/p>\n<p>La ADE<sup>2<\/sup>CA se re\u00fane anualmente y, en esta ocasi\u00f3n, la Facultad de Econom\u00eda, Empresa y Turismo de la Universidad de La Laguna es la anfitriona y responsable de la organizaci\u00f3n del evento. En la reuni\u00f3n participar\u00e1 la pr\u00e1ctica totalidad de los representantes de las facultades en las que se imparten las titulaciones de Grados de Econom\u00eda y Empresa de las universidades de Andaluc\u00eda, Canarias, Ceuta y Melilla.<\/p>\n<p>En el acto de bienvenida e inauguraci\u00f3n de la reuni\u00f3n, que tendr\u00e1 lugar ma\u00f1ana jueves 2 de febrero, a las 15:45 horas, en la Sala \u201cLeonor Hern\u00e1ndez Ben\u00edtez\u201d, reci\u00e9n inaugurada en el centro, intervendr\u00e1n Francisco J. Garc\u00eda Rodr\u00edguez, vicerrector de Relaciones con la Sociedad de la ULL, y M\u00aa Victoria P\u00e9rez Monteverde, decana de la Facultad de Econom\u00eda, Empresa y Turismo de la Universidad de La Laguna.<\/p>\n<p>El orden del d\u00eda de la reuni\u00f3n contiene asuntos de inter\u00e9s para las facultades que imparten estudios universitarios de Econom\u00eda y Empresa, como son el reconocimiento de cr\u00e9ditos entre universidades, las tasas del Sistema de Garant\u00eda de Calidad, la presencialidad, relacionada con grupos grandes y reducidos, planes estrat\u00e9gicos y asignaturas en la LOMCE.<\/p>\n<p style=\"text-align: center\"><a href=\"https:\/\/drive.google.com\/file\/d\/1mbdc59PUKNQVWborFRjFtNRc9vaFyQyJ\/view?usp=sharing\" target=\"_blank\" rel=\"noopener\" target=\"_blank\" rel=\"noopener\"><strong>Programa de la reuni\u00f3n<\/strong><\/a><\/p>\n","protected":false},"excerpt":{"rendered":"<p>Durante los d\u00edas 8 y 9 de febrero de 2018 la Universidad de La Laguna acoge la reuni\u00f3n de la&#8230;<\/p>\n","protected":false},"author":21,"featured_media":25089,"comment_status":"closed","ping_status":"closed","sticky":false,"template":"","format":"standard","meta":{"inline_featured_image":false,"footnotes":""},"categories":[345,3343,3377,3906,3871,3869,3870,348,2754,2765],"tags":[3952,3953,698,3954,1131,1221],"acf":[],"yoast_head":"<!-- This site is optimized with the Yoast SEO plugin v21.3 - https:\/\/yoast.com\/wordpress\/plugins\/seo\/ -->\n<title>La ULL recibe a la asociaci\u00f3n de decanos de Andaluc\u00eda, Ceuta y Melilla<\/title>\n<meta name=\"description\" content=\"El 8 y 9 de febrero la ULLacoge la reuni\u00f3n de la Asociaci\u00f3n de Decanas y Decanos de Econom\u00eda y Empresa de Andaluc\u00eda, Canarias, Ceuta y Melilla (ADE2CA).\" \/>\n<meta name=\"robots\" content=\"index, follow, max-snippet:-1, max-image-preview:large, max-video-preview:-1\" \/>\n<link rel=\"canonical\" href=\"https:\/\/www.ull.es\/portal\/noticias\/2018\/ull-reunion-asociacion-ade2ca\/\" \/>\n<meta property=\"og:locale\" content=\"es_ES\" \/>\n<meta property=\"og:type\" content=\"article\" \/>\n<meta property=\"og:title\" content=\"La ULL recibe a la asociaci\u00f3n de decanos de Andaluc\u00eda, Ceuta y Melilla\" \/>\n<meta property=\"og:description\" content=\"El 8 y 9 de febrero la ULLacoge la reuni\u00f3n de la Asociaci\u00f3n de Decanas y Decanos de Econom\u00eda y Empresa de Andaluc\u00eda, Canarias, Ceuta y Melilla (ADE2CA).\" \/>\n<meta property=\"og:url\" content=\"https:\/\/www.ull.es\/portal\/noticias\/2018\/ull-reunion-asociacion-ade2ca\/\" \/>\n<meta property=\"og:site_name\" content=\"ULL - Noticias\" \/>\n<meta property=\"article:publisher\" content=\"https:\/\/www.facebook.com\/universidaddelalaguna\/\" \/>\n<meta property=\"article:published_time\" content=\"2018-02-07T11:36:10+00:00\" \/>\n<meta property=\"article:modified_time\" content=\"2018-02-07T15:06:49+00:00\" \/>\n<meta property=\"og:image\" content=\"https:\/\/www.ull.es\/portal\/noticias\/wp-content\/uploads\/sites\/13\/2015\/10\/facultad-economia-empresa-turismo.jpg\" \/>\n\t<meta property=\"og:image:width\" content=\"1024\" \/>\n\t<meta property=\"og:image:height\" content=\"683\" \/>\n\t<meta property=\"og:image:type\" content=\"image\/jpeg\" \/>\n<meta name=\"author\" content=\"prensa2\" \/>\n<meta name=\"twitter:card\" content=\"summary_large_image\" \/>\n<meta name=\"twitter:creator\" content=\"@CanalULL\" \/>\n<meta name=\"twitter:site\" content=\"@CanalULL\" \/>\n<meta name=\"twitter:label1\" content=\"Escrito por\" \/>\n\t<meta name=\"twitter:data1\" content=\"prensa2\" \/>\n\t<meta name=\"twitter:label2\" content=\"Tiempo de lectura\" \/>\n\t<meta name=\"twitter:data2\" content=\"2 minutos\" \/>\n<script type=\"application\/ld+json\" class=\"yoast-schema-graph\">{\"@context\":\"https:\/\/schema.org\",\"@graph\":[{\"@type\":\"WebPage\",\"@id\":\"https:\/\/www.ull.es\/portal\/noticias\/2018\/ull-reunion-asociacion-ade2ca\/\",\"url\":\"https:\/\/www.ull.es\/portal\/noticias\/2018\/ull-reunion-asociacion-ade2ca\/\",\"name\":\"La ULL recibe a la asociaci\u00f3n de decanos de Andaluc\u00eda, Ceuta y Melilla\",\"isPartOf\":{\"@id\":\"https:\/\/www.ull.es\/portal\/noticias\/#website\"},\"datePublished\":\"2018-02-07T11:36:10+00:00\",\"dateModified\":\"2018-02-07T15:06:49+00:00\",\"author\":{\"@id\":\"https:\/\/www.ull.es\/portal\/noticias\/#\/schema\/person\/c3b2aa857797592927a03740d6664376\"},\"description\":\"El 8 y 9 de febrero la ULLacoge la reuni\u00f3n de la Asociaci\u00f3n de Decanas y Decanos de Econom\u00eda y Empresa de Andaluc\u00eda, Canarias, Ceuta y Melilla (ADE2CA).\",\"breadcrumb\":{\"@id\":\"https:\/\/www.ull.es\/portal\/noticias\/2018\/ull-reunion-asociacion-ade2ca\/#breadcrumb\"},\"inLanguage\":\"es\",\"potentialAction\":[{\"@type\":\"ReadAction\",\"target\":[\"https:\/\/www.ull.es\/portal\/noticias\/2018\/ull-reunion-asociacion-ade2ca\/\"]}]},{\"@type\":\"BreadcrumbList\",\"@id\":\"https:\/\/www.ull.es\/portal\/noticias\/2018\/ull-reunion-asociacion-ade2ca\/#breadcrumb\",\"itemListElement\":[{\"@type\":\"ListItem\",\"position\":1,\"name\":\"Portada\",\"item\":\"https:\/\/www.ull.es\/portal\/noticias\/\"},{\"@type\":\"ListItem\",\"position\":2,\"name\":\"La Facultad de Econom\u00eda de la ULL recibe a la asociaci\u00f3n de decanos de Andaluc\u00eda, Canarias, Ceuta y Melilla\"}]},{\"@type\":\"WebSite\",\"@id\":\"https:\/\/www.ull.es\/portal\/noticias\/#website\",\"url\":\"https:\/\/www.ull.es\/portal\/noticias\/\",\"name\":\"ULL - Noticias\",\"description\":\"\",\"potentialAction\":[{\"@type\":\"SearchAction\",\"target\":{\"@type\":\"EntryPoint\",\"urlTemplate\":\"https:\/\/www.ull.es\/portal\/noticias\/?s={search_term_string}\"},\"query-input\":\"required name=search_term_string\"}],\"inLanguage\":\"es\"},{\"@type\":\"Person\",\"@id\":\"https:\/\/www.ull.es\/portal\/noticias\/#\/schema\/person\/c3b2aa857797592927a03740d6664376\",\"name\":\"prensa2\",\"image\":{\"@type\":\"ImageObject\",\"inLanguage\":\"es\",\"@id\":\"https:\/\/www.ull.es\/portal\/noticias\/#\/schema\/person\/image\/\",\"url\":\"https:\/\/secure.gravatar.com\/avatar\/b58f310a5de5feb33d1e026d2493f23c?s=96&d=mm&r=g\",\"contentUrl\":\"https:\/\/secure.gravatar.com\/avatar\/b58f310a5de5feb33d1e026d2493f23c?s=96&d=mm&r=g\",\"caption\":\"prensa2\"},\"url\":\"https:\/\/www.ull.es\/portal\/noticias\/author\/prensa2\/\"}]}<\/script>\n<!-- \/ Yoast SEO plugin. -->","yoast_head_json":{"title":"La ULL recibe a la asociaci\u00f3n de decanos de Andaluc\u00eda, Ceuta y Melilla","description":"El 8 y 9 de febrero la ULLacoge la reuni\u00f3n de la Asociaci\u00f3n de Decanas y Decanos de Econom\u00eda y Empresa de Andaluc\u00eda, Canarias, Ceuta y Melilla (ADE2CA).","robots":{"index":"index","follow":"follow","max-snippet":"max-snippet:-1","max-image-preview":"max-image-preview:large","max-video-preview":"max-video-preview:-1"},"canonical":"https:\/\/www.ull.es\/portal\/noticias\/2018\/ull-reunion-asociacion-ade2ca\/","og_locale":"es_ES","og_type":"article","og_title":"La ULL recibe a la asociaci\u00f3n de decanos de Andaluc\u00eda, Ceuta y Melilla","og_description":"El 8 y 9 de febrero la ULLacoge la reuni\u00f3n de la Asociaci\u00f3n de Decanas y Decanos de Econom\u00eda y Empresa de Andaluc\u00eda, Canarias, Ceuta y Melilla (ADE2CA).","og_url":"https:\/\/www.ull.es\/portal\/noticias\/2018\/ull-reunion-asociacion-ade2ca\/","og_site_name":"ULL - Noticias","article_publisher":"https:\/\/www.facebook.com\/universidaddelalaguna\/","article_published_time":"2018-02-07T11:36:10+00:00","article_modified_time":"2018-02-07T15:06:49+00:00","og_image":[{"width":1024,"height":683,"url":"https:\/\/www.ull.es\/portal\/noticias\/wp-content\/uploads\/sites\/13\/2015\/10\/facultad-economia-empresa-turismo.jpg","type":"image\/jpeg"}],"author":"prensa2","twitter_card":"summary_large_image","twitter_creator":"@CanalULL","twitter_site":"@CanalULL","twitter_misc":{"Escrito por":"prensa2","Tiempo de lectura":"2 minutos"},"schema":{"@context":"https:\/\/schema.org","@graph":[{"@type":"WebPage","@id":"https:\/\/www.ull.es\/portal\/noticias\/2018\/ull-reunion-asociacion-ade2ca\/","url":"https:\/\/www.ull.es\/portal\/noticias\/2018\/ull-reunion-asociacion-ade2ca\/","name":"La ULL recibe a la asociaci\u00f3n de decanos de Andaluc\u00eda, Ceuta y Melilla","isPartOf":{"@id":"https:\/\/www.ull.es\/portal\/noticias\/#website"},"datePublished":"2018-02-07T11:36:10+00:00","dateModified":"2018-02-07T15:06:49+00:00","author":{"@id":"https:\/\/www.ull.es\/portal\/noticias\/#\/schema\/person\/c3b2aa857797592927a03740d6664376"},"description":"El 8 y 9 de febrero la ULLacoge la reuni\u00f3n de la Asociaci\u00f3n de Decanas y Decanos de Econom\u00eda y Empresa de Andaluc\u00eda, Canarias, Ceuta y Melilla (ADE2CA).","breadcrumb":{"@id":"https:\/\/www.ull.es\/portal\/noticias\/2018\/ull-reunion-asociacion-ade2ca\/#breadcrumb"},"inLanguage":"es","potentialAction":[{"@type":"ReadAction","target":["https:\/\/www.ull.es\/portal\/noticias\/2018\/ull-reunion-asociacion-ade2ca\/"]}]},{"@type":"BreadcrumbList","@id":"https:\/\/www.ull.es\/portal\/noticias\/2018\/ull-reunion-asociacion-ade2ca\/#breadcrumb","itemListElement":[{"@type":"ListItem","position":1,"name":"Portada","item":"https:\/\/www.ull.es\/portal\/noticias\/"},{"@type":"ListItem","position":2,"name":"La Facultad de Econom\u00eda de la ULL recibe a la asociaci\u00f3n de decanos de Andaluc\u00eda, Canarias, Ceuta y Melilla"}]},{"@type":"WebSite","@id":"https:\/\/www.ull.es\/portal\/noticias\/#website","url":"https:\/\/www.ull.es\/portal\/noticias\/","name":"ULL - Noticias","description":"","potentialAction":[{"@type":"SearchAction","target":{"@type":"EntryPoint","urlTemplate":"https:\/\/www.ull.es\/portal\/noticias\/?s={search_term_string}"},"query-input":"required name=search_term_string"}],"inLanguage":"es"},{"@type":"Person","@id":"https:\/\/www.ull.es\/portal\/noticias\/#\/schema\/person\/c3b2aa857797592927a03740d6664376","name":"prensa2","image":{"@type":"ImageObject","inLanguage":"es","@id":"https:\/\/www.ull.es\/portal\/noticias\/#\/schema\/person\/image\/","url":"https:\/\/secure.gravatar.com\/avatar\/b58f310a5de5feb33d1e026d2493f23c?s=96&d=mm&r=g","contentUrl":"https:\/\/secure.gravatar.com\/avatar\/b58f310a5de5feb33d1e026d2493f23c?s=96&d=mm&r=g","caption":"prensa2"},"url":"https:\/\/www.ull.es\/portal\/noticias\/author\/prensa2\/"}]}},"primary_category":{"id":348,"name":"Instituci\u00f3n","slug":"institucion","link":"https:\/\/www.ull.es\/portal\/noticias\/category\/institucion\/"},"featured_image_thumbnail_url":"https:\/\/www.ull.es\/portal\/noticias\/wp-content\/uploads\/sites\/13\/2015\/10\/facultad-economia-empresa-turismo-300x200.jpg","_links":{"self":[{"href":"https:\/\/www.ull.es\/portal\/noticias\/wp-json\/wp\/v2\/posts\/35161"}],"collection":[{"href":"https:\/\/www.ull.es\/portal\/noticias\/wp-json\/wp\/v2\/posts"}],"about":[{"href":"https:\/\/www.ull.es\/portal\/noticias\/wp-json\/wp\/v2\/types\/post"}],"author":[{"embeddable":true,"href":"https:\/\/www.ull.es\/portal\/noticias\/wp-json\/wp\/v2\/users\/21"}],"replies":[{"embeddable":true,"href":"https:\/\/www.ull.es\/portal\/noticias\/wp-json\/wp\/v2\/comments?post=35161"}],"version-history":[{"count":3,"href":"https:\/\/www.ull.es\/portal\/noticias\/wp-json\/wp\/v2\/posts\/35161\/revisions"}],"predecessor-version":[{"id":35166,"href":"https:\/\/www.ull.es\/portal\/noticias\/wp-json\/wp\/v2\/posts\/35161\/revisions\/35166"}],"wp:featuredmedia":[{"embeddable":true,"href":"https:\/\/www.ull.es\/portal\/noticias\/wp-json\/wp\/v2\/media\/25089"}],"wp:attachment":[{"href":"https:\/\/www.ull.es\/portal\/noticias\/wp-json\/wp\/v2\/media?parent=35161"}],"wp:term":[{"taxonomy":"category","embeddable":true,"href":"https:\/\/www.ull.es\/portal\/noticias\/wp-json\/wp\/v2\/categories?post=35161"},{"taxonomy":"post_tag","embeddable":true,"href":"https:\/\/www.ull.es\/portal\/noticias\/wp-json\/wp\/v2\/tags?post=35161"}],"curies":[{"name":"wp","href":"https:\/\/api.w.org\/{rel}","templated":true}]}}