{"id":35184,"date":"2018-02-08T14:26:43","date_gmt":"2018-02-08T14:26:43","guid":{"rendered":"https:\/\/www.ull.es\/portal\/noticias\/?p=35184"},"modified":"2018-02-14T10:36:32","modified_gmt":"2018-02-14T10:36:32","slug":"elecciones-europeas-cuantos-eurodiputados-tendra-pais-2019","status":"publish","type":"post","link":"https:\/\/www.ull.es\/portal\/noticias\/2018\/elecciones-europeas-cuantos-eurodiputados-tendra-pais-2019\/","title":{"rendered":"Elecciones europeas: \u00bfcu\u00e1ntos eurodiputados tendr\u00e1 cada pa\u00eds en 2019?"},"content":{"rendered":"<p>La Euroc\u00e1mara propone que los otros 46 asientos se reserven para futuros Estados miembros. Con este reparto, Espa\u00f1a pasar\u00eda de tener 54 a 59 eurodiputados a partir de 2019.<\/p>\n<p>La propuesta aboga por reducir el n\u00famero de asientos cuando Reino Unido salga de la Uni\u00f3n Europea, pero sugiere que a los Estados miembros se les deber\u00eda asignar eurodiputados adicionales. Las nuevas reglas entrar\u00edan en vigor a tiempo para las elecciones de la UE de 2019, pero tendr\u00e1n que ser aprobadas por los pa\u00edses integrantes.<\/p>\n<p>El Parlamento tiene en la actualidad 751 esca\u00f1os, el m\u00e1ximo que los tratados europeos permiten. El <a href=\"http:\/\/www.europarl.europa.eu\/news\/es\/press-room\/20180202IPR97025\/el-parlamento-europeo-reducira-su-tamano-tras-el-brexit\" target=\"_blank\" rel=\"noopener\" target=\"_blank\" rel=\"noopener\">informe parlamentario<\/a>, que fue aprobado por el pleno el 7 de febrero, propone redistribuir, tras el \u201cbrexit\u201d, 27 de los 73 esca\u00f1os de la delegaci\u00f3n brit\u00e1nica entre otros Estados miembros, mantener los otros 46 en reserva para futuros estados miembros.<\/p>\n<p><a href=\"http:\/\/www.europarl.europa.eu\/news\/es\/headlines\/eu-affairs\/20180126STO94114\/elecciones-europeas-cuantos-eurodiputados-tendra-cada-pais-en-2019\" target=\"_blank\" rel=\"noopener\" target=\"_blank\" rel=\"noopener\">Leer m\u00e1s<\/a><\/p>\n","protected":false},"excerpt":{"rendered":"<p>La Euroc\u00e1mara propone que los otros 46 asientos se reserven para futuros Estados miembros. Con este reparto, Espa\u00f1a pasar\u00eda de&#8230;<\/p>\n","protected":false},"author":22,"featured_media":35227,"comment_status":"closed","ping_status":"closed","sticky":false,"template":"","format":"standard","meta":{"inline_featured_image":false,"footnotes":""},"categories":[3773,348,349],"tags":[792,1220,2550],"acf":[],"yoast_head":"<!-- This site is optimized with the Yoast SEO plugin v21.3 - https:\/\/yoast.com\/wordpress\/plugins\/seo\/ -->\n<title>Elecciones europeas: \u00bfcu\u00e1ntos eurodiputados tendr\u00e1 cada pa\u00eds en 2019? - ULL - Noticias<\/title>\n<meta name=\"robots\" content=\"index, follow, max-snippet:-1, max-image-preview:large, max-video-preview:-1\" \/>\n<link rel=\"canonical\" href=\"https:\/\/www.ull.es\/portal\/noticias\/2018\/elecciones-europeas-cuantos-eurodiputados-tendra-pais-2019\/\" \/>\n<meta property=\"og:locale\" content=\"es_ES\" \/>\n<meta property=\"og:type\" content=\"article\" \/>\n<meta property=\"og:title\" content=\"Elecciones europeas: \u00bfcu\u00e1ntos eurodiputados tendr\u00e1 cada pa\u00eds en 2019? - ULL - Noticias\" \/>\n<meta property=\"og:description\" content=\"La Euroc\u00e1mara propone que los otros 46 asientos se reserven para futuros Estados miembros. Con este reparto, Espa\u00f1a pasar\u00eda de...\" \/>\n<meta property=\"og:url\" content=\"https:\/\/www.ull.es\/portal\/noticias\/2018\/elecciones-europeas-cuantos-eurodiputados-tendra-pais-2019\/\" \/>\n<meta property=\"og:site_name\" content=\"ULL - Noticias\" \/>\n<meta property=\"article:publisher\" content=\"https:\/\/www.facebook.com\/universidaddelalaguna\/\" \/>\n<meta property=\"article:published_time\" content=\"2018-02-08T14:26:43+00:00\" \/>\n<meta property=\"article:modified_time\" content=\"2018-02-14T10:36:32+00:00\" \/>\n<meta property=\"og:image\" content=\"https:\/\/www.ull.es\/portal\/noticias\/wp-content\/uploads\/sites\/13\/2018\/02\/euroflag.jpg\" \/>\n\t<meta property=\"og:image:width\" content=\"1200\" \/>\n\t<meta property=\"og:image:height\" content=\"300\" \/>\n\t<meta property=\"og:image:type\" content=\"image\/jpeg\" \/>\n<meta name=\"author\" content=\"gesweb\" \/>\n<meta name=\"twitter:card\" content=\"summary_large_image\" \/>\n<meta name=\"twitter:creator\" content=\"@CanalULL\" \/>\n<meta name=\"twitter:site\" content=\"@CanalULL\" \/>\n<meta name=\"twitter:label1\" content=\"Escrito por\" \/>\n\t<meta name=\"twitter:data1\" content=\"gesweb\" \/>\n\t<meta name=\"twitter:label2\" content=\"Tiempo de lectura\" \/>\n\t<meta name=\"twitter:data2\" content=\"1 minuto\" \/>\n<script type=\"application\/ld+json\" class=\"yoast-schema-graph\">{\"@context\":\"https:\/\/schema.org\",\"@graph\":[{\"@type\":\"WebPage\",\"@id\":\"https:\/\/www.ull.es\/portal\/noticias\/2018\/elecciones-europeas-cuantos-eurodiputados-tendra-pais-2019\/\",\"url\":\"https:\/\/www.ull.es\/portal\/noticias\/2018\/elecciones-europeas-cuantos-eurodiputados-tendra-pais-2019\/\",\"name\":\"Elecciones europeas: \u00bfcu\u00e1ntos eurodiputados tendr\u00e1 cada pa\u00eds en 2019? - ULL - Noticias\",\"isPartOf\":{\"@id\":\"https:\/\/www.ull.es\/portal\/noticias\/#website\"},\"datePublished\":\"2018-02-08T14:26:43+00:00\",\"dateModified\":\"2018-02-14T10:36:32+00:00\",\"author\":{\"@id\":\"https:\/\/www.ull.es\/portal\/noticias\/#\/schema\/person\/0d0cec7a74dddecef1a523fc5adef552\"},\"breadcrumb\":{\"@id\":\"https:\/\/www.ull.es\/portal\/noticias\/2018\/elecciones-europeas-cuantos-eurodiputados-tendra-pais-2019\/#breadcrumb\"},\"inLanguage\":\"es\",\"potentialAction\":[{\"@type\":\"ReadAction\",\"target\":[\"https:\/\/www.ull.es\/portal\/noticias\/2018\/elecciones-europeas-cuantos-eurodiputados-tendra-pais-2019\/\"]}]},{\"@type\":\"BreadcrumbList\",\"@id\":\"https:\/\/www.ull.es\/portal\/noticias\/2018\/elecciones-europeas-cuantos-eurodiputados-tendra-pais-2019\/#breadcrumb\",\"itemListElement\":[{\"@type\":\"ListItem\",\"position\":1,\"name\":\"Portada\",\"item\":\"https:\/\/www.ull.es\/portal\/noticias\/\"},{\"@type\":\"ListItem\",\"position\":2,\"name\":\"Elecciones europeas: \u00bfcu\u00e1ntos eurodiputados tendr\u00e1 cada pa\u00eds en 2019?\"}]},{\"@type\":\"WebSite\",\"@id\":\"https:\/\/www.ull.es\/portal\/noticias\/#website\",\"url\":\"https:\/\/www.ull.es\/portal\/noticias\/\",\"name\":\"ULL - Noticias\",\"description\":\"\",\"potentialAction\":[{\"@type\":\"SearchAction\",\"target\":{\"@type\":\"EntryPoint\",\"urlTemplate\":\"https:\/\/www.ull.es\/portal\/noticias\/?s={search_term_string}\"},\"query-input\":\"required name=search_term_string\"}],\"inLanguage\":\"es\"},{\"@type\":\"Person\",\"@id\":\"https:\/\/www.ull.es\/portal\/noticias\/#\/schema\/person\/0d0cec7a74dddecef1a523fc5adef552\",\"name\":\"gesweb\",\"image\":{\"@type\":\"ImageObject\",\"inLanguage\":\"es\",\"@id\":\"https:\/\/www.ull.es\/portal\/noticias\/#\/schema\/person\/image\/\",\"url\":\"https:\/\/secure.gravatar.com\/avatar\/23432b5ec55289f95fd3441098fba4b4?s=96&d=mm&r=g\",\"contentUrl\":\"https:\/\/secure.gravatar.com\/avatar\/23432b5ec55289f95fd3441098fba4b4?s=96&d=mm&r=g\",\"caption\":\"gesweb\"},\"url\":\"https:\/\/www.ull.es\/portal\/noticias\/author\/gesweb\/\"}]}<\/script>\n<!-- \/ Yoast SEO plugin. -->","yoast_head_json":{"title":"Elecciones europeas: \u00bfcu\u00e1ntos eurodiputados tendr\u00e1 cada pa\u00eds en 2019? - ULL - Noticias","robots":{"index":"index","follow":"follow","max-snippet":"max-snippet:-1","max-image-preview":"max-image-preview:large","max-video-preview":"max-video-preview:-1"},"canonical":"https:\/\/www.ull.es\/portal\/noticias\/2018\/elecciones-europeas-cuantos-eurodiputados-tendra-pais-2019\/","og_locale":"es_ES","og_type":"article","og_title":"Elecciones europeas: \u00bfcu\u00e1ntos eurodiputados tendr\u00e1 cada pa\u00eds en 2019? - ULL - Noticias","og_description":"La Euroc\u00e1mara propone que los otros 46 asientos se reserven para futuros Estados miembros. Con este reparto, Espa\u00f1a pasar\u00eda de...","og_url":"https:\/\/www.ull.es\/portal\/noticias\/2018\/elecciones-europeas-cuantos-eurodiputados-tendra-pais-2019\/","og_site_name":"ULL - Noticias","article_publisher":"https:\/\/www.facebook.com\/universidaddelalaguna\/","article_published_time":"2018-02-08T14:26:43+00:00","article_modified_time":"2018-02-14T10:36:32+00:00","og_image":[{"width":1200,"height":300,"url":"https:\/\/www.ull.es\/portal\/noticias\/wp-content\/uploads\/sites\/13\/2018\/02\/euroflag.jpg","type":"image\/jpeg"}],"author":"gesweb","twitter_card":"summary_large_image","twitter_creator":"@CanalULL","twitter_site":"@CanalULL","twitter_misc":{"Escrito por":"gesweb","Tiempo de lectura":"1 minuto"},"schema":{"@context":"https:\/\/schema.org","@graph":[{"@type":"WebPage","@id":"https:\/\/www.ull.es\/portal\/noticias\/2018\/elecciones-europeas-cuantos-eurodiputados-tendra-pais-2019\/","url":"https:\/\/www.ull.es\/portal\/noticias\/2018\/elecciones-europeas-cuantos-eurodiputados-tendra-pais-2019\/","name":"Elecciones europeas: \u00bfcu\u00e1ntos eurodiputados tendr\u00e1 cada pa\u00eds en 2019? - ULL - Noticias","isPartOf":{"@id":"https:\/\/www.ull.es\/portal\/noticias\/#website"},"datePublished":"2018-02-08T14:26:43+00:00","dateModified":"2018-02-14T10:36:32+00:00","author":{"@id":"https:\/\/www.ull.es\/portal\/noticias\/#\/schema\/person\/0d0cec7a74dddecef1a523fc5adef552"},"breadcrumb":{"@id":"https:\/\/www.ull.es\/portal\/noticias\/2018\/elecciones-europeas-cuantos-eurodiputados-tendra-pais-2019\/#breadcrumb"},"inLanguage":"es","potentialAction":[{"@type":"ReadAction","target":["https:\/\/www.ull.es\/portal\/noticias\/2018\/elecciones-europeas-cuantos-eurodiputados-tendra-pais-2019\/"]}]},{"@type":"BreadcrumbList","@id":"https:\/\/www.ull.es\/portal\/noticias\/2018\/elecciones-europeas-cuantos-eurodiputados-tendra-pais-2019\/#breadcrumb","itemListElement":[{"@type":"ListItem","position":1,"name":"Portada","item":"https:\/\/www.ull.es\/portal\/noticias\/"},{"@type":"ListItem","position":2,"name":"Elecciones europeas: \u00bfcu\u00e1ntos eurodiputados tendr\u00e1 cada pa\u00eds en 2019?"}]},{"@type":"WebSite","@id":"https:\/\/www.ull.es\/portal\/noticias\/#website","url":"https:\/\/www.ull.es\/portal\/noticias\/","name":"ULL - Noticias","description":"","potentialAction":[{"@type":"SearchAction","target":{"@type":"EntryPoint","urlTemplate":"https:\/\/www.ull.es\/portal\/noticias\/?s={search_term_string}"},"query-input":"required name=search_term_string"}],"inLanguage":"es"},{"@type":"Person","@id":"https:\/\/www.ull.es\/portal\/noticias\/#\/schema\/person\/0d0cec7a74dddecef1a523fc5adef552","name":"gesweb","image":{"@type":"ImageObject","inLanguage":"es","@id":"https:\/\/www.ull.es\/portal\/noticias\/#\/schema\/person\/image\/","url":"https:\/\/secure.gravatar.com\/avatar\/23432b5ec55289f95fd3441098fba4b4?s=96&d=mm&r=g","contentUrl":"https:\/\/secure.gravatar.com\/avatar\/23432b5ec55289f95fd3441098fba4b4?s=96&d=mm&r=g","caption":"gesweb"},"url":"https:\/\/www.ull.es\/portal\/noticias\/author\/gesweb\/"}]}},"primary_category":{"id":null,"name":null,"slug":null,"link":{"errors":{"invalid_term":["T\u00e9rmino vac\u00edo."]},"error_data":[]}},"featured_image_thumbnail_url":"https:\/\/www.ull.es\/portal\/noticias\/wp-content\/uploads\/sites\/13\/2018\/02\/euroflag-300x75.jpg","_links":{"self":[{"href":"https:\/\/www.ull.es\/portal\/noticias\/wp-json\/wp\/v2\/posts\/35184"}],"collection":[{"href":"https:\/\/www.ull.es\/portal\/noticias\/wp-json\/wp\/v2\/posts"}],"about":[{"href":"https:\/\/www.ull.es\/portal\/noticias\/wp-json\/wp\/v2\/types\/post"}],"author":[{"embeddable":true,"href":"https:\/\/www.ull.es\/portal\/noticias\/wp-json\/wp\/v2\/users\/22"}],"replies":[{"embeddable":true,"href":"https:\/\/www.ull.es\/portal\/noticias\/wp-json\/wp\/v2\/comments?post=35184"}],"version-history":[{"count":1,"href":"https:\/\/www.ull.es\/portal\/noticias\/wp-json\/wp\/v2\/posts\/35184\/revisions"}],"predecessor-version":[{"id":35185,"href":"https:\/\/www.ull.es\/portal\/noticias\/wp-json\/wp\/v2\/posts\/35184\/revisions\/35185"}],"wp:featuredmedia":[{"embeddable":true,"href":"https:\/\/www.ull.es\/portal\/noticias\/wp-json\/wp\/v2\/media\/35227"}],"wp:attachment":[{"href":"https:\/\/www.ull.es\/portal\/noticias\/wp-json\/wp\/v2\/media?parent=35184"}],"wp:term":[{"taxonomy":"category","embeddable":true,"href":"https:\/\/www.ull.es\/portal\/noticias\/wp-json\/wp\/v2\/categories?post=35184"},{"taxonomy":"post_tag","embeddable":true,"href":"https:\/\/www.ull.es\/portal\/noticias\/wp-json\/wp\/v2\/tags?post=35184"}],"curies":[{"name":"wp","href":"https:\/\/api.w.org\/{rel}","templated":true}]}}