{"id":35209,"date":"2018-02-09T13:02:40","date_gmt":"2018-02-09T13:02:40","guid":{"rendered":"https:\/\/www.ull.es\/portal\/noticias\/?p=35209"},"modified":"2018-02-09T13:02:40","modified_gmt":"2018-02-09T13:02:40","slug":"la-asociacion-alumni-ull-convoca-tres-premios-anuales","status":"publish","type":"post","link":"https:\/\/www.ull.es\/portal\/noticias\/2018\/la-asociacion-alumni-ull-convoca-tres-premios-anuales\/","title":{"rendered":"La asociaci\u00f3n Alumni ULL convoca sus tres premios anuales"},"content":{"rendered":"<p>Como en a\u00f1os anteriores, Alumni ULL, la asociaci\u00f3n que congrega a los antiguos alumnos y amigos de la Universidad de La Laguna, ha convocado sus premios anuales, que se entregar\u00e1n en la ceremonia del D\u00eda Institucional del centro acad\u00e9mico, prevista para el d\u00eda 12 de marzo.<\/p>\n<p>Dos de los premios, con cuant\u00eda econ\u00f3mica, reconocen la solidaridad y el trabajo de excelencia del alumnado, mientras que el tercero, sin remuneraci\u00f3n, abunda en el reconocimiento a una persona que ha trabajado en favor de la Universidad de La Laguna.<\/p>\n<p>As\u00ed, el <strong><a href=\"http:\/\/alumniull.es\/images\/BasesXVValores%20Humanos2018.pdf\" target=\"_blank\" rel=\"noopener\">XV Premio a los Valores Humanos en la Universidad de la Laguna Jos\u00e9 Luis Garc\u00eda P\u00e9rez<\/a><\/strong> va dirigido al alumnado y miembros de la comunidad universitaria, as\u00ed como a colectivos donde participen alumnos de este centro acad\u00e9mico. El objetivo es premiar a quien o quienes se hayan distinguido, no ya solo por su aprovechamiento acad\u00e9mico, sino tambi\u00e9n por sus cualidades humanas, a trav\u00e9s de su dedicaci\u00f3n e implicaci\u00f3n en actividades solidarias, sociales, humanitarias, culturales o en defensa del medio ambiente.<\/p>\n<p>Alumni conceder\u00e1 en este caso 1.500 euros, que la persona o el colectivo premiado destinar\u00e1 a una entidad sin \u00e1nimo de lucro. Las bases indican que la \u00a0presentaci\u00f3n de candidaturas debe venir avalada por al menos dos miembros de Alumni ULL o diez miembros de la comunidad universitaria o la sociedad. El plazo de presentaci\u00f3n de candidaturas finaliza a las 12 horas del viernes 23 de febrero de 2018.<\/p>\n<p>El VI Premio\u00a0 al mejor expediente acad\u00e9mico de grado de la Universidad de La Laguna curso 2016-2017 se otorga mediante una certificaci\u00f3n de la Secretar\u00eda General de la Universidad de La Laguna entre los mejores expedientes del curso pasado, de acuerdo con la normativa interna de la universidad. Est\u00e1 dotado con mil euros.<\/p>\n<p>Por \u00faltimo, el <strong><a href=\"http:\/\/alumniull.es\/images\/ConvocatoriaBasesVIIINava-Grimn2018.pdf\" target=\"_blank\" rel=\"noopener\">VIII Premio Alonso de Nava Grim\u00f3n Universidad de La Laguna<\/a><\/strong>, no pecuniario, tiene por objeto distinguir a una persona que haya estado o est\u00e9 relacionada directamente, o bien como mecenas, con la Universidad de La Laguna y que se distinga por su trabajo, por su esp\u00edritu cr\u00edtico y conciliador, y que desarrolle actividades para la comunidad. En las anteriores convocatorias han sido premiados en esta modalidad: Marcos Guimer\u00e1, Luis Balbuena, Enrique Fern\u00e1ndez Caldas, Jos\u00e9 Manuel M\u00e9ndez, Basilio Valladares, Marta Ouvi\u00f1a y Victoria Marzol.<\/p>\n<p>Para esta convocatoria, la presentaci\u00f3n de candidaturas debe venir avalada por al menos cinco miembros de Alumni ULL o diez de la comunidad universitaria o de la sociedad. Los promotores presentar\u00e1n la candidatura por medio de una memoria detallada que incluya la vinculaci\u00f3n universitaria de la persona propuesta as\u00ed como una descripci\u00f3n pormenorizada de los m\u00e9ritos y todos aquellos informes o certificaciones con los que se acredite que re\u00fane las condiciones que le hacen acreedor del premio. El plazo de presentaci\u00f3n de candidaturas finaliza a las 13 horas del viernes 23 de febrero de 2018.<\/p>\n<p>&nbsp;<\/p>\n","protected":false},"excerpt":{"rendered":"<p>Como en a\u00f1os anteriores, Alumni ULL, la asociaci\u00f3n que congrega a los antiguos alumnos y amigos de la Universidad de&#8230;<\/p>\n","protected":false},"author":23,"featured_media":35212,"comment_status":"closed","ping_status":"closed","sticky":false,"template":"","format":"standard","meta":{"inline_featured_image":false,"footnotes":""},"categories":[343,345,348,2765],"tags":[465],"acf":[],"yoast_head":"<!-- This site is optimized with the Yoast SEO plugin v21.3 - https:\/\/yoast.com\/wordpress\/plugins\/seo\/ -->\n<title>La asociaci\u00f3n Alumni ULL convoca sus tres premios anuales - ULL - Noticias<\/title>\n<meta name=\"robots\" content=\"index, follow, max-snippet:-1, max-image-preview:large, max-video-preview:-1\" \/>\n<link rel=\"canonical\" href=\"https:\/\/www.ull.es\/portal\/noticias\/2018\/la-asociacion-alumni-ull-convoca-tres-premios-anuales\/\" \/>\n<meta property=\"og:locale\" content=\"es_ES\" \/>\n<meta property=\"og:type\" content=\"article\" \/>\n<meta property=\"og:title\" content=\"La asociaci\u00f3n Alumni ULL convoca sus tres premios anuales - ULL - Noticias\" \/>\n<meta property=\"og:description\" content=\"Como en a\u00f1os anteriores, Alumni ULL, la asociaci\u00f3n que congrega a los antiguos alumnos y amigos de la Universidad de...\" \/>\n<meta property=\"og:url\" content=\"https:\/\/www.ull.es\/portal\/noticias\/2018\/la-asociacion-alumni-ull-convoca-tres-premios-anuales\/\" \/>\n<meta property=\"og:site_name\" content=\"ULL - Noticias\" \/>\n<meta property=\"article:publisher\" content=\"https:\/\/www.facebook.com\/universidaddelalaguna\/\" \/>\n<meta property=\"article:published_time\" content=\"2018-02-09T13:02:40+00:00\" \/>\n<meta property=\"og:image\" content=\"https:\/\/www.ull.es\/portal\/noticias\/wp-content\/uploads\/sites\/13\/2018\/02\/Biblioteca-Central-08.jpg\" \/>\n\t<meta property=\"og:image:width\" content=\"1200\" \/>\n\t<meta property=\"og:image:height\" content=\"800\" \/>\n\t<meta property=\"og:image:type\" content=\"image\/jpeg\" \/>\n<meta name=\"author\" content=\"gaprsa\" \/>\n<meta name=\"twitter:card\" content=\"summary_large_image\" \/>\n<meta name=\"twitter:creator\" content=\"@CanalULL\" \/>\n<meta name=\"twitter:site\" content=\"@CanalULL\" \/>\n<meta name=\"twitter:label1\" content=\"Escrito por\" \/>\n\t<meta name=\"twitter:data1\" content=\"gaprsa\" \/>\n\t<meta name=\"twitter:label2\" content=\"Tiempo de lectura\" \/>\n\t<meta name=\"twitter:data2\" content=\"3 minutos\" \/>\n<script type=\"application\/ld+json\" class=\"yoast-schema-graph\">{\"@context\":\"https:\/\/schema.org\",\"@graph\":[{\"@type\":\"WebPage\",\"@id\":\"https:\/\/www.ull.es\/portal\/noticias\/2018\/la-asociacion-alumni-ull-convoca-tres-premios-anuales\/\",\"url\":\"https:\/\/www.ull.es\/portal\/noticias\/2018\/la-asociacion-alumni-ull-convoca-tres-premios-anuales\/\",\"name\":\"La asociaci\u00f3n Alumni ULL convoca sus tres premios anuales - ULL - Noticias\",\"isPartOf\":{\"@id\":\"https:\/\/www.ull.es\/portal\/noticias\/#website\"},\"datePublished\":\"2018-02-09T13:02:40+00:00\",\"dateModified\":\"2018-02-09T13:02:40+00:00\",\"author\":{\"@id\":\"https:\/\/www.ull.es\/portal\/noticias\/#\/schema\/person\/b2b1a89d43ffa609e591f7df8ef3e817\"},\"breadcrumb\":{\"@id\":\"https:\/\/www.ull.es\/portal\/noticias\/2018\/la-asociacion-alumni-ull-convoca-tres-premios-anuales\/#breadcrumb\"},\"inLanguage\":\"es\",\"potentialAction\":[{\"@type\":\"ReadAction\",\"target\":[\"https:\/\/www.ull.es\/portal\/noticias\/2018\/la-asociacion-alumni-ull-convoca-tres-premios-anuales\/\"]}]},{\"@type\":\"BreadcrumbList\",\"@id\":\"https:\/\/www.ull.es\/portal\/noticias\/2018\/la-asociacion-alumni-ull-convoca-tres-premios-anuales\/#breadcrumb\",\"itemListElement\":[{\"@type\":\"ListItem\",\"position\":1,\"name\":\"Portada\",\"item\":\"https:\/\/www.ull.es\/portal\/noticias\/\"},{\"@type\":\"ListItem\",\"position\":2,\"name\":\"La asociaci\u00f3n Alumni ULL convoca sus tres premios anuales\"}]},{\"@type\":\"WebSite\",\"@id\":\"https:\/\/www.ull.es\/portal\/noticias\/#website\",\"url\":\"https:\/\/www.ull.es\/portal\/noticias\/\",\"name\":\"ULL - Noticias\",\"description\":\"\",\"potentialAction\":[{\"@type\":\"SearchAction\",\"target\":{\"@type\":\"EntryPoint\",\"urlTemplate\":\"https:\/\/www.ull.es\/portal\/noticias\/?s={search_term_string}\"},\"query-input\":\"required name=search_term_string\"}],\"inLanguage\":\"es\"},{\"@type\":\"Person\",\"@id\":\"https:\/\/www.ull.es\/portal\/noticias\/#\/schema\/person\/b2b1a89d43ffa609e591f7df8ef3e817\",\"name\":\"gaprsa\",\"image\":{\"@type\":\"ImageObject\",\"inLanguage\":\"es\",\"@id\":\"https:\/\/www.ull.es\/portal\/noticias\/#\/schema\/person\/image\/\",\"url\":\"https:\/\/secure.gravatar.com\/avatar\/443820550921091458b4823867723b3d?s=96&d=mm&r=g\",\"contentUrl\":\"https:\/\/secure.gravatar.com\/avatar\/443820550921091458b4823867723b3d?s=96&d=mm&r=g\",\"caption\":\"gaprsa\"},\"url\":\"https:\/\/www.ull.es\/portal\/noticias\/author\/gaprsa\/\"}]}<\/script>\n<!-- \/ Yoast SEO plugin. -->","yoast_head_json":{"title":"La asociaci\u00f3n Alumni ULL convoca sus tres premios anuales - ULL - Noticias","robots":{"index":"index","follow":"follow","max-snippet":"max-snippet:-1","max-image-preview":"max-image-preview:large","max-video-preview":"max-video-preview:-1"},"canonical":"https:\/\/www.ull.es\/portal\/noticias\/2018\/la-asociacion-alumni-ull-convoca-tres-premios-anuales\/","og_locale":"es_ES","og_type":"article","og_title":"La asociaci\u00f3n Alumni ULL convoca sus tres premios anuales - ULL - Noticias","og_description":"Como en a\u00f1os anteriores, Alumni ULL, la asociaci\u00f3n que congrega a los antiguos alumnos y amigos de la Universidad de...","og_url":"https:\/\/www.ull.es\/portal\/noticias\/2018\/la-asociacion-alumni-ull-convoca-tres-premios-anuales\/","og_site_name":"ULL - Noticias","article_publisher":"https:\/\/www.facebook.com\/universidaddelalaguna\/","article_published_time":"2018-02-09T13:02:40+00:00","og_image":[{"width":1200,"height":800,"url":"https:\/\/www.ull.es\/portal\/noticias\/wp-content\/uploads\/sites\/13\/2018\/02\/Biblioteca-Central-08.jpg","type":"image\/jpeg"}],"author":"gaprsa","twitter_card":"summary_large_image","twitter_creator":"@CanalULL","twitter_site":"@CanalULL","twitter_misc":{"Escrito por":"gaprsa","Tiempo de lectura":"3 minutos"},"schema":{"@context":"https:\/\/schema.org","@graph":[{"@type":"WebPage","@id":"https:\/\/www.ull.es\/portal\/noticias\/2018\/la-asociacion-alumni-ull-convoca-tres-premios-anuales\/","url":"https:\/\/www.ull.es\/portal\/noticias\/2018\/la-asociacion-alumni-ull-convoca-tres-premios-anuales\/","name":"La asociaci\u00f3n Alumni ULL convoca sus tres premios anuales - ULL - Noticias","isPartOf":{"@id":"https:\/\/www.ull.es\/portal\/noticias\/#website"},"datePublished":"2018-02-09T13:02:40+00:00","dateModified":"2018-02-09T13:02:40+00:00","author":{"@id":"https:\/\/www.ull.es\/portal\/noticias\/#\/schema\/person\/b2b1a89d43ffa609e591f7df8ef3e817"},"breadcrumb":{"@id":"https:\/\/www.ull.es\/portal\/noticias\/2018\/la-asociacion-alumni-ull-convoca-tres-premios-anuales\/#breadcrumb"},"inLanguage":"es","potentialAction":[{"@type":"ReadAction","target":["https:\/\/www.ull.es\/portal\/noticias\/2018\/la-asociacion-alumni-ull-convoca-tres-premios-anuales\/"]}]},{"@type":"BreadcrumbList","@id":"https:\/\/www.ull.es\/portal\/noticias\/2018\/la-asociacion-alumni-ull-convoca-tres-premios-anuales\/#breadcrumb","itemListElement":[{"@type":"ListItem","position":1,"name":"Portada","item":"https:\/\/www.ull.es\/portal\/noticias\/"},{"@type":"ListItem","position":2,"name":"La asociaci\u00f3n Alumni ULL convoca sus tres premios anuales"}]},{"@type":"WebSite","@id":"https:\/\/www.ull.es\/portal\/noticias\/#website","url":"https:\/\/www.ull.es\/portal\/noticias\/","name":"ULL - Noticias","description":"","potentialAction":[{"@type":"SearchAction","target":{"@type":"EntryPoint","urlTemplate":"https:\/\/www.ull.es\/portal\/noticias\/?s={search_term_string}"},"query-input":"required name=search_term_string"}],"inLanguage":"es"},{"@type":"Person","@id":"https:\/\/www.ull.es\/portal\/noticias\/#\/schema\/person\/b2b1a89d43ffa609e591f7df8ef3e817","name":"gaprsa","image":{"@type":"ImageObject","inLanguage":"es","@id":"https:\/\/www.ull.es\/portal\/noticias\/#\/schema\/person\/image\/","url":"https:\/\/secure.gravatar.com\/avatar\/443820550921091458b4823867723b3d?s=96&d=mm&r=g","contentUrl":"https:\/\/secure.gravatar.com\/avatar\/443820550921091458b4823867723b3d?s=96&d=mm&r=g","caption":"gaprsa"},"url":"https:\/\/www.ull.es\/portal\/noticias\/author\/gaprsa\/"}]}},"primary_category":{"id":345,"name":"Destacado","slug":"destacado","link":"https:\/\/www.ull.es\/portal\/noticias\/category\/destacado\/"},"featured_image_thumbnail_url":"https:\/\/www.ull.es\/portal\/noticias\/wp-content\/uploads\/sites\/13\/2018\/02\/Biblioteca-Central-08-300x200.jpg","_links":{"self":[{"href":"https:\/\/www.ull.es\/portal\/noticias\/wp-json\/wp\/v2\/posts\/35209"}],"collection":[{"href":"https:\/\/www.ull.es\/portal\/noticias\/wp-json\/wp\/v2\/posts"}],"about":[{"href":"https:\/\/www.ull.es\/portal\/noticias\/wp-json\/wp\/v2\/types\/post"}],"author":[{"embeddable":true,"href":"https:\/\/www.ull.es\/portal\/noticias\/wp-json\/wp\/v2\/users\/23"}],"replies":[{"embeddable":true,"href":"https:\/\/www.ull.es\/portal\/noticias\/wp-json\/wp\/v2\/comments?post=35209"}],"version-history":[{"count":1,"href":"https:\/\/www.ull.es\/portal\/noticias\/wp-json\/wp\/v2\/posts\/35209\/revisions"}],"predecessor-version":[{"id":35211,"href":"https:\/\/www.ull.es\/portal\/noticias\/wp-json\/wp\/v2\/posts\/35209\/revisions\/35211"}],"wp:featuredmedia":[{"embeddable":true,"href":"https:\/\/www.ull.es\/portal\/noticias\/wp-json\/wp\/v2\/media\/35212"}],"wp:attachment":[{"href":"https:\/\/www.ull.es\/portal\/noticias\/wp-json\/wp\/v2\/media?parent=35209"}],"wp:term":[{"taxonomy":"category","embeddable":true,"href":"https:\/\/www.ull.es\/portal\/noticias\/wp-json\/wp\/v2\/categories?post=35209"},{"taxonomy":"post_tag","embeddable":true,"href":"https:\/\/www.ull.es\/portal\/noticias\/wp-json\/wp\/v2\/tags?post=35209"}],"curies":[{"name":"wp","href":"https:\/\/api.w.org\/{rel}","templated":true}]}}