{"id":35255,"date":"2018-02-14T13:37:42","date_gmt":"2018-02-14T13:37:42","guid":{"rendered":"https:\/\/www.ull.es\/portal\/noticias\/?p=35255"},"modified":"2018-02-14T13:37:42","modified_gmt":"2018-02-14T13:37:42","slug":"ull-colabora-first-lego-league-canarias-18","status":"publish","type":"post","link":"https:\/\/www.ull.es\/portal\/noticias\/2018\/ull-colabora-first-lego-league-canarias-18\/","title":{"rendered":"Profesorado de la ULL colabora en la formaci\u00f3n de los equipos de la edici\u00f3n 2018 de la First Lego League Canarias"},"content":{"rendered":"<p>El pasado 12 de febrero el Ayuntamiento de La Orotava acogi\u00f3 la presentaci\u00f3n de la edici\u00f3n 2018 de la <a href=\"http:\/\/www.intechtenerife.es\/fllcanarias\/\" target=\"_blank\" rel=\"noopener\" target=\"_blank\" rel=\"noopener\">First Lego League Canarias\u00a0<\/a> (FLL), un reto para estudiantes de entre 6 y 12 a\u00f1os que deber\u00e1n poner a prueba su ingenio y habilidades cient\u00edficas para resolver tecnol\u00f3gicamente un desaf\u00edo, que en esta ocasi\u00f3n se centrar\u00e1 en la gesti\u00f3n del agua. La Universidad de La Laguna es una de las entidades colaboradoras, pues casi una treintena de integrantes de su profesorado colaborar\u00e1n de manera desinteresada como formadores, cient\u00edficos y jueces.<\/p>\n<p>La FLL Canarias 2018 est\u00e1 organizada por el Cabildo, a trav\u00e9s del \u00e1rea Tenerife 2030 e INtech Tenerife, y cuenta con la coorganizaci\u00f3n de la Universidad de La Laguna y su Fundaci\u00f3n General a trav\u00e9s de Ciencia ULL, el Ayuntamiento de La Orotava, el Liceo de Taoro, la Fundaci\u00f3n Scientia y el Fondo de Desarrollo de Canarias. Adem\u00e1s, en esta edici\u00f3n Canaragua participa como colaborador tem\u00e1tico del desaf\u00edo.<\/p>\n<p>La sexta edici\u00f3n de este proyecto se desarrollar\u00e1 el pr\u00f3ximo 24 de febrero simult\u00e1neamente en el Liceo de Taoro, el Auditorio Teobaldo Power, la Casa de la Cultura de La Orotava y la Plaza de la Constituci\u00f3n, donde se desarrollar\u00e1 una nueva edici\u00f3n de la feria Divi\u00e9rtete y Experimenta. Los equipos afrontar\u00e1n el desaf\u00edo dHydro Dynamics para investigar sobre el ciclo humano del agua. As\u00ed, construir\u00e1n y programar\u00e1n un robot aut\u00f3nomo utilizando la tecnolog\u00eda de Lego\u00ae Mindstorms\u00ae para resolver las misiones del juego del robot. Los dos primeros clasificados tomar\u00e1n parte en la final nacional que tendr\u00e1 lugar en el Colegio San Jos\u00e9 Maristas de Logro\u00f1o los d\u00edas 10 y 11 de marzo.<\/p>\n<p>A la presentaci\u00f3n acudieron el presidente del Cabildo, Carlos Alonso; el consejero del \u00e1rea Tenerife 2030, Antonio Garc\u00eda Marichal; el vicerrector de Relaciones con la Sociedad de la Universidad de La Laguna, Francisco Garc\u00eda; y el alcalde de La Orotava, Francisco Linares.<\/p>\n<p>El vicerrector record\u00f3 que la ULL ha participado en las seis ediciones aportando personal cient\u00edfico y voluntarios y con una gran implicaci\u00f3n con la feria de la ciencia. \u201cTrabajar en base a retos encaja bien con la metodolog\u00eda que debemos ir incorporando a la formaci\u00f3n de nuestros j\u00f3venes y es una tarea en la que estamos todos involucrados\u201d.<\/p>\n<p>El presidente del cabildo indic\u00f3 que \u201cla apuesta por la formaci\u00f3n y la innovaci\u00f3n se manifiesta en este tipo de eventos que se desarrollan bajo el paraguas de la estrategia Tenerife 2030, en los que no solo se premia la resoluci\u00f3n t\u00e9cnica a un problema sino el trabajo en equipo, la solidaridad y el compa\u00f1erismo\u201d.<\/p>\n<p>Por su parte, el consejero a cargo de Tenerife 2030 explic\u00f3 que se trata de uno de los proyectos m\u00e1s importantes del parque cient\u00edfico y tecnol\u00f3gico INtech Tenerife para fomentar las vocaciones cient\u00edficas y tecnol\u00f3gicas entre los m\u00e1s j\u00f3venes. \u201cLo importante es inculcar valores como el trabajo en equipo, la creatividad y la autonom\u00eda en el trabajo y estos valores entroncan con nuestra estrategia Tenerife 2030\u201d.<\/p>\n<p>El alcalde mostr\u00f3 su satisfacci\u00f3n por albergar por segunda vez esta iniciativa. \u201cEl a\u00f1o pasado fue una experiencia incre\u00edble y esta edici\u00f3n ser\u00e1, como m\u00ednimo, igual de interesante. Desde hace a\u00f1os venimos organizando una feria de la ciencia en La Orotava con la que queremos despertar el inter\u00e9s por la innovaci\u00f3n, la tecnolog\u00eda y las vocaciones cient\u00edficas porque es importante para las futuras generaciones\u201d.<\/p>\n<p><strong>First Lego League<\/strong><\/p>\n<p>First\u00ae Lego\u00ae League es un programa internacional que invita a los j\u00f3venes a emocionarse y divertirse a trav\u00e9s de la ciencia y la tecnolog\u00eda, utilizando desaf\u00edos tem\u00e1ticos para involucrar a los j\u00f3venes, de 6 a 16 a\u00f1os, en la investigaci\u00f3n, la resoluci\u00f3n de problemas, y la ciencia. Se divide en dos categor\u00edas: la FLL Junior, que acoge equipos con miembros entre los 6 y los 9 a\u00f1os; y los equipos FLL, cuyos miembros comprenden edades entre los 10 y los 16 a\u00f1os.<\/p>\n<p>La FLL Canarias 2018 contar\u00e1 con la participaci\u00f3n de 24 equipos, quienes tienen que mostrar un proyecto cient\u00edfico que da soluci\u00f3n a un problema global, que en esta ocasi\u00f3n se denomina Hydro Dynamics y est\u00e1 relacionado con el agua. Adem\u00e1s, todos los equipos tienen que mostrar su proyecto en valores y realizar una prueba de desaf\u00edo del robot. Por su parte, la FLL Junior contar\u00e1 con 20 equipos, quienes tendr\u00e1n que realizar un proyecto cient\u00edfico y mostrar su proyecto en valores.<\/p>\n<p>Los equipos que participan en el torneo clasificatorio se han preparado durante meses con sus entrenadores para asumir el desaf\u00edo Hydro Dynamics. De cara al torneo, los equipos han trabajado tres aspectos: el desarrollo de un proyecto cient\u00edfico que d\u00e9 una soluci\u00f3n al problema relacionado con el desaf\u00edo; el dise\u00f1o, construcci\u00f3n y programaci\u00f3n de robots; y la realizaci\u00f3n de un p\u00f3ster en el que demuestren c\u00f3mo integraron los valores FLL en el proyecto.<\/p>\n","protected":false},"excerpt":{"rendered":"<p>El pasado 12 de febrero el Ayuntamiento de La Orotava acogi\u00f3 la presentaci\u00f3n de la edici\u00f3n 2018 de la First&#8230;<\/p>\n","protected":false},"author":21,"featured_media":35257,"comment_status":"closed","ping_status":"closed","sticky":false,"template":"","format":"standard","meta":{"inline_featured_image":false,"footnotes":""},"categories":[3785,345,348,2753,2754,2765],"tags":[667,3991,3992],"acf":[],"yoast_head":"<!-- This site is optimized with the Yoast SEO plugin v21.3 - https:\/\/yoast.com\/wordpress\/plugins\/seo\/ -->\n<title>La ULL coorganiza la edici\u00f3n 2018 de la First Lego League Canarias<\/title>\n<meta name=\"description\" content=\"La Universidad de La Laguna es una de las coorganizadoras de la First Lego League Canarias, cuya edici\u00f3n 2018 se celebrar\u00e1 en La Orotava el 24 de febrero.\" \/>\n<meta name=\"robots\" content=\"index, follow, max-snippet:-1, max-image-preview:large, max-video-preview:-1\" \/>\n<link rel=\"canonical\" href=\"https:\/\/www.ull.es\/portal\/noticias\/2018\/ull-colabora-first-lego-league-canarias-18\/\" \/>\n<meta property=\"og:locale\" content=\"es_ES\" \/>\n<meta property=\"og:type\" content=\"article\" \/>\n<meta property=\"og:title\" content=\"La ULL coorganiza la edici\u00f3n 2018 de la First Lego League Canarias\" \/>\n<meta property=\"og:description\" content=\"La Universidad de La Laguna es una de las coorganizadoras de la First Lego League Canarias, cuya edici\u00f3n 2018 se celebrar\u00e1 en La Orotava el 24 de febrero.\" \/>\n<meta property=\"og:url\" content=\"https:\/\/www.ull.es\/portal\/noticias\/2018\/ull-colabora-first-lego-league-canarias-18\/\" \/>\n<meta property=\"og:site_name\" content=\"ULL - Noticias\" \/>\n<meta property=\"article:publisher\" content=\"https:\/\/www.facebook.com\/universidaddelalaguna\/\" \/>\n<meta property=\"article:published_time\" content=\"2018-02-14T13:37:42+00:00\" \/>\n<meta property=\"og:image\" content=\"https:\/\/www.ull.es\/portal\/noticias\/wp-content\/uploads\/sites\/13\/2018\/02\/fll-canarias-2018-presentacin.jpg\" \/>\n\t<meta property=\"og:image:width\" content=\"1200\" \/>\n\t<meta property=\"og:image:height\" content=\"830\" \/>\n\t<meta property=\"og:image:type\" content=\"image\/jpeg\" \/>\n<meta name=\"author\" content=\"prensa2\" \/>\n<meta name=\"twitter:card\" content=\"summary_large_image\" \/>\n<meta name=\"twitter:creator\" content=\"@CanalULL\" \/>\n<meta name=\"twitter:site\" content=\"@CanalULL\" \/>\n<meta name=\"twitter:label1\" content=\"Escrito por\" \/>\n\t<meta name=\"twitter:data1\" content=\"prensa2\" \/>\n\t<meta name=\"twitter:label2\" content=\"Tiempo de lectura\" \/>\n\t<meta name=\"twitter:data2\" content=\"4 minutos\" \/>\n<script type=\"application\/ld+json\" class=\"yoast-schema-graph\">{\"@context\":\"https:\/\/schema.org\",\"@graph\":[{\"@type\":\"WebPage\",\"@id\":\"https:\/\/www.ull.es\/portal\/noticias\/2018\/ull-colabora-first-lego-league-canarias-18\/\",\"url\":\"https:\/\/www.ull.es\/portal\/noticias\/2018\/ull-colabora-first-lego-league-canarias-18\/\",\"name\":\"La ULL coorganiza la edici\u00f3n 2018 de la First Lego League Canarias\",\"isPartOf\":{\"@id\":\"https:\/\/www.ull.es\/portal\/noticias\/#website\"},\"datePublished\":\"2018-02-14T13:37:42+00:00\",\"dateModified\":\"2018-02-14T13:37:42+00:00\",\"author\":{\"@id\":\"https:\/\/www.ull.es\/portal\/noticias\/#\/schema\/person\/c3b2aa857797592927a03740d6664376\"},\"description\":\"La Universidad de La Laguna es una de las coorganizadoras de la First Lego League Canarias, cuya edici\u00f3n 2018 se celebrar\u00e1 en La Orotava el 24 de febrero.\",\"breadcrumb\":{\"@id\":\"https:\/\/www.ull.es\/portal\/noticias\/2018\/ull-colabora-first-lego-league-canarias-18\/#breadcrumb\"},\"inLanguage\":\"es\",\"potentialAction\":[{\"@type\":\"ReadAction\",\"target\":[\"https:\/\/www.ull.es\/portal\/noticias\/2018\/ull-colabora-first-lego-league-canarias-18\/\"]}]},{\"@type\":\"BreadcrumbList\",\"@id\":\"https:\/\/www.ull.es\/portal\/noticias\/2018\/ull-colabora-first-lego-league-canarias-18\/#breadcrumb\",\"itemListElement\":[{\"@type\":\"ListItem\",\"position\":1,\"name\":\"Portada\",\"item\":\"https:\/\/www.ull.es\/portal\/noticias\/\"},{\"@type\":\"ListItem\",\"position\":2,\"name\":\"Profesorado de la ULL colabora en la formaci\u00f3n de los equipos de la edici\u00f3n 2018 de la First Lego League Canarias\"}]},{\"@type\":\"WebSite\",\"@id\":\"https:\/\/www.ull.es\/portal\/noticias\/#website\",\"url\":\"https:\/\/www.ull.es\/portal\/noticias\/\",\"name\":\"ULL - Noticias\",\"description\":\"\",\"potentialAction\":[{\"@type\":\"SearchAction\",\"target\":{\"@type\":\"EntryPoint\",\"urlTemplate\":\"https:\/\/www.ull.es\/portal\/noticias\/?s={search_term_string}\"},\"query-input\":\"required name=search_term_string\"}],\"inLanguage\":\"es\"},{\"@type\":\"Person\",\"@id\":\"https:\/\/www.ull.es\/portal\/noticias\/#\/schema\/person\/c3b2aa857797592927a03740d6664376\",\"name\":\"prensa2\",\"image\":{\"@type\":\"ImageObject\",\"inLanguage\":\"es\",\"@id\":\"https:\/\/www.ull.es\/portal\/noticias\/#\/schema\/person\/image\/\",\"url\":\"https:\/\/secure.gravatar.com\/avatar\/b58f310a5de5feb33d1e026d2493f23c?s=96&d=mm&r=g\",\"contentUrl\":\"https:\/\/secure.gravatar.com\/avatar\/b58f310a5de5feb33d1e026d2493f23c?s=96&d=mm&r=g\",\"caption\":\"prensa2\"},\"url\":\"https:\/\/www.ull.es\/portal\/noticias\/author\/prensa2\/\"}]}<\/script>\n<!-- \/ Yoast SEO plugin. -->","yoast_head_json":{"title":"La ULL coorganiza la edici\u00f3n 2018 de la First Lego League Canarias","description":"La Universidad de La Laguna es una de las coorganizadoras de la First Lego League Canarias, cuya edici\u00f3n 2018 se celebrar\u00e1 en La Orotava el 24 de febrero.","robots":{"index":"index","follow":"follow","max-snippet":"max-snippet:-1","max-image-preview":"max-image-preview:large","max-video-preview":"max-video-preview:-1"},"canonical":"https:\/\/www.ull.es\/portal\/noticias\/2018\/ull-colabora-first-lego-league-canarias-18\/","og_locale":"es_ES","og_type":"article","og_title":"La ULL coorganiza la edici\u00f3n 2018 de la First Lego League Canarias","og_description":"La Universidad de La Laguna es una de las coorganizadoras de la First Lego League Canarias, cuya edici\u00f3n 2018 se celebrar\u00e1 en La Orotava el 24 de febrero.","og_url":"https:\/\/www.ull.es\/portal\/noticias\/2018\/ull-colabora-first-lego-league-canarias-18\/","og_site_name":"ULL - Noticias","article_publisher":"https:\/\/www.facebook.com\/universidaddelalaguna\/","article_published_time":"2018-02-14T13:37:42+00:00","og_image":[{"width":1200,"height":830,"url":"https:\/\/www.ull.es\/portal\/noticias\/wp-content\/uploads\/sites\/13\/2018\/02\/fll-canarias-2018-presentacin.jpg","type":"image\/jpeg"}],"author":"prensa2","twitter_card":"summary_large_image","twitter_creator":"@CanalULL","twitter_site":"@CanalULL","twitter_misc":{"Escrito por":"prensa2","Tiempo de lectura":"4 minutos"},"schema":{"@context":"https:\/\/schema.org","@graph":[{"@type":"WebPage","@id":"https:\/\/www.ull.es\/portal\/noticias\/2018\/ull-colabora-first-lego-league-canarias-18\/","url":"https:\/\/www.ull.es\/portal\/noticias\/2018\/ull-colabora-first-lego-league-canarias-18\/","name":"La ULL coorganiza la edici\u00f3n 2018 de la First Lego League Canarias","isPartOf":{"@id":"https:\/\/www.ull.es\/portal\/noticias\/#website"},"datePublished":"2018-02-14T13:37:42+00:00","dateModified":"2018-02-14T13:37:42+00:00","author":{"@id":"https:\/\/www.ull.es\/portal\/noticias\/#\/schema\/person\/c3b2aa857797592927a03740d6664376"},"description":"La Universidad de La Laguna es una de las coorganizadoras de la First Lego League Canarias, cuya edici\u00f3n 2018 se celebrar\u00e1 en La Orotava el 24 de febrero.","breadcrumb":{"@id":"https:\/\/www.ull.es\/portal\/noticias\/2018\/ull-colabora-first-lego-league-canarias-18\/#breadcrumb"},"inLanguage":"es","potentialAction":[{"@type":"ReadAction","target":["https:\/\/www.ull.es\/portal\/noticias\/2018\/ull-colabora-first-lego-league-canarias-18\/"]}]},{"@type":"BreadcrumbList","@id":"https:\/\/www.ull.es\/portal\/noticias\/2018\/ull-colabora-first-lego-league-canarias-18\/#breadcrumb","itemListElement":[{"@type":"ListItem","position":1,"name":"Portada","item":"https:\/\/www.ull.es\/portal\/noticias\/"},{"@type":"ListItem","position":2,"name":"Profesorado de la ULL colabora en la formaci\u00f3n de los equipos de la edici\u00f3n 2018 de la First Lego League Canarias"}]},{"@type":"WebSite","@id":"https:\/\/www.ull.es\/portal\/noticias\/#website","url":"https:\/\/www.ull.es\/portal\/noticias\/","name":"ULL - Noticias","description":"","potentialAction":[{"@type":"SearchAction","target":{"@type":"EntryPoint","urlTemplate":"https:\/\/www.ull.es\/portal\/noticias\/?s={search_term_string}"},"query-input":"required name=search_term_string"}],"inLanguage":"es"},{"@type":"Person","@id":"https:\/\/www.ull.es\/portal\/noticias\/#\/schema\/person\/c3b2aa857797592927a03740d6664376","name":"prensa2","image":{"@type":"ImageObject","inLanguage":"es","@id":"https:\/\/www.ull.es\/portal\/noticias\/#\/schema\/person\/image\/","url":"https:\/\/secure.gravatar.com\/avatar\/b58f310a5de5feb33d1e026d2493f23c?s=96&d=mm&r=g","contentUrl":"https:\/\/secure.gravatar.com\/avatar\/b58f310a5de5feb33d1e026d2493f23c?s=96&d=mm&r=g","caption":"prensa2"},"url":"https:\/\/www.ull.es\/portal\/noticias\/author\/prensa2\/"}]}},"primary_category":{"id":348,"name":"Instituci\u00f3n","slug":"institucion","link":"https:\/\/www.ull.es\/portal\/noticias\/category\/institucion\/"},"featured_image_thumbnail_url":"https:\/\/www.ull.es\/portal\/noticias\/wp-content\/uploads\/sites\/13\/2018\/02\/fll-canarias-2018-presentacin-300x208.jpg","_links":{"self":[{"href":"https:\/\/www.ull.es\/portal\/noticias\/wp-json\/wp\/v2\/posts\/35255"}],"collection":[{"href":"https:\/\/www.ull.es\/portal\/noticias\/wp-json\/wp\/v2\/posts"}],"about":[{"href":"https:\/\/www.ull.es\/portal\/noticias\/wp-json\/wp\/v2\/types\/post"}],"author":[{"embeddable":true,"href":"https:\/\/www.ull.es\/portal\/noticias\/wp-json\/wp\/v2\/users\/21"}],"replies":[{"embeddable":true,"href":"https:\/\/www.ull.es\/portal\/noticias\/wp-json\/wp\/v2\/comments?post=35255"}],"version-history":[{"count":1,"href":"https:\/\/www.ull.es\/portal\/noticias\/wp-json\/wp\/v2\/posts\/35255\/revisions"}],"predecessor-version":[{"id":35263,"href":"https:\/\/www.ull.es\/portal\/noticias\/wp-json\/wp\/v2\/posts\/35255\/revisions\/35263"}],"wp:featuredmedia":[{"embeddable":true,"href":"https:\/\/www.ull.es\/portal\/noticias\/wp-json\/wp\/v2\/media\/35257"}],"wp:attachment":[{"href":"https:\/\/www.ull.es\/portal\/noticias\/wp-json\/wp\/v2\/media?parent=35255"}],"wp:term":[{"taxonomy":"category","embeddable":true,"href":"https:\/\/www.ull.es\/portal\/noticias\/wp-json\/wp\/v2\/categories?post=35255"},{"taxonomy":"post_tag","embeddable":true,"href":"https:\/\/www.ull.es\/portal\/noticias\/wp-json\/wp\/v2\/tags?post=35255"}],"curies":[{"name":"wp","href":"https:\/\/api.w.org\/{rel}","templated":true}]}}