{"id":35270,"date":"2018-02-15T09:08:36","date_gmt":"2018-02-15T09:08:36","guid":{"rendered":"https:\/\/www.ull.es\/portal\/noticias\/?p=35270"},"modified":"2018-02-15T09:08:36","modified_gmt":"2018-02-15T09:08:36","slug":"clausurada-quinto-demola-canarias-ull","status":"publish","type":"post","link":"https:\/\/www.ull.es\/portal\/noticias\/2018\/clausurada-quinto-demola-canarias-ull\/","title":{"rendered":"Clausurada en la Universidad de La Laguna la quinta edici\u00f3n de la fase tinerfe\u00f1a de DEMOLA Canarias"},"content":{"rendered":"<p>La semana pasada se celebr\u00f3 en la Facultad de Econom\u00eda, Empresa y Turismo de la Universidad de La Laguna la clausura de la quinta edici\u00f3n de la fase tinerfe\u00f1a de<a href=\"https:\/\/canaryislands.demola.net\/\" target=\"_blank\" rel=\"noopener\" target=\"_blank\" rel=\"noopener\"> DEMOLA Canarias<\/a>. En esta final de la iniciativa del Gobierno de Canarias, basada en la colaboraci\u00f3n universidad-empresa. En el acto estuvieron presentes el Jefe de \u00c1rea de la Agencia Canaria de Investigaci\u00f3n, Innovaci\u00f3n y Sociedad de la Informaci\u00f3n (ACIISI), Antonio L\u00f3pez, junto con el subdirector de Posgrado de la Universidad de La Laguna (ULL), Francisco Javier Ramos.<\/p>\n<p>Los equipos de universitarios expusieron las soluciones creativas que han desarrollado para los seis retos propuestos en esta quinta edici\u00f3n por las empresas Las Casa de los Balcones (\u201cEl arte de vestir la mesa\u00bb), Graffos (\u00abBiometr\u00eda a la carta\u00bb), Musicanarias (\u00abPlay with me\u00bb), TITSA (\u00abEn tu taller, contaminaci\u00f3n cero\u00bb), la Federaci\u00f3n de Empresarios del Metal y Nuevas Tecnolog\u00edas de Santa Cruz de Tenerife \u2013 FEMETE (\u00abYo Soy Legal, \u00bfy t\u00fa?\u00bb) y la entidad p\u00fablica Sociedad para el Desarrollo Econ\u00f3mico de Canarias \u2013 SODECAN (\u00abNi un solo proyecto empresarial viable sin financiaci\u00f3n\u00bb).<\/p>\n<p>A lo largo de sus cinco primeras temporadas, DEMOLA Canarias acumula un total de 59 proyectos abordados y cerca de trescientos universitarios participantes en el conjunto de la regi\u00f3n. En la edici\u00f3n que nos ocupa, se han atendido 13 retos -6 en Tenerife y 7 en Gran Canaria- y han participado 65 universitarios de diferentes disciplinas de la Universidad de La Laguna (ULL) y de la Universidad de Las Palmas de Gran Canaria (ULPGC).<\/p>\n<p>El programa tiene el objetivo de fomentar la cultura innovadora en las empresas y organizaciones del Archipi\u00e9lago, acercando el conocimiento y la creatividad de j\u00f3venes universitarios a los sectores productivos de las Islas, con el objetivo de explorar nuevas oportunidades de mejora contando con talentos externos que aportan nuevas perspectivas y generan valor como capital innovador.<\/p>\n<p>La iniciativa DEMOLA Canarias se inici\u00f3 en 2015, con la apuesta del Gobierno de Canarias, en colaboraci\u00f3n con las Universidades, por incluir en el ecosistema innovador de las islas el modelo de innovaci\u00f3n abierta surgido en Finlandia, y contrastado internacionalmente, el cual ha demostrado ser un valioso instrumento de co-creaci\u00f3n entre el mundo acad\u00e9mico y el empresarial, con unos resultados que superan la treintena de soluciones licenciadas en el Archipi\u00e9lago.<\/p>\n<p>La red DEMOLA se extiende a 14 pa\u00edses de Europa, \u00c1frica y Lationam\u00e9rica a trav\u00e9s de una plataforma internacional de operadores.<\/p>\n<p>La presentaci\u00f3n final de resultados de la quinta temporada de DEMOLA Canarias en la provincia de Las Palmas tambi\u00e9n se celebr\u00f3 la semana pasada y, en ese caso, el alumnado de la ULPGC present\u00f3 sus respuestas a los retos de COFARCA, ANFI, Smurfit Kappa Canarias, Fundaci\u00f3n Mapfre Guanarteme, IDECNET y Hospitales San Roque.<\/p>\n<p>Las empresas y entidades canarias interesadas en acogerse a este modelo de innovaci\u00f3n, est\u00e1n a\u00fan a tiempo de presentar su reto en la sexta temporada de DEMOLA Canarias, que arrancar\u00e1 el pr\u00f3ximo mes de marzo.<\/p>\n<p>&nbsp;<\/p>\n","protected":false},"excerpt":{"rendered":"<p>La semana pasada se celebr\u00f3 en la Facultad de Econom\u00eda, Empresa y Turismo de la Universidad de La Laguna la&#8230;<\/p>\n","protected":false},"author":21,"featured_media":35271,"comment_status":"closed","ping_status":"closed","sticky":false,"template":"","format":"standard","meta":{"inline_featured_image":false,"footnotes":""},"categories":[343,345,2753,2765],"tags":[376,994,995,1261],"acf":[],"yoast_head":"<!-- This site is optimized with the Yoast SEO plugin v21.3 - https:\/\/yoast.com\/wordpress\/plugins\/seo\/ -->\n<title>Clausurada en la ULL la quinta edici\u00f3n de DEMOLA Canarias en Tenerife.<\/title>\n<meta name=\"description\" content=\"La Facultad de Econom\u00eda, Empresa y Turismo de la ULL fue sede de la clausura de la quinta edici\u00f3n de la fase tinerfe\u00f1a de DEMOLA Canarias.\" \/>\n<meta name=\"robots\" content=\"index, follow, max-snippet:-1, max-image-preview:large, max-video-preview:-1\" \/>\n<link rel=\"canonical\" href=\"https:\/\/www.ull.es\/portal\/noticias\/2018\/clausurada-quinto-demola-canarias-ull\/\" \/>\n<meta property=\"og:locale\" content=\"es_ES\" \/>\n<meta property=\"og:type\" content=\"article\" \/>\n<meta property=\"og:title\" content=\"Clausurada en la ULL la quinta edici\u00f3n de DEMOLA Canarias en Tenerife.\" \/>\n<meta property=\"og:description\" content=\"La Facultad de Econom\u00eda, Empresa y Turismo de la ULL fue sede de la clausura de la quinta edici\u00f3n de la fase tinerfe\u00f1a de DEMOLA Canarias.\" \/>\n<meta property=\"og:url\" content=\"https:\/\/www.ull.es\/portal\/noticias\/2018\/clausurada-quinto-demola-canarias-ull\/\" \/>\n<meta property=\"og:site_name\" content=\"ULL - Noticias\" \/>\n<meta property=\"article:publisher\" content=\"https:\/\/www.facebook.com\/universidaddelalaguna\/\" \/>\n<meta property=\"article:published_time\" content=\"2018-02-15T09:08:36+00:00\" \/>\n<meta property=\"og:image\" content=\"https:\/\/www.ull.es\/portal\/noticias\/wp-content\/uploads\/sites\/13\/2018\/02\/demola-final-pitch.jpg\" \/>\n\t<meta property=\"og:image:width\" content=\"1200\" \/>\n\t<meta property=\"og:image:height\" content=\"675\" \/>\n\t<meta property=\"og:image:type\" content=\"image\/jpeg\" \/>\n<meta name=\"author\" content=\"prensa2\" \/>\n<meta name=\"twitter:card\" content=\"summary_large_image\" \/>\n<meta name=\"twitter:creator\" content=\"@CanalULL\" \/>\n<meta name=\"twitter:site\" content=\"@CanalULL\" \/>\n<meta name=\"twitter:label1\" content=\"Escrito por\" \/>\n\t<meta name=\"twitter:data1\" content=\"prensa2\" \/>\n\t<meta name=\"twitter:label2\" content=\"Tiempo de lectura\" \/>\n\t<meta name=\"twitter:data2\" content=\"3 minutos\" \/>\n<script type=\"application\/ld+json\" class=\"yoast-schema-graph\">{\"@context\":\"https:\/\/schema.org\",\"@graph\":[{\"@type\":\"WebPage\",\"@id\":\"https:\/\/www.ull.es\/portal\/noticias\/2018\/clausurada-quinto-demola-canarias-ull\/\",\"url\":\"https:\/\/www.ull.es\/portal\/noticias\/2018\/clausurada-quinto-demola-canarias-ull\/\",\"name\":\"Clausurada en la ULL la quinta edici\u00f3n de DEMOLA Canarias en Tenerife.\",\"isPartOf\":{\"@id\":\"https:\/\/www.ull.es\/portal\/noticias\/#website\"},\"datePublished\":\"2018-02-15T09:08:36+00:00\",\"dateModified\":\"2018-02-15T09:08:36+00:00\",\"author\":{\"@id\":\"https:\/\/www.ull.es\/portal\/noticias\/#\/schema\/person\/c3b2aa857797592927a03740d6664376\"},\"description\":\"La Facultad de Econom\u00eda, Empresa y Turismo de la ULL fue sede de la clausura de la quinta edici\u00f3n de la fase tinerfe\u00f1a de DEMOLA Canarias.\",\"breadcrumb\":{\"@id\":\"https:\/\/www.ull.es\/portal\/noticias\/2018\/clausurada-quinto-demola-canarias-ull\/#breadcrumb\"},\"inLanguage\":\"es\",\"potentialAction\":[{\"@type\":\"ReadAction\",\"target\":[\"https:\/\/www.ull.es\/portal\/noticias\/2018\/clausurada-quinto-demola-canarias-ull\/\"]}]},{\"@type\":\"BreadcrumbList\",\"@id\":\"https:\/\/www.ull.es\/portal\/noticias\/2018\/clausurada-quinto-demola-canarias-ull\/#breadcrumb\",\"itemListElement\":[{\"@type\":\"ListItem\",\"position\":1,\"name\":\"Portada\",\"item\":\"https:\/\/www.ull.es\/portal\/noticias\/\"},{\"@type\":\"ListItem\",\"position\":2,\"name\":\"Clausurada en la Universidad de La Laguna la quinta edici\u00f3n de la fase tinerfe\u00f1a de DEMOLA Canarias\"}]},{\"@type\":\"WebSite\",\"@id\":\"https:\/\/www.ull.es\/portal\/noticias\/#website\",\"url\":\"https:\/\/www.ull.es\/portal\/noticias\/\",\"name\":\"ULL - Noticias\",\"description\":\"\",\"potentialAction\":[{\"@type\":\"SearchAction\",\"target\":{\"@type\":\"EntryPoint\",\"urlTemplate\":\"https:\/\/www.ull.es\/portal\/noticias\/?s={search_term_string}\"},\"query-input\":\"required name=search_term_string\"}],\"inLanguage\":\"es\"},{\"@type\":\"Person\",\"@id\":\"https:\/\/www.ull.es\/portal\/noticias\/#\/schema\/person\/c3b2aa857797592927a03740d6664376\",\"name\":\"prensa2\",\"image\":{\"@type\":\"ImageObject\",\"inLanguage\":\"es\",\"@id\":\"https:\/\/www.ull.es\/portal\/noticias\/#\/schema\/person\/image\/\",\"url\":\"https:\/\/secure.gravatar.com\/avatar\/b58f310a5de5feb33d1e026d2493f23c?s=96&d=mm&r=g\",\"contentUrl\":\"https:\/\/secure.gravatar.com\/avatar\/b58f310a5de5feb33d1e026d2493f23c?s=96&d=mm&r=g\",\"caption\":\"prensa2\"},\"url\":\"https:\/\/www.ull.es\/portal\/noticias\/author\/prensa2\/\"}]}<\/script>\n<!-- \/ Yoast SEO plugin. -->","yoast_head_json":{"title":"Clausurada en la ULL la quinta edici\u00f3n de DEMOLA Canarias en Tenerife.","description":"La Facultad de Econom\u00eda, Empresa y Turismo de la ULL fue sede de la clausura de la quinta edici\u00f3n de la fase tinerfe\u00f1a de DEMOLA Canarias.","robots":{"index":"index","follow":"follow","max-snippet":"max-snippet:-1","max-image-preview":"max-image-preview:large","max-video-preview":"max-video-preview:-1"},"canonical":"https:\/\/www.ull.es\/portal\/noticias\/2018\/clausurada-quinto-demola-canarias-ull\/","og_locale":"es_ES","og_type":"article","og_title":"Clausurada en la ULL la quinta edici\u00f3n de DEMOLA Canarias en Tenerife.","og_description":"La Facultad de Econom\u00eda, Empresa y Turismo de la ULL fue sede de la clausura de la quinta edici\u00f3n de la fase tinerfe\u00f1a de DEMOLA Canarias.","og_url":"https:\/\/www.ull.es\/portal\/noticias\/2018\/clausurada-quinto-demola-canarias-ull\/","og_site_name":"ULL - Noticias","article_publisher":"https:\/\/www.facebook.com\/universidaddelalaguna\/","article_published_time":"2018-02-15T09:08:36+00:00","og_image":[{"width":1200,"height":675,"url":"https:\/\/www.ull.es\/portal\/noticias\/wp-content\/uploads\/sites\/13\/2018\/02\/demola-final-pitch.jpg","type":"image\/jpeg"}],"author":"prensa2","twitter_card":"summary_large_image","twitter_creator":"@CanalULL","twitter_site":"@CanalULL","twitter_misc":{"Escrito por":"prensa2","Tiempo de lectura":"3 minutos"},"schema":{"@context":"https:\/\/schema.org","@graph":[{"@type":"WebPage","@id":"https:\/\/www.ull.es\/portal\/noticias\/2018\/clausurada-quinto-demola-canarias-ull\/","url":"https:\/\/www.ull.es\/portal\/noticias\/2018\/clausurada-quinto-demola-canarias-ull\/","name":"Clausurada en la ULL la quinta edici\u00f3n de DEMOLA Canarias en Tenerife.","isPartOf":{"@id":"https:\/\/www.ull.es\/portal\/noticias\/#website"},"datePublished":"2018-02-15T09:08:36+00:00","dateModified":"2018-02-15T09:08:36+00:00","author":{"@id":"https:\/\/www.ull.es\/portal\/noticias\/#\/schema\/person\/c3b2aa857797592927a03740d6664376"},"description":"La Facultad de Econom\u00eda, Empresa y Turismo de la ULL fue sede de la clausura de la quinta edici\u00f3n de la fase tinerfe\u00f1a de DEMOLA Canarias.","breadcrumb":{"@id":"https:\/\/www.ull.es\/portal\/noticias\/2018\/clausurada-quinto-demola-canarias-ull\/#breadcrumb"},"inLanguage":"es","potentialAction":[{"@type":"ReadAction","target":["https:\/\/www.ull.es\/portal\/noticias\/2018\/clausurada-quinto-demola-canarias-ull\/"]}]},{"@type":"BreadcrumbList","@id":"https:\/\/www.ull.es\/portal\/noticias\/2018\/clausurada-quinto-demola-canarias-ull\/#breadcrumb","itemListElement":[{"@type":"ListItem","position":1,"name":"Portada","item":"https:\/\/www.ull.es\/portal\/noticias\/"},{"@type":"ListItem","position":2,"name":"Clausurada en la Universidad de La Laguna la quinta edici\u00f3n de la fase tinerfe\u00f1a de DEMOLA Canarias"}]},{"@type":"WebSite","@id":"https:\/\/www.ull.es\/portal\/noticias\/#website","url":"https:\/\/www.ull.es\/portal\/noticias\/","name":"ULL - Noticias","description":"","potentialAction":[{"@type":"SearchAction","target":{"@type":"EntryPoint","urlTemplate":"https:\/\/www.ull.es\/portal\/noticias\/?s={search_term_string}"},"query-input":"required name=search_term_string"}],"inLanguage":"es"},{"@type":"Person","@id":"https:\/\/www.ull.es\/portal\/noticias\/#\/schema\/person\/c3b2aa857797592927a03740d6664376","name":"prensa2","image":{"@type":"ImageObject","inLanguage":"es","@id":"https:\/\/www.ull.es\/portal\/noticias\/#\/schema\/person\/image\/","url":"https:\/\/secure.gravatar.com\/avatar\/b58f310a5de5feb33d1e026d2493f23c?s=96&d=mm&r=g","contentUrl":"https:\/\/secure.gravatar.com\/avatar\/b58f310a5de5feb33d1e026d2493f23c?s=96&d=mm&r=g","caption":"prensa2"},"url":"https:\/\/www.ull.es\/portal\/noticias\/author\/prensa2\/"}]}},"primary_category":{"id":343,"name":"Alumnado","slug":"alumnado","link":"https:\/\/www.ull.es\/portal\/noticias\/category\/alumnado\/"},"featured_image_thumbnail_url":"https:\/\/www.ull.es\/portal\/noticias\/wp-content\/uploads\/sites\/13\/2018\/02\/demola-final-pitch-300x169.jpg","_links":{"self":[{"href":"https:\/\/www.ull.es\/portal\/noticias\/wp-json\/wp\/v2\/posts\/35270"}],"collection":[{"href":"https:\/\/www.ull.es\/portal\/noticias\/wp-json\/wp\/v2\/posts"}],"about":[{"href":"https:\/\/www.ull.es\/portal\/noticias\/wp-json\/wp\/v2\/types\/post"}],"author":[{"embeddable":true,"href":"https:\/\/www.ull.es\/portal\/noticias\/wp-json\/wp\/v2\/users\/21"}],"replies":[{"embeddable":true,"href":"https:\/\/www.ull.es\/portal\/noticias\/wp-json\/wp\/v2\/comments?post=35270"}],"version-history":[{"count":1,"href":"https:\/\/www.ull.es\/portal\/noticias\/wp-json\/wp\/v2\/posts\/35270\/revisions"}],"predecessor-version":[{"id":35272,"href":"https:\/\/www.ull.es\/portal\/noticias\/wp-json\/wp\/v2\/posts\/35270\/revisions\/35272"}],"wp:featuredmedia":[{"embeddable":true,"href":"https:\/\/www.ull.es\/portal\/noticias\/wp-json\/wp\/v2\/media\/35271"}],"wp:attachment":[{"href":"https:\/\/www.ull.es\/portal\/noticias\/wp-json\/wp\/v2\/media?parent=35270"}],"wp:term":[{"taxonomy":"category","embeddable":true,"href":"https:\/\/www.ull.es\/portal\/noticias\/wp-json\/wp\/v2\/categories?post=35270"},{"taxonomy":"post_tag","embeddable":true,"href":"https:\/\/www.ull.es\/portal\/noticias\/wp-json\/wp\/v2\/tags?post=35270"}],"curies":[{"name":"wp","href":"https:\/\/api.w.org\/{rel}","templated":true}]}}