{"id":35408,"date":"2018-02-22T13:54:27","date_gmt":"2018-02-22T13:54:27","guid":{"rendered":"https:\/\/www.ull.es\/portal\/noticias\/?p=35408"},"modified":"2018-02-22T15:04:42","modified_gmt":"2018-02-22T15:04:42","slug":"la-ull-inaugura-manana-la-exposicion-ensueno-los-angeles-cansados-del-artista-celestino-mesa","status":"publish","type":"post","link":"https:\/\/www.ull.es\/portal\/noticias\/2018\/la-ull-inaugura-manana-la-exposicion-ensueno-los-angeles-cansados-del-artista-celestino-mesa\/","title":{"rendered":"La ULL inaugura ma\u00f1ana la exposici\u00f3n \u201cEl ensue\u00f1o de los \u00e1ngeles cansados\u201d del artista Celestino Mesa"},"content":{"rendered":"<p>El Vicerrectorado de Relaciones con la Sociedad de la Universidad de La Laguna inaugurar\u00e1 ma\u00f1ana viernes 23 de febrero la exposici\u00f3n \u201cEl ensue\u00f1o de los \u00e1ngeles cansados,\u00a0 del artista pl\u00e1stico Celestino Mesa. El acto tendr\u00e1 lugar en el Espacio Cultural La Capilla, en el Edificio Central de la instituci\u00f3n acad\u00e9mica a las 19:30 horas.<\/p>\n<p>Celestino Mesa naci\u00f3 en 1963, desde muy temprana edad mostr\u00f3 inter\u00e9s por las artes pl\u00e1sticas, en concreto por la pintura. Finaliz\u00f3 sus estudios de Bachillerato y comenz\u00f3 un periplo por Inglaterra y Alemania. En ellos avanz\u00f3 en su formaci\u00f3n art\u00edstica en dise\u00f1o, fotograf\u00eda y pintura. En concreto recibi\u00f3 clases de acuarela. En el pa\u00eds germano trabaj\u00f3 para la prestigiosa publicaci\u00f3n Vogue, en el departamento de fotocomposici\u00f3n y dise\u00f1o. A su regreso a Tenerife complet\u00f3 su formaci\u00f3n y desarroll\u00f3 una amplia experiencia en el mundo del dise\u00f1o.<\/p>\n<p>De estilo basado en el hiperrealismo, este artista cuenta ya con una amplia obra pict\u00f3rica y una vasta n\u00f3mina de exposiciones, incluyendo su obra en colecciones de Espa\u00f1a, Inglaterra, Alemania, Suecia, Dinamarca, Holanda, Noruega, Francia, Italia, Venezuela y Arabia, entre otros pa\u00edses. Paralelamente a su trabajo como pintor colabora con diferentes empresas como grafista, montaje, edici\u00f3n de video y dise\u00f1o web, campo que ha desarrollado con notable \u00e9xito y en el que ha obtenido varios premios y distinciones.<\/p>\n<p>En \u201cEl ensue\u00f1o de los \u00e1ngeles cansados\u00bb Mesa propone un universo de realismo m\u00e1gico expuesto en obras soportadas por formatos y t\u00e9cnicas diferentes. Los protagonistas, los \u00e1ngeles, aportan un componente on\u00edrico a la propuesta pict\u00f3rica y a la vez con un alto contenido anat\u00f3mico.<\/p>\n<p><strong>Acto<\/strong>: Inauguraci\u00f3n Exposici\u00f3n<\/p>\n<p><strong>Lugar<\/strong>: Espacio Cultural La Capilla, Edificio Central.<\/p>\n<p><strong>D\u00eda<\/strong>: 23\/02\/2018<\/p>\n<p><strong>Hora<\/strong>: 19:30<\/p>\n","protected":false},"excerpt":{"rendered":"<p>El Vicerrectorado de Relaciones con la Sociedad de la Universidad de La Laguna inaugurar\u00e1 ma\u00f1ana viernes 23 de febrero la&#8230;<\/p>\n","protected":false},"author":23,"featured_media":35414,"comment_status":"closed","ping_status":"closed","sticky":false,"template":"","format":"standard","meta":{"inline_featured_image":false,"footnotes":""},"categories":[344,345,3283,2765],"tags":[4020,4021],"acf":[],"yoast_head":"<!-- This site is optimized with the Yoast SEO plugin v21.3 - https:\/\/yoast.com\/wordpress\/plugins\/seo\/ -->\n<title>La ULL inaugura ma\u00f1ana la exposici\u00f3n \u201cEl ensue\u00f1o de los \u00e1ngeles cansados\u201d del artista Celestino Mesa - ULL - Noticias<\/title>\n<meta name=\"robots\" content=\"index, follow, max-snippet:-1, max-image-preview:large, max-video-preview:-1\" \/>\n<link rel=\"canonical\" href=\"https:\/\/www.ull.es\/portal\/noticias\/2018\/la-ull-inaugura-manana-la-exposicion-ensueno-los-angeles-cansados-del-artista-celestino-mesa\/\" \/>\n<meta property=\"og:locale\" content=\"es_ES\" \/>\n<meta property=\"og:type\" content=\"article\" \/>\n<meta property=\"og:title\" content=\"La ULL inaugura ma\u00f1ana la exposici\u00f3n \u201cEl ensue\u00f1o de los \u00e1ngeles cansados\u201d del artista Celestino Mesa - ULL - Noticias\" \/>\n<meta property=\"og:description\" content=\"El Vicerrectorado de Relaciones con la Sociedad de la Universidad de La Laguna inaugurar\u00e1 ma\u00f1ana viernes 23 de febrero la...\" \/>\n<meta property=\"og:url\" content=\"https:\/\/www.ull.es\/portal\/noticias\/2018\/la-ull-inaugura-manana-la-exposicion-ensueno-los-angeles-cansados-del-artista-celestino-mesa\/\" \/>\n<meta property=\"og:site_name\" content=\"ULL - Noticias\" \/>\n<meta property=\"article:publisher\" content=\"https:\/\/www.facebook.com\/universidaddelalaguna\/\" \/>\n<meta property=\"article:published_time\" content=\"2018-02-22T13:54:27+00:00\" \/>\n<meta property=\"article:modified_time\" content=\"2018-02-22T15:04:42+00:00\" \/>\n<meta property=\"og:image\" content=\"https:\/\/www.ull.es\/portal\/noticias\/wp-content\/uploads\/sites\/13\/2018\/02\/expo-angeles-cansados.jpg\" \/>\n\t<meta property=\"og:image:width\" content=\"700\" \/>\n\t<meta property=\"og:image:height\" content=\"350\" \/>\n\t<meta property=\"og:image:type\" content=\"image\/jpeg\" \/>\n<meta name=\"author\" content=\"gaprsa\" \/>\n<meta name=\"twitter:card\" content=\"summary_large_image\" \/>\n<meta name=\"twitter:creator\" content=\"@CanalULL\" \/>\n<meta name=\"twitter:site\" content=\"@CanalULL\" \/>\n<meta name=\"twitter:label1\" content=\"Escrito por\" \/>\n\t<meta name=\"twitter:data1\" content=\"gaprsa\" \/>\n\t<meta name=\"twitter:label2\" content=\"Tiempo de lectura\" \/>\n\t<meta name=\"twitter:data2\" content=\"2 minutos\" \/>\n<script type=\"application\/ld+json\" class=\"yoast-schema-graph\">{\"@context\":\"https:\/\/schema.org\",\"@graph\":[{\"@type\":\"WebPage\",\"@id\":\"https:\/\/www.ull.es\/portal\/noticias\/2018\/la-ull-inaugura-manana-la-exposicion-ensueno-los-angeles-cansados-del-artista-celestino-mesa\/\",\"url\":\"https:\/\/www.ull.es\/portal\/noticias\/2018\/la-ull-inaugura-manana-la-exposicion-ensueno-los-angeles-cansados-del-artista-celestino-mesa\/\",\"name\":\"La ULL inaugura ma\u00f1ana la exposici\u00f3n \u201cEl ensue\u00f1o de los \u00e1ngeles cansados\u201d del artista Celestino Mesa - ULL - Noticias\",\"isPartOf\":{\"@id\":\"https:\/\/www.ull.es\/portal\/noticias\/#website\"},\"datePublished\":\"2018-02-22T13:54:27+00:00\",\"dateModified\":\"2018-02-22T15:04:42+00:00\",\"author\":{\"@id\":\"https:\/\/www.ull.es\/portal\/noticias\/#\/schema\/person\/b2b1a89d43ffa609e591f7df8ef3e817\"},\"breadcrumb\":{\"@id\":\"https:\/\/www.ull.es\/portal\/noticias\/2018\/la-ull-inaugura-manana-la-exposicion-ensueno-los-angeles-cansados-del-artista-celestino-mesa\/#breadcrumb\"},\"inLanguage\":\"es\",\"potentialAction\":[{\"@type\":\"ReadAction\",\"target\":[\"https:\/\/www.ull.es\/portal\/noticias\/2018\/la-ull-inaugura-manana-la-exposicion-ensueno-los-angeles-cansados-del-artista-celestino-mesa\/\"]}]},{\"@type\":\"BreadcrumbList\",\"@id\":\"https:\/\/www.ull.es\/portal\/noticias\/2018\/la-ull-inaugura-manana-la-exposicion-ensueno-los-angeles-cansados-del-artista-celestino-mesa\/#breadcrumb\",\"itemListElement\":[{\"@type\":\"ListItem\",\"position\":1,\"name\":\"Portada\",\"item\":\"https:\/\/www.ull.es\/portal\/noticias\/\"},{\"@type\":\"ListItem\",\"position\":2,\"name\":\"La ULL inaugura ma\u00f1ana la exposici\u00f3n \u201cEl ensue\u00f1o de los \u00e1ngeles cansados\u201d del artista Celestino Mesa\"}]},{\"@type\":\"WebSite\",\"@id\":\"https:\/\/www.ull.es\/portal\/noticias\/#website\",\"url\":\"https:\/\/www.ull.es\/portal\/noticias\/\",\"name\":\"ULL - Noticias\",\"description\":\"\",\"potentialAction\":[{\"@type\":\"SearchAction\",\"target\":{\"@type\":\"EntryPoint\",\"urlTemplate\":\"https:\/\/www.ull.es\/portal\/noticias\/?s={search_term_string}\"},\"query-input\":\"required name=search_term_string\"}],\"inLanguage\":\"es\"},{\"@type\":\"Person\",\"@id\":\"https:\/\/www.ull.es\/portal\/noticias\/#\/schema\/person\/b2b1a89d43ffa609e591f7df8ef3e817\",\"name\":\"gaprsa\",\"image\":{\"@type\":\"ImageObject\",\"inLanguage\":\"es\",\"@id\":\"https:\/\/www.ull.es\/portal\/noticias\/#\/schema\/person\/image\/\",\"url\":\"https:\/\/secure.gravatar.com\/avatar\/443820550921091458b4823867723b3d?s=96&d=mm&r=g\",\"contentUrl\":\"https:\/\/secure.gravatar.com\/avatar\/443820550921091458b4823867723b3d?s=96&d=mm&r=g\",\"caption\":\"gaprsa\"},\"url\":\"https:\/\/www.ull.es\/portal\/noticias\/author\/gaprsa\/\"}]}<\/script>\n<!-- \/ Yoast SEO plugin. -->","yoast_head_json":{"title":"La ULL inaugura ma\u00f1ana la exposici\u00f3n \u201cEl ensue\u00f1o de los \u00e1ngeles cansados\u201d del artista Celestino Mesa - ULL - Noticias","robots":{"index":"index","follow":"follow","max-snippet":"max-snippet:-1","max-image-preview":"max-image-preview:large","max-video-preview":"max-video-preview:-1"},"canonical":"https:\/\/www.ull.es\/portal\/noticias\/2018\/la-ull-inaugura-manana-la-exposicion-ensueno-los-angeles-cansados-del-artista-celestino-mesa\/","og_locale":"es_ES","og_type":"article","og_title":"La ULL inaugura ma\u00f1ana la exposici\u00f3n \u201cEl ensue\u00f1o de los \u00e1ngeles cansados\u201d del artista Celestino Mesa - ULL - Noticias","og_description":"El Vicerrectorado de Relaciones con la Sociedad de la Universidad de La Laguna inaugurar\u00e1 ma\u00f1ana viernes 23 de febrero la...","og_url":"https:\/\/www.ull.es\/portal\/noticias\/2018\/la-ull-inaugura-manana-la-exposicion-ensueno-los-angeles-cansados-del-artista-celestino-mesa\/","og_site_name":"ULL - Noticias","article_publisher":"https:\/\/www.facebook.com\/universidaddelalaguna\/","article_published_time":"2018-02-22T13:54:27+00:00","article_modified_time":"2018-02-22T15:04:42+00:00","og_image":[{"width":700,"height":350,"url":"https:\/\/www.ull.es\/portal\/noticias\/wp-content\/uploads\/sites\/13\/2018\/02\/expo-angeles-cansados.jpg","type":"image\/jpeg"}],"author":"gaprsa","twitter_card":"summary_large_image","twitter_creator":"@CanalULL","twitter_site":"@CanalULL","twitter_misc":{"Escrito por":"gaprsa","Tiempo de lectura":"2 minutos"},"schema":{"@context":"https:\/\/schema.org","@graph":[{"@type":"WebPage","@id":"https:\/\/www.ull.es\/portal\/noticias\/2018\/la-ull-inaugura-manana-la-exposicion-ensueno-los-angeles-cansados-del-artista-celestino-mesa\/","url":"https:\/\/www.ull.es\/portal\/noticias\/2018\/la-ull-inaugura-manana-la-exposicion-ensueno-los-angeles-cansados-del-artista-celestino-mesa\/","name":"La ULL inaugura ma\u00f1ana la exposici\u00f3n \u201cEl ensue\u00f1o de los \u00e1ngeles cansados\u201d del artista Celestino Mesa - ULL - Noticias","isPartOf":{"@id":"https:\/\/www.ull.es\/portal\/noticias\/#website"},"datePublished":"2018-02-22T13:54:27+00:00","dateModified":"2018-02-22T15:04:42+00:00","author":{"@id":"https:\/\/www.ull.es\/portal\/noticias\/#\/schema\/person\/b2b1a89d43ffa609e591f7df8ef3e817"},"breadcrumb":{"@id":"https:\/\/www.ull.es\/portal\/noticias\/2018\/la-ull-inaugura-manana-la-exposicion-ensueno-los-angeles-cansados-del-artista-celestino-mesa\/#breadcrumb"},"inLanguage":"es","potentialAction":[{"@type":"ReadAction","target":["https:\/\/www.ull.es\/portal\/noticias\/2018\/la-ull-inaugura-manana-la-exposicion-ensueno-los-angeles-cansados-del-artista-celestino-mesa\/"]}]},{"@type":"BreadcrumbList","@id":"https:\/\/www.ull.es\/portal\/noticias\/2018\/la-ull-inaugura-manana-la-exposicion-ensueno-los-angeles-cansados-del-artista-celestino-mesa\/#breadcrumb","itemListElement":[{"@type":"ListItem","position":1,"name":"Portada","item":"https:\/\/www.ull.es\/portal\/noticias\/"},{"@type":"ListItem","position":2,"name":"La ULL inaugura ma\u00f1ana la exposici\u00f3n \u201cEl ensue\u00f1o de los \u00e1ngeles cansados\u201d del artista Celestino Mesa"}]},{"@type":"WebSite","@id":"https:\/\/www.ull.es\/portal\/noticias\/#website","url":"https:\/\/www.ull.es\/portal\/noticias\/","name":"ULL - Noticias","description":"","potentialAction":[{"@type":"SearchAction","target":{"@type":"EntryPoint","urlTemplate":"https:\/\/www.ull.es\/portal\/noticias\/?s={search_term_string}"},"query-input":"required name=search_term_string"}],"inLanguage":"es"},{"@type":"Person","@id":"https:\/\/www.ull.es\/portal\/noticias\/#\/schema\/person\/b2b1a89d43ffa609e591f7df8ef3e817","name":"gaprsa","image":{"@type":"ImageObject","inLanguage":"es","@id":"https:\/\/www.ull.es\/portal\/noticias\/#\/schema\/person\/image\/","url":"https:\/\/secure.gravatar.com\/avatar\/443820550921091458b4823867723b3d?s=96&d=mm&r=g","contentUrl":"https:\/\/secure.gravatar.com\/avatar\/443820550921091458b4823867723b3d?s=96&d=mm&r=g","caption":"gaprsa"},"url":"https:\/\/www.ull.es\/portal\/noticias\/author\/gaprsa\/"}]}},"primary_category":{"id":344,"name":"Cultura","slug":"cultura","link":"https:\/\/www.ull.es\/portal\/noticias\/category\/cultura\/"},"featured_image_thumbnail_url":"https:\/\/www.ull.es\/portal\/noticias\/wp-content\/uploads\/sites\/13\/2018\/02\/expo-angeles-cansados-300x150.jpg","_links":{"self":[{"href":"https:\/\/www.ull.es\/portal\/noticias\/wp-json\/wp\/v2\/posts\/35408"}],"collection":[{"href":"https:\/\/www.ull.es\/portal\/noticias\/wp-json\/wp\/v2\/posts"}],"about":[{"href":"https:\/\/www.ull.es\/portal\/noticias\/wp-json\/wp\/v2\/types\/post"}],"author":[{"embeddable":true,"href":"https:\/\/www.ull.es\/portal\/noticias\/wp-json\/wp\/v2\/users\/23"}],"replies":[{"embeddable":true,"href":"https:\/\/www.ull.es\/portal\/noticias\/wp-json\/wp\/v2\/comments?post=35408"}],"version-history":[{"count":1,"href":"https:\/\/www.ull.es\/portal\/noticias\/wp-json\/wp\/v2\/posts\/35408\/revisions"}],"predecessor-version":[{"id":35413,"href":"https:\/\/www.ull.es\/portal\/noticias\/wp-json\/wp\/v2\/posts\/35408\/revisions\/35413"}],"wp:featuredmedia":[{"embeddable":true,"href":"https:\/\/www.ull.es\/portal\/noticias\/wp-json\/wp\/v2\/media\/35414"}],"wp:attachment":[{"href":"https:\/\/www.ull.es\/portal\/noticias\/wp-json\/wp\/v2\/media?parent=35408"}],"wp:term":[{"taxonomy":"category","embeddable":true,"href":"https:\/\/www.ull.es\/portal\/noticias\/wp-json\/wp\/v2\/categories?post=35408"},{"taxonomy":"post_tag","embeddable":true,"href":"https:\/\/www.ull.es\/portal\/noticias\/wp-json\/wp\/v2\/tags?post=35408"}],"curies":[{"name":"wp","href":"https:\/\/api.w.org\/{rel}","templated":true}]}}