{"id":35780,"date":"2018-03-09T11:44:46","date_gmt":"2018-03-09T11:44:46","guid":{"rendered":"https:\/\/www.ull.es\/portal\/noticias\/?p=35780"},"modified":"2018-03-09T11:44:46","modified_gmt":"2018-03-09T11:44:46","slug":"la-universidad-la-laguna-celebra-dia-institucional-lunes-paraninfo","status":"publish","type":"post","link":"https:\/\/www.ull.es\/portal\/noticias\/2018\/la-universidad-la-laguna-celebra-dia-institucional-lunes-paraninfo\/","title":{"rendered":"La Universidad de La Laguna celebra su D\u00eda Institucional el lunes en el Paraninfo"},"content":{"rendered":"<p>La Universidad de La Laguna celebra cada 11 de marzo su D\u00eda Institucional, coincidiendo con la fecha de su fundaci\u00f3n. Este a\u00f1o al caer en festivo, la efem\u00e9ride se traslada al lunes 12 de marzo. As\u00ed, el Paraninfo de la instituci\u00f3n acad\u00e9mica acoger\u00e1 la sesi\u00f3n acad\u00e9mica en la que se homenajea al personal jubilado recientemente, tanto de administraci\u00f3n y servicios como docente, al tiempo que hace entrega de sus galardones institucionales, dedicados a la innovaci\u00f3n docente, la investigaci\u00f3n, la internacionalizaci\u00f3n, el mecenazgo y las mejores pr\u00e1cticas en administraci\u00f3n y servicios.<\/p>\n<p>Esta iniciativa est\u00e1 co-organizada junto a Alumni ULL, la asociaci\u00f3n que agrupa a los antiguos alumnos y amigos de la Universidad de La Laguna. Esta entidad tambi\u00e9n entrega en la misma ceremonia sus propios premios, dedicados al mejor expediente acad\u00e9mico, otro premio que promueve los valores humanos entre el alumnado y uno tercero destinado a alguna personalidad que haya realizado una contribuci\u00f3n relevante en la instituci\u00f3n.<\/p>\n<p>La sesi\u00f3n comenzar\u00e1 a las 19 horas, y en ella habr\u00e1 tambi\u00e9n espacio para conocer los hitos m\u00e1s relevantes de 2017, a trav\u00e9s de un video institucional al comienzo del acto. Adem\u00e1s se contar\u00e1 con la participaci\u00f3n de la investigadora Teresa Gir\u00e1ldez, del programa Ram\u00f3n y Cajal, quien disertar\u00e1 sobre \u201cInvestigaci\u00f3n, docencia, un espacio com\u00fan: la Universidad\u201d.<\/p>\n<p><strong>Programa<\/strong><\/p>\n<p>1.- Apertura del Acto por parte del Sr. Rector.<\/p>\n<p>2.- Conferencia \u201cInvestigaci\u00f3n, docencia, un espacio com\u00fan: la Universidad\u201d de\u00a0Dra. Teresa Gir\u00e1ldez, personal docente e investigador Ram\u00f3n y Cajal.<\/p>\n<p>3.- Homenaje al personal jubilado<\/p>\n<p>4.- Entrega de Premios Institucionales<\/p>\n<p>5.- Entrega de Premios de Alumni ULL<\/p>\n<p>6.- Intervenci\u00f3n Musical. Actuaci\u00f3n del m\u00fasico <a href=\"https:\/\/drive.google.com\/file\/d\/142I3pwtcPgIEJ0HIQJiuPW0NbvhVTFaa\/view?usp=sharing\" target=\"_blank\" rel=\"noopener\">Samuel Delgado<\/a>.<\/p>\n<p>7.- Palabras de la Presidenta de Alumni ULL<\/p>\n<p>8.- Palabras del Rector<\/p>\n<p>9.- Gaudeamus e Himno de Canarias<\/p>\n<p>10.- Cierre de la sesi\u00f3n<\/p>\n","protected":false},"excerpt":{"rendered":"<p>La Universidad de La Laguna celebra cada 11 de marzo su D\u00eda Institucional, coincidiendo con la fecha de su fundaci\u00f3n&#8230;.<\/p>\n","protected":false},"author":23,"featured_media":35782,"comment_status":"closed","ping_status":"closed","sticky":false,"template":"","format":"standard","meta":{"inline_featured_image":false,"footnotes":""},"categories":[345,348,2765],"tags":[1031,2047],"acf":[],"yoast_head":"<!-- This site is optimized with the Yoast SEO plugin v21.3 - https:\/\/yoast.com\/wordpress\/plugins\/seo\/ -->\n<title>La Universidad de La Laguna celebra su D\u00eda Institucional el lunes en el Paraninfo - ULL - Noticias<\/title>\n<meta name=\"robots\" content=\"index, follow, max-snippet:-1, max-image-preview:large, max-video-preview:-1\" \/>\n<link rel=\"canonical\" href=\"https:\/\/www.ull.es\/portal\/noticias\/2018\/la-universidad-la-laguna-celebra-dia-institucional-lunes-paraninfo\/\" \/>\n<meta property=\"og:locale\" content=\"es_ES\" \/>\n<meta property=\"og:type\" content=\"article\" \/>\n<meta property=\"og:title\" content=\"La Universidad de La Laguna celebra su D\u00eda Institucional el lunes en el Paraninfo - ULL - Noticias\" \/>\n<meta property=\"og:description\" content=\"La Universidad de La Laguna celebra cada 11 de marzo su D\u00eda Institucional, coincidiendo con la fecha de su fundaci\u00f3n....\" \/>\n<meta property=\"og:url\" content=\"https:\/\/www.ull.es\/portal\/noticias\/2018\/la-universidad-la-laguna-celebra-dia-institucional-lunes-paraninfo\/\" \/>\n<meta property=\"og:site_name\" content=\"ULL - Noticias\" \/>\n<meta property=\"article:publisher\" content=\"https:\/\/www.facebook.com\/universidaddelalaguna\/\" \/>\n<meta property=\"article:published_time\" content=\"2018-03-09T11:44:46+00:00\" \/>\n<meta property=\"og:image\" content=\"https:\/\/www.ull.es\/portal\/noticias\/wp-content\/uploads\/sites\/13\/2018\/03\/ACTOACADEMICO.jpg\" \/>\n\t<meta property=\"og:image:width\" content=\"700\" \/>\n\t<meta property=\"og:image:height\" content=\"350\" \/>\n\t<meta property=\"og:image:type\" content=\"image\/jpeg\" \/>\n<meta name=\"author\" content=\"gaprsa\" \/>\n<meta name=\"twitter:card\" content=\"summary_large_image\" \/>\n<meta name=\"twitter:creator\" content=\"@CanalULL\" \/>\n<meta name=\"twitter:site\" content=\"@CanalULL\" \/>\n<meta name=\"twitter:label1\" content=\"Escrito por\" \/>\n\t<meta name=\"twitter:data1\" content=\"gaprsa\" \/>\n\t<meta name=\"twitter:label2\" content=\"Tiempo de lectura\" \/>\n\t<meta name=\"twitter:data2\" content=\"2 minutos\" \/>\n<script type=\"application\/ld+json\" class=\"yoast-schema-graph\">{\"@context\":\"https:\/\/schema.org\",\"@graph\":[{\"@type\":\"WebPage\",\"@id\":\"https:\/\/www.ull.es\/portal\/noticias\/2018\/la-universidad-la-laguna-celebra-dia-institucional-lunes-paraninfo\/\",\"url\":\"https:\/\/www.ull.es\/portal\/noticias\/2018\/la-universidad-la-laguna-celebra-dia-institucional-lunes-paraninfo\/\",\"name\":\"La Universidad de La Laguna celebra su D\u00eda Institucional el lunes en el Paraninfo - ULL - Noticias\",\"isPartOf\":{\"@id\":\"https:\/\/www.ull.es\/portal\/noticias\/#website\"},\"datePublished\":\"2018-03-09T11:44:46+00:00\",\"dateModified\":\"2018-03-09T11:44:46+00:00\",\"author\":{\"@id\":\"https:\/\/www.ull.es\/portal\/noticias\/#\/schema\/person\/b2b1a89d43ffa609e591f7df8ef3e817\"},\"breadcrumb\":{\"@id\":\"https:\/\/www.ull.es\/portal\/noticias\/2018\/la-universidad-la-laguna-celebra-dia-institucional-lunes-paraninfo\/#breadcrumb\"},\"inLanguage\":\"es\",\"potentialAction\":[{\"@type\":\"ReadAction\",\"target\":[\"https:\/\/www.ull.es\/portal\/noticias\/2018\/la-universidad-la-laguna-celebra-dia-institucional-lunes-paraninfo\/\"]}]},{\"@type\":\"BreadcrumbList\",\"@id\":\"https:\/\/www.ull.es\/portal\/noticias\/2018\/la-universidad-la-laguna-celebra-dia-institucional-lunes-paraninfo\/#breadcrumb\",\"itemListElement\":[{\"@type\":\"ListItem\",\"position\":1,\"name\":\"Portada\",\"item\":\"https:\/\/www.ull.es\/portal\/noticias\/\"},{\"@type\":\"ListItem\",\"position\":2,\"name\":\"La Universidad de La Laguna celebra su D\u00eda Institucional el lunes en el Paraninfo\"}]},{\"@type\":\"WebSite\",\"@id\":\"https:\/\/www.ull.es\/portal\/noticias\/#website\",\"url\":\"https:\/\/www.ull.es\/portal\/noticias\/\",\"name\":\"ULL - Noticias\",\"description\":\"\",\"potentialAction\":[{\"@type\":\"SearchAction\",\"target\":{\"@type\":\"EntryPoint\",\"urlTemplate\":\"https:\/\/www.ull.es\/portal\/noticias\/?s={search_term_string}\"},\"query-input\":\"required name=search_term_string\"}],\"inLanguage\":\"es\"},{\"@type\":\"Person\",\"@id\":\"https:\/\/www.ull.es\/portal\/noticias\/#\/schema\/person\/b2b1a89d43ffa609e591f7df8ef3e817\",\"name\":\"gaprsa\",\"image\":{\"@type\":\"ImageObject\",\"inLanguage\":\"es\",\"@id\":\"https:\/\/www.ull.es\/portal\/noticias\/#\/schema\/person\/image\/\",\"url\":\"https:\/\/secure.gravatar.com\/avatar\/443820550921091458b4823867723b3d?s=96&d=mm&r=g\",\"contentUrl\":\"https:\/\/secure.gravatar.com\/avatar\/443820550921091458b4823867723b3d?s=96&d=mm&r=g\",\"caption\":\"gaprsa\"},\"url\":\"https:\/\/www.ull.es\/portal\/noticias\/author\/gaprsa\/\"}]}<\/script>\n<!-- \/ Yoast SEO plugin. -->","yoast_head_json":{"title":"La Universidad de La Laguna celebra su D\u00eda Institucional el lunes en el Paraninfo - ULL - Noticias","robots":{"index":"index","follow":"follow","max-snippet":"max-snippet:-1","max-image-preview":"max-image-preview:large","max-video-preview":"max-video-preview:-1"},"canonical":"https:\/\/www.ull.es\/portal\/noticias\/2018\/la-universidad-la-laguna-celebra-dia-institucional-lunes-paraninfo\/","og_locale":"es_ES","og_type":"article","og_title":"La Universidad de La Laguna celebra su D\u00eda Institucional el lunes en el Paraninfo - ULL - Noticias","og_description":"La Universidad de La Laguna celebra cada 11 de marzo su D\u00eda Institucional, coincidiendo con la fecha de su fundaci\u00f3n....","og_url":"https:\/\/www.ull.es\/portal\/noticias\/2018\/la-universidad-la-laguna-celebra-dia-institucional-lunes-paraninfo\/","og_site_name":"ULL - Noticias","article_publisher":"https:\/\/www.facebook.com\/universidaddelalaguna\/","article_published_time":"2018-03-09T11:44:46+00:00","og_image":[{"width":700,"height":350,"url":"https:\/\/www.ull.es\/portal\/noticias\/wp-content\/uploads\/sites\/13\/2018\/03\/ACTOACADEMICO.jpg","type":"image\/jpeg"}],"author":"gaprsa","twitter_card":"summary_large_image","twitter_creator":"@CanalULL","twitter_site":"@CanalULL","twitter_misc":{"Escrito por":"gaprsa","Tiempo de lectura":"2 minutos"},"schema":{"@context":"https:\/\/schema.org","@graph":[{"@type":"WebPage","@id":"https:\/\/www.ull.es\/portal\/noticias\/2018\/la-universidad-la-laguna-celebra-dia-institucional-lunes-paraninfo\/","url":"https:\/\/www.ull.es\/portal\/noticias\/2018\/la-universidad-la-laguna-celebra-dia-institucional-lunes-paraninfo\/","name":"La Universidad de La Laguna celebra su D\u00eda Institucional el lunes en el Paraninfo - ULL - Noticias","isPartOf":{"@id":"https:\/\/www.ull.es\/portal\/noticias\/#website"},"datePublished":"2018-03-09T11:44:46+00:00","dateModified":"2018-03-09T11:44:46+00:00","author":{"@id":"https:\/\/www.ull.es\/portal\/noticias\/#\/schema\/person\/b2b1a89d43ffa609e591f7df8ef3e817"},"breadcrumb":{"@id":"https:\/\/www.ull.es\/portal\/noticias\/2018\/la-universidad-la-laguna-celebra-dia-institucional-lunes-paraninfo\/#breadcrumb"},"inLanguage":"es","potentialAction":[{"@type":"ReadAction","target":["https:\/\/www.ull.es\/portal\/noticias\/2018\/la-universidad-la-laguna-celebra-dia-institucional-lunes-paraninfo\/"]}]},{"@type":"BreadcrumbList","@id":"https:\/\/www.ull.es\/portal\/noticias\/2018\/la-universidad-la-laguna-celebra-dia-institucional-lunes-paraninfo\/#breadcrumb","itemListElement":[{"@type":"ListItem","position":1,"name":"Portada","item":"https:\/\/www.ull.es\/portal\/noticias\/"},{"@type":"ListItem","position":2,"name":"La Universidad de La Laguna celebra su D\u00eda Institucional el lunes en el Paraninfo"}]},{"@type":"WebSite","@id":"https:\/\/www.ull.es\/portal\/noticias\/#website","url":"https:\/\/www.ull.es\/portal\/noticias\/","name":"ULL - Noticias","description":"","potentialAction":[{"@type":"SearchAction","target":{"@type":"EntryPoint","urlTemplate":"https:\/\/www.ull.es\/portal\/noticias\/?s={search_term_string}"},"query-input":"required name=search_term_string"}],"inLanguage":"es"},{"@type":"Person","@id":"https:\/\/www.ull.es\/portal\/noticias\/#\/schema\/person\/b2b1a89d43ffa609e591f7df8ef3e817","name":"gaprsa","image":{"@type":"ImageObject","inLanguage":"es","@id":"https:\/\/www.ull.es\/portal\/noticias\/#\/schema\/person\/image\/","url":"https:\/\/secure.gravatar.com\/avatar\/443820550921091458b4823867723b3d?s=96&d=mm&r=g","contentUrl":"https:\/\/secure.gravatar.com\/avatar\/443820550921091458b4823867723b3d?s=96&d=mm&r=g","caption":"gaprsa"},"url":"https:\/\/www.ull.es\/portal\/noticias\/author\/gaprsa\/"}]}},"primary_category":{"id":348,"name":"Instituci\u00f3n","slug":"institucion","link":"https:\/\/www.ull.es\/portal\/noticias\/category\/institucion\/"},"featured_image_thumbnail_url":"https:\/\/www.ull.es\/portal\/noticias\/wp-content\/uploads\/sites\/13\/2018\/03\/ACTOACADEMICO-300x150.jpg","_links":{"self":[{"href":"https:\/\/www.ull.es\/portal\/noticias\/wp-json\/wp\/v2\/posts\/35780"}],"collection":[{"href":"https:\/\/www.ull.es\/portal\/noticias\/wp-json\/wp\/v2\/posts"}],"about":[{"href":"https:\/\/www.ull.es\/portal\/noticias\/wp-json\/wp\/v2\/types\/post"}],"author":[{"embeddable":true,"href":"https:\/\/www.ull.es\/portal\/noticias\/wp-json\/wp\/v2\/users\/23"}],"replies":[{"embeddable":true,"href":"https:\/\/www.ull.es\/portal\/noticias\/wp-json\/wp\/v2\/comments?post=35780"}],"version-history":[{"count":1,"href":"https:\/\/www.ull.es\/portal\/noticias\/wp-json\/wp\/v2\/posts\/35780\/revisions"}],"predecessor-version":[{"id":35781,"href":"https:\/\/www.ull.es\/portal\/noticias\/wp-json\/wp\/v2\/posts\/35780\/revisions\/35781"}],"wp:featuredmedia":[{"embeddable":true,"href":"https:\/\/www.ull.es\/portal\/noticias\/wp-json\/wp\/v2\/media\/35782"}],"wp:attachment":[{"href":"https:\/\/www.ull.es\/portal\/noticias\/wp-json\/wp\/v2\/media?parent=35780"}],"wp:term":[{"taxonomy":"category","embeddable":true,"href":"https:\/\/www.ull.es\/portal\/noticias\/wp-json\/wp\/v2\/categories?post=35780"},{"taxonomy":"post_tag","embeddable":true,"href":"https:\/\/www.ull.es\/portal\/noticias\/wp-json\/wp\/v2\/tags?post=35780"}],"curies":[{"name":"wp","href":"https:\/\/api.w.org\/{rel}","templated":true}]}}