{"id":35839,"date":"2018-03-12T21:54:35","date_gmt":"2018-03-12T21:54:35","guid":{"rendered":"https:\/\/www.ull.es\/portal\/noticias\/?p=35839"},"modified":"2018-03-13T14:51:58","modified_gmt":"2018-03-13T14:51:58","slug":"dia-institucional-2018-acto","status":"publish","type":"post","link":"https:\/\/www.ull.es\/portal\/noticias\/2018\/dia-institucional-2018-acto\/","title":{"rendered":"Martin\u00f3n: \u201cNo queremos una universidad petrificada, sino cambiante, internacionalizada, innovadora\u201d\u00a0"},"content":{"rendered":"<p><iframe loading=\"lazy\" width=\"750\" height=\"422\" src=\"https:\/\/www.youtube.com\/embed\/FT7OEMYZjUo?feature=oembed\" frameborder=\"0\" allow=\"autoplay; encrypted-media\" allowfullscreen><\/iframe><\/p>\n<p>La Universidad de La Laguna ha vuelto a celebrar la tarde de hoy, lunes 12 de marzo, su D\u00eda Institucional con un acto en el Paraninfo durante el cual, adem\u00e1s de conmemorar el 226 aniversario de su fundaci\u00f3n, ha visibilizado la excelencia de las personas que conforman su comunidad mediante la entrega de varios galardones.<\/p>\n<p style=\"text-align: center\"><a href=\"https:\/\/drive.google.com\/drive\/folders\/1PjeuL2j1UneQyBLoW_hDStiLr3oe6Jno?usp=sharing\" target=\"_blank\" rel=\"noopener\"><strong>Galer\u00eda fotogr\u00e1fica<\/strong><\/a><\/p>\n<p>El acto, realizado en colaboraci\u00f3n con Alumni, estuvo presidido por el rector, Antonio Martin\u00f3n, quien cerr\u00f3 la ceremonia con un discurso en el cual hizo hincapi\u00e9 en la importancia de reconocer a las personas que se jubilan por su trabajo continuado que ha permitido cumplir con la funci\u00f3n social de este centro acad\u00e9mico.<\/p>\n<p>Tambi\u00e9n se refiri\u00f3 a la evidente complejidad de una instituci\u00f3n como la universidad, donde sigue siendo necesaria la innovaci\u00f3n en los \u00e1mbitos de la docencia y de la investigaci\u00f3n. \u201cNo queremos una universidad petrificada, sino cambiante, internacionalizada, innovadora\u201d.<\/p>\n<p>El rector tuvo palabras para la Fundaci\u00f3n CajaCanarias, \u00abcolaboradora habitual y fiel de esta instituci\u00f3n\u00bb, apunt\u00f3. Y tambi\u00e9n dijo que \u201cno se puede seguir abusando de las ganas de los j\u00f3venes investigadores, explot\u00e1ndolos. Esta es una deuda que este pa\u00eds tiene con las generaciones m\u00e1s j\u00f3venes\u201d.<\/p>\n<p>Martin\u00f3n a\u00f1adi\u00f3 que la celebraci\u00f3n del 225 aniversario ha sido una oportunidad para acercarse m\u00e1s a la sociedad, labor en la que Alumni y el Consejo Social juegan un papel importante. Matiz\u00f3 que la universidad es, ante todo, una entidad regional, de las siete islas, dedicada a formar, investigar y transferir el conocimiento. \u00abY para eso necesitamos a la sociedad, no me cansar\u00e9 de decirlo\u201d.<\/p>\n<p><b>Brecha cognitiva<\/b><\/p>\n<p>Otra intervenci\u00f3n destacada de la velada fue la de Teresa Gir\u00e1ldez, investigadora Ram\u00f3n y Cajal de la Universidad de La Laguna, que imparti\u00f3 la conferencia titulada \u201cInvestigaci\u00f3n, docencia, un espacio com\u00fan: La Universidad\u201d. En ella, comenzaba su intervenci\u00f3n alertando de los peligros de la sociedad del conocimiento, que si bien a principios de su desarrollo resultaban una promesa de desarrollo y progreso para la sociedad, ha acabado derivando en numerosos peligros que la propia UNESCO ha se\u00f1alado en 2005, como la creaci\u00f3n de no solo una brecha digital sino una \u201cbrecha cognitiva\u201d.<\/p>\n<p>La aceleraci\u00f3n que impone esta nueva \u00e9poca supone un problema para la humanidad, dado que la velocidad de los fen\u00f3menos hace pr\u00e1cticamente imposible que la sociedad se adapte a ellos. Todo ello ha desembocado en la actual era de la post-verdad, cuando la credibilidad de los medios y de la ciencia est\u00e1n en entredicho y se facilita la transmisi\u00f3n v\u00eda redes sociales de informaciones sesgadas o, directamente, falsas.<\/p>\n<p>Otra consecuencia de este vertiginoso desarrollo se\u00f1alado por la investigadora es el as\u00ed llamado \u201cpost-humanismo\u201d, una era ya presente en la que los avances de la tecnolog\u00eda pueden suponer la propia redefinici\u00f3n de lo que se considera humano, y plantea nuevos y graves dilemas \u00e9ticos.<\/p>\n<p>Por todo ello, \u201cahora, m\u00e1s que nunca, la sociedad necesita emplear herramientas intelectuales que se convierten en esenciales: el pensamiento cr\u00edtico, la investigaci\u00f3n continuada, y la revisi\u00f3n de las creencias en base a la evidencia. Y es ah\u00ed precisamente donde la universidad debe asumir su papel: debe formar, pero tambi\u00e9n informar a la sociedad\u201d, asegur\u00f3 Gir\u00e1ldez.<\/p>\n<p>Podr\u00eda parecer que para cumplir estos fines, el personal docente e investigador de la universidad deber\u00eda convertirse en casi un \u201cser prol\u00edfico, casi sobrenatural\u201d, pero Gir\u00e1ldez se\u00f1al\u00f3 que la clave est\u00e1 en el trabajo coordinado, en comunidad, apostando por el trabajo multidisciplinar y sacando todo el partido posible de \u00e9l.<\/p>\n<p>Otro valor que a juicio de la ponente deber\u00eda impulsar la universidad es el de la diversidad en \u201csu aceptaci\u00f3n m\u00e1s amplia\u201d, y poner especial \u00e9nfasis en la introducci\u00f3n de la perspectiva de g\u00e9nero en \u201cno s\u00f3lo todas las ramas del conocimiento, sino en toda la estructura universitaria\u201d.<\/p>\n<p>Para Gir\u00e1ldez, esta visi\u00f3n que propone de la universidad no es en absoluto ut\u00f3pica, sino que, de hecho, se trata de una instituci\u00f3n que ya posee todos los elementos necesarios para hacer posible todos esos prop\u00f3sitos. Sin embargo, es necesario el compromiso de las instituciones, para que apoyen a los cient\u00edficos, los cuales, en la actualidad, son unos \u201caut\u00e9nticos m\u00e1rtires\u201d ante la falta de apoyo. Por ello, reclam\u00f3 a los gobiernos de las comunidades aut\u00f3nomas que apuesten por la ciencia a la investigaci\u00f3n.<\/p>\n<p><b>Reconocimiento al personal jubilado<\/b><\/p>\n<p>El acto comenz\u00f3 con la proyecci\u00f3n de un video que repas\u00f3 algunos de los hitos de 2017 en la instituci\u00f3n acad\u00e9mica, un a\u00f1o especial por la celebraci\u00f3n tanto de los 225 a\u00f1os del centro como de la primera edici\u00f3n del Campus Am\u00e9rica.<\/p>\n<p>Seguidamente, se procedi\u00f3 a hacer un reconocimiento al personal de la instituci\u00f3n jubilado el a\u00f1o pasado, que fue subiendo al escenario a recoger su placa a medida que la secretaria general de la ULL, Dulce Cair\u00f3s, iba llam\u00e1ndolo al escenario.<\/p>\n<p>El hasta no hace mucho profesor titular del Departamento de Filolog\u00eda Espa\u00f1ola Rafael Hern\u00e1ndez Fern\u00e1ndez habl\u00f3 en nombre del personal docente e investigador jubilado. En su breve discurso, trat\u00f3 de posicionar la participaci\u00f3n del profesorado en las \u00faltimas d\u00e9cadas del siglo XX y primeras del XXI en la Universidad de La Laguna, calificada como la madre o matriz de que no pretenden desvincularse.<\/p>\n<p>Por su parte, la ex-administradora de la Facultad de Ciencias de la Salud Mar\u00eda Dolores Mej\u00edas P\u00e9rez habl\u00f3 en representaci\u00f3n del personal de administraci\u00f3n y servicios jubilado, quien se\u00f1al\u00f3 tener sentimientos encontrados, dado que tras cuarenta a\u00f1os de servicio p\u00fablico la entrada en una nueva fase vital resulta complicada. \u201cNo podr\u00e9 dejar de venir a esta universidad, por la que pienso seguir trabajando de forma altruista\u201d.<\/p>\n<p><b>Premios Institucionales<\/b><\/p>\n<p>Ya se ha convertido en una costumbre asentada que esta gala del D\u00eda Institucional sirva como marco para acoger la entrega de los Premios Institucionales con los cuales la Universidad de La Laguna premia la excelencia de su personal en actividades como la investigaci\u00f3n, la innovaci\u00f3n docente, las buenas pr\u00e1cticas de administraci\u00f3n y servicios y la internacionalizaci\u00f3n. Se trata de unos galardones con car\u00e1cter honor\u00edfico, que en ning\u00fan caso comportan prestaci\u00f3n econ\u00f3mica alguna.<\/p>\n<p>El primero de los galardones entregados fue el VII Premio a las Mejores Pr\u00e1cticas en Administraci\u00f3n y Servicios, que recay\u00f3 en la candidatura \u201cImplantaci\u00f3n de la totalidad de los procedimientos del Vicerrectorado de Internacionalizaci\u00f3n del \u00e1mbito extracomunitario en sede electr\u00f3nica\u201d. El jurado valor\u00f3 su dise\u00f1o y grado de aplicabilidad pr\u00e1ctica, participaci\u00f3n e implicaci\u00f3n, eficacia en la gesti\u00f3n de los recursos y grado de transferencia pr\u00e1ctica. Recogi\u00f3 el premio Candelaria D\u00edaz Ramos, jefa de Negociado de Programas Extracomunitarios. \u201cAnimo a todos mis compa\u00f1eros del PAS a sentirse parte de esta instituci\u00f3n\u201d, al tiempo que comparti\u00f3 su premio con los compa\u00f1eros del citado vicerrectorado.<\/p>\n<p>Adem\u00e1s, el proyecto \u201cGesti\u00f3n y funcionamiento del Servicio de Electr\u00f3nica, perteneciente al Servicio General de Apoyo a la Investigaci\u00f3n\u201d obtuvo un acc\u00e9sit en el mismo galard\u00f3n. Recogi\u00f3 la distinci\u00f3n el director del servicio, Francisco Javier Barreto Mart\u00edn.<\/p>\n<p>El VII Premio a la Innovaci\u00f3n Educativa recay\u00f3 en el proyecto \u201cDesarrollo de recursos did\u00e1cticos comunes a las \u00e1reas del Departamento de Did\u00e1cticas Espec\u00edficas: La exposici\u00f3n Ciencia, M\u00fasica e Historia\u201d, cuyo director, el profesor del Departamento de Did\u00e1cticas Espec\u00edficas Antonio Manuel Eff-Darwich Pe\u00f1a, subi\u00f3 al escenario a recoger el galard\u00f3n. El jurado valor\u00f3 su interdisciplinariedad y nivel de transferencia a la sociedad, pues abarcaba diversos talleres y actividades dirigidas a alumnado de diferentes niveles. El profesor se\u00f1al\u00f3 que la ciencia es parte de la cultura de un pueblo, y agradeci\u00f3 a la Facultad de Educaci\u00f3n y a sus departamentos la implicaci\u00f3n en el proyecto, en el que tambi\u00e9n han colaborado la Unidad de Cultura Cient\u00edfica de la ULL y el IAC.<\/p>\n<p>Adicionalmente, fueron concedidos dos acc\u00e9sits: al proyecto <i>\u201c<\/i>Arte y g\u00e9nero. La puesta en escena de las mujeres artistas\u201d, coordinado por la profesora del Departamento de Bellas Artes Rosa Mar\u00eda Cubillo L\u00f3pez, y \u201cPromoviendo la Igualdad\u201d, auspiciado por la docente del Departamento de Disciplinas Jur\u00eddicas B\u00e1sicas y directora de la Unidad de Igualdad de G\u00e9nero de la ULL Mar\u00eda Ar\u00e1nzazu Calzadilla Medina, quienes tambi\u00e9n accedieron al escenario.<\/p>\n<p>El tercer galard\u00f3n institucional entregado durante la velada fue el VII Premio a la Investigaci\u00f3n, que horna la carrera cient\u00edfica de una persona vinculada la instituci\u00f3n. En este caso, su acreedora fue la profesora del Departamento de Qu\u00edmica Elena Pastor Tejera, por su alta producci\u00f3n cient\u00edfica, cuantificada a trav\u00e9s de diferentes \u00edndices de calidad y excelencia y de un creciente n\u00famero de citas en el periodo considerado, as\u00ed como su capacidad de captaci\u00f3n de fondos de investigaci\u00f3n con un considerable n\u00famero de proyectos competitivos y la concesi\u00f3n de patentes. La premiada agradeci\u00f3 el premio a las entidades y empresas que han apoyado sus proyectos y su grupo de investigaci\u00f3n. Tambi\u00e9n tuvo recuerdos para los investigadores de diversos centros hispanoamericanos con los que colabora habitualmente.<\/p>\n<p>El VII Premio al Mecenazgo, que distingue a entidades o personas con una larga trayectoria de apoyo a la Universidad de la Laguna, fue concedido a la Fundaci\u00f3n CajaCanarias por su desinteresado apoyo econ\u00f3mico a la investigaci\u00f3n y otras actividades. Recogi\u00f3 el premio su presidente, Alberto Delgado Prieto. \u201cLa trayectoria de CajaCanarias ha estado caracterizada por su apoyo institucional a la ULL, convencida de que los estudios universitarios son claves en el desarrollo social\u201d. Apunt\u00f3 que desde que se han convertido en Fundaci\u00f3n, su compromiso con la ULL se ha incrementado, aumentando sus l\u00edneas de ayuda al apoyo a la investigaci\u00f3n, la proyecci\u00f3n social y al alumnado.<\/p>\n<p>El \u00faltimo de los galardones institucionales fue el III Premio a la Internacionalizaci\u00f3n, concedido a la Asociaci\u00f3n AEGEE-Tenerife (<i>Association des \u00c9tats G\u00e9n\u00e9raux des \u00c9tudiants de l\u2019Europe<\/i>) por promover activamente la integraci\u00f3n de los estudiantes internacionales de la Universidad de La Laguna, especialmente la de los alumnos del Programa Erasmus. Lo recogi\u00f3 su presidenta, Priscila L\u00f3pez Rojas. La estudiante se\u00f1al\u00f3 que con la creaci\u00f3n del Vicerrectorado de Internacionalizaci\u00f3n se ha mejorado su presencia entre el alumnado al tiempo que se ha fomentado la movilidad.<\/p>\n<p><b>Premios Alumni ULL<\/b><\/p>\n<p>La parte final del acto se retom\u00f3 tras la actuaci\u00f3n musical del guitarrista Samuel Delgado, que interpret\u00f3 sendas piezas de Astor Piazzolla y Francisco T\u00e1rrega. Tras este interludio, la Asociaci\u00f3n Alumni ULL hizo entrega de sus galardones.<\/p>\n<p>El XVII Premio Valores Humanos en el Alumnado de la Universidad de La Laguna Jos\u00e9 Luis Garc\u00eda P\u00e9rez fue concedido ex-aqueo, a Carolina Mercedes Wagner Abuchaibe, estudiante del M\u00e1ster de Seguridad y Calidad de los Alimentos, por su colaboraci\u00f3n altruista con la Asociaci\u00f3n de C\u00e1ncer de Mama de Tenerife (AMATE), y a Jos\u00e9 Faustino Afonso Dom\u00ednguez, estudiante de Medicina, deportista de nataci\u00f3n de alto rendimiento, y fundador de Atletas sin Fronteras, asociaci\u00f3n sin \u00e1nimo lucro para la inclusi\u00f3n de personas con discapacidad a trav\u00e9s del deporte, mediante acciones de promoci\u00f3n del deporte adaptado. Los dos agradecieron a la universidad su papel social y su apuesta por la formaci\u00f3n en valores.<\/p>\n<p>El VIII Premio al Mejor Expediente Acad\u00e9mico de la Universidad de La Laguna correspondiente al curso 2015-16 fue concedido a Elena Pacheco Padr\u00f3n, del Grado en Estudios Ingleses, quien record\u00f3 a sus padres y a la profesora Isabel Gonz\u00e1lez Luis su constante apoyo durante el grado, mientras que el IX Premio Alonso de Nava Grim\u00f3n, que distingue a una persona que haya estado o est\u00e9 relacionada directamente con la ULL y destaque por su trabajo para la comunidad, fue para el escritor y periodista Juan Cruz Ruiz. \u201cEste es el sitio en el que me hice un ser humano mejor, m\u00e1s dubitativo, m\u00e1s respetuoso\u201d.<\/p>\n<p>Cerr\u00f3 esta parte del acto la reci\u00e9n reelegida presidenta de Alumni ULL, Carmen Pitti, quien agradeci\u00f3 ser reelegida recientemente presidenta de la asociaci\u00f3n.<\/p>\n<p>&nbsp;<\/p>\n","protected":false},"excerpt":{"rendered":"<p>La Universidad de La Laguna ha vuelto a celebrar la tarde de hoy, lunes 12 de marzo, su D\u00eda Institucional&#8230;<\/p>\n","protected":false},"author":21,"featured_media":35842,"comment_status":"closed","ping_status":"closed","sticky":false,"template":"","format":"image","meta":{"inline_featured_image":false,"footnotes":""},"categories":[345,348,2752,2753,2755,2754,2765,352],"tags":[465,517,726,1031,2474],"acf":[],"yoast_head":"<!-- This site is optimized with the Yoast SEO plugin v21.3 - https:\/\/yoast.com\/wordpress\/plugins\/seo\/ -->\n<title>Martin\u00f3n aboga por una ULL &quot;cambiante, internacionalizada e innovadora&quot;<\/title>\n<meta name=\"description\" content=\"La Universidad de La Laguna ha vuelto a celebrar la tarde de hoy, lunes 12 de marzo, su D\u00eda Institucional con un acto en el Paraninfo.\" \/>\n<meta name=\"robots\" content=\"index, follow, max-snippet:-1, max-image-preview:large, max-video-preview:-1\" \/>\n<link rel=\"canonical\" href=\"https:\/\/www.ull.es\/portal\/noticias\/2018\/dia-institucional-2018-acto\/\" \/>\n<meta property=\"og:locale\" content=\"es_ES\" \/>\n<meta property=\"og:type\" content=\"article\" \/>\n<meta property=\"og:title\" content=\"Martin\u00f3n aboga por una ULL &quot;cambiante, internacionalizada e innovadora&quot;\" \/>\n<meta property=\"og:description\" content=\"La Universidad de La Laguna ha vuelto a celebrar la tarde de hoy, lunes 12 de marzo, su D\u00eda Institucional con un acto en el Paraninfo.\" \/>\n<meta property=\"og:url\" content=\"https:\/\/www.ull.es\/portal\/noticias\/2018\/dia-institucional-2018-acto\/\" \/>\n<meta property=\"og:site_name\" content=\"ULL - Noticias\" \/>\n<meta property=\"article:publisher\" content=\"https:\/\/www.facebook.com\/universidaddelalaguna\/\" \/>\n<meta property=\"article:published_time\" content=\"2018-03-12T21:54:35+00:00\" \/>\n<meta property=\"article:modified_time\" content=\"2018-03-13T14:51:58+00:00\" \/>\n<meta property=\"og:image\" content=\"https:\/\/www.ull.es\/portal\/noticias\/wp-content\/uploads\/sites\/13\/2018\/03\/226-aniv-ULL-18-21.jpg\" \/>\n\t<meta property=\"og:image:width\" content=\"1024\" \/>\n\t<meta property=\"og:image:height\" content=\"683\" \/>\n\t<meta property=\"og:image:type\" content=\"image\/jpeg\" \/>\n<meta name=\"author\" content=\"prensa2\" \/>\n<meta name=\"twitter:card\" content=\"summary_large_image\" \/>\n<meta name=\"twitter:creator\" content=\"@CanalULL\" \/>\n<meta name=\"twitter:site\" content=\"@CanalULL\" \/>\n<meta name=\"twitter:label1\" content=\"Escrito por\" \/>\n\t<meta name=\"twitter:data1\" content=\"prensa2\" \/>\n\t<meta name=\"twitter:label2\" content=\"Tiempo de lectura\" \/>\n\t<meta name=\"twitter:data2\" content=\"11 minutos\" \/>\n<script type=\"application\/ld+json\" class=\"yoast-schema-graph\">{\"@context\":\"https:\/\/schema.org\",\"@graph\":[{\"@type\":\"WebPage\",\"@id\":\"https:\/\/www.ull.es\/portal\/noticias\/2018\/dia-institucional-2018-acto\/\",\"url\":\"https:\/\/www.ull.es\/portal\/noticias\/2018\/dia-institucional-2018-acto\/\",\"name\":\"Martin\u00f3n aboga por una ULL \\\"cambiante, internacionalizada e innovadora\\\"\",\"isPartOf\":{\"@id\":\"https:\/\/www.ull.es\/portal\/noticias\/#website\"},\"datePublished\":\"2018-03-12T21:54:35+00:00\",\"dateModified\":\"2018-03-13T14:51:58+00:00\",\"author\":{\"@id\":\"https:\/\/www.ull.es\/portal\/noticias\/#\/schema\/person\/c3b2aa857797592927a03740d6664376\"},\"description\":\"La Universidad de La Laguna ha vuelto a celebrar la tarde de hoy, lunes 12 de marzo, su D\u00eda Institucional con un acto en el Paraninfo.\",\"breadcrumb\":{\"@id\":\"https:\/\/www.ull.es\/portal\/noticias\/2018\/dia-institucional-2018-acto\/#breadcrumb\"},\"inLanguage\":\"es\",\"potentialAction\":[{\"@type\":\"ReadAction\",\"target\":[\"https:\/\/www.ull.es\/portal\/noticias\/2018\/dia-institucional-2018-acto\/\"]}]},{\"@type\":\"BreadcrumbList\",\"@id\":\"https:\/\/www.ull.es\/portal\/noticias\/2018\/dia-institucional-2018-acto\/#breadcrumb\",\"itemListElement\":[{\"@type\":\"ListItem\",\"position\":1,\"name\":\"Portada\",\"item\":\"https:\/\/www.ull.es\/portal\/noticias\/\"},{\"@type\":\"ListItem\",\"position\":2,\"name\":\"Martin\u00f3n: \u201cNo queremos una universidad petrificada, sino cambiante, internacionalizada, innovadora\u201d\u00a0\"}]},{\"@type\":\"WebSite\",\"@id\":\"https:\/\/www.ull.es\/portal\/noticias\/#website\",\"url\":\"https:\/\/www.ull.es\/portal\/noticias\/\",\"name\":\"ULL - Noticias\",\"description\":\"\",\"potentialAction\":[{\"@type\":\"SearchAction\",\"target\":{\"@type\":\"EntryPoint\",\"urlTemplate\":\"https:\/\/www.ull.es\/portal\/noticias\/?s={search_term_string}\"},\"query-input\":\"required name=search_term_string\"}],\"inLanguage\":\"es\"},{\"@type\":\"Person\",\"@id\":\"https:\/\/www.ull.es\/portal\/noticias\/#\/schema\/person\/c3b2aa857797592927a03740d6664376\",\"name\":\"prensa2\",\"image\":{\"@type\":\"ImageObject\",\"inLanguage\":\"es\",\"@id\":\"https:\/\/www.ull.es\/portal\/noticias\/#\/schema\/person\/image\/\",\"url\":\"https:\/\/secure.gravatar.com\/avatar\/b58f310a5de5feb33d1e026d2493f23c?s=96&d=mm&r=g\",\"contentUrl\":\"https:\/\/secure.gravatar.com\/avatar\/b58f310a5de5feb33d1e026d2493f23c?s=96&d=mm&r=g\",\"caption\":\"prensa2\"},\"url\":\"https:\/\/www.ull.es\/portal\/noticias\/author\/prensa2\/\"}]}<\/script>\n<!-- \/ Yoast SEO plugin. -->","yoast_head_json":{"title":"Martin\u00f3n aboga por una ULL \"cambiante, internacionalizada e innovadora\"","description":"La Universidad de La Laguna ha vuelto a celebrar la tarde de hoy, lunes 12 de marzo, su D\u00eda Institucional con un acto en el Paraninfo.","robots":{"index":"index","follow":"follow","max-snippet":"max-snippet:-1","max-image-preview":"max-image-preview:large","max-video-preview":"max-video-preview:-1"},"canonical":"https:\/\/www.ull.es\/portal\/noticias\/2018\/dia-institucional-2018-acto\/","og_locale":"es_ES","og_type":"article","og_title":"Martin\u00f3n aboga por una ULL \"cambiante, internacionalizada e innovadora\"","og_description":"La Universidad de La Laguna ha vuelto a celebrar la tarde de hoy, lunes 12 de marzo, su D\u00eda Institucional con un acto en el Paraninfo.","og_url":"https:\/\/www.ull.es\/portal\/noticias\/2018\/dia-institucional-2018-acto\/","og_site_name":"ULL - Noticias","article_publisher":"https:\/\/www.facebook.com\/universidaddelalaguna\/","article_published_time":"2018-03-12T21:54:35+00:00","article_modified_time":"2018-03-13T14:51:58+00:00","og_image":[{"width":1024,"height":683,"url":"https:\/\/www.ull.es\/portal\/noticias\/wp-content\/uploads\/sites\/13\/2018\/03\/226-aniv-ULL-18-21.jpg","type":"image\/jpeg"}],"author":"prensa2","twitter_card":"summary_large_image","twitter_creator":"@CanalULL","twitter_site":"@CanalULL","twitter_misc":{"Escrito por":"prensa2","Tiempo de lectura":"11 minutos"},"schema":{"@context":"https:\/\/schema.org","@graph":[{"@type":"WebPage","@id":"https:\/\/www.ull.es\/portal\/noticias\/2018\/dia-institucional-2018-acto\/","url":"https:\/\/www.ull.es\/portal\/noticias\/2018\/dia-institucional-2018-acto\/","name":"Martin\u00f3n aboga por una ULL \"cambiante, internacionalizada e innovadora\"","isPartOf":{"@id":"https:\/\/www.ull.es\/portal\/noticias\/#website"},"datePublished":"2018-03-12T21:54:35+00:00","dateModified":"2018-03-13T14:51:58+00:00","author":{"@id":"https:\/\/www.ull.es\/portal\/noticias\/#\/schema\/person\/c3b2aa857797592927a03740d6664376"},"description":"La Universidad de La Laguna ha vuelto a celebrar la tarde de hoy, lunes 12 de marzo, su D\u00eda Institucional con un acto en el Paraninfo.","breadcrumb":{"@id":"https:\/\/www.ull.es\/portal\/noticias\/2018\/dia-institucional-2018-acto\/#breadcrumb"},"inLanguage":"es","potentialAction":[{"@type":"ReadAction","target":["https:\/\/www.ull.es\/portal\/noticias\/2018\/dia-institucional-2018-acto\/"]}]},{"@type":"BreadcrumbList","@id":"https:\/\/www.ull.es\/portal\/noticias\/2018\/dia-institucional-2018-acto\/#breadcrumb","itemListElement":[{"@type":"ListItem","position":1,"name":"Portada","item":"https:\/\/www.ull.es\/portal\/noticias\/"},{"@type":"ListItem","position":2,"name":"Martin\u00f3n: \u201cNo queremos una universidad petrificada, sino cambiante, internacionalizada, innovadora\u201d\u00a0"}]},{"@type":"WebSite","@id":"https:\/\/www.ull.es\/portal\/noticias\/#website","url":"https:\/\/www.ull.es\/portal\/noticias\/","name":"ULL - Noticias","description":"","potentialAction":[{"@type":"SearchAction","target":{"@type":"EntryPoint","urlTemplate":"https:\/\/www.ull.es\/portal\/noticias\/?s={search_term_string}"},"query-input":"required name=search_term_string"}],"inLanguage":"es"},{"@type":"Person","@id":"https:\/\/www.ull.es\/portal\/noticias\/#\/schema\/person\/c3b2aa857797592927a03740d6664376","name":"prensa2","image":{"@type":"ImageObject","inLanguage":"es","@id":"https:\/\/www.ull.es\/portal\/noticias\/#\/schema\/person\/image\/","url":"https:\/\/secure.gravatar.com\/avatar\/b58f310a5de5feb33d1e026d2493f23c?s=96&d=mm&r=g","contentUrl":"https:\/\/secure.gravatar.com\/avatar\/b58f310a5de5feb33d1e026d2493f23c?s=96&d=mm&r=g","caption":"prensa2"},"url":"https:\/\/www.ull.es\/portal\/noticias\/author\/prensa2\/"}]}},"primary_category":{"id":348,"name":"Instituci\u00f3n","slug":"institucion","link":"https:\/\/www.ull.es\/portal\/noticias\/category\/institucion\/"},"featured_image_thumbnail_url":"https:\/\/www.ull.es\/portal\/noticias\/wp-content\/uploads\/sites\/13\/2018\/03\/226-aniv-ULL-18-21-300x200.jpg","_links":{"self":[{"href":"https:\/\/www.ull.es\/portal\/noticias\/wp-json\/wp\/v2\/posts\/35839"}],"collection":[{"href":"https:\/\/www.ull.es\/portal\/noticias\/wp-json\/wp\/v2\/posts"}],"about":[{"href":"https:\/\/www.ull.es\/portal\/noticias\/wp-json\/wp\/v2\/types\/post"}],"author":[{"embeddable":true,"href":"https:\/\/www.ull.es\/portal\/noticias\/wp-json\/wp\/v2\/users\/21"}],"replies":[{"embeddable":true,"href":"https:\/\/www.ull.es\/portal\/noticias\/wp-json\/wp\/v2\/comments?post=35839"}],"version-history":[{"count":5,"href":"https:\/\/www.ull.es\/portal\/noticias\/wp-json\/wp\/v2\/posts\/35839\/revisions"}],"predecessor-version":[{"id":35866,"href":"https:\/\/www.ull.es\/portal\/noticias\/wp-json\/wp\/v2\/posts\/35839\/revisions\/35866"}],"wp:featuredmedia":[{"embeddable":true,"href":"https:\/\/www.ull.es\/portal\/noticias\/wp-json\/wp\/v2\/media\/35842"}],"wp:attachment":[{"href":"https:\/\/www.ull.es\/portal\/noticias\/wp-json\/wp\/v2\/media?parent=35839"}],"wp:term":[{"taxonomy":"category","embeddable":true,"href":"https:\/\/www.ull.es\/portal\/noticias\/wp-json\/wp\/v2\/categories?post=35839"},{"taxonomy":"post_tag","embeddable":true,"href":"https:\/\/www.ull.es\/portal\/noticias\/wp-json\/wp\/v2\/tags?post=35839"}],"curies":[{"name":"wp","href":"https:\/\/api.w.org\/{rel}","templated":true}]}}