{"id":35851,"date":"2018-03-13T11:45:04","date_gmt":"2018-03-13T11:45:04","guid":{"rendered":"https:\/\/www.ull.es\/portal\/noticias\/?p=35851"},"modified":"2018-05-29T10:08:46","modified_gmt":"2018-05-29T10:08:46","slug":"la-orquesta-sinfonica-del-conservatorio-superior-musica-lleva-al-paraninfo-obras-popper-bizet-galzunov","status":"publish","type":"post","link":"https:\/\/www.ull.es\/portal\/noticias\/2018\/la-orquesta-sinfonica-del-conservatorio-superior-musica-lleva-al-paraninfo-obras-popper-bizet-galzunov\/","title":{"rendered":"La Orquesta Sinf\u00f3nica del Conservatorio Superior de M\u00fasica lleva al Paraninfo obras de Popper, Bizet y Galzunov"},"content":{"rendered":"<p>El Paraninfo de la Universidad de La Laguna acoge hoy martes 13 de marzo un concierto de la Orquesta Sinf\u00f3nica del Conservatorio Superior de M\u00fasica, dirigido por Jos\u00e9 Mar\u00eda de Vicente. La funci\u00f3n tendr\u00e1 lugar, como viene siendo habitual, a las 20:30 horas, y las entradas, que a\u00fan se pueden adquirir a un precio de 5 euros se podr\u00e1n comprar en la taquilla del Paraninfo, 60 minutos antes del espect\u00e1culo (solo se admite pago con tarjeta bancaria) o por Internet en <a href=\"http:\/\/www.tomaticket.es\/paraninfoull\" target=\"_blank\" rel=\"noopener\">Tomaticket<\/a> (con sobreprecio).<\/p>\n<p>El programa estar\u00e1 compuesto por el <em>Concierto para violonchelo y orquesta en mi menor, Op. 24<\/em> de David Popper, del cual se ejecutar\u00e1n los movimientos <em>Allegro moderato, Andante y Allegro molto moderato<\/em>, y en el cual Crist\u00f3bal Jaubert de Valc\u00e1rcel ser\u00e1 el solista con el violenchelo.<\/p>\n<p>Despu\u00e9s de la pausa ser\u00e1 el turno del solista Diego Arrocha, al saxof\u00f3n, que ejecutar\u00e1 el <em>Concierto para saxof\u00f3n alto y cuerdas en mi bemol mayor,m Op. 109<\/em> de Alexander Glazunov. Para concluir se interpretar\u00e1n los movimientos <em>Pastorale, Intermezzo<\/em><strong>, <\/strong><em>Menuetto y Farandole de L&#8217;Arlesienne (M\u00fasica incidental para La chica de Arl\u00e9s) Suite Nr. 2 de Georges Bizet.<\/em><\/p>\n<p><strong>\u00a0<\/strong><strong>El director<\/strong><\/p>\n<p>Jos\u00e9 Mar\u00eda Vicente naci\u00f3 en Murcia en 1972, ciudad en la que inici\u00f3 su formaci\u00f3n musical como pianista, de la mano de Enriqueta Moya y en la que comenz\u00f3 su inter\u00e9s por la direcci\u00f3n de orquesta. En 1994 super\u00f3 el examen de ingreso en el Conservatorio de Viena (Konservatorium der Stadt Wien), donde continu\u00f3 sus estudios de Direcci\u00f3n de Orquesta con Reinhard Schwarz y Georg Mark, y de direcci\u00f3n coral con Guido Mancusi, finalizando dichos estudios en 1998.<\/p>\n<p>Desde entonces, ha tomado parte activa en numerosas clases maestras, como con Vladimir Fedosejev (Viena 1998) o Bernard Haitink (Lucerna 2005), y en el verano de 2007 fue invitado por el programa de direcci\u00f3n de orquesta del prestigioso Tanglewood Music Center, campus de verano de la Orquesta Sinf\u00f3nica de Boston. Ha recibido en dos ocasiones (2003 \u2013 2005) la menci\u00f3n especial del jurado del Concurso Internacional de Directores de Orquesta de Besan\u00e7on.<\/p>\n<p>Entre 1999 y 2001 fue director de la Orquesta Mozart de Viena (Wiener Mozart Orchester), con la que ofreci\u00f3 conciertos regularmente en salas como la Sala Dorada de la Musikverein (Goldenersaal) o la Konzerthaus vienesas, entre otras. Con esta orquesta se especializ\u00f3 en el repertorio mozartiano, tanto sinf\u00f3nico como oper\u00edstico.<\/p>\n<p>En la faceta docente es profesor de Direcci\u00f3n Instrumental del Conservatorio Superior de M\u00fasica de Canarias y del Conservatorio Profesional de M\u00fasica de Santa Cruz de Tenerife, instituci\u00f3n de la que ha sido Vicedirector entre los a\u00f1os 2006 y 2009.<\/p>\n","protected":false},"excerpt":{"rendered":"<p>El Paraninfo de la Universidad de La Laguna acoge hoy martes 13 de marzo un concierto de la Orquesta Sinf\u00f3nica&#8230;<\/p>\n","protected":false},"author":23,"featured_media":35853,"comment_status":"closed","ping_status":"closed","sticky":false,"template":"","format":"standard","meta":{"inline_featured_image":false,"footnotes":""},"categories":[344,345,2765],"tags":[876,4072],"acf":[],"yoast_head":"<!-- This site is optimized with the Yoast SEO plugin v21.3 - https:\/\/yoast.com\/wordpress\/plugins\/seo\/ -->\n<title>La Orquesta Sinf\u00f3nica del Conservatorio Superior de M\u00fasica lleva al Paraninfo obras de Popper, Bizet y Galzunov - ULL - Noticias<\/title>\n<meta name=\"robots\" content=\"index, follow, max-snippet:-1, max-image-preview:large, max-video-preview:-1\" \/>\n<link rel=\"canonical\" href=\"https:\/\/www.ull.es\/portal\/noticias\/2018\/la-orquesta-sinfonica-del-conservatorio-superior-musica-lleva-al-paraninfo-obras-popper-bizet-galzunov\/\" \/>\n<meta property=\"og:locale\" content=\"es_ES\" \/>\n<meta property=\"og:type\" content=\"article\" \/>\n<meta property=\"og:title\" content=\"La Orquesta Sinf\u00f3nica del Conservatorio Superior de M\u00fasica lleva al Paraninfo obras de Popper, Bizet y Galzunov - ULL - Noticias\" \/>\n<meta property=\"og:description\" content=\"El Paraninfo de la Universidad de La Laguna acoge hoy martes 13 de marzo un concierto de la Orquesta Sinf\u00f3nica...\" \/>\n<meta property=\"og:url\" content=\"https:\/\/www.ull.es\/portal\/noticias\/2018\/la-orquesta-sinfonica-del-conservatorio-superior-musica-lleva-al-paraninfo-obras-popper-bizet-galzunov\/\" \/>\n<meta property=\"og:site_name\" content=\"ULL - Noticias\" \/>\n<meta property=\"article:publisher\" content=\"https:\/\/www.facebook.com\/universidaddelalaguna\/\" \/>\n<meta property=\"article:published_time\" content=\"2018-03-13T11:45:04+00:00\" \/>\n<meta property=\"article:modified_time\" content=\"2018-05-29T10:08:46+00:00\" \/>\n<meta property=\"og:image\" content=\"https:\/\/www.ull.es\/portal\/noticias\/wp-content\/uploads\/sites\/13\/2018\/03\/ConciertoOrquestaSinfonica_web.jpg\" \/>\n\t<meta property=\"og:image:width\" content=\"700\" \/>\n\t<meta property=\"og:image:height\" content=\"350\" \/>\n\t<meta property=\"og:image:type\" content=\"image\/jpeg\" \/>\n<meta name=\"author\" content=\"gaprsa\" \/>\n<meta name=\"twitter:card\" content=\"summary_large_image\" \/>\n<meta name=\"twitter:creator\" content=\"@CanalULL\" \/>\n<meta name=\"twitter:site\" content=\"@CanalULL\" \/>\n<meta name=\"twitter:label1\" content=\"Escrito por\" \/>\n\t<meta name=\"twitter:data1\" content=\"gaprsa\" \/>\n\t<meta name=\"twitter:label2\" content=\"Tiempo de lectura\" \/>\n\t<meta name=\"twitter:data2\" content=\"2 minutos\" \/>\n<script type=\"application\/ld+json\" class=\"yoast-schema-graph\">{\"@context\":\"https:\/\/schema.org\",\"@graph\":[{\"@type\":\"WebPage\",\"@id\":\"https:\/\/www.ull.es\/portal\/noticias\/2018\/la-orquesta-sinfonica-del-conservatorio-superior-musica-lleva-al-paraninfo-obras-popper-bizet-galzunov\/\",\"url\":\"https:\/\/www.ull.es\/portal\/noticias\/2018\/la-orquesta-sinfonica-del-conservatorio-superior-musica-lleva-al-paraninfo-obras-popper-bizet-galzunov\/\",\"name\":\"La Orquesta Sinf\u00f3nica del Conservatorio Superior de M\u00fasica lleva al Paraninfo obras de Popper, Bizet y Galzunov - ULL - Noticias\",\"isPartOf\":{\"@id\":\"https:\/\/www.ull.es\/portal\/noticias\/#website\"},\"datePublished\":\"2018-03-13T11:45:04+00:00\",\"dateModified\":\"2018-05-29T10:08:46+00:00\",\"author\":{\"@id\":\"https:\/\/www.ull.es\/portal\/noticias\/#\/schema\/person\/b2b1a89d43ffa609e591f7df8ef3e817\"},\"breadcrumb\":{\"@id\":\"https:\/\/www.ull.es\/portal\/noticias\/2018\/la-orquesta-sinfonica-del-conservatorio-superior-musica-lleva-al-paraninfo-obras-popper-bizet-galzunov\/#breadcrumb\"},\"inLanguage\":\"es\",\"potentialAction\":[{\"@type\":\"ReadAction\",\"target\":[\"https:\/\/www.ull.es\/portal\/noticias\/2018\/la-orquesta-sinfonica-del-conservatorio-superior-musica-lleva-al-paraninfo-obras-popper-bizet-galzunov\/\"]}]},{\"@type\":\"BreadcrumbList\",\"@id\":\"https:\/\/www.ull.es\/portal\/noticias\/2018\/la-orquesta-sinfonica-del-conservatorio-superior-musica-lleva-al-paraninfo-obras-popper-bizet-galzunov\/#breadcrumb\",\"itemListElement\":[{\"@type\":\"ListItem\",\"position\":1,\"name\":\"Portada\",\"item\":\"https:\/\/www.ull.es\/portal\/noticias\/\"},{\"@type\":\"ListItem\",\"position\":2,\"name\":\"La Orquesta Sinf\u00f3nica del Conservatorio Superior de M\u00fasica lleva al Paraninfo obras de Popper, Bizet y Galzunov\"}]},{\"@type\":\"WebSite\",\"@id\":\"https:\/\/www.ull.es\/portal\/noticias\/#website\",\"url\":\"https:\/\/www.ull.es\/portal\/noticias\/\",\"name\":\"ULL - Noticias\",\"description\":\"\",\"potentialAction\":[{\"@type\":\"SearchAction\",\"target\":{\"@type\":\"EntryPoint\",\"urlTemplate\":\"https:\/\/www.ull.es\/portal\/noticias\/?s={search_term_string}\"},\"query-input\":\"required name=search_term_string\"}],\"inLanguage\":\"es\"},{\"@type\":\"Person\",\"@id\":\"https:\/\/www.ull.es\/portal\/noticias\/#\/schema\/person\/b2b1a89d43ffa609e591f7df8ef3e817\",\"name\":\"gaprsa\",\"image\":{\"@type\":\"ImageObject\",\"inLanguage\":\"es\",\"@id\":\"https:\/\/www.ull.es\/portal\/noticias\/#\/schema\/person\/image\/\",\"url\":\"https:\/\/secure.gravatar.com\/avatar\/443820550921091458b4823867723b3d?s=96&d=mm&r=g\",\"contentUrl\":\"https:\/\/secure.gravatar.com\/avatar\/443820550921091458b4823867723b3d?s=96&d=mm&r=g\",\"caption\":\"gaprsa\"},\"url\":\"https:\/\/www.ull.es\/portal\/noticias\/author\/gaprsa\/\"}]}<\/script>\n<!-- \/ Yoast SEO plugin. -->","yoast_head_json":{"title":"La Orquesta Sinf\u00f3nica del Conservatorio Superior de M\u00fasica lleva al Paraninfo obras de Popper, Bizet y Galzunov - ULL - Noticias","robots":{"index":"index","follow":"follow","max-snippet":"max-snippet:-1","max-image-preview":"max-image-preview:large","max-video-preview":"max-video-preview:-1"},"canonical":"https:\/\/www.ull.es\/portal\/noticias\/2018\/la-orquesta-sinfonica-del-conservatorio-superior-musica-lleva-al-paraninfo-obras-popper-bizet-galzunov\/","og_locale":"es_ES","og_type":"article","og_title":"La Orquesta Sinf\u00f3nica del Conservatorio Superior de M\u00fasica lleva al Paraninfo obras de Popper, Bizet y Galzunov - ULL - Noticias","og_description":"El Paraninfo de la Universidad de La Laguna acoge hoy martes 13 de marzo un concierto de la Orquesta Sinf\u00f3nica...","og_url":"https:\/\/www.ull.es\/portal\/noticias\/2018\/la-orquesta-sinfonica-del-conservatorio-superior-musica-lleva-al-paraninfo-obras-popper-bizet-galzunov\/","og_site_name":"ULL - Noticias","article_publisher":"https:\/\/www.facebook.com\/universidaddelalaguna\/","article_published_time":"2018-03-13T11:45:04+00:00","article_modified_time":"2018-05-29T10:08:46+00:00","og_image":[{"width":700,"height":350,"url":"https:\/\/www.ull.es\/portal\/noticias\/wp-content\/uploads\/sites\/13\/2018\/03\/ConciertoOrquestaSinfonica_web.jpg","type":"image\/jpeg"}],"author":"gaprsa","twitter_card":"summary_large_image","twitter_creator":"@CanalULL","twitter_site":"@CanalULL","twitter_misc":{"Escrito por":"gaprsa","Tiempo de lectura":"2 minutos"},"schema":{"@context":"https:\/\/schema.org","@graph":[{"@type":"WebPage","@id":"https:\/\/www.ull.es\/portal\/noticias\/2018\/la-orquesta-sinfonica-del-conservatorio-superior-musica-lleva-al-paraninfo-obras-popper-bizet-galzunov\/","url":"https:\/\/www.ull.es\/portal\/noticias\/2018\/la-orquesta-sinfonica-del-conservatorio-superior-musica-lleva-al-paraninfo-obras-popper-bizet-galzunov\/","name":"La Orquesta Sinf\u00f3nica del Conservatorio Superior de M\u00fasica lleva al Paraninfo obras de Popper, Bizet y Galzunov - ULL - Noticias","isPartOf":{"@id":"https:\/\/www.ull.es\/portal\/noticias\/#website"},"datePublished":"2018-03-13T11:45:04+00:00","dateModified":"2018-05-29T10:08:46+00:00","author":{"@id":"https:\/\/www.ull.es\/portal\/noticias\/#\/schema\/person\/b2b1a89d43ffa609e591f7df8ef3e817"},"breadcrumb":{"@id":"https:\/\/www.ull.es\/portal\/noticias\/2018\/la-orquesta-sinfonica-del-conservatorio-superior-musica-lleva-al-paraninfo-obras-popper-bizet-galzunov\/#breadcrumb"},"inLanguage":"es","potentialAction":[{"@type":"ReadAction","target":["https:\/\/www.ull.es\/portal\/noticias\/2018\/la-orquesta-sinfonica-del-conservatorio-superior-musica-lleva-al-paraninfo-obras-popper-bizet-galzunov\/"]}]},{"@type":"BreadcrumbList","@id":"https:\/\/www.ull.es\/portal\/noticias\/2018\/la-orquesta-sinfonica-del-conservatorio-superior-musica-lleva-al-paraninfo-obras-popper-bizet-galzunov\/#breadcrumb","itemListElement":[{"@type":"ListItem","position":1,"name":"Portada","item":"https:\/\/www.ull.es\/portal\/noticias\/"},{"@type":"ListItem","position":2,"name":"La Orquesta Sinf\u00f3nica del Conservatorio Superior de M\u00fasica lleva al Paraninfo obras de Popper, Bizet y Galzunov"}]},{"@type":"WebSite","@id":"https:\/\/www.ull.es\/portal\/noticias\/#website","url":"https:\/\/www.ull.es\/portal\/noticias\/","name":"ULL - Noticias","description":"","potentialAction":[{"@type":"SearchAction","target":{"@type":"EntryPoint","urlTemplate":"https:\/\/www.ull.es\/portal\/noticias\/?s={search_term_string}"},"query-input":"required name=search_term_string"}],"inLanguage":"es"},{"@type":"Person","@id":"https:\/\/www.ull.es\/portal\/noticias\/#\/schema\/person\/b2b1a89d43ffa609e591f7df8ef3e817","name":"gaprsa","image":{"@type":"ImageObject","inLanguage":"es","@id":"https:\/\/www.ull.es\/portal\/noticias\/#\/schema\/person\/image\/","url":"https:\/\/secure.gravatar.com\/avatar\/443820550921091458b4823867723b3d?s=96&d=mm&r=g","contentUrl":"https:\/\/secure.gravatar.com\/avatar\/443820550921091458b4823867723b3d?s=96&d=mm&r=g","caption":"gaprsa"},"url":"https:\/\/www.ull.es\/portal\/noticias\/author\/gaprsa\/"}]}},"primary_category":{"id":344,"name":"Cultura","slug":"cultura","link":"https:\/\/www.ull.es\/portal\/noticias\/category\/cultura\/"},"featured_image_thumbnail_url":"https:\/\/www.ull.es\/portal\/noticias\/wp-content\/uploads\/sites\/13\/2018\/03\/ConciertoOrquestaSinfonica_web-300x150.jpg","_links":{"self":[{"href":"https:\/\/www.ull.es\/portal\/noticias\/wp-json\/wp\/v2\/posts\/35851"}],"collection":[{"href":"https:\/\/www.ull.es\/portal\/noticias\/wp-json\/wp\/v2\/posts"}],"about":[{"href":"https:\/\/www.ull.es\/portal\/noticias\/wp-json\/wp\/v2\/types\/post"}],"author":[{"embeddable":true,"href":"https:\/\/www.ull.es\/portal\/noticias\/wp-json\/wp\/v2\/users\/23"}],"replies":[{"embeddable":true,"href":"https:\/\/www.ull.es\/portal\/noticias\/wp-json\/wp\/v2\/comments?post=35851"}],"version-history":[{"count":2,"href":"https:\/\/www.ull.es\/portal\/noticias\/wp-json\/wp\/v2\/posts\/35851\/revisions"}],"predecessor-version":[{"id":37262,"href":"https:\/\/www.ull.es\/portal\/noticias\/wp-json\/wp\/v2\/posts\/35851\/revisions\/37262"}],"wp:featuredmedia":[{"embeddable":true,"href":"https:\/\/www.ull.es\/portal\/noticias\/wp-json\/wp\/v2\/media\/35853"}],"wp:attachment":[{"href":"https:\/\/www.ull.es\/portal\/noticias\/wp-json\/wp\/v2\/media?parent=35851"}],"wp:term":[{"taxonomy":"category","embeddable":true,"href":"https:\/\/www.ull.es\/portal\/noticias\/wp-json\/wp\/v2\/categories?post=35851"},{"taxonomy":"post_tag","embeddable":true,"href":"https:\/\/www.ull.es\/portal\/noticias\/wp-json\/wp\/v2\/tags?post=35851"}],"curies":[{"name":"wp","href":"https:\/\/api.w.org\/{rel}","templated":true}]}}