{"id":36220,"date":"2018-04-04T09:45:30","date_gmt":"2018-04-04T09:45:30","guid":{"rendered":"https:\/\/www.ull.es\/portal\/noticias\/?p=36220"},"modified":"2018-06-15T08:06:47","modified_gmt":"2018-06-15T08:06:47","slug":"continuan-los-jueves-digitales-del-ciclo-conferencias-tecnoedu-2018","status":"publish","type":"post","link":"https:\/\/www.ull.es\/portal\/noticias\/2018\/continuan-los-jueves-digitales-del-ciclo-conferencias-tecnoedu-2018\/","title":{"rendered":"Contin\u00faan los \u201cJueves Digitales\u201d del Ciclo de Conferencias TECNOEDU 2018"},"content":{"rendered":"<p>Desde la C\u00e1tedra TECNOEDU\u00a0 contin\u00faan con ciclos de conferencias bajo el t\u00edtulo <em>\u201cJueves Digitales\u201d<\/em>. Tras la ponencia de Jorge Gonz\u00e1lez Socas con el t\u00edtulo \u201cFlippeando en Infantil\u201d contin\u00faan con el siguiente ponente bajo una din\u00e1mica de encuentro y aprendizaje. La organizaci\u00f3n ha elaborado un calendario de marzo a junio con intervenciones de diferentes expertos y expertas en tem\u00e1ticas pertinentes para la sociedad, educaci\u00f3n y la tecnolog\u00eda. Algunas de estas tem\u00e1ticas son gamificaci\u00f3n, nuevas metodolog\u00edas, cultura maker, la comunicaci\u00f3n digital, las mujeres en la tecnolog\u00eda, la ciudadan\u00eda digital, entre otras.<\/p>\n<p>De esta forma, la C\u00e1tedra pretende acercar un espacio de conocimiento, de intercambio de experiencias y di\u00e1logo entre personalidades y tem\u00e1ticas diferentes. Est\u00e1 destinado aquellas personas que les interese el fen\u00f3meno educativo y la tecnolog\u00eda en general. En la realizaci\u00f3n de estos eventos, participan la Fundaci\u00f3n MAPFRE Guanarteme y el grupo de investigaci\u00f3n EDULLAB (Laboratorio de Educaci\u00f3n y Nuevas Tecnolog\u00edas de la Universidad de la Laguna). La entrada ser\u00e1 gratuita mediante inscripci\u00f3n previa desde la web de la C\u00e1tedra.<\/p>\n<p>La siguiente ponencia la realizar\u00e1 Gonzalo Aller Arias, experto en el impacto de las tecnolog\u00edas en la sociedad, con el t\u00edtulo <a href=\"http:\/\/tecnoedu.webs.ull.es\/proyectos-e-iniciativas\/ciclo-de-conferencias\/jovenes-y-cultura-maker-gonzalo-aller\/\" target=\"_blank\" rel=\"noopener\">\u201cJ\u00f3venes y Cultura Maker: espacios y comunidades de creaci\u00f3n de tecnolog\u00eda social\u201d<\/a>. El ponente tiene una larga trayectoria en el uso de la tecnolog\u00eda y del impacto positivo en la sociedad, siendo Peer en Fot\u00f3n Sistemas Inteligentes (empresa dedicada a sistemas, desarrollo y tecnolog\u00edas web) y en ImproveChange (consultor\u00eda en ayudar a organizaciones a crear propuestas de valor compartido y en organizar maker spaces). Adem\u00e1s, es Maker en <a href=\"http:\/\/kreitek.org\/\" target=\"_blank\" rel=\"noopener\">Hangar Kreitek<\/a> (Tenerife Hackers\/Makers\/Space), Organizador en GDG (Google Developer Group) Tenerife y \u00abFrot\u00f3n\u00bb en varios proyectos relacionados con la tecnolog\u00eda y la sociedad. El evento tendr\u00e1 lugar el d\u00eda 5 de abril a las 18:00h en la sede de la <a href=\"https:\/\/goo.gl\/maps\/2sg46fvm3LH2\" target=\"_blank\" rel=\"noopener\">Fundaci\u00f3n MAPFRE Guanarteme<\/a>, La Laguna. Como en los anteriores casos, la entrada ser\u00e1 gratuita mediante inscripci\u00f3n previa desde la web de la C\u00e1tedra.<\/p>\n<p>Este ciclo continuar\u00e1 con las ponencias de Luc\u00eda Quintero (Mejor Docente de Educaci\u00f3n Secundaria 2017, Premios Educa Abanca) con \u201cGamificaci\u00f3n y educaci\u00f3n expandida con TIC\u201d (12 de abril); Jos\u00e9 Luis Zurita (Doctor en periodismo y experto en comunicaci\u00f3n) con \u201cComunicaci\u00f3n Digital \u00bfBailas?\u201d (19 de abril); conferencia de Inmaculada Perdomo y mesa redonda con I. Perdomo, Carina Glez y Pino Caballero \u201cMujeres y TIC: El ciberfeminismo\u201d (26 de Abril). Pr\u00f3ximamente se desvelar\u00e1n el resto de las conferencias concebidas para los siguientes meses.<\/p>\n<p>Tenemos disponible la p\u00e1gina web con m\u00e1s informaci\u00f3n \u00a0de las conferencias (<a href=\"http:\/\/tecnoedu.webs.ull.es\/proyectos-e-iniciativas\/ciclo-de-conferencias\/\" target=\"_blank\" rel=\"noopener\">web<\/a>) donde se puede consultar el calendario completo e inscribirse.<\/p>\n<p>(Nota de prensa cedida)<\/p>\n","protected":false},"excerpt":{"rendered":"<p>Gonzalo Aller, experto en el impacto de la tecnolog\u00eda en la sociedad<\/p>\n","protected":false},"author":20,"featured_media":36224,"comment_status":"closed","ping_status":"closed","sticky":false,"template":"","format":"standard","meta":{"inline_featured_image":false,"footnotes":""},"categories":[345,2752,2765],"tags":[889,4153,3678,2527,2560],"acf":[],"yoast_head":"<!-- This site is optimized with the Yoast SEO plugin v21.3 - https:\/\/yoast.com\/wordpress\/plugins\/seo\/ -->\n<title>Contin\u00faan los \u201cJueves Digitales\u201d del Ciclo de Conferencias TECNOEDU 2018<\/title>\n<meta name=\"description\" content=\"Gonzalo Aller, experto en el impacto de la tecnolog\u00eda en la sociedad, llega a los #JuevesDigitales con su ponencia &quot;J\u00f3venes y Cultura Maker&quot;\" \/>\n<meta name=\"robots\" content=\"index, follow, max-snippet:-1, max-image-preview:large, max-video-preview:-1\" \/>\n<link rel=\"canonical\" href=\"https:\/\/www.ull.es\/portal\/noticias\/2018\/continuan-los-jueves-digitales-del-ciclo-conferencias-tecnoedu-2018\/\" \/>\n<meta property=\"og:locale\" content=\"es_ES\" \/>\n<meta property=\"og:type\" content=\"article\" \/>\n<meta property=\"og:title\" content=\"Contin\u00faan los \u201cJueves Digitales\u201d del Ciclo de Conferencias TECNOEDU 2018\" \/>\n<meta property=\"og:description\" content=\"Gonzalo Aller, experto en el impacto de la tecnolog\u00eda en la sociedad, llega a los #JuevesDigitales con su ponencia &quot;J\u00f3venes y Cultura Maker&quot;\" \/>\n<meta property=\"og:url\" content=\"https:\/\/www.ull.es\/portal\/noticias\/2018\/continuan-los-jueves-digitales-del-ciclo-conferencias-tecnoedu-2018\/\" \/>\n<meta property=\"og:site_name\" content=\"ULL - Noticias\" \/>\n<meta property=\"article:publisher\" content=\"https:\/\/www.facebook.com\/universidaddelalaguna\/\" \/>\n<meta property=\"article:published_time\" content=\"2018-04-04T09:45:30+00:00\" \/>\n<meta property=\"article:modified_time\" content=\"2018-06-15T08:06:47+00:00\" \/>\n<meta property=\"og:image\" content=\"https:\/\/www.ull.es\/portal\/noticias\/wp-content\/uploads\/sites\/13\/2018\/04\/Tecnoedu.jpg\" \/>\n\t<meta property=\"og:image:width\" content=\"700\" \/>\n\t<meta property=\"og:image:height\" content=\"350\" \/>\n\t<meta property=\"og:image:type\" content=\"image\/jpeg\" \/>\n<meta name=\"author\" content=\"prensa1\" \/>\n<meta name=\"twitter:card\" content=\"summary_large_image\" \/>\n<meta name=\"twitter:creator\" content=\"@CanalULL\" \/>\n<meta name=\"twitter:site\" content=\"@CanalULL\" \/>\n<meta name=\"twitter:label1\" content=\"Escrito por\" \/>\n\t<meta name=\"twitter:data1\" content=\"prensa1\" \/>\n\t<meta name=\"twitter:label2\" content=\"Tiempo de lectura\" \/>\n\t<meta name=\"twitter:data2\" content=\"2 minutos\" \/>\n<script type=\"application\/ld+json\" class=\"yoast-schema-graph\">{\"@context\":\"https:\/\/schema.org\",\"@graph\":[{\"@type\":\"WebPage\",\"@id\":\"https:\/\/www.ull.es\/portal\/noticias\/2018\/continuan-los-jueves-digitales-del-ciclo-conferencias-tecnoedu-2018\/\",\"url\":\"https:\/\/www.ull.es\/portal\/noticias\/2018\/continuan-los-jueves-digitales-del-ciclo-conferencias-tecnoedu-2018\/\",\"name\":\"Contin\u00faan los \u201cJueves Digitales\u201d del Ciclo de Conferencias TECNOEDU 2018\",\"isPartOf\":{\"@id\":\"https:\/\/www.ull.es\/portal\/noticias\/#website\"},\"datePublished\":\"2018-04-04T09:45:30+00:00\",\"dateModified\":\"2018-06-15T08:06:47+00:00\",\"author\":{\"@id\":\"https:\/\/www.ull.es\/portal\/noticias\/#\/schema\/person\/ea9b721b26bc001d9f8820a760100f96\"},\"description\":\"Gonzalo Aller, experto en el impacto de la tecnolog\u00eda en la sociedad, llega a los #JuevesDigitales con su ponencia \\\"J\u00f3venes y Cultura Maker\\\"\",\"breadcrumb\":{\"@id\":\"https:\/\/www.ull.es\/portal\/noticias\/2018\/continuan-los-jueves-digitales-del-ciclo-conferencias-tecnoedu-2018\/#breadcrumb\"},\"inLanguage\":\"es\",\"potentialAction\":[{\"@type\":\"ReadAction\",\"target\":[\"https:\/\/www.ull.es\/portal\/noticias\/2018\/continuan-los-jueves-digitales-del-ciclo-conferencias-tecnoedu-2018\/\"]}]},{\"@type\":\"BreadcrumbList\",\"@id\":\"https:\/\/www.ull.es\/portal\/noticias\/2018\/continuan-los-jueves-digitales-del-ciclo-conferencias-tecnoedu-2018\/#breadcrumb\",\"itemListElement\":[{\"@type\":\"ListItem\",\"position\":1,\"name\":\"Portada\",\"item\":\"https:\/\/www.ull.es\/portal\/noticias\/\"},{\"@type\":\"ListItem\",\"position\":2,\"name\":\"Contin\u00faan los \u201cJueves Digitales\u201d del Ciclo de Conferencias TECNOEDU 2018\"}]},{\"@type\":\"WebSite\",\"@id\":\"https:\/\/www.ull.es\/portal\/noticias\/#website\",\"url\":\"https:\/\/www.ull.es\/portal\/noticias\/\",\"name\":\"ULL - Noticias\",\"description\":\"\",\"potentialAction\":[{\"@type\":\"SearchAction\",\"target\":{\"@type\":\"EntryPoint\",\"urlTemplate\":\"https:\/\/www.ull.es\/portal\/noticias\/?s={search_term_string}\"},\"query-input\":\"required name=search_term_string\"}],\"inLanguage\":\"es\"},{\"@type\":\"Person\",\"@id\":\"https:\/\/www.ull.es\/portal\/noticias\/#\/schema\/person\/ea9b721b26bc001d9f8820a760100f96\",\"name\":\"prensa1\",\"image\":{\"@type\":\"ImageObject\",\"inLanguage\":\"es\",\"@id\":\"https:\/\/www.ull.es\/portal\/noticias\/#\/schema\/person\/image\/\",\"url\":\"https:\/\/secure.gravatar.com\/avatar\/94b9dcabd35142d3e94c7343cd1c6ca0?s=96&d=mm&r=g\",\"contentUrl\":\"https:\/\/secure.gravatar.com\/avatar\/94b9dcabd35142d3e94c7343cd1c6ca0?s=96&d=mm&r=g\",\"caption\":\"prensa1\"},\"url\":\"https:\/\/www.ull.es\/portal\/noticias\/author\/prensa1\/\"}]}<\/script>\n<!-- \/ Yoast SEO plugin. -->","yoast_head_json":{"title":"Contin\u00faan los \u201cJueves Digitales\u201d del Ciclo de Conferencias TECNOEDU 2018","description":"Gonzalo Aller, experto en el impacto de la tecnolog\u00eda en la sociedad, llega a los #JuevesDigitales con su ponencia \"J\u00f3venes y Cultura Maker\"","robots":{"index":"index","follow":"follow","max-snippet":"max-snippet:-1","max-image-preview":"max-image-preview:large","max-video-preview":"max-video-preview:-1"},"canonical":"https:\/\/www.ull.es\/portal\/noticias\/2018\/continuan-los-jueves-digitales-del-ciclo-conferencias-tecnoedu-2018\/","og_locale":"es_ES","og_type":"article","og_title":"Contin\u00faan los \u201cJueves Digitales\u201d del Ciclo de Conferencias TECNOEDU 2018","og_description":"Gonzalo Aller, experto en el impacto de la tecnolog\u00eda en la sociedad, llega a los #JuevesDigitales con su ponencia \"J\u00f3venes y Cultura Maker\"","og_url":"https:\/\/www.ull.es\/portal\/noticias\/2018\/continuan-los-jueves-digitales-del-ciclo-conferencias-tecnoedu-2018\/","og_site_name":"ULL - Noticias","article_publisher":"https:\/\/www.facebook.com\/universidaddelalaguna\/","article_published_time":"2018-04-04T09:45:30+00:00","article_modified_time":"2018-06-15T08:06:47+00:00","og_image":[{"width":700,"height":350,"url":"https:\/\/www.ull.es\/portal\/noticias\/wp-content\/uploads\/sites\/13\/2018\/04\/Tecnoedu.jpg","type":"image\/jpeg"}],"author":"prensa1","twitter_card":"summary_large_image","twitter_creator":"@CanalULL","twitter_site":"@CanalULL","twitter_misc":{"Escrito por":"prensa1","Tiempo de lectura":"2 minutos"},"schema":{"@context":"https:\/\/schema.org","@graph":[{"@type":"WebPage","@id":"https:\/\/www.ull.es\/portal\/noticias\/2018\/continuan-los-jueves-digitales-del-ciclo-conferencias-tecnoedu-2018\/","url":"https:\/\/www.ull.es\/portal\/noticias\/2018\/continuan-los-jueves-digitales-del-ciclo-conferencias-tecnoedu-2018\/","name":"Contin\u00faan los \u201cJueves Digitales\u201d del Ciclo de Conferencias TECNOEDU 2018","isPartOf":{"@id":"https:\/\/www.ull.es\/portal\/noticias\/#website"},"datePublished":"2018-04-04T09:45:30+00:00","dateModified":"2018-06-15T08:06:47+00:00","author":{"@id":"https:\/\/www.ull.es\/portal\/noticias\/#\/schema\/person\/ea9b721b26bc001d9f8820a760100f96"},"description":"Gonzalo Aller, experto en el impacto de la tecnolog\u00eda en la sociedad, llega a los #JuevesDigitales con su ponencia \"J\u00f3venes y Cultura Maker\"","breadcrumb":{"@id":"https:\/\/www.ull.es\/portal\/noticias\/2018\/continuan-los-jueves-digitales-del-ciclo-conferencias-tecnoedu-2018\/#breadcrumb"},"inLanguage":"es","potentialAction":[{"@type":"ReadAction","target":["https:\/\/www.ull.es\/portal\/noticias\/2018\/continuan-los-jueves-digitales-del-ciclo-conferencias-tecnoedu-2018\/"]}]},{"@type":"BreadcrumbList","@id":"https:\/\/www.ull.es\/portal\/noticias\/2018\/continuan-los-jueves-digitales-del-ciclo-conferencias-tecnoedu-2018\/#breadcrumb","itemListElement":[{"@type":"ListItem","position":1,"name":"Portada","item":"https:\/\/www.ull.es\/portal\/noticias\/"},{"@type":"ListItem","position":2,"name":"Contin\u00faan los \u201cJueves Digitales\u201d del Ciclo de Conferencias TECNOEDU 2018"}]},{"@type":"WebSite","@id":"https:\/\/www.ull.es\/portal\/noticias\/#website","url":"https:\/\/www.ull.es\/portal\/noticias\/","name":"ULL - Noticias","description":"","potentialAction":[{"@type":"SearchAction","target":{"@type":"EntryPoint","urlTemplate":"https:\/\/www.ull.es\/portal\/noticias\/?s={search_term_string}"},"query-input":"required name=search_term_string"}],"inLanguage":"es"},{"@type":"Person","@id":"https:\/\/www.ull.es\/portal\/noticias\/#\/schema\/person\/ea9b721b26bc001d9f8820a760100f96","name":"prensa1","image":{"@type":"ImageObject","inLanguage":"es","@id":"https:\/\/www.ull.es\/portal\/noticias\/#\/schema\/person\/image\/","url":"https:\/\/secure.gravatar.com\/avatar\/94b9dcabd35142d3e94c7343cd1c6ca0?s=96&d=mm&r=g","contentUrl":"https:\/\/secure.gravatar.com\/avatar\/94b9dcabd35142d3e94c7343cd1c6ca0?s=96&d=mm&r=g","caption":"prensa1"},"url":"https:\/\/www.ull.es\/portal\/noticias\/author\/prensa1\/"}]}},"primary_category":{"id":345,"name":"Destacado","slug":"destacado","link":"https:\/\/www.ull.es\/portal\/noticias\/category\/destacado\/"},"featured_image_thumbnail_url":"https:\/\/www.ull.es\/portal\/noticias\/wp-content\/uploads\/sites\/13\/2018\/04\/Tecnoedu-300x150.jpg","_links":{"self":[{"href":"https:\/\/www.ull.es\/portal\/noticias\/wp-json\/wp\/v2\/posts\/36220"}],"collection":[{"href":"https:\/\/www.ull.es\/portal\/noticias\/wp-json\/wp\/v2\/posts"}],"about":[{"href":"https:\/\/www.ull.es\/portal\/noticias\/wp-json\/wp\/v2\/types\/post"}],"author":[{"embeddable":true,"href":"https:\/\/www.ull.es\/portal\/noticias\/wp-json\/wp\/v2\/users\/20"}],"replies":[{"embeddable":true,"href":"https:\/\/www.ull.es\/portal\/noticias\/wp-json\/wp\/v2\/comments?post=36220"}],"version-history":[{"count":4,"href":"https:\/\/www.ull.es\/portal\/noticias\/wp-json\/wp\/v2\/posts\/36220\/revisions"}],"predecessor-version":[{"id":37563,"href":"https:\/\/www.ull.es\/portal\/noticias\/wp-json\/wp\/v2\/posts\/36220\/revisions\/37563"}],"wp:featuredmedia":[{"embeddable":true,"href":"https:\/\/www.ull.es\/portal\/noticias\/wp-json\/wp\/v2\/media\/36224"}],"wp:attachment":[{"href":"https:\/\/www.ull.es\/portal\/noticias\/wp-json\/wp\/v2\/media?parent=36220"}],"wp:term":[{"taxonomy":"category","embeddable":true,"href":"https:\/\/www.ull.es\/portal\/noticias\/wp-json\/wp\/v2\/categories?post=36220"},{"taxonomy":"post_tag","embeddable":true,"href":"https:\/\/www.ull.es\/portal\/noticias\/wp-json\/wp\/v2\/tags?post=36220"}],"curies":[{"name":"wp","href":"https:\/\/api.w.org\/{rel}","templated":true}]}}