{"id":36225,"date":"2018-04-04T13:13:26","date_gmt":"2018-04-04T13:13:26","guid":{"rendered":"https:\/\/www.ull.es\/portal\/noticias\/?p=36225"},"modified":"2018-04-04T13:13:26","modified_gmt":"2018-04-04T13:13:26","slug":"ayudas-destinadas-al-alumnado-la-ull","status":"publish","type":"post","link":"https:\/\/www.ull.es\/portal\/noticias\/2018\/ayudas-destinadas-al-alumnado-la-ull\/","title":{"rendered":"Ayudas destinadas al alumnado de la ULL"},"content":{"rendered":"<div dir=\"ltr\">\n<div><\/div>\n<div><a href=\"http:\/\/sede.gobcan.es\/boc\/boc-a-2018-065-1574.pdf\" target=\"_blank\" rel=\"noopener\" data-saferedirecturl=\"https:\/\/www.google.com\/url?hl=es&amp;q=http:\/\/sede.gobcan.es\/boc\/boc-a-2018-065-1574.pdf&amp;source=gmail&amp;ust=1522927508906000&amp;usg=AFQjCNGi-SDrRi5pTHg3UiXRn2VilcgLdw\" target=\"_blank\" rel=\"noopener\">Extracto de la resoluci\u00f3n de 22 de marzo de 2018, por la que se convocan ayudas destinadas a alumnado de la Universidad de La Laguna con Especiales Dificultades Econ\u00f3micas, para el a\u00f1o 2018<\/a><\/div>\n<div><\/div>\n<div><a href=\"http:\/\/sede.gobcan.es\/boc\/boc-a-2018-065-1575.pdf\" target=\"_blank\" rel=\"noopener\" data-saferedirecturl=\"https:\/\/www.google.com\/url?hl=es&amp;q=http:\/\/sede.gobcan.es\/boc\/boc-a-2018-065-1575.pdf&amp;source=gmail&amp;ust=1522927508906000&amp;usg=AFQjCNGpjhX8c-L281lVldBL6pcPOetZNw\" target=\"_blank\" rel=\"noopener\">Extracto de la resoluci\u00f3n de 22 de marzo de 2018, por la que se convocan ayudas para alumnado con Necesidades Espec\u00edficas de Apoyo Educativo, para el a\u00f1o 2018<\/a><\/div>\n<div><\/div>\n<div><a href=\"http:\/\/sede.gobcan.es\/boc\/boc-a-2018-065-1576.pdf\" target=\"_blank\" rel=\"noopener\" data-saferedirecturl=\"https:\/\/www.google.com\/url?hl=es&amp;q=http:\/\/sede.gobcan.es\/boc\/boc-a-2018-065-1576.pdf&amp;source=gmail&amp;ust=1522927508906000&amp;usg=AFQjCNFOOxQIN7Fomb0o41MJBfqyObe-FQ\" target=\"_blank\" rel=\"noopener\">Extracto de la resoluci\u00f3n de 22 de marzo de 2018, por la que se convocan ayudas para gastos de Guarder\u00eda de los hijos e hijas del alumnado, para el a\u00f1o 2018, financiadas por la Fundaci\u00f3n La Caixa y Fundaci\u00f3n CajaCanarias<\/a><\/div>\n<div><\/div>\n<div><a href=\"http:\/\/sede.gobcan.es\/boc\/boc-a-2018-065-1577.pdf\" target=\"_blank\" rel=\"noopener\" data-saferedirecturl=\"https:\/\/www.google.com\/url?hl=es&amp;q=http:\/\/sede.gobcan.es\/boc\/boc-a-2018-065-1577.pdf&amp;source=gmail&amp;ust=1522927508907000&amp;usg=AFQjCNEqiM97t-MQF6LEGS4b_zc1pD--oQ\" target=\"_blank\" rel=\"noopener\">Extracto de la resoluci\u00f3n de 22 de marzo de 2018, por la que se convocan ayudas de Bonos de Comedor para alumnado, para el a\u00f1o 2018, financiadas en parte por la entidad bancaria Santander<\/a><\/div>\n<div><\/div>\n<div><\/div>\n<\/div>\n","protected":false},"excerpt":{"rendered":"<p>Extracto de la resoluci\u00f3n de 22 de marzo de 2018, por la que se convocan ayudas destinadas a alumnado de&#8230;<\/p>\n","protected":false},"author":20,"featured_media":0,"comment_status":"closed","ping_status":"closed","sticky":false,"template":"","format":"standard","meta":{"inline_featured_image":false,"footnotes":""},"categories":[343,2768],"tags":[],"acf":[],"yoast_head":"<!-- This site is optimized with the Yoast SEO plugin v21.3 - https:\/\/yoast.com\/wordpress\/plugins\/seo\/ -->\n<title>Ayudas destinadas al alumnado de la ULL - ULL - Noticias<\/title>\n<meta name=\"robots\" content=\"index, follow, max-snippet:-1, max-image-preview:large, max-video-preview:-1\" \/>\n<link rel=\"canonical\" href=\"https:\/\/www.ull.es\/portal\/noticias\/2018\/ayudas-destinadas-al-alumnado-la-ull\/\" \/>\n<meta property=\"og:locale\" content=\"es_ES\" \/>\n<meta property=\"og:type\" content=\"article\" \/>\n<meta property=\"og:title\" content=\"Ayudas destinadas al alumnado de la ULL - ULL - Noticias\" \/>\n<meta property=\"og:description\" content=\"Extracto de la resoluci\u00f3n de 22 de marzo de 2018, por la que se convocan ayudas destinadas a alumnado de...\" \/>\n<meta property=\"og:url\" content=\"https:\/\/www.ull.es\/portal\/noticias\/2018\/ayudas-destinadas-al-alumnado-la-ull\/\" \/>\n<meta property=\"og:site_name\" content=\"ULL - Noticias\" \/>\n<meta property=\"article:publisher\" content=\"https:\/\/www.facebook.com\/universidaddelalaguna\/\" \/>\n<meta property=\"article:published_time\" content=\"2018-04-04T13:13:26+00:00\" \/>\n<meta property=\"og:image\" content=\"https:\/\/www.ull.es\/portal\/noticias\/wp-content\/uploads\/sites\/13\/2023\/06\/logo-redimensionado.png\" \/>\n\t<meta property=\"og:image:width\" content=\"1200\" \/>\n\t<meta property=\"og:image:height\" content=\"630\" \/>\n\t<meta property=\"og:image:type\" content=\"image\/png\" \/>\n<meta name=\"author\" content=\"prensa1\" \/>\n<meta name=\"twitter:card\" content=\"summary_large_image\" \/>\n<meta name=\"twitter:creator\" content=\"@CanalULL\" \/>\n<meta name=\"twitter:site\" content=\"@CanalULL\" \/>\n<meta name=\"twitter:label1\" content=\"Escrito por\" \/>\n\t<meta name=\"twitter:data1\" content=\"prensa1\" \/>\n\t<meta name=\"twitter:label2\" content=\"Tiempo de lectura\" \/>\n\t<meta name=\"twitter:data2\" content=\"1 minuto\" \/>\n<script type=\"application\/ld+json\" class=\"yoast-schema-graph\">{\"@context\":\"https:\/\/schema.org\",\"@graph\":[{\"@type\":\"WebPage\",\"@id\":\"https:\/\/www.ull.es\/portal\/noticias\/2018\/ayudas-destinadas-al-alumnado-la-ull\/\",\"url\":\"https:\/\/www.ull.es\/portal\/noticias\/2018\/ayudas-destinadas-al-alumnado-la-ull\/\",\"name\":\"Ayudas destinadas al alumnado de la ULL - ULL - Noticias\",\"isPartOf\":{\"@id\":\"https:\/\/www.ull.es\/portal\/noticias\/#website\"},\"datePublished\":\"2018-04-04T13:13:26+00:00\",\"dateModified\":\"2018-04-04T13:13:26+00:00\",\"author\":{\"@id\":\"https:\/\/www.ull.es\/portal\/noticias\/#\/schema\/person\/ea9b721b26bc001d9f8820a760100f96\"},\"breadcrumb\":{\"@id\":\"https:\/\/www.ull.es\/portal\/noticias\/2018\/ayudas-destinadas-al-alumnado-la-ull\/#breadcrumb\"},\"inLanguage\":\"es\",\"potentialAction\":[{\"@type\":\"ReadAction\",\"target\":[\"https:\/\/www.ull.es\/portal\/noticias\/2018\/ayudas-destinadas-al-alumnado-la-ull\/\"]}]},{\"@type\":\"BreadcrumbList\",\"@id\":\"https:\/\/www.ull.es\/portal\/noticias\/2018\/ayudas-destinadas-al-alumnado-la-ull\/#breadcrumb\",\"itemListElement\":[{\"@type\":\"ListItem\",\"position\":1,\"name\":\"Portada\",\"item\":\"https:\/\/www.ull.es\/portal\/noticias\/\"},{\"@type\":\"ListItem\",\"position\":2,\"name\":\"Ayudas destinadas al alumnado de la ULL\"}]},{\"@type\":\"WebSite\",\"@id\":\"https:\/\/www.ull.es\/portal\/noticias\/#website\",\"url\":\"https:\/\/www.ull.es\/portal\/noticias\/\",\"name\":\"ULL - Noticias\",\"description\":\"\",\"potentialAction\":[{\"@type\":\"SearchAction\",\"target\":{\"@type\":\"EntryPoint\",\"urlTemplate\":\"https:\/\/www.ull.es\/portal\/noticias\/?s={search_term_string}\"},\"query-input\":\"required name=search_term_string\"}],\"inLanguage\":\"es\"},{\"@type\":\"Person\",\"@id\":\"https:\/\/www.ull.es\/portal\/noticias\/#\/schema\/person\/ea9b721b26bc001d9f8820a760100f96\",\"name\":\"prensa1\",\"image\":{\"@type\":\"ImageObject\",\"inLanguage\":\"es\",\"@id\":\"https:\/\/www.ull.es\/portal\/noticias\/#\/schema\/person\/image\/\",\"url\":\"https:\/\/secure.gravatar.com\/avatar\/94b9dcabd35142d3e94c7343cd1c6ca0?s=96&d=mm&r=g\",\"contentUrl\":\"https:\/\/secure.gravatar.com\/avatar\/94b9dcabd35142d3e94c7343cd1c6ca0?s=96&d=mm&r=g\",\"caption\":\"prensa1\"},\"url\":\"https:\/\/www.ull.es\/portal\/noticias\/author\/prensa1\/\"}]}<\/script>\n<!-- \/ Yoast SEO plugin. -->","yoast_head_json":{"title":"Ayudas destinadas al alumnado de la ULL - ULL - Noticias","robots":{"index":"index","follow":"follow","max-snippet":"max-snippet:-1","max-image-preview":"max-image-preview:large","max-video-preview":"max-video-preview:-1"},"canonical":"https:\/\/www.ull.es\/portal\/noticias\/2018\/ayudas-destinadas-al-alumnado-la-ull\/","og_locale":"es_ES","og_type":"article","og_title":"Ayudas destinadas al alumnado de la ULL - ULL - Noticias","og_description":"Extracto de la resoluci\u00f3n de 22 de marzo de 2018, por la que se convocan ayudas destinadas a alumnado de...","og_url":"https:\/\/www.ull.es\/portal\/noticias\/2018\/ayudas-destinadas-al-alumnado-la-ull\/","og_site_name":"ULL - Noticias","article_publisher":"https:\/\/www.facebook.com\/universidaddelalaguna\/","article_published_time":"2018-04-04T13:13:26+00:00","og_image":[{"width":1200,"height":630,"url":"https:\/\/www.ull.es\/portal\/noticias\/wp-content\/uploads\/sites\/13\/2023\/06\/logo-redimensionado.png","type":"image\/png"}],"author":"prensa1","twitter_card":"summary_large_image","twitter_creator":"@CanalULL","twitter_site":"@CanalULL","twitter_misc":{"Escrito por":"prensa1","Tiempo de lectura":"1 minuto"},"schema":{"@context":"https:\/\/schema.org","@graph":[{"@type":"WebPage","@id":"https:\/\/www.ull.es\/portal\/noticias\/2018\/ayudas-destinadas-al-alumnado-la-ull\/","url":"https:\/\/www.ull.es\/portal\/noticias\/2018\/ayudas-destinadas-al-alumnado-la-ull\/","name":"Ayudas destinadas al alumnado de la ULL - ULL - Noticias","isPartOf":{"@id":"https:\/\/www.ull.es\/portal\/noticias\/#website"},"datePublished":"2018-04-04T13:13:26+00:00","dateModified":"2018-04-04T13:13:26+00:00","author":{"@id":"https:\/\/www.ull.es\/portal\/noticias\/#\/schema\/person\/ea9b721b26bc001d9f8820a760100f96"},"breadcrumb":{"@id":"https:\/\/www.ull.es\/portal\/noticias\/2018\/ayudas-destinadas-al-alumnado-la-ull\/#breadcrumb"},"inLanguage":"es","potentialAction":[{"@type":"ReadAction","target":["https:\/\/www.ull.es\/portal\/noticias\/2018\/ayudas-destinadas-al-alumnado-la-ull\/"]}]},{"@type":"BreadcrumbList","@id":"https:\/\/www.ull.es\/portal\/noticias\/2018\/ayudas-destinadas-al-alumnado-la-ull\/#breadcrumb","itemListElement":[{"@type":"ListItem","position":1,"name":"Portada","item":"https:\/\/www.ull.es\/portal\/noticias\/"},{"@type":"ListItem","position":2,"name":"Ayudas destinadas al alumnado de la ULL"}]},{"@type":"WebSite","@id":"https:\/\/www.ull.es\/portal\/noticias\/#website","url":"https:\/\/www.ull.es\/portal\/noticias\/","name":"ULL - Noticias","description":"","potentialAction":[{"@type":"SearchAction","target":{"@type":"EntryPoint","urlTemplate":"https:\/\/www.ull.es\/portal\/noticias\/?s={search_term_string}"},"query-input":"required name=search_term_string"}],"inLanguage":"es"},{"@type":"Person","@id":"https:\/\/www.ull.es\/portal\/noticias\/#\/schema\/person\/ea9b721b26bc001d9f8820a760100f96","name":"prensa1","image":{"@type":"ImageObject","inLanguage":"es","@id":"https:\/\/www.ull.es\/portal\/noticias\/#\/schema\/person\/image\/","url":"https:\/\/secure.gravatar.com\/avatar\/94b9dcabd35142d3e94c7343cd1c6ca0?s=96&d=mm&r=g","contentUrl":"https:\/\/secure.gravatar.com\/avatar\/94b9dcabd35142d3e94c7343cd1c6ca0?s=96&d=mm&r=g","caption":"prensa1"},"url":"https:\/\/www.ull.es\/portal\/noticias\/author\/prensa1\/"}]}},"primary_category":{"id":343,"name":"Alumnado","slug":"alumnado","link":"https:\/\/www.ull.es\/portal\/noticias\/category\/alumnado\/"},"featured_image_thumbnail_url":null,"_links":{"self":[{"href":"https:\/\/www.ull.es\/portal\/noticias\/wp-json\/wp\/v2\/posts\/36225"}],"collection":[{"href":"https:\/\/www.ull.es\/portal\/noticias\/wp-json\/wp\/v2\/posts"}],"about":[{"href":"https:\/\/www.ull.es\/portal\/noticias\/wp-json\/wp\/v2\/types\/post"}],"author":[{"embeddable":true,"href":"https:\/\/www.ull.es\/portal\/noticias\/wp-json\/wp\/v2\/users\/20"}],"replies":[{"embeddable":true,"href":"https:\/\/www.ull.es\/portal\/noticias\/wp-json\/wp\/v2\/comments?post=36225"}],"version-history":[{"count":2,"href":"https:\/\/www.ull.es\/portal\/noticias\/wp-json\/wp\/v2\/posts\/36225\/revisions"}],"predecessor-version":[{"id":36227,"href":"https:\/\/www.ull.es\/portal\/noticias\/wp-json\/wp\/v2\/posts\/36225\/revisions\/36227"}],"wp:attachment":[{"href":"https:\/\/www.ull.es\/portal\/noticias\/wp-json\/wp\/v2\/media?parent=36225"}],"wp:term":[{"taxonomy":"category","embeddable":true,"href":"https:\/\/www.ull.es\/portal\/noticias\/wp-json\/wp\/v2\/categories?post=36225"},{"taxonomy":"post_tag","embeddable":true,"href":"https:\/\/www.ull.es\/portal\/noticias\/wp-json\/wp\/v2\/tags?post=36225"}],"curies":[{"name":"wp","href":"https:\/\/api.w.org\/{rel}","templated":true}]}}