{"id":36228,"date":"2018-04-04T13:14:41","date_gmt":"2018-04-04T13:14:41","guid":{"rendered":"https:\/\/www.ull.es\/portal\/noticias\/?p=36228"},"modified":"2018-04-04T13:14:41","modified_gmt":"2018-04-04T13:14:41","slug":"becas-idiomaticas-alumnado-grado-maestro-educacion-infantil-educacion-primaria","status":"publish","type":"post","link":"https:\/\/www.ull.es\/portal\/noticias\/2018\/becas-idiomaticas-alumnado-grado-maestro-educacion-infantil-educacion-primaria\/","title":{"rendered":"Becas idiom\u00e1ticas para el alumnado de Grado en Maestro en Educaci\u00f3n Infantil y Educaci\u00f3n Primaria"},"content":{"rendered":"<p><a href=\"http:\/\/sede.gobcan.es\/boc\/boc-a-2018-065-1573.pdf\" target=\"_blank\" rel=\"noopener\" data-saferedirecturl=\"https:\/\/www.google.com\/url?hl=es&amp;q=http:\/\/sede.gobcan.es\/boc\/boc-a-2018-065-1573.pdf&amp;source=gmail&amp;ust=1522927508906000&amp;usg=AFQjCNHp4gGZzsP-NK8DWrvOy0AcPeE1pw\" target=\"_blank\" rel=\"noopener\">Extracto de la resoluci\u00f3n de 21 de marzo de 2018, por la que se efect\u00faa la convocatoria para la selecci\u00f3n de 38 becas idiom\u00e1ticas para el alumnado de Grado en Maestro en Educaci\u00f3n Infantil y Grado en Maestro en Educaci\u00f3n Primaria durante el curso 2017\/2018, y para titulados en dichas titulaciones en el curso 2016\/2017<\/a><\/p>\n","protected":false},"excerpt":{"rendered":"<p>Extracto de la resoluci\u00f3n de 21 de marzo de 2018, por la que se efect\u00faa la convocatoria para la selecci\u00f3n&#8230;<\/p>\n","protected":false},"author":20,"featured_media":0,"comment_status":"closed","ping_status":"closed","sticky":false,"template":"","format":"standard","meta":{"inline_featured_image":false,"footnotes":""},"categories":[343,2768],"tags":[],"acf":[],"yoast_head":"<!-- This site is optimized with the Yoast SEO plugin v21.3 - https:\/\/yoast.com\/wordpress\/plugins\/seo\/ -->\n<title>Becas idiom\u00e1ticas para el alumnado de Grado en Maestro en Educaci\u00f3n Infantil y Educaci\u00f3n Primaria - ULL - Noticias<\/title>\n<meta name=\"robots\" content=\"index, follow, max-snippet:-1, max-image-preview:large, max-video-preview:-1\" \/>\n<link rel=\"canonical\" href=\"https:\/\/www.ull.es\/portal\/noticias\/2018\/becas-idiomaticas-alumnado-grado-maestro-educacion-infantil-educacion-primaria\/\" \/>\n<meta property=\"og:locale\" content=\"es_ES\" \/>\n<meta property=\"og:type\" content=\"article\" \/>\n<meta property=\"og:title\" content=\"Becas idiom\u00e1ticas para el alumnado de Grado en Maestro en Educaci\u00f3n Infantil y Educaci\u00f3n Primaria - ULL - Noticias\" \/>\n<meta property=\"og:description\" content=\"Extracto de la resoluci\u00f3n de 21 de marzo de 2018, por la que se efect\u00faa la convocatoria para la selecci\u00f3n...\" \/>\n<meta property=\"og:url\" content=\"https:\/\/www.ull.es\/portal\/noticias\/2018\/becas-idiomaticas-alumnado-grado-maestro-educacion-infantil-educacion-primaria\/\" \/>\n<meta property=\"og:site_name\" content=\"ULL - Noticias\" \/>\n<meta property=\"article:publisher\" content=\"https:\/\/www.facebook.com\/universidaddelalaguna\/\" \/>\n<meta property=\"article:published_time\" content=\"2018-04-04T13:14:41+00:00\" \/>\n<meta property=\"og:image\" content=\"https:\/\/www.ull.es\/portal\/noticias\/wp-content\/uploads\/sites\/13\/2023\/06\/logo-redimensionado.png\" \/>\n\t<meta property=\"og:image:width\" content=\"1200\" \/>\n\t<meta property=\"og:image:height\" content=\"630\" \/>\n\t<meta property=\"og:image:type\" content=\"image\/png\" \/>\n<meta name=\"author\" content=\"prensa1\" \/>\n<meta name=\"twitter:card\" content=\"summary_large_image\" \/>\n<meta name=\"twitter:creator\" content=\"@CanalULL\" \/>\n<meta name=\"twitter:site\" content=\"@CanalULL\" \/>\n<meta name=\"twitter:label1\" content=\"Escrito por\" \/>\n\t<meta name=\"twitter:data1\" content=\"prensa1\" \/>\n<script type=\"application\/ld+json\" class=\"yoast-schema-graph\">{\"@context\":\"https:\/\/schema.org\",\"@graph\":[{\"@type\":\"WebPage\",\"@id\":\"https:\/\/www.ull.es\/portal\/noticias\/2018\/becas-idiomaticas-alumnado-grado-maestro-educacion-infantil-educacion-primaria\/\",\"url\":\"https:\/\/www.ull.es\/portal\/noticias\/2018\/becas-idiomaticas-alumnado-grado-maestro-educacion-infantil-educacion-primaria\/\",\"name\":\"Becas idiom\u00e1ticas para el alumnado de Grado en Maestro en Educaci\u00f3n Infantil y Educaci\u00f3n Primaria - ULL - Noticias\",\"isPartOf\":{\"@id\":\"https:\/\/www.ull.es\/portal\/noticias\/#website\"},\"datePublished\":\"2018-04-04T13:14:41+00:00\",\"dateModified\":\"2018-04-04T13:14:41+00:00\",\"author\":{\"@id\":\"https:\/\/www.ull.es\/portal\/noticias\/#\/schema\/person\/ea9b721b26bc001d9f8820a760100f96\"},\"breadcrumb\":{\"@id\":\"https:\/\/www.ull.es\/portal\/noticias\/2018\/becas-idiomaticas-alumnado-grado-maestro-educacion-infantil-educacion-primaria\/#breadcrumb\"},\"inLanguage\":\"es\",\"potentialAction\":[{\"@type\":\"ReadAction\",\"target\":[\"https:\/\/www.ull.es\/portal\/noticias\/2018\/becas-idiomaticas-alumnado-grado-maestro-educacion-infantil-educacion-primaria\/\"]}]},{\"@type\":\"BreadcrumbList\",\"@id\":\"https:\/\/www.ull.es\/portal\/noticias\/2018\/becas-idiomaticas-alumnado-grado-maestro-educacion-infantil-educacion-primaria\/#breadcrumb\",\"itemListElement\":[{\"@type\":\"ListItem\",\"position\":1,\"name\":\"Portada\",\"item\":\"https:\/\/www.ull.es\/portal\/noticias\/\"},{\"@type\":\"ListItem\",\"position\":2,\"name\":\"Becas idiom\u00e1ticas para el alumnado de Grado en Maestro en Educaci\u00f3n Infantil y Educaci\u00f3n Primaria\"}]},{\"@type\":\"WebSite\",\"@id\":\"https:\/\/www.ull.es\/portal\/noticias\/#website\",\"url\":\"https:\/\/www.ull.es\/portal\/noticias\/\",\"name\":\"ULL - Noticias\",\"description\":\"\",\"potentialAction\":[{\"@type\":\"SearchAction\",\"target\":{\"@type\":\"EntryPoint\",\"urlTemplate\":\"https:\/\/www.ull.es\/portal\/noticias\/?s={search_term_string}\"},\"query-input\":\"required name=search_term_string\"}],\"inLanguage\":\"es\"},{\"@type\":\"Person\",\"@id\":\"https:\/\/www.ull.es\/portal\/noticias\/#\/schema\/person\/ea9b721b26bc001d9f8820a760100f96\",\"name\":\"prensa1\",\"image\":{\"@type\":\"ImageObject\",\"inLanguage\":\"es\",\"@id\":\"https:\/\/www.ull.es\/portal\/noticias\/#\/schema\/person\/image\/\",\"url\":\"https:\/\/secure.gravatar.com\/avatar\/94b9dcabd35142d3e94c7343cd1c6ca0?s=96&d=mm&r=g\",\"contentUrl\":\"https:\/\/secure.gravatar.com\/avatar\/94b9dcabd35142d3e94c7343cd1c6ca0?s=96&d=mm&r=g\",\"caption\":\"prensa1\"},\"url\":\"https:\/\/www.ull.es\/portal\/noticias\/author\/prensa1\/\"}]}<\/script>\n<!-- \/ Yoast SEO plugin. -->","yoast_head_json":{"title":"Becas idiom\u00e1ticas para el alumnado de Grado en Maestro en Educaci\u00f3n Infantil y Educaci\u00f3n Primaria - ULL - Noticias","robots":{"index":"index","follow":"follow","max-snippet":"max-snippet:-1","max-image-preview":"max-image-preview:large","max-video-preview":"max-video-preview:-1"},"canonical":"https:\/\/www.ull.es\/portal\/noticias\/2018\/becas-idiomaticas-alumnado-grado-maestro-educacion-infantil-educacion-primaria\/","og_locale":"es_ES","og_type":"article","og_title":"Becas idiom\u00e1ticas para el alumnado de Grado en Maestro en Educaci\u00f3n Infantil y Educaci\u00f3n Primaria - ULL - Noticias","og_description":"Extracto de la resoluci\u00f3n de 21 de marzo de 2018, por la que se efect\u00faa la convocatoria para la selecci\u00f3n...","og_url":"https:\/\/www.ull.es\/portal\/noticias\/2018\/becas-idiomaticas-alumnado-grado-maestro-educacion-infantil-educacion-primaria\/","og_site_name":"ULL - Noticias","article_publisher":"https:\/\/www.facebook.com\/universidaddelalaguna\/","article_published_time":"2018-04-04T13:14:41+00:00","og_image":[{"width":1200,"height":630,"url":"https:\/\/www.ull.es\/portal\/noticias\/wp-content\/uploads\/sites\/13\/2023\/06\/logo-redimensionado.png","type":"image\/png"}],"author":"prensa1","twitter_card":"summary_large_image","twitter_creator":"@CanalULL","twitter_site":"@CanalULL","twitter_misc":{"Escrito por":"prensa1"},"schema":{"@context":"https:\/\/schema.org","@graph":[{"@type":"WebPage","@id":"https:\/\/www.ull.es\/portal\/noticias\/2018\/becas-idiomaticas-alumnado-grado-maestro-educacion-infantil-educacion-primaria\/","url":"https:\/\/www.ull.es\/portal\/noticias\/2018\/becas-idiomaticas-alumnado-grado-maestro-educacion-infantil-educacion-primaria\/","name":"Becas idiom\u00e1ticas para el alumnado de Grado en Maestro en Educaci\u00f3n Infantil y Educaci\u00f3n Primaria - ULL - Noticias","isPartOf":{"@id":"https:\/\/www.ull.es\/portal\/noticias\/#website"},"datePublished":"2018-04-04T13:14:41+00:00","dateModified":"2018-04-04T13:14:41+00:00","author":{"@id":"https:\/\/www.ull.es\/portal\/noticias\/#\/schema\/person\/ea9b721b26bc001d9f8820a760100f96"},"breadcrumb":{"@id":"https:\/\/www.ull.es\/portal\/noticias\/2018\/becas-idiomaticas-alumnado-grado-maestro-educacion-infantil-educacion-primaria\/#breadcrumb"},"inLanguage":"es","potentialAction":[{"@type":"ReadAction","target":["https:\/\/www.ull.es\/portal\/noticias\/2018\/becas-idiomaticas-alumnado-grado-maestro-educacion-infantil-educacion-primaria\/"]}]},{"@type":"BreadcrumbList","@id":"https:\/\/www.ull.es\/portal\/noticias\/2018\/becas-idiomaticas-alumnado-grado-maestro-educacion-infantil-educacion-primaria\/#breadcrumb","itemListElement":[{"@type":"ListItem","position":1,"name":"Portada","item":"https:\/\/www.ull.es\/portal\/noticias\/"},{"@type":"ListItem","position":2,"name":"Becas idiom\u00e1ticas para el alumnado de Grado en Maestro en Educaci\u00f3n Infantil y Educaci\u00f3n Primaria"}]},{"@type":"WebSite","@id":"https:\/\/www.ull.es\/portal\/noticias\/#website","url":"https:\/\/www.ull.es\/portal\/noticias\/","name":"ULL - Noticias","description":"","potentialAction":[{"@type":"SearchAction","target":{"@type":"EntryPoint","urlTemplate":"https:\/\/www.ull.es\/portal\/noticias\/?s={search_term_string}"},"query-input":"required name=search_term_string"}],"inLanguage":"es"},{"@type":"Person","@id":"https:\/\/www.ull.es\/portal\/noticias\/#\/schema\/person\/ea9b721b26bc001d9f8820a760100f96","name":"prensa1","image":{"@type":"ImageObject","inLanguage":"es","@id":"https:\/\/www.ull.es\/portal\/noticias\/#\/schema\/person\/image\/","url":"https:\/\/secure.gravatar.com\/avatar\/94b9dcabd35142d3e94c7343cd1c6ca0?s=96&d=mm&r=g","contentUrl":"https:\/\/secure.gravatar.com\/avatar\/94b9dcabd35142d3e94c7343cd1c6ca0?s=96&d=mm&r=g","caption":"prensa1"},"url":"https:\/\/www.ull.es\/portal\/noticias\/author\/prensa1\/"}]}},"primary_category":{"id":343,"name":"Alumnado","slug":"alumnado","link":"https:\/\/www.ull.es\/portal\/noticias\/category\/alumnado\/"},"featured_image_thumbnail_url":null,"_links":{"self":[{"href":"https:\/\/www.ull.es\/portal\/noticias\/wp-json\/wp\/v2\/posts\/36228"}],"collection":[{"href":"https:\/\/www.ull.es\/portal\/noticias\/wp-json\/wp\/v2\/posts"}],"about":[{"href":"https:\/\/www.ull.es\/portal\/noticias\/wp-json\/wp\/v2\/types\/post"}],"author":[{"embeddable":true,"href":"https:\/\/www.ull.es\/portal\/noticias\/wp-json\/wp\/v2\/users\/20"}],"replies":[{"embeddable":true,"href":"https:\/\/www.ull.es\/portal\/noticias\/wp-json\/wp\/v2\/comments?post=36228"}],"version-history":[{"count":1,"href":"https:\/\/www.ull.es\/portal\/noticias\/wp-json\/wp\/v2\/posts\/36228\/revisions"}],"predecessor-version":[{"id":36229,"href":"https:\/\/www.ull.es\/portal\/noticias\/wp-json\/wp\/v2\/posts\/36228\/revisions\/36229"}],"wp:attachment":[{"href":"https:\/\/www.ull.es\/portal\/noticias\/wp-json\/wp\/v2\/media?parent=36228"}],"wp:term":[{"taxonomy":"category","embeddable":true,"href":"https:\/\/www.ull.es\/portal\/noticias\/wp-json\/wp\/v2\/categories?post=36228"},{"taxonomy":"post_tag","embeddable":true,"href":"https:\/\/www.ull.es\/portal\/noticias\/wp-json\/wp\/v2\/tags?post=36228"}],"curies":[{"name":"wp","href":"https:\/\/api.w.org\/{rel}","templated":true}]}}