{"id":36405,"date":"2018-04-13T12:48:37","date_gmt":"2018-04-13T12:48:37","guid":{"rendered":"https:\/\/www.ull.es\/portal\/noticias\/?p=36405"},"modified":"2018-04-16T08:06:37","modified_gmt":"2018-04-16T08:06:37","slug":"ii-jornadas-docencia-en-linea","status":"publish","type":"post","link":"https:\/\/www.ull.es\/portal\/noticias\/2018\/ii-jornadas-docencia-en-linea\/","title":{"rendered":"La Universidad de La Laguna re\u00fane a expertos nacionales en docencia superior en l\u00ednea"},"content":{"rendered":"<p><img decoding=\"async\" loading=\"lazy\" class=\"aligncenter wp-image-36412 size-large\" src=\"https:\/\/www.ull.es\/portal\/noticias\/wp-content\/uploads\/sites\/13\/2018\/04\/docencia-linea-1024x247.png\" alt=\"\" width=\"1024\" height=\"247\" srcset=\"https:\/\/www.ull.es\/portal\/noticias\/wp-content\/uploads\/sites\/13\/2018\/04\/docencia-linea-1024x247.png 1024w, https:\/\/www.ull.es\/portal\/noticias\/wp-content\/uploads\/sites\/13\/2018\/04\/docencia-linea-300x72.png 300w, https:\/\/www.ull.es\/portal\/noticias\/wp-content\/uploads\/sites\/13\/2018\/04\/docencia-linea-768x185.png 768w, https:\/\/www.ull.es\/portal\/noticias\/wp-content\/uploads\/sites\/13\/2018\/04\/docencia-linea-375x90.png 375w, https:\/\/www.ull.es\/portal\/noticias\/wp-content\/uploads\/sites\/13\/2018\/04\/docencia-linea-750x181.png 750w, https:\/\/www.ull.es\/portal\/noticias\/wp-content\/uploads\/sites\/13\/2018\/04\/docencia-linea-1140x275.png 1140w, https:\/\/www.ull.es\/portal\/noticias\/wp-content\/uploads\/sites\/13\/2018\/04\/docencia-linea.png 1600w\" sizes=\"(max-width: 1024px) 100vw, 1024px\" \/><\/p>\n<p>El Vicerrectorado de Docencia de la Universidad de La Laguna ha organizado las <a href=\"http:\/\/eventos.ull.es\/17607\/detail\/ii-jornadas-de-docencia-universitaria-en-linea.html\" target=\"_blank\" rel=\"noopener\">II Jornadas de Docencia Universitaria en L\u00ednea<\/a>, que se desarrollar\u00e1n a partir del lunes 16 de abril a las 16:00 horas, hasta el d\u00eda 17, en el Recinto Ferial de santa Cruz de Tenerife. Este encuentro reunir\u00e1 a algunos de los m\u00e1s destacados especialistas nacionales en la materia.<\/p>\n<p>Estas jornadas se enmarcan en las diferentes actividades que la Universidad de La Laguna est\u00e1 acometiendo para responder a uno de sus retos actuales: impulsar una oferta institucional de sus estudios a trav\u00e9s de la modalidad de educaci\u00f3n a distancia en l\u00ednea y semipresencial.<\/p>\n<p>Diado que en dicha una modalidad de ense\u00f1anza el proceso de aprendizaje debe ser aut\u00f3nomo, guiado y basado en la cumplimentaci\u00f3n de tareas, su profesorado debe dominar una serie de competencias docentes distintas a las de la formaci\u00f3n presencial, como son la creaci\u00f3n de materiales did\u00e1cticos digitales, la planificaci\u00f3n y gesti\u00f3n de entornos de aprendizaje en l\u00ednea, y las acciones de tutorizaci\u00f3n virtual.<\/p>\n<p>Estas jornadas responden, por tanto, a esa formaci\u00f3n adecuada, tanto metodol\u00f3gica como tecnol\u00f3gica, puesto que en su transcurso se analizar\u00e1n las tendencias en tecnolog\u00edas educativas actuales en la formaci\u00f3n y la acreditaci\u00f3n de la competencia digital docente.<\/p>\n<p>En ellas han confirmado asistencia m\u00e1s de 60 personas e intervendr\u00e1n destacados ponentes de universidades e instituciones educativas como la de Granada, Sevilla, La Rioja, Mondrag\u00f3n, Islas Baleares, Huelva, Pompeu Fabra, UNED, y la propia ULL. En los diferentes paneles e intervenciones se abordar\u00e1n los retos de la digitalizaci\u00f3n de la educaci\u00f3n superior, la formaci\u00f3n y la acreditaci\u00f3n de la competencia digital en las instituciones de Educaci\u00f3n Superior y sobre la calidad en las titulaciones en l\u00ednea y semipresenciales.<\/p>\n<p>Estas II Jornadas de Docencia Universitaria en L\u00ednea se organizan en conjunto con las <a href=\"http:\/\/www.uajournals.com\/jornadascampusvirtuales\/es\/\" target=\"_blank\" rel=\"noopener\">VIII Jornadas Internacionales de Campus Virtuales (JICV&#8217;18)<\/a> y de forma paralela con el<a href=\"http:\/\/www.educon-conference.org\/current\/\" target=\"_blank\" rel=\"noopener\"> IEEE EDUCON 2018.<\/a><\/p>\n<p>&nbsp;<\/p>\n","protected":false},"excerpt":{"rendered":"<p>El Vicerrectorado de Docencia de la Universidad de La Laguna ha organizado las II Jornadas de Docencia Universitaria en L\u00ednea,&#8230;<\/p>\n","protected":false},"author":21,"featured_media":36411,"comment_status":"closed","ping_status":"closed","sticky":false,"template":"","format":"image","meta":{"inline_featured_image":false,"footnotes":""},"categories":[345,346,2754,2765],"tags":[4196,4195,4197,2609],"acf":[],"yoast_head":"<!-- This site is optimized with the Yoast SEO plugin v21.3 - https:\/\/yoast.com\/wordpress\/plugins\/seo\/ -->\n<title>La ULL re\u00fane a expertos nacionales en docencia superior en l\u00ednea<\/title>\n<meta name=\"description\" content=\"El Vicerrectorado de Docencia de la ULL ha organizado las II Jornadas de Docencia Universitaria en L\u00ednea, los d\u00edas 16 y 17 de abril.\" \/>\n<meta name=\"robots\" content=\"index, follow, max-snippet:-1, max-image-preview:large, max-video-preview:-1\" \/>\n<link rel=\"canonical\" href=\"https:\/\/www.ull.es\/portal\/noticias\/2018\/ii-jornadas-docencia-en-linea\/\" \/>\n<meta property=\"og:locale\" content=\"es_ES\" \/>\n<meta property=\"og:type\" content=\"article\" \/>\n<meta property=\"og:title\" content=\"La ULL re\u00fane a expertos nacionales en docencia superior en l\u00ednea\" \/>\n<meta property=\"og:description\" content=\"El Vicerrectorado de Docencia de la ULL ha organizado las II Jornadas de Docencia Universitaria en L\u00ednea, los d\u00edas 16 y 17 de abril.\" \/>\n<meta property=\"og:url\" content=\"https:\/\/www.ull.es\/portal\/noticias\/2018\/ii-jornadas-docencia-en-linea\/\" \/>\n<meta property=\"og:site_name\" content=\"ULL - Noticias\" \/>\n<meta property=\"article:publisher\" content=\"https:\/\/www.facebook.com\/universidaddelalaguna\/\" \/>\n<meta property=\"article:published_time\" content=\"2018-04-13T12:48:37+00:00\" \/>\n<meta property=\"article:modified_time\" content=\"2018-04-16T08:06:37+00:00\" \/>\n<meta property=\"og:image\" content=\"https:\/\/www.ull.es\/portal\/noticias\/wp-content\/uploads\/sites\/13\/2018\/04\/docencia-linea-p.png\" \/>\n\t<meta property=\"og:image:width\" content=\"675\" \/>\n\t<meta property=\"og:image:height\" content=\"400\" \/>\n\t<meta property=\"og:image:type\" content=\"image\/png\" \/>\n<meta name=\"author\" content=\"prensa2\" \/>\n<meta name=\"twitter:card\" content=\"summary_large_image\" \/>\n<meta name=\"twitter:creator\" content=\"@CanalULL\" \/>\n<meta name=\"twitter:site\" content=\"@CanalULL\" \/>\n<meta name=\"twitter:label1\" content=\"Escrito por\" \/>\n\t<meta name=\"twitter:data1\" content=\"prensa2\" \/>\n\t<meta name=\"twitter:label2\" content=\"Tiempo de lectura\" \/>\n\t<meta name=\"twitter:data2\" content=\"2 minutos\" \/>\n<script type=\"application\/ld+json\" class=\"yoast-schema-graph\">{\"@context\":\"https:\/\/schema.org\",\"@graph\":[{\"@type\":\"WebPage\",\"@id\":\"https:\/\/www.ull.es\/portal\/noticias\/2018\/ii-jornadas-docencia-en-linea\/\",\"url\":\"https:\/\/www.ull.es\/portal\/noticias\/2018\/ii-jornadas-docencia-en-linea\/\",\"name\":\"La ULL re\u00fane a expertos nacionales en docencia superior en l\u00ednea\",\"isPartOf\":{\"@id\":\"https:\/\/www.ull.es\/portal\/noticias\/#website\"},\"datePublished\":\"2018-04-13T12:48:37+00:00\",\"dateModified\":\"2018-04-16T08:06:37+00:00\",\"author\":{\"@id\":\"https:\/\/www.ull.es\/portal\/noticias\/#\/schema\/person\/c3b2aa857797592927a03740d6664376\"},\"description\":\"El Vicerrectorado de Docencia de la ULL ha organizado las II Jornadas de Docencia Universitaria en L\u00ednea, los d\u00edas 16 y 17 de abril.\",\"breadcrumb\":{\"@id\":\"https:\/\/www.ull.es\/portal\/noticias\/2018\/ii-jornadas-docencia-en-linea\/#breadcrumb\"},\"inLanguage\":\"es\",\"potentialAction\":[{\"@type\":\"ReadAction\",\"target\":[\"https:\/\/www.ull.es\/portal\/noticias\/2018\/ii-jornadas-docencia-en-linea\/\"]}]},{\"@type\":\"BreadcrumbList\",\"@id\":\"https:\/\/www.ull.es\/portal\/noticias\/2018\/ii-jornadas-docencia-en-linea\/#breadcrumb\",\"itemListElement\":[{\"@type\":\"ListItem\",\"position\":1,\"name\":\"Portada\",\"item\":\"https:\/\/www.ull.es\/portal\/noticias\/\"},{\"@type\":\"ListItem\",\"position\":2,\"name\":\"La Universidad de La Laguna re\u00fane a expertos nacionales en docencia superior en l\u00ednea\"}]},{\"@type\":\"WebSite\",\"@id\":\"https:\/\/www.ull.es\/portal\/noticias\/#website\",\"url\":\"https:\/\/www.ull.es\/portal\/noticias\/\",\"name\":\"ULL - Noticias\",\"description\":\"\",\"potentialAction\":[{\"@type\":\"SearchAction\",\"target\":{\"@type\":\"EntryPoint\",\"urlTemplate\":\"https:\/\/www.ull.es\/portal\/noticias\/?s={search_term_string}\"},\"query-input\":\"required name=search_term_string\"}],\"inLanguage\":\"es\"},{\"@type\":\"Person\",\"@id\":\"https:\/\/www.ull.es\/portal\/noticias\/#\/schema\/person\/c3b2aa857797592927a03740d6664376\",\"name\":\"prensa2\",\"image\":{\"@type\":\"ImageObject\",\"inLanguage\":\"es\",\"@id\":\"https:\/\/www.ull.es\/portal\/noticias\/#\/schema\/person\/image\/\",\"url\":\"https:\/\/secure.gravatar.com\/avatar\/b58f310a5de5feb33d1e026d2493f23c?s=96&d=mm&r=g\",\"contentUrl\":\"https:\/\/secure.gravatar.com\/avatar\/b58f310a5de5feb33d1e026d2493f23c?s=96&d=mm&r=g\",\"caption\":\"prensa2\"},\"url\":\"https:\/\/www.ull.es\/portal\/noticias\/author\/prensa2\/\"}]}<\/script>\n<!-- \/ Yoast SEO plugin. -->","yoast_head_json":{"title":"La ULL re\u00fane a expertos nacionales en docencia superior en l\u00ednea","description":"El Vicerrectorado de Docencia de la ULL ha organizado las II Jornadas de Docencia Universitaria en L\u00ednea, los d\u00edas 16 y 17 de abril.","robots":{"index":"index","follow":"follow","max-snippet":"max-snippet:-1","max-image-preview":"max-image-preview:large","max-video-preview":"max-video-preview:-1"},"canonical":"https:\/\/www.ull.es\/portal\/noticias\/2018\/ii-jornadas-docencia-en-linea\/","og_locale":"es_ES","og_type":"article","og_title":"La ULL re\u00fane a expertos nacionales en docencia superior en l\u00ednea","og_description":"El Vicerrectorado de Docencia de la ULL ha organizado las II Jornadas de Docencia Universitaria en L\u00ednea, los d\u00edas 16 y 17 de abril.","og_url":"https:\/\/www.ull.es\/portal\/noticias\/2018\/ii-jornadas-docencia-en-linea\/","og_site_name":"ULL - Noticias","article_publisher":"https:\/\/www.facebook.com\/universidaddelalaguna\/","article_published_time":"2018-04-13T12:48:37+00:00","article_modified_time":"2018-04-16T08:06:37+00:00","og_image":[{"width":675,"height":400,"url":"https:\/\/www.ull.es\/portal\/noticias\/wp-content\/uploads\/sites\/13\/2018\/04\/docencia-linea-p.png","type":"image\/png"}],"author":"prensa2","twitter_card":"summary_large_image","twitter_creator":"@CanalULL","twitter_site":"@CanalULL","twitter_misc":{"Escrito por":"prensa2","Tiempo de lectura":"2 minutos"},"schema":{"@context":"https:\/\/schema.org","@graph":[{"@type":"WebPage","@id":"https:\/\/www.ull.es\/portal\/noticias\/2018\/ii-jornadas-docencia-en-linea\/","url":"https:\/\/www.ull.es\/portal\/noticias\/2018\/ii-jornadas-docencia-en-linea\/","name":"La ULL re\u00fane a expertos nacionales en docencia superior en l\u00ednea","isPartOf":{"@id":"https:\/\/www.ull.es\/portal\/noticias\/#website"},"datePublished":"2018-04-13T12:48:37+00:00","dateModified":"2018-04-16T08:06:37+00:00","author":{"@id":"https:\/\/www.ull.es\/portal\/noticias\/#\/schema\/person\/c3b2aa857797592927a03740d6664376"},"description":"El Vicerrectorado de Docencia de la ULL ha organizado las II Jornadas de Docencia Universitaria en L\u00ednea, los d\u00edas 16 y 17 de abril.","breadcrumb":{"@id":"https:\/\/www.ull.es\/portal\/noticias\/2018\/ii-jornadas-docencia-en-linea\/#breadcrumb"},"inLanguage":"es","potentialAction":[{"@type":"ReadAction","target":["https:\/\/www.ull.es\/portal\/noticias\/2018\/ii-jornadas-docencia-en-linea\/"]}]},{"@type":"BreadcrumbList","@id":"https:\/\/www.ull.es\/portal\/noticias\/2018\/ii-jornadas-docencia-en-linea\/#breadcrumb","itemListElement":[{"@type":"ListItem","position":1,"name":"Portada","item":"https:\/\/www.ull.es\/portal\/noticias\/"},{"@type":"ListItem","position":2,"name":"La Universidad de La Laguna re\u00fane a expertos nacionales en docencia superior en l\u00ednea"}]},{"@type":"WebSite","@id":"https:\/\/www.ull.es\/portal\/noticias\/#website","url":"https:\/\/www.ull.es\/portal\/noticias\/","name":"ULL - Noticias","description":"","potentialAction":[{"@type":"SearchAction","target":{"@type":"EntryPoint","urlTemplate":"https:\/\/www.ull.es\/portal\/noticias\/?s={search_term_string}"},"query-input":"required name=search_term_string"}],"inLanguage":"es"},{"@type":"Person","@id":"https:\/\/www.ull.es\/portal\/noticias\/#\/schema\/person\/c3b2aa857797592927a03740d6664376","name":"prensa2","image":{"@type":"ImageObject","inLanguage":"es","@id":"https:\/\/www.ull.es\/portal\/noticias\/#\/schema\/person\/image\/","url":"https:\/\/secure.gravatar.com\/avatar\/b58f310a5de5feb33d1e026d2493f23c?s=96&d=mm&r=g","contentUrl":"https:\/\/secure.gravatar.com\/avatar\/b58f310a5de5feb33d1e026d2493f23c?s=96&d=mm&r=g","caption":"prensa2"},"url":"https:\/\/www.ull.es\/portal\/noticias\/author\/prensa2\/"}]}},"primary_category":{"id":346,"name":"Docencia","slug":"docencia","link":"https:\/\/www.ull.es\/portal\/noticias\/category\/docencia\/"},"featured_image_thumbnail_url":"https:\/\/www.ull.es\/portal\/noticias\/wp-content\/uploads\/sites\/13\/2018\/04\/docencia-linea-p-300x178.png","_links":{"self":[{"href":"https:\/\/www.ull.es\/portal\/noticias\/wp-json\/wp\/v2\/posts\/36405"}],"collection":[{"href":"https:\/\/www.ull.es\/portal\/noticias\/wp-json\/wp\/v2\/posts"}],"about":[{"href":"https:\/\/www.ull.es\/portal\/noticias\/wp-json\/wp\/v2\/types\/post"}],"author":[{"embeddable":true,"href":"https:\/\/www.ull.es\/portal\/noticias\/wp-json\/wp\/v2\/users\/21"}],"replies":[{"embeddable":true,"href":"https:\/\/www.ull.es\/portal\/noticias\/wp-json\/wp\/v2\/comments?post=36405"}],"version-history":[{"count":5,"href":"https:\/\/www.ull.es\/portal\/noticias\/wp-json\/wp\/v2\/posts\/36405\/revisions"}],"predecessor-version":[{"id":36416,"href":"https:\/\/www.ull.es\/portal\/noticias\/wp-json\/wp\/v2\/posts\/36405\/revisions\/36416"}],"wp:featuredmedia":[{"embeddable":true,"href":"https:\/\/www.ull.es\/portal\/noticias\/wp-json\/wp\/v2\/media\/36411"}],"wp:attachment":[{"href":"https:\/\/www.ull.es\/portal\/noticias\/wp-json\/wp\/v2\/media?parent=36405"}],"wp:term":[{"taxonomy":"category","embeddable":true,"href":"https:\/\/www.ull.es\/portal\/noticias\/wp-json\/wp\/v2\/categories?post=36405"},{"taxonomy":"post_tag","embeddable":true,"href":"https:\/\/www.ull.es\/portal\/noticias\/wp-json\/wp\/v2\/tags?post=36405"}],"curies":[{"name":"wp","href":"https:\/\/api.w.org\/{rel}","templated":true}]}}