{"id":36452,"date":"2018-04-17T09:14:37","date_gmt":"2018-04-17T09:14:37","guid":{"rendered":"https:\/\/www.ull.es\/portal\/noticias\/?p=36452"},"modified":"2018-04-17T09:16:51","modified_gmt":"2018-04-17T09:16:51","slug":"servicio-idiomas-la-universidad-la-laguna-abre-plazo-solicitud-300-becas-prolingua","status":"publish","type":"post","link":"https:\/\/www.ull.es\/portal\/noticias\/2018\/servicio-idiomas-la-universidad-la-laguna-abre-plazo-solicitud-300-becas-prolingua\/","title":{"rendered":"El Servicio de Idiomas de la Universidad de La Laguna abre el plazo de solicitud de 300 Becas Prolingua"},"content":{"rendered":"<p>La Universidad de La Laguna, a trav\u00e9s del Vicerrectorado de Internacionalizaci\u00f3n, convoca un programa de 300 becas Universitas Prolingua con el objetivo de apoyar al alumnado del Servicio de Idiomas universitario interesado en desarrollar sus competencias en idiomas extranjeros. El plazo de solicitud cerrar\u00e1 el 4 de mayo.<\/p>\n<p>Est\u00e1n destinadas al alumnado matriculado durante el curso acad\u00e9mico de 2017\/2018 del Servicio de Idiomas de la Universidad de La Laguna.<\/p>\n<p>Con estas becas se cubrir\u00e1n, de forma parcial, los gastos del alumnado beneficiario de la ayuda y que participe en los cursos de formaci\u00f3n impartidos en el Servicio de Idiomas ULL.<\/p>\n<p>Las solicitudes deben realizarse antes del 5 de mayo y presentarse en la secretar\u00eda de la Fundaci\u00f3n General de la ULL, situada en el Campus Central.<\/p>\n<p>Estas ayudas al estudio son posibles gracias a la financiaci\u00f3n del Cabildo Insular de Tenerife, el Vicerrectorado de Internacionalizaci\u00f3n de la Universidad de La Laguna y la Fundaci\u00f3n General de la Universidad de La Laguna.<\/p>\n<p><strong>Servicio de Idiomas<br \/>\n<\/strong><\/p>\n<p>El Servicio de Idiomas de La Universidad de La Laguna tiene por objetivo formar al alumnado universitario y al p\u00fablico general interesado en los idiomas ofertados, potenciar su desarrollo personal y profesional en pos de la internacionalizaci\u00f3n. El servicio est\u00e1 en funcionamiento durante todo el curso acad\u00e9mico y tambi\u00e9n ofrece cursos de verano.<\/p>\n<p>Durante 2017 se matricularon m\u00e1s de 3000 personas para los 2850 cursos de idiomas y las 516 acreditaciones que se organizaron.<\/p>\n<p>Los idiomas disponibles durante el presente segundo cuatrimestre del curso 2017\/2018 son ingl\u00e9s, alem\u00e1n, espa\u00f1ol, franc\u00e9s, italiano, ruso, portugu\u00e9s, \u00e1rabe y lengua de signos.<\/p>\n<p>&nbsp;<\/p>\n<p>&nbsp;<\/p>\n<p>&nbsp;<\/p>\n","protected":false},"excerpt":{"rendered":"<p>El fin del programa est\u00e1 en cubrir, de forma parcial, los gastos del alumnado beneficiario de la ayuda y que participe en los cursos de formaci\u00f3n en idiomas <\/p>\n","protected":false},"author":20,"featured_media":36453,"comment_status":"closed","ping_status":"closed","sticky":false,"template":"","format":"standard","meta":{"inline_featured_image":false,"footnotes":""},"categories":[343,345,2753,2765],"tags":[1261,2381,2527,2560],"acf":[],"yoast_head":"<!-- This site is optimized with the Yoast SEO plugin v21.3 - https:\/\/yoast.com\/wordpress\/plugins\/seo\/ -->\n<title>El Servicio de Idiomas de la Universidad de La Laguna abre el plazo de solicitud de 300 Becas Prolingua - ULL - Noticias<\/title>\n<meta name=\"description\" content=\"El Servicio de Idiomas de la Universidad de La Laguna abre el plazo de solicitud de 300 Becas Prolingua\" \/>\n<meta name=\"robots\" content=\"index, follow, max-snippet:-1, max-image-preview:large, max-video-preview:-1\" \/>\n<link rel=\"canonical\" href=\"https:\/\/www.ull.es\/portal\/noticias\/2018\/servicio-idiomas-la-universidad-la-laguna-abre-plazo-solicitud-300-becas-prolingua\/\" \/>\n<meta property=\"og:locale\" content=\"es_ES\" \/>\n<meta property=\"og:type\" content=\"article\" \/>\n<meta property=\"og:title\" content=\"El Servicio de Idiomas de la Universidad de La Laguna abre el plazo de solicitud de 300 Becas Prolingua - ULL - Noticias\" \/>\n<meta property=\"og:description\" content=\"El Servicio de Idiomas de la Universidad de La Laguna abre el plazo de solicitud de 300 Becas Prolingua\" \/>\n<meta property=\"og:url\" content=\"https:\/\/www.ull.es\/portal\/noticias\/2018\/servicio-idiomas-la-universidad-la-laguna-abre-plazo-solicitud-300-becas-prolingua\/\" \/>\n<meta property=\"og:site_name\" content=\"ULL - Noticias\" \/>\n<meta property=\"article:publisher\" content=\"https:\/\/www.facebook.com\/universidaddelalaguna\/\" \/>\n<meta property=\"article:published_time\" content=\"2018-04-17T09:14:37+00:00\" \/>\n<meta property=\"article:modified_time\" content=\"2018-04-17T09:16:51+00:00\" \/>\n<meta property=\"og:image\" content=\"https:\/\/www.ull.es\/portal\/noticias\/wp-content\/uploads\/sites\/13\/2018\/04\/Clase-Serv-Idiomas-06.jpg\" \/>\n\t<meta property=\"og:image:width\" content=\"1024\" \/>\n\t<meta property=\"og:image:height\" content=\"683\" \/>\n\t<meta property=\"og:image:type\" content=\"image\/jpeg\" \/>\n<meta name=\"author\" content=\"prensa1\" \/>\n<meta name=\"twitter:card\" content=\"summary_large_image\" \/>\n<meta name=\"twitter:creator\" content=\"@CanalULL\" \/>\n<meta name=\"twitter:site\" content=\"@CanalULL\" \/>\n<meta name=\"twitter:label1\" content=\"Escrito por\" \/>\n\t<meta name=\"twitter:data1\" content=\"prensa1\" \/>\n\t<meta name=\"twitter:label2\" content=\"Tiempo de lectura\" \/>\n\t<meta name=\"twitter:data2\" content=\"1 minuto\" \/>\n<script type=\"application\/ld+json\" class=\"yoast-schema-graph\">{\"@context\":\"https:\/\/schema.org\",\"@graph\":[{\"@type\":\"WebPage\",\"@id\":\"https:\/\/www.ull.es\/portal\/noticias\/2018\/servicio-idiomas-la-universidad-la-laguna-abre-plazo-solicitud-300-becas-prolingua\/\",\"url\":\"https:\/\/www.ull.es\/portal\/noticias\/2018\/servicio-idiomas-la-universidad-la-laguna-abre-plazo-solicitud-300-becas-prolingua\/\",\"name\":\"El Servicio de Idiomas de la Universidad de La Laguna abre el plazo de solicitud de 300 Becas Prolingua - ULL - Noticias\",\"isPartOf\":{\"@id\":\"https:\/\/www.ull.es\/portal\/noticias\/#website\"},\"datePublished\":\"2018-04-17T09:14:37+00:00\",\"dateModified\":\"2018-04-17T09:16:51+00:00\",\"author\":{\"@id\":\"https:\/\/www.ull.es\/portal\/noticias\/#\/schema\/person\/ea9b721b26bc001d9f8820a760100f96\"},\"description\":\"El Servicio de Idiomas de la Universidad de La Laguna abre el plazo de solicitud de 300 Becas Prolingua\",\"breadcrumb\":{\"@id\":\"https:\/\/www.ull.es\/portal\/noticias\/2018\/servicio-idiomas-la-universidad-la-laguna-abre-plazo-solicitud-300-becas-prolingua\/#breadcrumb\"},\"inLanguage\":\"es\",\"potentialAction\":[{\"@type\":\"ReadAction\",\"target\":[\"https:\/\/www.ull.es\/portal\/noticias\/2018\/servicio-idiomas-la-universidad-la-laguna-abre-plazo-solicitud-300-becas-prolingua\/\"]}]},{\"@type\":\"BreadcrumbList\",\"@id\":\"https:\/\/www.ull.es\/portal\/noticias\/2018\/servicio-idiomas-la-universidad-la-laguna-abre-plazo-solicitud-300-becas-prolingua\/#breadcrumb\",\"itemListElement\":[{\"@type\":\"ListItem\",\"position\":1,\"name\":\"Portada\",\"item\":\"https:\/\/www.ull.es\/portal\/noticias\/\"},{\"@type\":\"ListItem\",\"position\":2,\"name\":\"El Servicio de Idiomas de la Universidad de La Laguna abre el plazo de solicitud de 300 Becas Prolingua\"}]},{\"@type\":\"WebSite\",\"@id\":\"https:\/\/www.ull.es\/portal\/noticias\/#website\",\"url\":\"https:\/\/www.ull.es\/portal\/noticias\/\",\"name\":\"ULL - Noticias\",\"description\":\"\",\"potentialAction\":[{\"@type\":\"SearchAction\",\"target\":{\"@type\":\"EntryPoint\",\"urlTemplate\":\"https:\/\/www.ull.es\/portal\/noticias\/?s={search_term_string}\"},\"query-input\":\"required name=search_term_string\"}],\"inLanguage\":\"es\"},{\"@type\":\"Person\",\"@id\":\"https:\/\/www.ull.es\/portal\/noticias\/#\/schema\/person\/ea9b721b26bc001d9f8820a760100f96\",\"name\":\"prensa1\",\"image\":{\"@type\":\"ImageObject\",\"inLanguage\":\"es\",\"@id\":\"https:\/\/www.ull.es\/portal\/noticias\/#\/schema\/person\/image\/\",\"url\":\"https:\/\/secure.gravatar.com\/avatar\/94b9dcabd35142d3e94c7343cd1c6ca0?s=96&d=mm&r=g\",\"contentUrl\":\"https:\/\/secure.gravatar.com\/avatar\/94b9dcabd35142d3e94c7343cd1c6ca0?s=96&d=mm&r=g\",\"caption\":\"prensa1\"},\"url\":\"https:\/\/www.ull.es\/portal\/noticias\/author\/prensa1\/\"}]}<\/script>\n<!-- \/ Yoast SEO plugin. -->","yoast_head_json":{"title":"El Servicio de Idiomas de la Universidad de La Laguna abre el plazo de solicitud de 300 Becas Prolingua - ULL - Noticias","description":"El Servicio de Idiomas de la Universidad de La Laguna abre el plazo de solicitud de 300 Becas Prolingua","robots":{"index":"index","follow":"follow","max-snippet":"max-snippet:-1","max-image-preview":"max-image-preview:large","max-video-preview":"max-video-preview:-1"},"canonical":"https:\/\/www.ull.es\/portal\/noticias\/2018\/servicio-idiomas-la-universidad-la-laguna-abre-plazo-solicitud-300-becas-prolingua\/","og_locale":"es_ES","og_type":"article","og_title":"El Servicio de Idiomas de la Universidad de La Laguna abre el plazo de solicitud de 300 Becas Prolingua - ULL - Noticias","og_description":"El Servicio de Idiomas de la Universidad de La Laguna abre el plazo de solicitud de 300 Becas Prolingua","og_url":"https:\/\/www.ull.es\/portal\/noticias\/2018\/servicio-idiomas-la-universidad-la-laguna-abre-plazo-solicitud-300-becas-prolingua\/","og_site_name":"ULL - Noticias","article_publisher":"https:\/\/www.facebook.com\/universidaddelalaguna\/","article_published_time":"2018-04-17T09:14:37+00:00","article_modified_time":"2018-04-17T09:16:51+00:00","og_image":[{"width":1024,"height":683,"url":"https:\/\/www.ull.es\/portal\/noticias\/wp-content\/uploads\/sites\/13\/2018\/04\/Clase-Serv-Idiomas-06.jpg","type":"image\/jpeg"}],"author":"prensa1","twitter_card":"summary_large_image","twitter_creator":"@CanalULL","twitter_site":"@CanalULL","twitter_misc":{"Escrito por":"prensa1","Tiempo de lectura":"1 minuto"},"schema":{"@context":"https:\/\/schema.org","@graph":[{"@type":"WebPage","@id":"https:\/\/www.ull.es\/portal\/noticias\/2018\/servicio-idiomas-la-universidad-la-laguna-abre-plazo-solicitud-300-becas-prolingua\/","url":"https:\/\/www.ull.es\/portal\/noticias\/2018\/servicio-idiomas-la-universidad-la-laguna-abre-plazo-solicitud-300-becas-prolingua\/","name":"El Servicio de Idiomas de la Universidad de La Laguna abre el plazo de solicitud de 300 Becas Prolingua - ULL - Noticias","isPartOf":{"@id":"https:\/\/www.ull.es\/portal\/noticias\/#website"},"datePublished":"2018-04-17T09:14:37+00:00","dateModified":"2018-04-17T09:16:51+00:00","author":{"@id":"https:\/\/www.ull.es\/portal\/noticias\/#\/schema\/person\/ea9b721b26bc001d9f8820a760100f96"},"description":"El Servicio de Idiomas de la Universidad de La Laguna abre el plazo de solicitud de 300 Becas Prolingua","breadcrumb":{"@id":"https:\/\/www.ull.es\/portal\/noticias\/2018\/servicio-idiomas-la-universidad-la-laguna-abre-plazo-solicitud-300-becas-prolingua\/#breadcrumb"},"inLanguage":"es","potentialAction":[{"@type":"ReadAction","target":["https:\/\/www.ull.es\/portal\/noticias\/2018\/servicio-idiomas-la-universidad-la-laguna-abre-plazo-solicitud-300-becas-prolingua\/"]}]},{"@type":"BreadcrumbList","@id":"https:\/\/www.ull.es\/portal\/noticias\/2018\/servicio-idiomas-la-universidad-la-laguna-abre-plazo-solicitud-300-becas-prolingua\/#breadcrumb","itemListElement":[{"@type":"ListItem","position":1,"name":"Portada","item":"https:\/\/www.ull.es\/portal\/noticias\/"},{"@type":"ListItem","position":2,"name":"El Servicio de Idiomas de la Universidad de La Laguna abre el plazo de solicitud de 300 Becas Prolingua"}]},{"@type":"WebSite","@id":"https:\/\/www.ull.es\/portal\/noticias\/#website","url":"https:\/\/www.ull.es\/portal\/noticias\/","name":"ULL - Noticias","description":"","potentialAction":[{"@type":"SearchAction","target":{"@type":"EntryPoint","urlTemplate":"https:\/\/www.ull.es\/portal\/noticias\/?s={search_term_string}"},"query-input":"required name=search_term_string"}],"inLanguage":"es"},{"@type":"Person","@id":"https:\/\/www.ull.es\/portal\/noticias\/#\/schema\/person\/ea9b721b26bc001d9f8820a760100f96","name":"prensa1","image":{"@type":"ImageObject","inLanguage":"es","@id":"https:\/\/www.ull.es\/portal\/noticias\/#\/schema\/person\/image\/","url":"https:\/\/secure.gravatar.com\/avatar\/94b9dcabd35142d3e94c7343cd1c6ca0?s=96&d=mm&r=g","contentUrl":"https:\/\/secure.gravatar.com\/avatar\/94b9dcabd35142d3e94c7343cd1c6ca0?s=96&d=mm&r=g","caption":"prensa1"},"url":"https:\/\/www.ull.es\/portal\/noticias\/author\/prensa1\/"}]}},"primary_category":{"id":345,"name":"Destacado","slug":"destacado","link":"https:\/\/www.ull.es\/portal\/noticias\/category\/destacado\/"},"featured_image_thumbnail_url":"https:\/\/www.ull.es\/portal\/noticias\/wp-content\/uploads\/sites\/13\/2018\/04\/Clase-Serv-Idiomas-06-300x200.jpg","_links":{"self":[{"href":"https:\/\/www.ull.es\/portal\/noticias\/wp-json\/wp\/v2\/posts\/36452"}],"collection":[{"href":"https:\/\/www.ull.es\/portal\/noticias\/wp-json\/wp\/v2\/posts"}],"about":[{"href":"https:\/\/www.ull.es\/portal\/noticias\/wp-json\/wp\/v2\/types\/post"}],"author":[{"embeddable":true,"href":"https:\/\/www.ull.es\/portal\/noticias\/wp-json\/wp\/v2\/users\/20"}],"replies":[{"embeddable":true,"href":"https:\/\/www.ull.es\/portal\/noticias\/wp-json\/wp\/v2\/comments?post=36452"}],"version-history":[{"count":1,"href":"https:\/\/www.ull.es\/portal\/noticias\/wp-json\/wp\/v2\/posts\/36452\/revisions"}],"predecessor-version":[{"id":36454,"href":"https:\/\/www.ull.es\/portal\/noticias\/wp-json\/wp\/v2\/posts\/36452\/revisions\/36454"}],"wp:featuredmedia":[{"embeddable":true,"href":"https:\/\/www.ull.es\/portal\/noticias\/wp-json\/wp\/v2\/media\/36453"}],"wp:attachment":[{"href":"https:\/\/www.ull.es\/portal\/noticias\/wp-json\/wp\/v2\/media?parent=36452"}],"wp:term":[{"taxonomy":"category","embeddable":true,"href":"https:\/\/www.ull.es\/portal\/noticias\/wp-json\/wp\/v2\/categories?post=36452"},{"taxonomy":"post_tag","embeddable":true,"href":"https:\/\/www.ull.es\/portal\/noticias\/wp-json\/wp\/v2\/tags?post=36452"}],"curies":[{"name":"wp","href":"https:\/\/api.w.org\/{rel}","templated":true}]}}