{"id":36693,"date":"2018-04-26T09:44:17","date_gmt":"2018-04-26T09:44:17","guid":{"rendered":"https:\/\/www.ull.es\/portal\/noticias\/?p=36693"},"modified":"2018-04-26T14:47:48","modified_gmt":"2018-04-26T14:47:48","slug":"fundacion-disa-facilita-la-insercion-laboral-25-jovenes-tenerife","status":"publish","type":"post","link":"https:\/\/www.ull.es\/portal\/noticias\/2018\/fundacion-disa-facilita-la-insercion-laboral-25-jovenes-tenerife\/","title":{"rendered":"Fundaci\u00f3n DISA facilita la inserci\u00f3n laboral de 25 j\u00f3venes de Tenerife"},"content":{"rendered":"<p>Fundaci\u00f3n DISA, en colaboraci\u00f3n con la Universidad de La Laguna, a trav\u00e9s de su Fundaci\u00f3n General, ha ofrecido durante la ma\u00f1ana de hoy 26 de abril un desayuno informativo para dar a conocer los resultados de la tercera edici\u00f3n del programa de becas <em>Fundaci\u00f3n DISA Emplea<\/em>. Esta iniciativa ha permitido a 25 j\u00f3venes reci\u00e9n titulados universitarios y de Formaci\u00f3n Profesional de la provincia de Santa Cruz de Tenerife acceder a su primera experiencia laboral a trav\u00e9s de pr\u00e1cticas remuneradas en peque\u00f1as y medianas empresas del Archipi\u00e9lago.<\/p>\n<p>El rector de la Universidad de La Laguna, Antonio Martin\u00f3n, presidi\u00f3 el acto junto a Sara Mateos, directora de la Fundaci\u00f3n DISA, en un acto celebrado en el patio central del edificio del Vicerrectorado de Relaciones con la Sociedad de la Instituci\u00f3n y en el que los becados pudieron compartir sus impresiones y experiencias junto a los representantes de las empresas en las que llevan a cabo sus pr\u00e1cticas. Tambi\u00e9n asistieron el vicerrector de Relaciones con la Sociedad, Francisco Garc\u00eda; y el gerente de la Fundaci\u00f3n General de la Universidad de La Laguna, Julio Brito.<\/p>\n<p><strong>\u2018Becas Fundaci\u00f3n DISA <em>Emplea<\/em>\u2019 <\/strong><\/p>\n<p>El programa de <em>Becas Fundaci\u00f3n DISA Emplea<\/em> es una iniciativa puesta en marcha en 2015 con un doble objetivo: por un lado, dar una primera oportunidad laboral a j\u00f3venes reci\u00e9n titulados universitarios o con Formaci\u00f3n Profesional y, por otro, ayudar a las pymes canarias a aprovechar el talento del Archipi\u00e9lago, sin que ello les suponga un coste adicional. Esta acci\u00f3n se ha desarrollado conjuntamente con las dos fundaciones universitarias canarias y ha posibilitado la formaci\u00f3n de 25 alumnos de cada provincia para la realizaci\u00f3n de pr\u00e1cticas remuneradas durante seis meses.<\/p>\n<p>La Fundaci\u00f3n DISA es la instituci\u00f3n que financia el salario y el coste laboral que genera para la pyme la integraci\u00f3n de un reci\u00e9n titulado universitario o de Formaci\u00f3n Profesional, para lo que ha destinado una partida econ\u00f3mica de 200.000 euros.<\/p>\n<p>Este programa de becas se enmarca dentro del eje Cient\u00edfico, Educativo y de Investigaci\u00f3n de la Fundaci\u00f3n DISA, a trav\u00e9s del cual se busca promover el conocimiento, la investigaci\u00f3n, la innovaci\u00f3n y los estudios, apostando por el talento y el capital humano de las islas, para mejorar el desarrollo de Canarias.<\/p>\n<p>(Nota y foto cedidas).<\/p>\n","protected":false},"excerpt":{"rendered":"<p>Fundaci\u00f3n DISA, en colaboraci\u00f3n con la Universidad de La Laguna, a trav\u00e9s de su Fundaci\u00f3n General, ha ofrecido durante la&#8230;<\/p>\n","protected":false},"author":23,"featured_media":36697,"comment_status":"closed","ping_status":"closed","sticky":false,"template":"","format":"standard","meta":{"inline_featured_image":false,"footnotes":""},"categories":[343,345,348,2753,2765],"tags":[3637,1328],"acf":[],"yoast_head":"<!-- This site is optimized with the Yoast SEO plugin v21.3 - https:\/\/yoast.com\/wordpress\/plugins\/seo\/ -->\n<title>Fundaci\u00f3n DISA facilita la inserci\u00f3n laboral de 25 j\u00f3venes de Tenerife - ULL - Noticias<\/title>\n<meta name=\"robots\" content=\"index, follow, max-snippet:-1, max-image-preview:large, max-video-preview:-1\" \/>\n<link rel=\"canonical\" href=\"https:\/\/www.ull.es\/portal\/noticias\/2018\/fundacion-disa-facilita-la-insercion-laboral-25-jovenes-tenerife\/\" \/>\n<meta property=\"og:locale\" content=\"es_ES\" \/>\n<meta property=\"og:type\" content=\"article\" \/>\n<meta property=\"og:title\" content=\"Fundaci\u00f3n DISA facilita la inserci\u00f3n laboral de 25 j\u00f3venes de Tenerife - ULL - Noticias\" \/>\n<meta property=\"og:description\" content=\"Fundaci\u00f3n DISA, en colaboraci\u00f3n con la Universidad de La Laguna, a trav\u00e9s de su Fundaci\u00f3n General, ha ofrecido durante la...\" \/>\n<meta property=\"og:url\" content=\"https:\/\/www.ull.es\/portal\/noticias\/2018\/fundacion-disa-facilita-la-insercion-laboral-25-jovenes-tenerife\/\" \/>\n<meta property=\"og:site_name\" content=\"ULL - Noticias\" \/>\n<meta property=\"article:publisher\" content=\"https:\/\/www.facebook.com\/universidaddelalaguna\/\" \/>\n<meta property=\"article:published_time\" content=\"2018-04-26T09:44:17+00:00\" \/>\n<meta property=\"article:modified_time\" content=\"2018-04-26T14:47:48+00:00\" \/>\n<meta property=\"og:image\" content=\"https:\/\/www.ull.es\/portal\/noticias\/wp-content\/uploads\/sites\/13\/2018\/04\/SELECCI\u00d3N_C.jpg\" \/>\n\t<meta property=\"og:image:width\" content=\"1280\" \/>\n\t<meta property=\"og:image:height\" content=\"853\" \/>\n\t<meta property=\"og:image:type\" content=\"image\/jpeg\" \/>\n<meta name=\"author\" content=\"gaprsa\" \/>\n<meta name=\"twitter:card\" content=\"summary_large_image\" \/>\n<meta name=\"twitter:creator\" content=\"@CanalULL\" \/>\n<meta name=\"twitter:site\" content=\"@CanalULL\" \/>\n<meta name=\"twitter:label1\" content=\"Escrito por\" \/>\n\t<meta name=\"twitter:data1\" content=\"gaprsa\" \/>\n\t<meta name=\"twitter:label2\" content=\"Tiempo de lectura\" \/>\n\t<meta name=\"twitter:data2\" content=\"2 minutos\" \/>\n<script type=\"application\/ld+json\" class=\"yoast-schema-graph\">{\"@context\":\"https:\/\/schema.org\",\"@graph\":[{\"@type\":\"WebPage\",\"@id\":\"https:\/\/www.ull.es\/portal\/noticias\/2018\/fundacion-disa-facilita-la-insercion-laboral-25-jovenes-tenerife\/\",\"url\":\"https:\/\/www.ull.es\/portal\/noticias\/2018\/fundacion-disa-facilita-la-insercion-laboral-25-jovenes-tenerife\/\",\"name\":\"Fundaci\u00f3n DISA facilita la inserci\u00f3n laboral de 25 j\u00f3venes de Tenerife - ULL - Noticias\",\"isPartOf\":{\"@id\":\"https:\/\/www.ull.es\/portal\/noticias\/#website\"},\"datePublished\":\"2018-04-26T09:44:17+00:00\",\"dateModified\":\"2018-04-26T14:47:48+00:00\",\"author\":{\"@id\":\"https:\/\/www.ull.es\/portal\/noticias\/#\/schema\/person\/b2b1a89d43ffa609e591f7df8ef3e817\"},\"breadcrumb\":{\"@id\":\"https:\/\/www.ull.es\/portal\/noticias\/2018\/fundacion-disa-facilita-la-insercion-laboral-25-jovenes-tenerife\/#breadcrumb\"},\"inLanguage\":\"es\",\"potentialAction\":[{\"@type\":\"ReadAction\",\"target\":[\"https:\/\/www.ull.es\/portal\/noticias\/2018\/fundacion-disa-facilita-la-insercion-laboral-25-jovenes-tenerife\/\"]}]},{\"@type\":\"BreadcrumbList\",\"@id\":\"https:\/\/www.ull.es\/portal\/noticias\/2018\/fundacion-disa-facilita-la-insercion-laboral-25-jovenes-tenerife\/#breadcrumb\",\"itemListElement\":[{\"@type\":\"ListItem\",\"position\":1,\"name\":\"Portada\",\"item\":\"https:\/\/www.ull.es\/portal\/noticias\/\"},{\"@type\":\"ListItem\",\"position\":2,\"name\":\"Fundaci\u00f3n DISA facilita la inserci\u00f3n laboral de 25 j\u00f3venes de Tenerife\"}]},{\"@type\":\"WebSite\",\"@id\":\"https:\/\/www.ull.es\/portal\/noticias\/#website\",\"url\":\"https:\/\/www.ull.es\/portal\/noticias\/\",\"name\":\"ULL - Noticias\",\"description\":\"\",\"potentialAction\":[{\"@type\":\"SearchAction\",\"target\":{\"@type\":\"EntryPoint\",\"urlTemplate\":\"https:\/\/www.ull.es\/portal\/noticias\/?s={search_term_string}\"},\"query-input\":\"required name=search_term_string\"}],\"inLanguage\":\"es\"},{\"@type\":\"Person\",\"@id\":\"https:\/\/www.ull.es\/portal\/noticias\/#\/schema\/person\/b2b1a89d43ffa609e591f7df8ef3e817\",\"name\":\"gaprsa\",\"image\":{\"@type\":\"ImageObject\",\"inLanguage\":\"es\",\"@id\":\"https:\/\/www.ull.es\/portal\/noticias\/#\/schema\/person\/image\/\",\"url\":\"https:\/\/secure.gravatar.com\/avatar\/443820550921091458b4823867723b3d?s=96&d=mm&r=g\",\"contentUrl\":\"https:\/\/secure.gravatar.com\/avatar\/443820550921091458b4823867723b3d?s=96&d=mm&r=g\",\"caption\":\"gaprsa\"},\"url\":\"https:\/\/www.ull.es\/portal\/noticias\/author\/gaprsa\/\"}]}<\/script>\n<!-- \/ Yoast SEO plugin. -->","yoast_head_json":{"title":"Fundaci\u00f3n DISA facilita la inserci\u00f3n laboral de 25 j\u00f3venes de Tenerife - ULL - Noticias","robots":{"index":"index","follow":"follow","max-snippet":"max-snippet:-1","max-image-preview":"max-image-preview:large","max-video-preview":"max-video-preview:-1"},"canonical":"https:\/\/www.ull.es\/portal\/noticias\/2018\/fundacion-disa-facilita-la-insercion-laboral-25-jovenes-tenerife\/","og_locale":"es_ES","og_type":"article","og_title":"Fundaci\u00f3n DISA facilita la inserci\u00f3n laboral de 25 j\u00f3venes de Tenerife - ULL - Noticias","og_description":"Fundaci\u00f3n DISA, en colaboraci\u00f3n con la Universidad de La Laguna, a trav\u00e9s de su Fundaci\u00f3n General, ha ofrecido durante la...","og_url":"https:\/\/www.ull.es\/portal\/noticias\/2018\/fundacion-disa-facilita-la-insercion-laboral-25-jovenes-tenerife\/","og_site_name":"ULL - Noticias","article_publisher":"https:\/\/www.facebook.com\/universidaddelalaguna\/","article_published_time":"2018-04-26T09:44:17+00:00","article_modified_time":"2018-04-26T14:47:48+00:00","og_image":[{"width":1280,"height":853,"url":"https:\/\/www.ull.es\/portal\/noticias\/wp-content\/uploads\/sites\/13\/2018\/04\/SELECCI\u00d3N_C.jpg","type":"image\/jpeg"}],"author":"gaprsa","twitter_card":"summary_large_image","twitter_creator":"@CanalULL","twitter_site":"@CanalULL","twitter_misc":{"Escrito por":"gaprsa","Tiempo de lectura":"2 minutos"},"schema":{"@context":"https:\/\/schema.org","@graph":[{"@type":"WebPage","@id":"https:\/\/www.ull.es\/portal\/noticias\/2018\/fundacion-disa-facilita-la-insercion-laboral-25-jovenes-tenerife\/","url":"https:\/\/www.ull.es\/portal\/noticias\/2018\/fundacion-disa-facilita-la-insercion-laboral-25-jovenes-tenerife\/","name":"Fundaci\u00f3n DISA facilita la inserci\u00f3n laboral de 25 j\u00f3venes de Tenerife - ULL - Noticias","isPartOf":{"@id":"https:\/\/www.ull.es\/portal\/noticias\/#website"},"datePublished":"2018-04-26T09:44:17+00:00","dateModified":"2018-04-26T14:47:48+00:00","author":{"@id":"https:\/\/www.ull.es\/portal\/noticias\/#\/schema\/person\/b2b1a89d43ffa609e591f7df8ef3e817"},"breadcrumb":{"@id":"https:\/\/www.ull.es\/portal\/noticias\/2018\/fundacion-disa-facilita-la-insercion-laboral-25-jovenes-tenerife\/#breadcrumb"},"inLanguage":"es","potentialAction":[{"@type":"ReadAction","target":["https:\/\/www.ull.es\/portal\/noticias\/2018\/fundacion-disa-facilita-la-insercion-laboral-25-jovenes-tenerife\/"]}]},{"@type":"BreadcrumbList","@id":"https:\/\/www.ull.es\/portal\/noticias\/2018\/fundacion-disa-facilita-la-insercion-laboral-25-jovenes-tenerife\/#breadcrumb","itemListElement":[{"@type":"ListItem","position":1,"name":"Portada","item":"https:\/\/www.ull.es\/portal\/noticias\/"},{"@type":"ListItem","position":2,"name":"Fundaci\u00f3n DISA facilita la inserci\u00f3n laboral de 25 j\u00f3venes de Tenerife"}]},{"@type":"WebSite","@id":"https:\/\/www.ull.es\/portal\/noticias\/#website","url":"https:\/\/www.ull.es\/portal\/noticias\/","name":"ULL - Noticias","description":"","potentialAction":[{"@type":"SearchAction","target":{"@type":"EntryPoint","urlTemplate":"https:\/\/www.ull.es\/portal\/noticias\/?s={search_term_string}"},"query-input":"required name=search_term_string"}],"inLanguage":"es"},{"@type":"Person","@id":"https:\/\/www.ull.es\/portal\/noticias\/#\/schema\/person\/b2b1a89d43ffa609e591f7df8ef3e817","name":"gaprsa","image":{"@type":"ImageObject","inLanguage":"es","@id":"https:\/\/www.ull.es\/portal\/noticias\/#\/schema\/person\/image\/","url":"https:\/\/secure.gravatar.com\/avatar\/443820550921091458b4823867723b3d?s=96&d=mm&r=g","contentUrl":"https:\/\/secure.gravatar.com\/avatar\/443820550921091458b4823867723b3d?s=96&d=mm&r=g","caption":"gaprsa"},"url":"https:\/\/www.ull.es\/portal\/noticias\/author\/gaprsa\/"}]}},"primary_category":{"id":343,"name":"Alumnado","slug":"alumnado","link":"https:\/\/www.ull.es\/portal\/noticias\/category\/alumnado\/"},"featured_image_thumbnail_url":"https:\/\/www.ull.es\/portal\/noticias\/wp-content\/uploads\/sites\/13\/2018\/04\/SELECCI\u00d3N_C-300x200.jpg","_links":{"self":[{"href":"https:\/\/www.ull.es\/portal\/noticias\/wp-json\/wp\/v2\/posts\/36693"}],"collection":[{"href":"https:\/\/www.ull.es\/portal\/noticias\/wp-json\/wp\/v2\/posts"}],"about":[{"href":"https:\/\/www.ull.es\/portal\/noticias\/wp-json\/wp\/v2\/types\/post"}],"author":[{"embeddable":true,"href":"https:\/\/www.ull.es\/portal\/noticias\/wp-json\/wp\/v2\/users\/23"}],"replies":[{"embeddable":true,"href":"https:\/\/www.ull.es\/portal\/noticias\/wp-json\/wp\/v2\/comments?post=36693"}],"version-history":[{"count":1,"href":"https:\/\/www.ull.es\/portal\/noticias\/wp-json\/wp\/v2\/posts\/36693\/revisions"}],"predecessor-version":[{"id":36696,"href":"https:\/\/www.ull.es\/portal\/noticias\/wp-json\/wp\/v2\/posts\/36693\/revisions\/36696"}],"wp:featuredmedia":[{"embeddable":true,"href":"https:\/\/www.ull.es\/portal\/noticias\/wp-json\/wp\/v2\/media\/36697"}],"wp:attachment":[{"href":"https:\/\/www.ull.es\/portal\/noticias\/wp-json\/wp\/v2\/media?parent=36693"}],"wp:term":[{"taxonomy":"category","embeddable":true,"href":"https:\/\/www.ull.es\/portal\/noticias\/wp-json\/wp\/v2\/categories?post=36693"},{"taxonomy":"post_tag","embeddable":true,"href":"https:\/\/www.ull.es\/portal\/noticias\/wp-json\/wp\/v2\/tags?post=36693"}],"curies":[{"name":"wp","href":"https:\/\/api.w.org\/{rel}","templated":true}]}}