{"id":36742,"date":"2018-04-30T13:49:57","date_gmt":"2018-04-30T13:49:57","guid":{"rendered":"https:\/\/www.ull.es\/portal\/noticias\/?p=36742"},"modified":"2020-11-24T12:33:23","modified_gmt":"2020-11-24T12:33:23","slug":"los-cambios-la-conectividad-frecuencias-cerebrales-podria-signo-temprano-del-alzheimer","status":"publish","type":"post","link":"https:\/\/www.ull.es\/portal\/noticias\/2018\/los-cambios-la-conectividad-frecuencias-cerebrales-podria-signo-temprano-del-alzheimer\/","title":{"rendered":"Los cambios en la conectividad entre frecuencias cerebrales podr\u00eda ser un signo temprano del Alzheimer"},"content":{"rendered":"<p>&nbsp;<\/p>\n<p>Un grupo internacional en el que participan investigadores del Reino Unido y Espa\u00f1a, y cuyo autor senior es profesor de la Universidad de La Laguna ha publicado recientemente un trabajo en la revista <em>Frontiers in Neurosciences<\/em>, la tercera publicaci\u00f3n internacional en abierto m\u00e1s citada del mundo en el \u00e1mbito de la nuerociencia, que demuestra que el cambio en la comunicaci\u00f3n entre diferentes frecuencias de distintas \u00e1reas cerebrales es un signo distintivo de la etapa m\u00e1s temprana de la enfermedad de Alzheimer.<\/p>\n<p>Los investigadores analizaron la actividad electromagn\u00e9tica cerebral en reposo de 54 personas divididas en dos grupos, unas con deterioro cognitivo leve (MCI por sus siglas en ingles) y otras de la misma edad, pero sanas, y utilizaron m\u00e9todos matem\u00e1ticos, junto con la informaci\u00f3n de su estructura cerebral registrada mediante resonancia magn\u00e9tica, para estimar la comunicaci\u00f3n entre las diferentes frecuencias de distintas \u00e1reas cerebrales. Estos patrones de conectividad fueron luego introducidos en un algoritmo computacional, y usados para entrenar un clasificador que fue capaz de distinguir de forma autom\u00e1tica, en el 95% de los casos, entre sujetos sanos o enfermos.<\/p>\n<p>Los dos miembros de la Universidad de La Laguna que han participado en el estudio son el investigador Pablo Cuesta, con contrato Juan de la Cierva, y el profesor titular Ernesto Pereda, ambos pertenecientes al Departamento de Ingenier\u00eda Industrial. Este \u00faltimo, que firma como autor senior, es miembro tambi\u00e9n de los institutos de Neurociencia y de Tecnolog\u00edas Biom\u00e9dicas de la instituci\u00f3n tinerfe\u00f1a. Considera que \u00abel resultado es muy interesante porque ya se sab\u00eda que, incluso en reposo, las diferentes frecuencias cerebrales interact\u00faan entre ellas, y que esta interacci\u00f3n se pod\u00eda registrar con sensores externos. Pero es la primera vez que se comprueba que esta interacci\u00f3n est\u00e1 alterada en las primeras etapas de la enfermedad\u00bb.<\/p>\n<p>En concreto, las \u00e1reas en las que m\u00e1s cambia la actividad son el l\u00f3bulo frontal y prefrontal, varias \u00e1reas parietales y el prec\u00faneo \u00abun \u00e1rea muy relacionada con la memoria, y la comunicaci\u00f3n con el hipocampo, donde se almacenan los recuerdos, y de las primeras afectadas en la enfermedad de Alzheimer. Que su actividad est\u00e9 alterada incluso en reposo abre la puerta a la posibilidad de detectar los primeros s\u00edntomas de la enfermedad de forma no invasiva sin necesidad de que los pacientes tengan que realizar ning\u00fan tipo de tarea cognitiva\u00bb.<\/p>\n<p>El trabajo se encuadra en el marco de un n\u00famero especial de la revista, que ha sido editado por varios de los mejores especialistas mundiales en el estudio de la actividad electromagn\u00e9tica cerebral. \u00abTen\u00edamos mucho inter\u00e9s en poder publicar aqu\u00ed los resultados, que ya hab\u00edan sido presentados en una conferencia en la Universidad de Cambridge a finales de 2017, donde fueron muy bien recibidos. Otro elemento muy importante es que, en este caso, era obligatorio hacer p\u00fablico tanto los datos utilizados como el c\u00f3digo inform\u00e1tico usado para generar los resultados. Ello asegura la reproducibilidad de los mismos y la total transparencia en su generaci\u00f3n, y aumenta el impacto de la publicaci\u00f3n\u00bb.<\/p>\n<p>El siguiente paso en la investigaci\u00f3n ser\u00e1 integrar informaci\u00f3n de la din\u00e1mica, que determine c\u00f3mo los patrones de conectividad var\u00edan con el tiempo, e investigar adem\u00e1s sujetos en estadios a\u00fan m\u00e1s tempranos de la patolog\u00eda, en los que a\u00fan no es existe ni deterioro cognitivo ni ning\u00fan otro s\u00edntoma de la enfermedad, para ver si con esta informaci\u00f3n adicional podemos detectar el comienzo de la enfermedad antes incluso de que el sujeto sea consciente de que algo no anda bien&#8230;\u00bb<\/p>\n","protected":false},"excerpt":{"rendered":"<p>&nbsp; Un grupo internacional en el que participan investigadores del Reino Unido y Espa\u00f1a, y cuyo autor senior es profesor&#8230;<\/p>\n","protected":false},"author":21,"featured_media":36743,"comment_status":"closed","ping_status":"closed","sticky":false,"template":"","format":"standard","meta":{"inline_featured_image":false,"footnotes":""},"categories":[345,6860,4131,350,2754,2765],"tags":[470,1968],"acf":[],"yoast_head":"<!-- This site is optimized with the Yoast SEO plugin v21.3 - https:\/\/yoast.com\/wordpress\/plugins\/seo\/ -->\n<title>Los cambios en la conectividad entre frecuencias cerebrales podr\u00eda ser un signo temprano del Alzheimer - ULL - Noticias<\/title>\n<meta name=\"robots\" content=\"index, follow, max-snippet:-1, max-image-preview:large, max-video-preview:-1\" \/>\n<link rel=\"canonical\" href=\"https:\/\/www.ull.es\/portal\/noticias\/2018\/los-cambios-la-conectividad-frecuencias-cerebrales-podria-signo-temprano-del-alzheimer\/\" \/>\n<meta property=\"og:locale\" content=\"es_ES\" \/>\n<meta property=\"og:type\" content=\"article\" \/>\n<meta property=\"og:title\" content=\"Los cambios en la conectividad entre frecuencias cerebrales podr\u00eda ser un signo temprano del Alzheimer - ULL - Noticias\" \/>\n<meta property=\"og:description\" content=\"&nbsp; Un grupo internacional en el que participan investigadores del Reino Unido y Espa\u00f1a, y cuyo autor senior es profesor...\" \/>\n<meta property=\"og:url\" content=\"https:\/\/www.ull.es\/portal\/noticias\/2018\/los-cambios-la-conectividad-frecuencias-cerebrales-podria-signo-temprano-del-alzheimer\/\" \/>\n<meta property=\"og:site_name\" content=\"ULL - Noticias\" \/>\n<meta property=\"article:publisher\" content=\"https:\/\/www.facebook.com\/universidaddelalaguna\/\" \/>\n<meta property=\"article:published_time\" content=\"2018-04-30T13:49:57+00:00\" \/>\n<meta property=\"article:modified_time\" content=\"2020-11-24T12:33:23+00:00\" \/>\n<meta property=\"og:image\" content=\"https:\/\/www.ull.es\/portal\/noticias\/wp-content\/uploads\/sites\/13\/2018\/04\/ernesto-pereda.jpg\" \/>\n\t<meta property=\"og:image:width\" content=\"1200\" \/>\n\t<meta property=\"og:image:height\" content=\"800\" \/>\n\t<meta property=\"og:image:type\" content=\"image\/jpeg\" \/>\n<meta name=\"author\" content=\"prensa2\" \/>\n<meta name=\"twitter:card\" content=\"summary_large_image\" \/>\n<meta name=\"twitter:creator\" content=\"@CanalULL\" \/>\n<meta name=\"twitter:site\" content=\"@CanalULL\" \/>\n<meta name=\"twitter:label1\" content=\"Escrito por\" \/>\n\t<meta name=\"twitter:data1\" content=\"prensa2\" \/>\n\t<meta name=\"twitter:label2\" content=\"Tiempo de lectura\" \/>\n\t<meta name=\"twitter:data2\" content=\"3 minutos\" \/>\n<script type=\"application\/ld+json\" class=\"yoast-schema-graph\">{\"@context\":\"https:\/\/schema.org\",\"@graph\":[{\"@type\":\"WebPage\",\"@id\":\"https:\/\/www.ull.es\/portal\/noticias\/2018\/los-cambios-la-conectividad-frecuencias-cerebrales-podria-signo-temprano-del-alzheimer\/\",\"url\":\"https:\/\/www.ull.es\/portal\/noticias\/2018\/los-cambios-la-conectividad-frecuencias-cerebrales-podria-signo-temprano-del-alzheimer\/\",\"name\":\"Los cambios en la conectividad entre frecuencias cerebrales podr\u00eda ser un signo temprano del Alzheimer - ULL - Noticias\",\"isPartOf\":{\"@id\":\"https:\/\/www.ull.es\/portal\/noticias\/#website\"},\"datePublished\":\"2018-04-30T13:49:57+00:00\",\"dateModified\":\"2020-11-24T12:33:23+00:00\",\"author\":{\"@id\":\"https:\/\/www.ull.es\/portal\/noticias\/#\/schema\/person\/c3b2aa857797592927a03740d6664376\"},\"breadcrumb\":{\"@id\":\"https:\/\/www.ull.es\/portal\/noticias\/2018\/los-cambios-la-conectividad-frecuencias-cerebrales-podria-signo-temprano-del-alzheimer\/#breadcrumb\"},\"inLanguage\":\"es\",\"potentialAction\":[{\"@type\":\"ReadAction\",\"target\":[\"https:\/\/www.ull.es\/portal\/noticias\/2018\/los-cambios-la-conectividad-frecuencias-cerebrales-podria-signo-temprano-del-alzheimer\/\"]}]},{\"@type\":\"BreadcrumbList\",\"@id\":\"https:\/\/www.ull.es\/portal\/noticias\/2018\/los-cambios-la-conectividad-frecuencias-cerebrales-podria-signo-temprano-del-alzheimer\/#breadcrumb\",\"itemListElement\":[{\"@type\":\"ListItem\",\"position\":1,\"name\":\"Portada\",\"item\":\"https:\/\/www.ull.es\/portal\/noticias\/\"},{\"@type\":\"ListItem\",\"position\":2,\"name\":\"Los cambios en la conectividad entre frecuencias cerebrales podr\u00eda ser un signo temprano del Alzheimer\"}]},{\"@type\":\"WebSite\",\"@id\":\"https:\/\/www.ull.es\/portal\/noticias\/#website\",\"url\":\"https:\/\/www.ull.es\/portal\/noticias\/\",\"name\":\"ULL - Noticias\",\"description\":\"\",\"potentialAction\":[{\"@type\":\"SearchAction\",\"target\":{\"@type\":\"EntryPoint\",\"urlTemplate\":\"https:\/\/www.ull.es\/portal\/noticias\/?s={search_term_string}\"},\"query-input\":\"required name=search_term_string\"}],\"inLanguage\":\"es\"},{\"@type\":\"Person\",\"@id\":\"https:\/\/www.ull.es\/portal\/noticias\/#\/schema\/person\/c3b2aa857797592927a03740d6664376\",\"name\":\"prensa2\",\"image\":{\"@type\":\"ImageObject\",\"inLanguage\":\"es\",\"@id\":\"https:\/\/www.ull.es\/portal\/noticias\/#\/schema\/person\/image\/\",\"url\":\"https:\/\/secure.gravatar.com\/avatar\/b58f310a5de5feb33d1e026d2493f23c?s=96&d=mm&r=g\",\"contentUrl\":\"https:\/\/secure.gravatar.com\/avatar\/b58f310a5de5feb33d1e026d2493f23c?s=96&d=mm&r=g\",\"caption\":\"prensa2\"},\"url\":\"https:\/\/www.ull.es\/portal\/noticias\/author\/prensa2\/\"}]}<\/script>\n<!-- \/ Yoast SEO plugin. -->","yoast_head_json":{"title":"Los cambios en la conectividad entre frecuencias cerebrales podr\u00eda ser un signo temprano del Alzheimer - ULL - Noticias","robots":{"index":"index","follow":"follow","max-snippet":"max-snippet:-1","max-image-preview":"max-image-preview:large","max-video-preview":"max-video-preview:-1"},"canonical":"https:\/\/www.ull.es\/portal\/noticias\/2018\/los-cambios-la-conectividad-frecuencias-cerebrales-podria-signo-temprano-del-alzheimer\/","og_locale":"es_ES","og_type":"article","og_title":"Los cambios en la conectividad entre frecuencias cerebrales podr\u00eda ser un signo temprano del Alzheimer - ULL - Noticias","og_description":"&nbsp; Un grupo internacional en el que participan investigadores del Reino Unido y Espa\u00f1a, y cuyo autor senior es profesor...","og_url":"https:\/\/www.ull.es\/portal\/noticias\/2018\/los-cambios-la-conectividad-frecuencias-cerebrales-podria-signo-temprano-del-alzheimer\/","og_site_name":"ULL - Noticias","article_publisher":"https:\/\/www.facebook.com\/universidaddelalaguna\/","article_published_time":"2018-04-30T13:49:57+00:00","article_modified_time":"2020-11-24T12:33:23+00:00","og_image":[{"width":1200,"height":800,"url":"https:\/\/www.ull.es\/portal\/noticias\/wp-content\/uploads\/sites\/13\/2018\/04\/ernesto-pereda.jpg","type":"image\/jpeg"}],"author":"prensa2","twitter_card":"summary_large_image","twitter_creator":"@CanalULL","twitter_site":"@CanalULL","twitter_misc":{"Escrito por":"prensa2","Tiempo de lectura":"3 minutos"},"schema":{"@context":"https:\/\/schema.org","@graph":[{"@type":"WebPage","@id":"https:\/\/www.ull.es\/portal\/noticias\/2018\/los-cambios-la-conectividad-frecuencias-cerebrales-podria-signo-temprano-del-alzheimer\/","url":"https:\/\/www.ull.es\/portal\/noticias\/2018\/los-cambios-la-conectividad-frecuencias-cerebrales-podria-signo-temprano-del-alzheimer\/","name":"Los cambios en la conectividad entre frecuencias cerebrales podr\u00eda ser un signo temprano del Alzheimer - ULL - Noticias","isPartOf":{"@id":"https:\/\/www.ull.es\/portal\/noticias\/#website"},"datePublished":"2018-04-30T13:49:57+00:00","dateModified":"2020-11-24T12:33:23+00:00","author":{"@id":"https:\/\/www.ull.es\/portal\/noticias\/#\/schema\/person\/c3b2aa857797592927a03740d6664376"},"breadcrumb":{"@id":"https:\/\/www.ull.es\/portal\/noticias\/2018\/los-cambios-la-conectividad-frecuencias-cerebrales-podria-signo-temprano-del-alzheimer\/#breadcrumb"},"inLanguage":"es","potentialAction":[{"@type":"ReadAction","target":["https:\/\/www.ull.es\/portal\/noticias\/2018\/los-cambios-la-conectividad-frecuencias-cerebrales-podria-signo-temprano-del-alzheimer\/"]}]},{"@type":"BreadcrumbList","@id":"https:\/\/www.ull.es\/portal\/noticias\/2018\/los-cambios-la-conectividad-frecuencias-cerebrales-podria-signo-temprano-del-alzheimer\/#breadcrumb","itemListElement":[{"@type":"ListItem","position":1,"name":"Portada","item":"https:\/\/www.ull.es\/portal\/noticias\/"},{"@type":"ListItem","position":2,"name":"Los cambios en la conectividad entre frecuencias cerebrales podr\u00eda ser un signo temprano del Alzheimer"}]},{"@type":"WebSite","@id":"https:\/\/www.ull.es\/portal\/noticias\/#website","url":"https:\/\/www.ull.es\/portal\/noticias\/","name":"ULL - Noticias","description":"","potentialAction":[{"@type":"SearchAction","target":{"@type":"EntryPoint","urlTemplate":"https:\/\/www.ull.es\/portal\/noticias\/?s={search_term_string}"},"query-input":"required name=search_term_string"}],"inLanguage":"es"},{"@type":"Person","@id":"https:\/\/www.ull.es\/portal\/noticias\/#\/schema\/person\/c3b2aa857797592927a03740d6664376","name":"prensa2","image":{"@type":"ImageObject","inLanguage":"es","@id":"https:\/\/www.ull.es\/portal\/noticias\/#\/schema\/person\/image\/","url":"https:\/\/secure.gravatar.com\/avatar\/b58f310a5de5feb33d1e026d2493f23c?s=96&d=mm&r=g","contentUrl":"https:\/\/secure.gravatar.com\/avatar\/b58f310a5de5feb33d1e026d2493f23c?s=96&d=mm&r=g","caption":"prensa2"},"url":"https:\/\/www.ull.es\/portal\/noticias\/author\/prensa2\/"}]}},"primary_category":{"id":350,"name":"Investigaci\u00f3n","slug":"investigacion","link":"https:\/\/www.ull.es\/portal\/noticias\/category\/investigacion\/"},"featured_image_thumbnail_url":"https:\/\/www.ull.es\/portal\/noticias\/wp-content\/uploads\/sites\/13\/2018\/04\/ernesto-pereda-300x200.jpg","_links":{"self":[{"href":"https:\/\/www.ull.es\/portal\/noticias\/wp-json\/wp\/v2\/posts\/36742"}],"collection":[{"href":"https:\/\/www.ull.es\/portal\/noticias\/wp-json\/wp\/v2\/posts"}],"about":[{"href":"https:\/\/www.ull.es\/portal\/noticias\/wp-json\/wp\/v2\/types\/post"}],"author":[{"embeddable":true,"href":"https:\/\/www.ull.es\/portal\/noticias\/wp-json\/wp\/v2\/users\/21"}],"replies":[{"embeddable":true,"href":"https:\/\/www.ull.es\/portal\/noticias\/wp-json\/wp\/v2\/comments?post=36742"}],"version-history":[{"count":1,"href":"https:\/\/www.ull.es\/portal\/noticias\/wp-json\/wp\/v2\/posts\/36742\/revisions"}],"predecessor-version":[{"id":36744,"href":"https:\/\/www.ull.es\/portal\/noticias\/wp-json\/wp\/v2\/posts\/36742\/revisions\/36744"}],"wp:featuredmedia":[{"embeddable":true,"href":"https:\/\/www.ull.es\/portal\/noticias\/wp-json\/wp\/v2\/media\/36743"}],"wp:attachment":[{"href":"https:\/\/www.ull.es\/portal\/noticias\/wp-json\/wp\/v2\/media?parent=36742"}],"wp:term":[{"taxonomy":"category","embeddable":true,"href":"https:\/\/www.ull.es\/portal\/noticias\/wp-json\/wp\/v2\/categories?post=36742"},{"taxonomy":"post_tag","embeddable":true,"href":"https:\/\/www.ull.es\/portal\/noticias\/wp-json\/wp\/v2\/tags?post=36742"}],"curies":[{"name":"wp","href":"https:\/\/api.w.org\/{rel}","templated":true}]}}