{"id":36761,"date":"2018-05-02T08:41:40","date_gmt":"2018-05-02T08:41:40","guid":{"rendered":"https:\/\/www.ull.es\/portal\/noticias\/?p=36761"},"modified":"2018-05-02T08:41:40","modified_gmt":"2018-05-02T08:41:40","slug":"kike-perdomo-big-band-conservatorio","status":"publish","type":"post","link":"https:\/\/www.ull.es\/portal\/noticias\/2018\/kike-perdomo-big-band-conservatorio\/","title":{"rendered":"Kike Perdomo sube al escenario del Paraninfo la Big Band del Conservatorio Superior de M\u00fasica de Canarias"},"content":{"rendered":"<p>Los conciertos del ciclo J\u00f3venes Int\u00e9rpretes de la Universidad de La Laguna retoman su programaci\u00f3n hoy mi\u00e9rcoles, 2 de mayo, a partir de las 20:30 horas, con la actuaci\u00f3n de la Big Band del Conservatorio Superior de M\u00fasica de Canarias dirigida por Kike Perdomo. Las entradas para el mismo tendr\u00e1n car\u00e1cter gratuito, respetando el aforo de la sala.<\/p>\n<p>En el programa del mi\u00e9rcoles se interpretar\u00e1n las piezas de Sammy Nestico <em>88 Basie Street<\/em> y <em>Samantha<\/em> en las cuales participar\u00e1n los solistas Ian Pini\u00e9s, vibr\u00e1fono, Luis L\u00f3pez, piano y Daniel Hern\u00e1ndez, saxo Alto. De Duke Ellington se escuchar\u00e1 <em>Prelude to a Kiss<\/em> y <em>Caravan<\/em> en las que tocar\u00e1n como solistas Juan A. Martin Santana saxo bar\u00edtono y Daniel Hern\u00e1ndez, saxo alto, Dami\u00e1n Gonz\u00e1lez, tromb\u00f3n y Kepa Mart\u00ednez, clarinete. Pero adem\u00e1s se podr\u00e1 escuchar <em>All of me<\/em>, la composici\u00f3n de Seymour Simons &amp; Gerald Marks en la que Kepa Mart\u00ednez, clarinete, Ad\u00e1n P\u00e9rez, tromb\u00f3n, Ion\u00e9 Rodr\u00edguez, guitarra y Ian Pini\u00e9s, vibr\u00e1fono ser\u00e1n los encargados de hacer de solistas.<\/p>\n<p>Tambi\u00e9n Luis L\u00f3pez al piano interpretar\u00e1 <em>April in Paris<\/em>, de Vernon Duke con arreglos de Bob Mintzer; y del mismo compositor, <em>Life of the Party<\/em>, con Ion\u00e9 Rodr\u00edguez con la guitarra y Kepa Mart\u00ednez con el clarinete.<\/p>\n<p>En <em>Chameleon<\/em>, de Herbie Hancock, tocar\u00e1n como solistas Ian Pini\u00e9s con el vibr\u00e1fono y Marcos P\u00e9rez, saxo tenor e Ion\u00e9 Rodr\u00edguez, guitarra.<\/p>\n<p>Por \u00faltimo, de George &amp; Ira Gershwin, sonar\u00e1 <em>Love is Here to Stay<\/em> con Kepa Mart\u00ednez como solista de clarinete.<\/p>\n<p>El director, Kike Perdomo, ha cursado estudios de Saxo, Flauta, Armon\u00eda, Arreglos, Composici\u00f3n e Improvisaci\u00f3n de muy diversas fuentes: Conservatorio Superior de M\u00fasica de S\/C de Tenerife; Escuela de Jazz y M\u00fasica Moderna de Luis Vecchio; con profesores particulares como Greg Lyons, Dave Schnitter, Greg Badolato, Eric Marienthal, Bill Evans (saxo), Bennie Maupin, Chris Cheek, Will Vinson o Dick Oatts.<\/p>\n<p>Su carrera profesional es muy variada realizando giras con artistas de rock como Luz Casal (1989), Joaqu\u00edn Sabina (1994 al 1997) o Miguel R\u00edos (1997). Desde los a\u00f1os 90 ha recorrido la escena de clubes y festivales tocando multitud de veces en el Caf\u00e9 Central de Madrid y festivales de jazz como \u201cEntre Olivos\u201d Ja\u00e9n, Festival Internacional de Jazz de Lugo, Festival de Jazz de Barcelona, Festival de Jazz de Madrid, Festival Internacional de Jazz de M\u00e1laga, Jimmy Glass en Valencia, Festival de Jazz de L\u00e9rida, Festival de Jazz de Canarias, Bogui Jazz y Caf\u00e9 Berl\u00edn en Madrid, Filloa en La Coru\u00f1a, Bilbaina Jazz Club en Bilbao, Jamboree y Luz de Gas en Barcelona, etc\u2026 Tambi\u00e9n en el Instituto Cervantes de Nueva York, Rockwood Music Hall NY, Ibeam NY, Something Jazz Club NY, Smalls NY, Fat Cat NY, Elb Jazz Hamburgo, Edds Caf\u00e9 Maastrich, Moods Zurich, Swing&amp;Sweet Bergen, etc\u2026<\/p>\n<p>Kike Perdomo reside en la actualidad en Canarias y combina su labor de m\u00fasico con su trabajo de ingeniero de sonido y productor musical. En Canarias ha producido a Luis Morera, Esther Ovejero, Chiqui Perez, Carlos S\u00e1nchez, Adolfo Pe\u00f1a, Thomas Figueroa, Taburiente, A.M. Big Band, J.C. Machado, Big Band de Canarias y ha sido ingeniero de grabaci\u00f3n y mezclas de otra treintena de cds.<\/p>\n<p>Desde 2008 dirige la BIG BAND DE CANARIAS, con la que ha grabado 4 CDs y ha actuado en el archipi\u00e9lago, adem\u00e1s del Festival Internacional de Jazz de Lugo, Festival de Jazz de Madrid, Bienal de Flamenco de Sevilla, y en ciudades como Berl\u00edn y Bonn. Compagina su prol\u00edfica carrera art\u00edstica y profesional con una intensa actividad en defensa de los derechos de los m\u00fasicos. Kike es presidente de PROMUSIC (Asociaci\u00f3n de Profesionales de la M\u00fasica de las Islas Canarias), consejero de AIE (Sociedad de Artistas e Int\u00e9rpretes de Espa\u00f1a) y consejero de FEMA (Federaci\u00f3n de M\u00fasicos Asociados).<\/p>\n","protected":false},"excerpt":{"rendered":"<p>Los conciertos del ciclo J\u00f3venes Int\u00e9rpretes de la Universidad de La Laguna retoman su programaci\u00f3n hoy mi\u00e9rcoles, 2 de mayo,&#8230;<\/p>\n","protected":false},"author":21,"featured_media":36762,"comment_status":"closed","ping_status":"closed","sticky":false,"template":"","format":"standard","meta":{"inline_featured_image":false,"footnotes":""},"categories":[344,345,2753,2755,2754,2765],"tags":[4270,4269,4268],"acf":[],"yoast_head":"<!-- This site is optimized with the Yoast SEO plugin v21.3 - https:\/\/yoast.com\/wordpress\/plugins\/seo\/ -->\n<title>Kike Perdomo y la Big Band del Conservatorio Superior, en el Paraninfo<\/title>\n<meta name=\"description\" content=\"El ciclo J\u00f3venes Int\u00e9rpretes de la ULL vuelve al Paraninfo con la Big Band del Conservatorio Superior de M\u00fasica de Canarias dirigida por Kike Perdomo.\" \/>\n<meta name=\"robots\" content=\"index, follow, max-snippet:-1, max-image-preview:large, max-video-preview:-1\" \/>\n<link rel=\"canonical\" href=\"https:\/\/www.ull.es\/portal\/noticias\/2018\/kike-perdomo-big-band-conservatorio\/\" \/>\n<meta property=\"og:locale\" content=\"es_ES\" \/>\n<meta property=\"og:type\" content=\"article\" \/>\n<meta property=\"og:title\" content=\"Kike Perdomo y la Big Band del Conservatorio Superior, en el Paraninfo\" \/>\n<meta property=\"og:description\" content=\"El ciclo J\u00f3venes Int\u00e9rpretes de la ULL vuelve al Paraninfo con la Big Band del Conservatorio Superior de M\u00fasica de Canarias dirigida por Kike Perdomo.\" \/>\n<meta property=\"og:url\" content=\"https:\/\/www.ull.es\/portal\/noticias\/2018\/kike-perdomo-big-band-conservatorio\/\" \/>\n<meta property=\"og:site_name\" content=\"ULL - Noticias\" \/>\n<meta property=\"article:publisher\" content=\"https:\/\/www.facebook.com\/universidaddelalaguna\/\" \/>\n<meta property=\"article:published_time\" content=\"2018-05-02T08:41:40+00:00\" \/>\n<meta property=\"og:image\" content=\"https:\/\/www.ull.es\/portal\/noticias\/wp-content\/uploads\/sites\/13\/2018\/05\/2018_05_BIGBAND_AGENDA.jpg\" \/>\n\t<meta property=\"og:image:width\" content=\"700\" \/>\n\t<meta property=\"og:image:height\" content=\"350\" \/>\n\t<meta property=\"og:image:type\" content=\"image\/jpeg\" \/>\n<meta name=\"author\" content=\"prensa2\" \/>\n<meta name=\"twitter:card\" content=\"summary_large_image\" \/>\n<meta name=\"twitter:creator\" content=\"@CanalULL\" \/>\n<meta name=\"twitter:site\" content=\"@CanalULL\" \/>\n<meta name=\"twitter:label1\" content=\"Escrito por\" \/>\n\t<meta name=\"twitter:data1\" content=\"prensa2\" \/>\n\t<meta name=\"twitter:label2\" content=\"Tiempo de lectura\" \/>\n\t<meta name=\"twitter:data2\" content=\"3 minutos\" \/>\n<script type=\"application\/ld+json\" class=\"yoast-schema-graph\">{\"@context\":\"https:\/\/schema.org\",\"@graph\":[{\"@type\":\"WebPage\",\"@id\":\"https:\/\/www.ull.es\/portal\/noticias\/2018\/kike-perdomo-big-band-conservatorio\/\",\"url\":\"https:\/\/www.ull.es\/portal\/noticias\/2018\/kike-perdomo-big-band-conservatorio\/\",\"name\":\"Kike Perdomo y la Big Band del Conservatorio Superior, en el Paraninfo\",\"isPartOf\":{\"@id\":\"https:\/\/www.ull.es\/portal\/noticias\/#website\"},\"datePublished\":\"2018-05-02T08:41:40+00:00\",\"dateModified\":\"2018-05-02T08:41:40+00:00\",\"author\":{\"@id\":\"https:\/\/www.ull.es\/portal\/noticias\/#\/schema\/person\/c3b2aa857797592927a03740d6664376\"},\"description\":\"El ciclo J\u00f3venes Int\u00e9rpretes de la ULL vuelve al Paraninfo con la Big Band del Conservatorio Superior de M\u00fasica de Canarias dirigida por Kike Perdomo.\",\"breadcrumb\":{\"@id\":\"https:\/\/www.ull.es\/portal\/noticias\/2018\/kike-perdomo-big-band-conservatorio\/#breadcrumb\"},\"inLanguage\":\"es\",\"potentialAction\":[{\"@type\":\"ReadAction\",\"target\":[\"https:\/\/www.ull.es\/portal\/noticias\/2018\/kike-perdomo-big-band-conservatorio\/\"]}]},{\"@type\":\"BreadcrumbList\",\"@id\":\"https:\/\/www.ull.es\/portal\/noticias\/2018\/kike-perdomo-big-band-conservatorio\/#breadcrumb\",\"itemListElement\":[{\"@type\":\"ListItem\",\"position\":1,\"name\":\"Portada\",\"item\":\"https:\/\/www.ull.es\/portal\/noticias\/\"},{\"@type\":\"ListItem\",\"position\":2,\"name\":\"Kike Perdomo sube al escenario del Paraninfo la Big Band del Conservatorio Superior de M\u00fasica de Canarias\"}]},{\"@type\":\"WebSite\",\"@id\":\"https:\/\/www.ull.es\/portal\/noticias\/#website\",\"url\":\"https:\/\/www.ull.es\/portal\/noticias\/\",\"name\":\"ULL - Noticias\",\"description\":\"\",\"potentialAction\":[{\"@type\":\"SearchAction\",\"target\":{\"@type\":\"EntryPoint\",\"urlTemplate\":\"https:\/\/www.ull.es\/portal\/noticias\/?s={search_term_string}\"},\"query-input\":\"required name=search_term_string\"}],\"inLanguage\":\"es\"},{\"@type\":\"Person\",\"@id\":\"https:\/\/www.ull.es\/portal\/noticias\/#\/schema\/person\/c3b2aa857797592927a03740d6664376\",\"name\":\"prensa2\",\"image\":{\"@type\":\"ImageObject\",\"inLanguage\":\"es\",\"@id\":\"https:\/\/www.ull.es\/portal\/noticias\/#\/schema\/person\/image\/\",\"url\":\"https:\/\/secure.gravatar.com\/avatar\/b58f310a5de5feb33d1e026d2493f23c?s=96&d=mm&r=g\",\"contentUrl\":\"https:\/\/secure.gravatar.com\/avatar\/b58f310a5de5feb33d1e026d2493f23c?s=96&d=mm&r=g\",\"caption\":\"prensa2\"},\"url\":\"https:\/\/www.ull.es\/portal\/noticias\/author\/prensa2\/\"}]}<\/script>\n<!-- \/ Yoast SEO plugin. -->","yoast_head_json":{"title":"Kike Perdomo y la Big Band del Conservatorio Superior, en el Paraninfo","description":"El ciclo J\u00f3venes Int\u00e9rpretes de la ULL vuelve al Paraninfo con la Big Band del Conservatorio Superior de M\u00fasica de Canarias dirigida por Kike Perdomo.","robots":{"index":"index","follow":"follow","max-snippet":"max-snippet:-1","max-image-preview":"max-image-preview:large","max-video-preview":"max-video-preview:-1"},"canonical":"https:\/\/www.ull.es\/portal\/noticias\/2018\/kike-perdomo-big-band-conservatorio\/","og_locale":"es_ES","og_type":"article","og_title":"Kike Perdomo y la Big Band del Conservatorio Superior, en el Paraninfo","og_description":"El ciclo J\u00f3venes Int\u00e9rpretes de la ULL vuelve al Paraninfo con la Big Band del Conservatorio Superior de M\u00fasica de Canarias dirigida por Kike Perdomo.","og_url":"https:\/\/www.ull.es\/portal\/noticias\/2018\/kike-perdomo-big-band-conservatorio\/","og_site_name":"ULL - Noticias","article_publisher":"https:\/\/www.facebook.com\/universidaddelalaguna\/","article_published_time":"2018-05-02T08:41:40+00:00","og_image":[{"width":700,"height":350,"url":"https:\/\/www.ull.es\/portal\/noticias\/wp-content\/uploads\/sites\/13\/2018\/05\/2018_05_BIGBAND_AGENDA.jpg","type":"image\/jpeg"}],"author":"prensa2","twitter_card":"summary_large_image","twitter_creator":"@CanalULL","twitter_site":"@CanalULL","twitter_misc":{"Escrito por":"prensa2","Tiempo de lectura":"3 minutos"},"schema":{"@context":"https:\/\/schema.org","@graph":[{"@type":"WebPage","@id":"https:\/\/www.ull.es\/portal\/noticias\/2018\/kike-perdomo-big-band-conservatorio\/","url":"https:\/\/www.ull.es\/portal\/noticias\/2018\/kike-perdomo-big-band-conservatorio\/","name":"Kike Perdomo y la Big Band del Conservatorio Superior, en el Paraninfo","isPartOf":{"@id":"https:\/\/www.ull.es\/portal\/noticias\/#website"},"datePublished":"2018-05-02T08:41:40+00:00","dateModified":"2018-05-02T08:41:40+00:00","author":{"@id":"https:\/\/www.ull.es\/portal\/noticias\/#\/schema\/person\/c3b2aa857797592927a03740d6664376"},"description":"El ciclo J\u00f3venes Int\u00e9rpretes de la ULL vuelve al Paraninfo con la Big Band del Conservatorio Superior de M\u00fasica de Canarias dirigida por Kike Perdomo.","breadcrumb":{"@id":"https:\/\/www.ull.es\/portal\/noticias\/2018\/kike-perdomo-big-band-conservatorio\/#breadcrumb"},"inLanguage":"es","potentialAction":[{"@type":"ReadAction","target":["https:\/\/www.ull.es\/portal\/noticias\/2018\/kike-perdomo-big-band-conservatorio\/"]}]},{"@type":"BreadcrumbList","@id":"https:\/\/www.ull.es\/portal\/noticias\/2018\/kike-perdomo-big-band-conservatorio\/#breadcrumb","itemListElement":[{"@type":"ListItem","position":1,"name":"Portada","item":"https:\/\/www.ull.es\/portal\/noticias\/"},{"@type":"ListItem","position":2,"name":"Kike Perdomo sube al escenario del Paraninfo la Big Band del Conservatorio Superior de M\u00fasica de Canarias"}]},{"@type":"WebSite","@id":"https:\/\/www.ull.es\/portal\/noticias\/#website","url":"https:\/\/www.ull.es\/portal\/noticias\/","name":"ULL - Noticias","description":"","potentialAction":[{"@type":"SearchAction","target":{"@type":"EntryPoint","urlTemplate":"https:\/\/www.ull.es\/portal\/noticias\/?s={search_term_string}"},"query-input":"required name=search_term_string"}],"inLanguage":"es"},{"@type":"Person","@id":"https:\/\/www.ull.es\/portal\/noticias\/#\/schema\/person\/c3b2aa857797592927a03740d6664376","name":"prensa2","image":{"@type":"ImageObject","inLanguage":"es","@id":"https:\/\/www.ull.es\/portal\/noticias\/#\/schema\/person\/image\/","url":"https:\/\/secure.gravatar.com\/avatar\/b58f310a5de5feb33d1e026d2493f23c?s=96&d=mm&r=g","contentUrl":"https:\/\/secure.gravatar.com\/avatar\/b58f310a5de5feb33d1e026d2493f23c?s=96&d=mm&r=g","caption":"prensa2"},"url":"https:\/\/www.ull.es\/portal\/noticias\/author\/prensa2\/"}]}},"primary_category":{"id":344,"name":"Cultura","slug":"cultura","link":"https:\/\/www.ull.es\/portal\/noticias\/category\/cultura\/"},"featured_image_thumbnail_url":"https:\/\/www.ull.es\/portal\/noticias\/wp-content\/uploads\/sites\/13\/2018\/05\/2018_05_BIGBAND_AGENDA-300x150.jpg","_links":{"self":[{"href":"https:\/\/www.ull.es\/portal\/noticias\/wp-json\/wp\/v2\/posts\/36761"}],"collection":[{"href":"https:\/\/www.ull.es\/portal\/noticias\/wp-json\/wp\/v2\/posts"}],"about":[{"href":"https:\/\/www.ull.es\/portal\/noticias\/wp-json\/wp\/v2\/types\/post"}],"author":[{"embeddable":true,"href":"https:\/\/www.ull.es\/portal\/noticias\/wp-json\/wp\/v2\/users\/21"}],"replies":[{"embeddable":true,"href":"https:\/\/www.ull.es\/portal\/noticias\/wp-json\/wp\/v2\/comments?post=36761"}],"version-history":[{"count":1,"href":"https:\/\/www.ull.es\/portal\/noticias\/wp-json\/wp\/v2\/posts\/36761\/revisions"}],"predecessor-version":[{"id":36763,"href":"https:\/\/www.ull.es\/portal\/noticias\/wp-json\/wp\/v2\/posts\/36761\/revisions\/36763"}],"wp:featuredmedia":[{"embeddable":true,"href":"https:\/\/www.ull.es\/portal\/noticias\/wp-json\/wp\/v2\/media\/36762"}],"wp:attachment":[{"href":"https:\/\/www.ull.es\/portal\/noticias\/wp-json\/wp\/v2\/media?parent=36761"}],"wp:term":[{"taxonomy":"category","embeddable":true,"href":"https:\/\/www.ull.es\/portal\/noticias\/wp-json\/wp\/v2\/categories?post=36761"},{"taxonomy":"post_tag","embeddable":true,"href":"https:\/\/www.ull.es\/portal\/noticias\/wp-json\/wp\/v2\/tags?post=36761"}],"curies":[{"name":"wp","href":"https:\/\/api.w.org\/{rel}","templated":true}]}}