{"id":36779,"date":"2018-05-02T13:50:29","date_gmt":"2018-05-02T13:50:29","guid":{"rendered":"https:\/\/www.ull.es\/portal\/noticias\/?p=36779"},"modified":"2018-05-02T13:51:33","modified_gmt":"2018-05-02T13:51:33","slug":"la-ull-colaborara-la-asociacion-catadores-almud","status":"publish","type":"post","link":"https:\/\/www.ull.es\/portal\/noticias\/2018\/la-ull-colaborara-la-asociacion-catadores-almud\/","title":{"rendered":"La ULL colaborar\u00e1 con la asociaci\u00f3n de catadores El Almud"},"content":{"rendered":"<p>El rector de la Universidad de La Laguna, Antonio Martin\u00f3n, y la presidenta de la Asociaci\u00f3n de Catadores El Almud, Patricia Perdomo, han suscrito hoy mi\u00e9rcoles 2 de mayo un convenio de colaboraci\u00f3n para llevar a cabo actuaciones comunes, la mayor\u00eda de ellas referidas a formaci\u00f3n, aunque caben tambi\u00e9n acciones de difusi\u00f3n, culturales o de extensi\u00f3n universitaria.<\/p>\n<p>El elemento promotor de este acuerdo ha sido el Aula Cultural de Enoturismo y Turismo Gastron\u00f3mico de la instituci\u00f3n acad\u00e9mica, que lleva a cabo una intensa agenda de acciones durante todo el a\u00f1o en multitud de municipios de la regi\u00f3n. Y la primera actividad que se derivar\u00e1 de este acuerdo tendr\u00e1 lugar en pr\u00f3ximos d\u00edas, con la celebraci\u00f3n de un seminario denominado Rewine sobre promoci\u00f3n de los vinos de Canarias a trav\u00e9s de sus variedades, que se celebrar\u00e1 el s\u00e1bado 5 de mayo en el Centro Cultural de Santo Domingo, en la localidad palmera de Garaf\u00eda, donde tiene su sede la asociaci\u00f3n.<\/p>\n<p>El Almud representa a catadores no solo de vinos, sino que tambi\u00e9n incluye otros productos como gofio, queso, aceite o mojos, y su prop\u00f3sito es llevar a cabo acciones de car\u00e1cter regional, y no solo local. \u201cNo queremos solo ser catadores de productos, sino centrarnos en promocionar tambi\u00e9n la cultura que rodea a cada uno de ellos\u201d, destac\u00f3 hoy la presidenta de la asociaci\u00f3n, que viene apoyada por el propio ayuntamiento de la localidad y del cabildo insular, con representantes institucionales en el acto de firma del convenio marco.<\/p>\n<p>Perdomo, que es la segunda bodeguera m\u00e1s joven de Canarias. En la firma de hoy celebrada en el Rectorado destac\u00f3 la relevancia de este acuerdo, que supone acercar la formaci\u00f3n universitaria y la especializaci\u00f3n profesional a la isla y al propio municipio de Garaf\u00eda. Tanto los representantes del cabildo como del ayuntamiento hicieron hincapi\u00e9 en el inter\u00e9s de acercar a la ciudadan\u00eda los productos locales, de tal modo que este acercamiento no solo sea a la etiqueta, sino al producto en s\u00ed. Almud es una asociaci\u00f3n joven, creada hace apenas un a\u00f1o, que cuenta con el pleno apoyo del consistorio.<\/p>\n<p>El rector, por su parte, se\u00f1al\u00f3 que la r\u00fabrica de este convenio es un nuevo \u00e9xito del aula cultural, dependiente del Vicerrectorado de Relaciones con la Sociedad, dado que se trata de una entidad muy activa, con gran proyecci\u00f3n hacia fuera y que, en cualquier caso, forma parte de la estrategia de la Universidad de La Laguna de tender puentes hacia el entorno social.<\/p>\n<p>Destac\u00f3 en este punto que el centro acad\u00e9mico no solo imparte docencia y realiza investigaci\u00f3n, sino que tambi\u00e9n transfiere su conocimiento a la sociedad, y esta es una de las formas m\u00e1s \u00f3ptimas de hacerlo, agreg\u00f3. \u201cAsociaciones como esta refuerzan y fortalecen la sociedad civil\u201d. Ya est\u00e1 prevista para el mes de junio una segunda acci\u00f3n de formaci\u00f3n y reciclaje con esta asociaci\u00f3n, a trav\u00e9s del aula cultural de la Universidad de La Laguna.<\/p>\n","protected":false},"excerpt":{"rendered":"<p>El rector de la Universidad de La Laguna, Antonio Martin\u00f3n, y la presidenta de la Asociaci\u00f3n de Catadores El Almud,&#8230;<\/p>\n","protected":false},"author":20,"featured_media":36780,"comment_status":"closed","ping_status":"closed","sticky":false,"template":"","format":"standard","meta":{"inline_featured_image":false,"footnotes":""},"categories":[345,348,2752,2753,2755,2754,2751,2765],"tags":[],"acf":[],"yoast_head":"<!-- This site is optimized with the Yoast SEO plugin v21.3 - https:\/\/yoast.com\/wordpress\/plugins\/seo\/ -->\n<title>La ULL colaborar\u00e1 con la asociaci\u00f3n de catadores El Almud<\/title>\n<meta name=\"description\" content=\"La ULL colaborar\u00e1 con la asociaci\u00f3n de catadores El Almud con un convenio de colaboraci\u00f3n para llevar a cabo actuaciones comunes\" \/>\n<meta name=\"robots\" content=\"index, follow, max-snippet:-1, max-image-preview:large, max-video-preview:-1\" \/>\n<link rel=\"canonical\" href=\"https:\/\/www.ull.es\/portal\/noticias\/2018\/la-ull-colaborara-la-asociacion-catadores-almud\/\" \/>\n<meta property=\"og:locale\" content=\"es_ES\" \/>\n<meta property=\"og:type\" content=\"article\" \/>\n<meta property=\"og:title\" content=\"La ULL colaborar\u00e1 con la asociaci\u00f3n de catadores El Almud\" \/>\n<meta property=\"og:description\" content=\"La ULL colaborar\u00e1 con la asociaci\u00f3n de catadores El Almud con un convenio de colaboraci\u00f3n para llevar a cabo actuaciones comunes\" \/>\n<meta property=\"og:url\" content=\"https:\/\/www.ull.es\/portal\/noticias\/2018\/la-ull-colaborara-la-asociacion-catadores-almud\/\" \/>\n<meta property=\"og:site_name\" content=\"ULL - Noticias\" \/>\n<meta property=\"article:publisher\" content=\"https:\/\/www.facebook.com\/universidaddelalaguna\/\" \/>\n<meta property=\"article:published_time\" content=\"2018-05-02T13:50:29+00:00\" \/>\n<meta property=\"article:modified_time\" content=\"2018-05-02T13:51:33+00:00\" \/>\n<meta property=\"og:image\" content=\"https:\/\/www.ull.es\/portal\/noticias\/wp-content\/uploads\/sites\/13\/2018\/05\/convenio.jpg\" \/>\n\t<meta property=\"og:image:width\" content=\"1200\" \/>\n\t<meta property=\"og:image:height\" content=\"800\" \/>\n\t<meta property=\"og:image:type\" content=\"image\/jpeg\" \/>\n<meta name=\"author\" content=\"prensa1\" \/>\n<meta name=\"twitter:card\" content=\"summary_large_image\" \/>\n<meta name=\"twitter:creator\" content=\"@CanalULL\" \/>\n<meta name=\"twitter:site\" content=\"@CanalULL\" \/>\n<meta name=\"twitter:label1\" content=\"Escrito por\" \/>\n\t<meta name=\"twitter:data1\" content=\"prensa1\" \/>\n\t<meta name=\"twitter:label2\" content=\"Tiempo de lectura\" \/>\n\t<meta name=\"twitter:data2\" content=\"3 minutos\" \/>\n<script type=\"application\/ld+json\" class=\"yoast-schema-graph\">{\"@context\":\"https:\/\/schema.org\",\"@graph\":[{\"@type\":\"WebPage\",\"@id\":\"https:\/\/www.ull.es\/portal\/noticias\/2018\/la-ull-colaborara-la-asociacion-catadores-almud\/\",\"url\":\"https:\/\/www.ull.es\/portal\/noticias\/2018\/la-ull-colaborara-la-asociacion-catadores-almud\/\",\"name\":\"La ULL colaborar\u00e1 con la asociaci\u00f3n de catadores El Almud\",\"isPartOf\":{\"@id\":\"https:\/\/www.ull.es\/portal\/noticias\/#website\"},\"datePublished\":\"2018-05-02T13:50:29+00:00\",\"dateModified\":\"2018-05-02T13:51:33+00:00\",\"author\":{\"@id\":\"https:\/\/www.ull.es\/portal\/noticias\/#\/schema\/person\/ea9b721b26bc001d9f8820a760100f96\"},\"description\":\"La ULL colaborar\u00e1 con la asociaci\u00f3n de catadores El Almud con un convenio de colaboraci\u00f3n para llevar a cabo actuaciones comunes\",\"breadcrumb\":{\"@id\":\"https:\/\/www.ull.es\/portal\/noticias\/2018\/la-ull-colaborara-la-asociacion-catadores-almud\/#breadcrumb\"},\"inLanguage\":\"es\",\"potentialAction\":[{\"@type\":\"ReadAction\",\"target\":[\"https:\/\/www.ull.es\/portal\/noticias\/2018\/la-ull-colaborara-la-asociacion-catadores-almud\/\"]}]},{\"@type\":\"BreadcrumbList\",\"@id\":\"https:\/\/www.ull.es\/portal\/noticias\/2018\/la-ull-colaborara-la-asociacion-catadores-almud\/#breadcrumb\",\"itemListElement\":[{\"@type\":\"ListItem\",\"position\":1,\"name\":\"Portada\",\"item\":\"https:\/\/www.ull.es\/portal\/noticias\/\"},{\"@type\":\"ListItem\",\"position\":2,\"name\":\"La ULL colaborar\u00e1 con la asociaci\u00f3n de catadores El Almud\"}]},{\"@type\":\"WebSite\",\"@id\":\"https:\/\/www.ull.es\/portal\/noticias\/#website\",\"url\":\"https:\/\/www.ull.es\/portal\/noticias\/\",\"name\":\"ULL - Noticias\",\"description\":\"\",\"potentialAction\":[{\"@type\":\"SearchAction\",\"target\":{\"@type\":\"EntryPoint\",\"urlTemplate\":\"https:\/\/www.ull.es\/portal\/noticias\/?s={search_term_string}\"},\"query-input\":\"required name=search_term_string\"}],\"inLanguage\":\"es\"},{\"@type\":\"Person\",\"@id\":\"https:\/\/www.ull.es\/portal\/noticias\/#\/schema\/person\/ea9b721b26bc001d9f8820a760100f96\",\"name\":\"prensa1\",\"image\":{\"@type\":\"ImageObject\",\"inLanguage\":\"es\",\"@id\":\"https:\/\/www.ull.es\/portal\/noticias\/#\/schema\/person\/image\/\",\"url\":\"https:\/\/secure.gravatar.com\/avatar\/94b9dcabd35142d3e94c7343cd1c6ca0?s=96&d=mm&r=g\",\"contentUrl\":\"https:\/\/secure.gravatar.com\/avatar\/94b9dcabd35142d3e94c7343cd1c6ca0?s=96&d=mm&r=g\",\"caption\":\"prensa1\"},\"url\":\"https:\/\/www.ull.es\/portal\/noticias\/author\/prensa1\/\"}]}<\/script>\n<!-- \/ Yoast SEO plugin. -->","yoast_head_json":{"title":"La ULL colaborar\u00e1 con la asociaci\u00f3n de catadores El Almud","description":"La ULL colaborar\u00e1 con la asociaci\u00f3n de catadores El Almud con un convenio de colaboraci\u00f3n para llevar a cabo actuaciones comunes","robots":{"index":"index","follow":"follow","max-snippet":"max-snippet:-1","max-image-preview":"max-image-preview:large","max-video-preview":"max-video-preview:-1"},"canonical":"https:\/\/www.ull.es\/portal\/noticias\/2018\/la-ull-colaborara-la-asociacion-catadores-almud\/","og_locale":"es_ES","og_type":"article","og_title":"La ULL colaborar\u00e1 con la asociaci\u00f3n de catadores El Almud","og_description":"La ULL colaborar\u00e1 con la asociaci\u00f3n de catadores El Almud con un convenio de colaboraci\u00f3n para llevar a cabo actuaciones comunes","og_url":"https:\/\/www.ull.es\/portal\/noticias\/2018\/la-ull-colaborara-la-asociacion-catadores-almud\/","og_site_name":"ULL - Noticias","article_publisher":"https:\/\/www.facebook.com\/universidaddelalaguna\/","article_published_time":"2018-05-02T13:50:29+00:00","article_modified_time":"2018-05-02T13:51:33+00:00","og_image":[{"width":1200,"height":800,"url":"https:\/\/www.ull.es\/portal\/noticias\/wp-content\/uploads\/sites\/13\/2018\/05\/convenio.jpg","type":"image\/jpeg"}],"author":"prensa1","twitter_card":"summary_large_image","twitter_creator":"@CanalULL","twitter_site":"@CanalULL","twitter_misc":{"Escrito por":"prensa1","Tiempo de lectura":"3 minutos"},"schema":{"@context":"https:\/\/schema.org","@graph":[{"@type":"WebPage","@id":"https:\/\/www.ull.es\/portal\/noticias\/2018\/la-ull-colaborara-la-asociacion-catadores-almud\/","url":"https:\/\/www.ull.es\/portal\/noticias\/2018\/la-ull-colaborara-la-asociacion-catadores-almud\/","name":"La ULL colaborar\u00e1 con la asociaci\u00f3n de catadores El Almud","isPartOf":{"@id":"https:\/\/www.ull.es\/portal\/noticias\/#website"},"datePublished":"2018-05-02T13:50:29+00:00","dateModified":"2018-05-02T13:51:33+00:00","author":{"@id":"https:\/\/www.ull.es\/portal\/noticias\/#\/schema\/person\/ea9b721b26bc001d9f8820a760100f96"},"description":"La ULL colaborar\u00e1 con la asociaci\u00f3n de catadores El Almud con un convenio de colaboraci\u00f3n para llevar a cabo actuaciones comunes","breadcrumb":{"@id":"https:\/\/www.ull.es\/portal\/noticias\/2018\/la-ull-colaborara-la-asociacion-catadores-almud\/#breadcrumb"},"inLanguage":"es","potentialAction":[{"@type":"ReadAction","target":["https:\/\/www.ull.es\/portal\/noticias\/2018\/la-ull-colaborara-la-asociacion-catadores-almud\/"]}]},{"@type":"BreadcrumbList","@id":"https:\/\/www.ull.es\/portal\/noticias\/2018\/la-ull-colaborara-la-asociacion-catadores-almud\/#breadcrumb","itemListElement":[{"@type":"ListItem","position":1,"name":"Portada","item":"https:\/\/www.ull.es\/portal\/noticias\/"},{"@type":"ListItem","position":2,"name":"La ULL colaborar\u00e1 con la asociaci\u00f3n de catadores El Almud"}]},{"@type":"WebSite","@id":"https:\/\/www.ull.es\/portal\/noticias\/#website","url":"https:\/\/www.ull.es\/portal\/noticias\/","name":"ULL - Noticias","description":"","potentialAction":[{"@type":"SearchAction","target":{"@type":"EntryPoint","urlTemplate":"https:\/\/www.ull.es\/portal\/noticias\/?s={search_term_string}"},"query-input":"required name=search_term_string"}],"inLanguage":"es"},{"@type":"Person","@id":"https:\/\/www.ull.es\/portal\/noticias\/#\/schema\/person\/ea9b721b26bc001d9f8820a760100f96","name":"prensa1","image":{"@type":"ImageObject","inLanguage":"es","@id":"https:\/\/www.ull.es\/portal\/noticias\/#\/schema\/person\/image\/","url":"https:\/\/secure.gravatar.com\/avatar\/94b9dcabd35142d3e94c7343cd1c6ca0?s=96&d=mm&r=g","contentUrl":"https:\/\/secure.gravatar.com\/avatar\/94b9dcabd35142d3e94c7343cd1c6ca0?s=96&d=mm&r=g","caption":"prensa1"},"url":"https:\/\/www.ull.es\/portal\/noticias\/author\/prensa1\/"}]}},"primary_category":{"id":348,"name":"Instituci\u00f3n","slug":"institucion","link":"https:\/\/www.ull.es\/portal\/noticias\/category\/institucion\/"},"featured_image_thumbnail_url":"https:\/\/www.ull.es\/portal\/noticias\/wp-content\/uploads\/sites\/13\/2018\/05\/convenio-300x200.jpg","_links":{"self":[{"href":"https:\/\/www.ull.es\/portal\/noticias\/wp-json\/wp\/v2\/posts\/36779"}],"collection":[{"href":"https:\/\/www.ull.es\/portal\/noticias\/wp-json\/wp\/v2\/posts"}],"about":[{"href":"https:\/\/www.ull.es\/portal\/noticias\/wp-json\/wp\/v2\/types\/post"}],"author":[{"embeddable":true,"href":"https:\/\/www.ull.es\/portal\/noticias\/wp-json\/wp\/v2\/users\/20"}],"replies":[{"embeddable":true,"href":"https:\/\/www.ull.es\/portal\/noticias\/wp-json\/wp\/v2\/comments?post=36779"}],"version-history":[{"count":2,"href":"https:\/\/www.ull.es\/portal\/noticias\/wp-json\/wp\/v2\/posts\/36779\/revisions"}],"predecessor-version":[{"id":36782,"href":"https:\/\/www.ull.es\/portal\/noticias\/wp-json\/wp\/v2\/posts\/36779\/revisions\/36782"}],"wp:featuredmedia":[{"embeddable":true,"href":"https:\/\/www.ull.es\/portal\/noticias\/wp-json\/wp\/v2\/media\/36780"}],"wp:attachment":[{"href":"https:\/\/www.ull.es\/portal\/noticias\/wp-json\/wp\/v2\/media?parent=36779"}],"wp:term":[{"taxonomy":"category","embeddable":true,"href":"https:\/\/www.ull.es\/portal\/noticias\/wp-json\/wp\/v2\/categories?post=36779"},{"taxonomy":"post_tag","embeddable":true,"href":"https:\/\/www.ull.es\/portal\/noticias\/wp-json\/wp\/v2\/tags?post=36779"}],"curies":[{"name":"wp","href":"https:\/\/api.w.org\/{rel}","templated":true}]}}