{"id":36790,"date":"2018-05-03T09:03:02","date_gmt":"2018-05-03T09:03:02","guid":{"rendered":"https:\/\/www.ull.es\/portal\/noticias\/?p=36790"},"modified":"2018-05-03T09:03:02","modified_gmt":"2018-05-03T09:03:02","slug":"la-orilla-mas-perra-del-mundo-catalogo-formas-ver-la-realidad-modo-teatro","status":"publish","type":"post","link":"https:\/\/www.ull.es\/portal\/noticias\/2018\/la-orilla-mas-perra-del-mundo-catalogo-formas-ver-la-realidad-modo-teatro\/","title":{"rendered":"\u2018La orilla m\u00e1s perra del mundo\u2019, un cat\u00e1logo de formas de ver la realidad en modo teatro"},"content":{"rendered":"<p>De nuevo el teatro llenar\u00e1 el escenario del Paraninfo de la Universidad de La Laguna esta primera semana de mayo, acogiendo la representaci\u00f3n, el viernes 4 de mayo, a partir de las 20:30 horas, del espect\u00e1culo \u2018La orilla m\u00e1s perra del mundo\u2019, a cargo del la escuela de teatro de Los Realejos.<\/p>\n<p>Las entradas se pueden comprar en la taquilla del Paraninfo hasta 60 minutos antes de cada espect\u00e1culo (solo se admite pago con tarjeta bancaria) o en Internet, en la p\u00e1gina web <a href=\"http:\/\/www.Tomaticket.es\/paraninfoull\" target=\"_blank\" rel=\"noopener\">www.Tomaticket.es\/paraninfoull<\/a> (con sobreprecio). Tambi\u00e9n existe la posibilidad de retirarlas en el Vicerrectorado de Relaciones con la Sociedad, en la calle Viana n\u00famero 50 de La Laguna; de lunes a viernes de 9:00 a 15:00 horas (Solo se admite pago con tarjeta bancaria).<\/p>\n<p>Sobre catorce piezas de seis j\u00f3venes dramaturgos contempor\u00e1neos, coordinados por el maestro de actores y autores J. Sanch\u00eds Sinisterra (autor del pr\u00f3logo del espect\u00e1culo), doce alumnos de la Escuela Municipal de Teatro de Los Realejos (la promoci\u00f3n de 2016\/17) componen un montaje multiforme, que, aparte de remover las conciencias de los espectadores, pretende ofrecer un muestreo de distintas maneras de \u00abcopiar la realidad\u00bb, desde el naturalismo m\u00e1s crudo hasta el clown m\u00e1s delirante.<\/p>\n<p>A manera de sinopsis, es la propia compa\u00f1\u00eda la que propone a cada espectador la duda de que \u201csi el mundo fuera un r\u00edo&#8230; \u00bft\u00fa en qu\u00e9 orilla te imaginas? \u00bfEn la orilla perra, rabioso, ladrando, quej\u00e1ndote de malestar? \u00bfO en la orilla \u00abgata\u00bb, satisfecho, maullando dulce, ronroneando de bienestar? No tienes por qu\u00e9 responder a estas preguntas (a lo mejor tampoco puedes), porque ni el mundo es un r\u00edo, ni los perros andan separados de los gatos, sino revoltillados, a la gresca, siempre en conflicto\u201d.<\/p>\n<p>l elenco estar\u00e1 formado por \u00c1ngeles Rodr\u00edguez, Elisa Laura Sastre, Francisca Almeida, Jos\u00e9 Manuel Fuentes, Javier Acevedo, Luisa Garc\u00eda, Macu Betancor, Manu Medina, Mar\u00eda Zambelli, May Aledo, Miriam S\u00e1ez y Yara Garc\u00eda. El vestuario, utiller\u00eda, escenograf\u00eda y maquillaje son productos de la escuela de teatro y la iluminaci\u00f3n, versi\u00f3n, dramaturgia y direcci\u00f3n, de Marcos Hern\u00e1ndez y Manolo Garc\u00eda.<\/p>\n","protected":false},"excerpt":{"rendered":"<p>De nuevo el teatro llenar\u00e1 el escenario del Paraninfo de la Universidad de La Laguna esta primera semana de mayo,&#8230;<\/p>\n","protected":false},"author":23,"featured_media":36792,"comment_status":"closed","ping_status":"closed","sticky":false,"template":"","format":"standard","meta":{"inline_featured_image":false,"footnotes":""},"categories":[344,345,2765],"tags":[2047,2452],"acf":[],"yoast_head":"<!-- This site is optimized with the Yoast SEO plugin v21.3 - https:\/\/yoast.com\/wordpress\/plugins\/seo\/ -->\n<title>\u2018La orilla m\u00e1s perra del mundo\u2019, un cat\u00e1logo de formas de ver la realidad en modo teatro - ULL - Noticias<\/title>\n<meta name=\"robots\" content=\"index, follow, max-snippet:-1, max-image-preview:large, max-video-preview:-1\" \/>\n<link rel=\"canonical\" href=\"https:\/\/www.ull.es\/portal\/noticias\/2018\/la-orilla-mas-perra-del-mundo-catalogo-formas-ver-la-realidad-modo-teatro\/\" \/>\n<meta property=\"og:locale\" content=\"es_ES\" \/>\n<meta property=\"og:type\" content=\"article\" \/>\n<meta property=\"og:title\" content=\"\u2018La orilla m\u00e1s perra del mundo\u2019, un cat\u00e1logo de formas de ver la realidad en modo teatro - ULL - Noticias\" \/>\n<meta property=\"og:description\" content=\"De nuevo el teatro llenar\u00e1 el escenario del Paraninfo de la Universidad de La Laguna esta primera semana de mayo,...\" \/>\n<meta property=\"og:url\" content=\"https:\/\/www.ull.es\/portal\/noticias\/2018\/la-orilla-mas-perra-del-mundo-catalogo-formas-ver-la-realidad-modo-teatro\/\" \/>\n<meta property=\"og:site_name\" content=\"ULL - Noticias\" \/>\n<meta property=\"article:publisher\" content=\"https:\/\/www.facebook.com\/universidaddelalaguna\/\" \/>\n<meta property=\"article:published_time\" content=\"2018-05-03T09:03:02+00:00\" \/>\n<meta property=\"og:image\" content=\"https:\/\/www.ull.es\/portal\/noticias\/wp-content\/uploads\/sites\/13\/2018\/05\/OrillaPerradelMundo_agenda.jpg\" \/>\n\t<meta property=\"og:image:width\" content=\"700\" \/>\n\t<meta property=\"og:image:height\" content=\"350\" \/>\n\t<meta property=\"og:image:type\" content=\"image\/jpeg\" \/>\n<meta name=\"author\" content=\"gaprsa\" \/>\n<meta name=\"twitter:card\" content=\"summary_large_image\" \/>\n<meta name=\"twitter:creator\" content=\"@CanalULL\" \/>\n<meta name=\"twitter:site\" content=\"@CanalULL\" \/>\n<meta name=\"twitter:label1\" content=\"Escrito por\" \/>\n\t<meta name=\"twitter:data1\" content=\"gaprsa\" \/>\n\t<meta name=\"twitter:label2\" content=\"Tiempo de lectura\" \/>\n\t<meta name=\"twitter:data2\" content=\"2 minutos\" \/>\n<script type=\"application\/ld+json\" class=\"yoast-schema-graph\">{\"@context\":\"https:\/\/schema.org\",\"@graph\":[{\"@type\":\"WebPage\",\"@id\":\"https:\/\/www.ull.es\/portal\/noticias\/2018\/la-orilla-mas-perra-del-mundo-catalogo-formas-ver-la-realidad-modo-teatro\/\",\"url\":\"https:\/\/www.ull.es\/portal\/noticias\/2018\/la-orilla-mas-perra-del-mundo-catalogo-formas-ver-la-realidad-modo-teatro\/\",\"name\":\"\u2018La orilla m\u00e1s perra del mundo\u2019, un cat\u00e1logo de formas de ver la realidad en modo teatro - ULL - Noticias\",\"isPartOf\":{\"@id\":\"https:\/\/www.ull.es\/portal\/noticias\/#website\"},\"datePublished\":\"2018-05-03T09:03:02+00:00\",\"dateModified\":\"2018-05-03T09:03:02+00:00\",\"author\":{\"@id\":\"https:\/\/www.ull.es\/portal\/noticias\/#\/schema\/person\/b2b1a89d43ffa609e591f7df8ef3e817\"},\"breadcrumb\":{\"@id\":\"https:\/\/www.ull.es\/portal\/noticias\/2018\/la-orilla-mas-perra-del-mundo-catalogo-formas-ver-la-realidad-modo-teatro\/#breadcrumb\"},\"inLanguage\":\"es\",\"potentialAction\":[{\"@type\":\"ReadAction\",\"target\":[\"https:\/\/www.ull.es\/portal\/noticias\/2018\/la-orilla-mas-perra-del-mundo-catalogo-formas-ver-la-realidad-modo-teatro\/\"]}]},{\"@type\":\"BreadcrumbList\",\"@id\":\"https:\/\/www.ull.es\/portal\/noticias\/2018\/la-orilla-mas-perra-del-mundo-catalogo-formas-ver-la-realidad-modo-teatro\/#breadcrumb\",\"itemListElement\":[{\"@type\":\"ListItem\",\"position\":1,\"name\":\"Portada\",\"item\":\"https:\/\/www.ull.es\/portal\/noticias\/\"},{\"@type\":\"ListItem\",\"position\":2,\"name\":\"\u2018La orilla m\u00e1s perra del mundo\u2019, un cat\u00e1logo de formas de ver la realidad en modo teatro\"}]},{\"@type\":\"WebSite\",\"@id\":\"https:\/\/www.ull.es\/portal\/noticias\/#website\",\"url\":\"https:\/\/www.ull.es\/portal\/noticias\/\",\"name\":\"ULL - Noticias\",\"description\":\"\",\"potentialAction\":[{\"@type\":\"SearchAction\",\"target\":{\"@type\":\"EntryPoint\",\"urlTemplate\":\"https:\/\/www.ull.es\/portal\/noticias\/?s={search_term_string}\"},\"query-input\":\"required name=search_term_string\"}],\"inLanguage\":\"es\"},{\"@type\":\"Person\",\"@id\":\"https:\/\/www.ull.es\/portal\/noticias\/#\/schema\/person\/b2b1a89d43ffa609e591f7df8ef3e817\",\"name\":\"gaprsa\",\"image\":{\"@type\":\"ImageObject\",\"inLanguage\":\"es\",\"@id\":\"https:\/\/www.ull.es\/portal\/noticias\/#\/schema\/person\/image\/\",\"url\":\"https:\/\/secure.gravatar.com\/avatar\/443820550921091458b4823867723b3d?s=96&d=mm&r=g\",\"contentUrl\":\"https:\/\/secure.gravatar.com\/avatar\/443820550921091458b4823867723b3d?s=96&d=mm&r=g\",\"caption\":\"gaprsa\"},\"url\":\"https:\/\/www.ull.es\/portal\/noticias\/author\/gaprsa\/\"}]}<\/script>\n<!-- \/ Yoast SEO plugin. -->","yoast_head_json":{"title":"\u2018La orilla m\u00e1s perra del mundo\u2019, un cat\u00e1logo de formas de ver la realidad en modo teatro - ULL - Noticias","robots":{"index":"index","follow":"follow","max-snippet":"max-snippet:-1","max-image-preview":"max-image-preview:large","max-video-preview":"max-video-preview:-1"},"canonical":"https:\/\/www.ull.es\/portal\/noticias\/2018\/la-orilla-mas-perra-del-mundo-catalogo-formas-ver-la-realidad-modo-teatro\/","og_locale":"es_ES","og_type":"article","og_title":"\u2018La orilla m\u00e1s perra del mundo\u2019, un cat\u00e1logo de formas de ver la realidad en modo teatro - ULL - Noticias","og_description":"De nuevo el teatro llenar\u00e1 el escenario del Paraninfo de la Universidad de La Laguna esta primera semana de mayo,...","og_url":"https:\/\/www.ull.es\/portal\/noticias\/2018\/la-orilla-mas-perra-del-mundo-catalogo-formas-ver-la-realidad-modo-teatro\/","og_site_name":"ULL - Noticias","article_publisher":"https:\/\/www.facebook.com\/universidaddelalaguna\/","article_published_time":"2018-05-03T09:03:02+00:00","og_image":[{"width":700,"height":350,"url":"https:\/\/www.ull.es\/portal\/noticias\/wp-content\/uploads\/sites\/13\/2018\/05\/OrillaPerradelMundo_agenda.jpg","type":"image\/jpeg"}],"author":"gaprsa","twitter_card":"summary_large_image","twitter_creator":"@CanalULL","twitter_site":"@CanalULL","twitter_misc":{"Escrito por":"gaprsa","Tiempo de lectura":"2 minutos"},"schema":{"@context":"https:\/\/schema.org","@graph":[{"@type":"WebPage","@id":"https:\/\/www.ull.es\/portal\/noticias\/2018\/la-orilla-mas-perra-del-mundo-catalogo-formas-ver-la-realidad-modo-teatro\/","url":"https:\/\/www.ull.es\/portal\/noticias\/2018\/la-orilla-mas-perra-del-mundo-catalogo-formas-ver-la-realidad-modo-teatro\/","name":"\u2018La orilla m\u00e1s perra del mundo\u2019, un cat\u00e1logo de formas de ver la realidad en modo teatro - ULL - Noticias","isPartOf":{"@id":"https:\/\/www.ull.es\/portal\/noticias\/#website"},"datePublished":"2018-05-03T09:03:02+00:00","dateModified":"2018-05-03T09:03:02+00:00","author":{"@id":"https:\/\/www.ull.es\/portal\/noticias\/#\/schema\/person\/b2b1a89d43ffa609e591f7df8ef3e817"},"breadcrumb":{"@id":"https:\/\/www.ull.es\/portal\/noticias\/2018\/la-orilla-mas-perra-del-mundo-catalogo-formas-ver-la-realidad-modo-teatro\/#breadcrumb"},"inLanguage":"es","potentialAction":[{"@type":"ReadAction","target":["https:\/\/www.ull.es\/portal\/noticias\/2018\/la-orilla-mas-perra-del-mundo-catalogo-formas-ver-la-realidad-modo-teatro\/"]}]},{"@type":"BreadcrumbList","@id":"https:\/\/www.ull.es\/portal\/noticias\/2018\/la-orilla-mas-perra-del-mundo-catalogo-formas-ver-la-realidad-modo-teatro\/#breadcrumb","itemListElement":[{"@type":"ListItem","position":1,"name":"Portada","item":"https:\/\/www.ull.es\/portal\/noticias\/"},{"@type":"ListItem","position":2,"name":"\u2018La orilla m\u00e1s perra del mundo\u2019, un cat\u00e1logo de formas de ver la realidad en modo teatro"}]},{"@type":"WebSite","@id":"https:\/\/www.ull.es\/portal\/noticias\/#website","url":"https:\/\/www.ull.es\/portal\/noticias\/","name":"ULL - Noticias","description":"","potentialAction":[{"@type":"SearchAction","target":{"@type":"EntryPoint","urlTemplate":"https:\/\/www.ull.es\/portal\/noticias\/?s={search_term_string}"},"query-input":"required name=search_term_string"}],"inLanguage":"es"},{"@type":"Person","@id":"https:\/\/www.ull.es\/portal\/noticias\/#\/schema\/person\/b2b1a89d43ffa609e591f7df8ef3e817","name":"gaprsa","image":{"@type":"ImageObject","inLanguage":"es","@id":"https:\/\/www.ull.es\/portal\/noticias\/#\/schema\/person\/image\/","url":"https:\/\/secure.gravatar.com\/avatar\/443820550921091458b4823867723b3d?s=96&d=mm&r=g","contentUrl":"https:\/\/secure.gravatar.com\/avatar\/443820550921091458b4823867723b3d?s=96&d=mm&r=g","caption":"gaprsa"},"url":"https:\/\/www.ull.es\/portal\/noticias\/author\/gaprsa\/"}]}},"primary_category":{"id":344,"name":"Cultura","slug":"cultura","link":"https:\/\/www.ull.es\/portal\/noticias\/category\/cultura\/"},"featured_image_thumbnail_url":"https:\/\/www.ull.es\/portal\/noticias\/wp-content\/uploads\/sites\/13\/2018\/05\/OrillaPerradelMundo_agenda-300x150.jpg","_links":{"self":[{"href":"https:\/\/www.ull.es\/portal\/noticias\/wp-json\/wp\/v2\/posts\/36790"}],"collection":[{"href":"https:\/\/www.ull.es\/portal\/noticias\/wp-json\/wp\/v2\/posts"}],"about":[{"href":"https:\/\/www.ull.es\/portal\/noticias\/wp-json\/wp\/v2\/types\/post"}],"author":[{"embeddable":true,"href":"https:\/\/www.ull.es\/portal\/noticias\/wp-json\/wp\/v2\/users\/23"}],"replies":[{"embeddable":true,"href":"https:\/\/www.ull.es\/portal\/noticias\/wp-json\/wp\/v2\/comments?post=36790"}],"version-history":[{"count":1,"href":"https:\/\/www.ull.es\/portal\/noticias\/wp-json\/wp\/v2\/posts\/36790\/revisions"}],"predecessor-version":[{"id":36791,"href":"https:\/\/www.ull.es\/portal\/noticias\/wp-json\/wp\/v2\/posts\/36790\/revisions\/36791"}],"wp:featuredmedia":[{"embeddable":true,"href":"https:\/\/www.ull.es\/portal\/noticias\/wp-json\/wp\/v2\/media\/36792"}],"wp:attachment":[{"href":"https:\/\/www.ull.es\/portal\/noticias\/wp-json\/wp\/v2\/media?parent=36790"}],"wp:term":[{"taxonomy":"category","embeddable":true,"href":"https:\/\/www.ull.es\/portal\/noticias\/wp-json\/wp\/v2\/categories?post=36790"},{"taxonomy":"post_tag","embeddable":true,"href":"https:\/\/www.ull.es\/portal\/noticias\/wp-json\/wp\/v2\/tags?post=36790"}],"curies":[{"name":"wp","href":"https:\/\/api.w.org\/{rel}","templated":true}]}}