{"id":36811,"date":"2018-05-04T09:56:41","date_gmt":"2018-05-04T09:56:41","guid":{"rendered":"https:\/\/www.ull.es\/portal\/noticias\/?p=36811"},"modified":"2018-05-07T19:22:13","modified_gmt":"2018-05-07T19:22:13","slug":"ull-participa-videos-crue-la-2-tve","status":"publish","type":"post","link":"https:\/\/www.ull.es\/portal\/noticias\/2018\/ull-participa-videos-crue-la-2-tve\/","title":{"rendered":"La ULL participa en una serie de v\u00eddeos de divulgaci\u00f3n cient\u00edfica coproducida por CRUE que emitir\u00e1 la 2 de TVE"},"content":{"rendered":"<p>La Universidad de La Laguna, a trav\u00e9s del servicio<a href=\"http:\/\/ullmedia.ull.es\/\" target=\"_blank\" rel=\"noopener\" target=\"_blank\" rel=\"noopener\"> ULLmedia<\/a> de la<a href=\"http:\/\/udv.ull.es\/portal\/\" target=\"_blank\" rel=\"noopener\" target=\"_blank\" rel=\"noopener\"> Unidad de Docencia Virtual<\/a>, dependiente del Vicerrectorado de Docencia, es una de las 33 instituciones acad\u00e9micas que aportar\u00e1n contenidos para \u201cLa Universidad Responde\u201d, una serie de c\u00e1psulas audiovisuales que se insertar\u00e1n en el programa \u201cLa Aventura del Saber\u201d de La 2 de TVE. Esta serie ha sido coordinada por la secci\u00f3n de Comunicaci\u00f3n de la Conferencia de Rectores de Universidades Espa\u00f1olas (CRUE) a trav\u00e9s de su Grupo de Trabajo de Contenidos Audiovisuales y Multimedia.<\/p>\n<p>\u201cLa Universidad Responde\u00bb se emite desde el pasado lunes 23 de abril a las 10:50 cada lunes, como parte de los contenidos de este espacio divulgativo de la televisi\u00f3n p\u00fablica. Estas piezas informativas tienen dos minutos de duraci\u00f3n y responden de forma sencilla a cuestiones complejas. Las primeras emisiones abordar\u00e1n temas como \u201c\u00bfQu\u00e9 son los agujeros negros?\u201d, \u201c\u00bfAyuda a prevenir el aceite de oliva el c\u00e1ncer de mama?\u201d o \u201c\u00bfQu\u00e9 es la Melatonina?\u201d.<\/p>\n<p>La primera c\u00e1psula producido por la Universidad de La Laguna se emiti\u00f3 el pasado jueves, 26 de abril, y en ella el profesor del Departamento de Geograf\u00eda e Historia Miguel \u00c1ngel Molinero Polo habl\u00f3 sobre <a href=\"http:\/\/www.rtve.es\/alacarta\/videos\/la-aventura-del-saber\/aventuralur\/4582509\/\" target=\"_blank\" rel=\"noopener\" target=\"_blank\" rel=\"noopener\">c\u00f3mo se le\u00edan jerogl\u00edficos egipcios<\/a>.<\/p>\n<p>La Universidad de La Laguna firm\u00f3 el convenio espec\u00edfico para la realizaci\u00f3n del proyecto \u201cLa Universidad Responde II\u201d en 2016, y se culmin\u00f3 el acuerdo para su publicaci\u00f3n con RTVE en 2017. El compromiso adquirido para esta primera fase del proyecto fue el de realizar cada universidad un total de 10 v\u00eddeos.<\/p>\n<p>Este proyecto de divulgaci\u00f3n cient\u00edfica traslada el esfuerzo que realizan los investigadores del colectivo universitario para formular en sus laboratorios complejas teor\u00edas que, a veces, pueden resultar ininteligibles para la ciudadan\u00eda. Todos estos microespacios informativos permiten mostrar que la universidad espa\u00f1ola es cercana y \u00fatil y que est\u00e1 conectada con las necesidades de la sociedad en las diferentes \u00e1reas de conocimiento.<\/p>\n<p>El objetivo final es que la sociedad conozca los avances cient\u00edficos que pueden facilitar y mejorar sus vidas. De este modo, las universidades comunican sus experiencias y resultados a la sociedad y contribuyen al tejido industrial mediante la transferencia de tecnolog\u00eda y conocimiento.<\/p>\n<p>La iniciativa ha estado coordinada por el Taller de Audiovisuales de la Universitat de Val\u00e8ncia, que ha desarrollado el dise\u00f1o del formato audiovisual y realizado su producci\u00f3n ejecutiva. La multidifusi\u00f3n digital del conjunto de la coproducci\u00f3n se emitir\u00e1 tambi\u00e9n a trav\u00e9s de otras antenas televisivas, contenedores de Internet, webs de cada universidad y la propia de CRUE Universidades Espa\u00f1olas, as\u00ed como a trav\u00e9s de las principales redes sociales.<\/p>\n<p>Las universidades que han participado en el proyecto son: Alicante, Almer\u00eda, Aut\u00f2noma de Barcelona, Barcelona, Castilla-La Mancha, C\u00f3rdoba, A Coru\u00f1a, Extremadura, Girona, Granada, Illes Balears, Internacional de Andaluc\u00eda, Jaume I, La Laguna, Lleida, M\u00e1laga, Miguel Hern\u00e1ndez de Elche, Cat\u00f3lica San Antonio de Murcia, Murcia, Nacional de Educaci\u00f3n a Distancia (UNED), Oviedo, Las Palmas de Gran Canaria, Polit\u00e9cnica de Cartagena, Polit\u00e9cnica de Madrid, Polit\u00e9cnica de Valencia, Salamanca, Santiago de Compostela, Sevilla, Val\u00e8ncia, Valladolid, Vic &#8211; Universitat Central de Catalunya, Vigo y Zaragoza.<\/p>\n<p>Actualmente, se est\u00e1 trabajando en un nuevo proyecto de divulgaci\u00f3n cient\u00edfica de la CRUE Universidades Espa\u00f1olas y RTVE denominado <a href=\"http:\/\/www.crue.org\/Comunicacion\/Noticias\/Convenio%20RTVE%20Universo%20sostenible.aspx\" target=\"_blank\" rel=\"noopener\" target=\"_blank\" rel=\"noopener\">\u00abUniverso Sostenible\u00bb<\/a> a trav\u00e9s de un nuevo convenio marco suscrito en 2017 inicialmente por 25 universidades espa\u00f1olas, que se emitir\u00e1 igualmente en la 2 de TVE dentro del espacio \u00abLa aventura del saber\u00bb, en donde expertos e investigadores de la comunidad cient\u00edfica universitaria responder\u00e1n de manera breve y sencilla a todo tipo de cuestiones emergentes sobre el \u00e1mbito cient\u00edfico.<\/p>\n","protected":false},"excerpt":{"rendered":"<p>La Universidad de La Laguna, a trav\u00e9s del servicio ULLmedia de la Unidad de Docencia Virtual, dependiente del Vicerrectorado de&#8230;<\/p>\n","protected":false},"author":21,"featured_media":36812,"comment_status":"closed","ping_status":"closed","sticky":false,"template":"","format":"standard","meta":{"inline_featured_image":false,"footnotes":""},"categories":[345,346,3994,3428,3874,2753,2755,2754,2765],"tags":[939,1049,3531,2523,2536,2548,2609],"acf":[],"yoast_head":"<!-- This site is optimized with the Yoast SEO plugin v21.3 - https:\/\/yoast.com\/wordpress\/plugins\/seo\/ -->\n<title>La ULL participa en unos videos de divulgaci\u00f3n cient\u00edfica que emitie La 2<\/title>\n<meta name=\"description\" content=\"La ULL es una de las 33 universidades que colaboran en un proyecto de divulgaci\u00f3n cient\u00edfica de la CRUE: una serie de videos que se emiten en la 2 de TVE.\" \/>\n<meta name=\"robots\" content=\"index, follow, max-snippet:-1, max-image-preview:large, max-video-preview:-1\" \/>\n<link rel=\"canonical\" href=\"https:\/\/www.ull.es\/portal\/noticias\/2018\/ull-participa-videos-crue-la-2-tve\/\" \/>\n<meta property=\"og:locale\" content=\"es_ES\" \/>\n<meta property=\"og:type\" content=\"article\" \/>\n<meta property=\"og:title\" content=\"La ULL participa en unos videos de divulgaci\u00f3n cient\u00edfica que emitie La 2\" \/>\n<meta property=\"og:description\" content=\"La ULL es una de las 33 universidades que colaboran en un proyecto de divulgaci\u00f3n cient\u00edfica de la CRUE: una serie de videos que se emiten en la 2 de TVE.\" \/>\n<meta property=\"og:url\" content=\"https:\/\/www.ull.es\/portal\/noticias\/2018\/ull-participa-videos-crue-la-2-tve\/\" \/>\n<meta property=\"og:site_name\" content=\"ULL - Noticias\" \/>\n<meta property=\"article:publisher\" content=\"https:\/\/www.facebook.com\/universidaddelalaguna\/\" \/>\n<meta property=\"article:published_time\" content=\"2018-05-04T09:56:41+00:00\" \/>\n<meta property=\"article:modified_time\" content=\"2018-05-07T19:22:13+00:00\" \/>\n<meta property=\"og:image\" content=\"https:\/\/www.ull.es\/portal\/noticias\/wp-content\/uploads\/sites\/13\/2018\/05\/molinero-universidad-responde.jpg\" \/>\n\t<meta property=\"og:image:width\" content=\"1200\" \/>\n\t<meta property=\"og:image:height\" content=\"687\" \/>\n\t<meta property=\"og:image:type\" content=\"image\/jpeg\" \/>\n<meta name=\"author\" content=\"prensa2\" \/>\n<meta name=\"twitter:card\" content=\"summary_large_image\" \/>\n<meta name=\"twitter:creator\" content=\"@CanalULL\" \/>\n<meta name=\"twitter:site\" content=\"@CanalULL\" \/>\n<meta name=\"twitter:label1\" content=\"Escrito por\" \/>\n\t<meta name=\"twitter:data1\" content=\"prensa2\" \/>\n\t<meta name=\"twitter:label2\" content=\"Tiempo de lectura\" \/>\n\t<meta name=\"twitter:data2\" content=\"3 minutos\" \/>\n<script type=\"application\/ld+json\" class=\"yoast-schema-graph\">{\"@context\":\"https:\/\/schema.org\",\"@graph\":[{\"@type\":\"WebPage\",\"@id\":\"https:\/\/www.ull.es\/portal\/noticias\/2018\/ull-participa-videos-crue-la-2-tve\/\",\"url\":\"https:\/\/www.ull.es\/portal\/noticias\/2018\/ull-participa-videos-crue-la-2-tve\/\",\"name\":\"La ULL participa en unos videos de divulgaci\u00f3n cient\u00edfica que emitie La 2\",\"isPartOf\":{\"@id\":\"https:\/\/www.ull.es\/portal\/noticias\/#website\"},\"datePublished\":\"2018-05-04T09:56:41+00:00\",\"dateModified\":\"2018-05-07T19:22:13+00:00\",\"author\":{\"@id\":\"https:\/\/www.ull.es\/portal\/noticias\/#\/schema\/person\/c3b2aa857797592927a03740d6664376\"},\"description\":\"La ULL es una de las 33 universidades que colaboran en un proyecto de divulgaci\u00f3n cient\u00edfica de la CRUE: una serie de videos que se emiten en la 2 de TVE.\",\"breadcrumb\":{\"@id\":\"https:\/\/www.ull.es\/portal\/noticias\/2018\/ull-participa-videos-crue-la-2-tve\/#breadcrumb\"},\"inLanguage\":\"es\",\"potentialAction\":[{\"@type\":\"ReadAction\",\"target\":[\"https:\/\/www.ull.es\/portal\/noticias\/2018\/ull-participa-videos-crue-la-2-tve\/\"]}]},{\"@type\":\"BreadcrumbList\",\"@id\":\"https:\/\/www.ull.es\/portal\/noticias\/2018\/ull-participa-videos-crue-la-2-tve\/#breadcrumb\",\"itemListElement\":[{\"@type\":\"ListItem\",\"position\":1,\"name\":\"Portada\",\"item\":\"https:\/\/www.ull.es\/portal\/noticias\/\"},{\"@type\":\"ListItem\",\"position\":2,\"name\":\"La ULL participa en una serie de v\u00eddeos de divulgaci\u00f3n cient\u00edfica coproducida por CRUE que emitir\u00e1 la 2 de TVE\"}]},{\"@type\":\"WebSite\",\"@id\":\"https:\/\/www.ull.es\/portal\/noticias\/#website\",\"url\":\"https:\/\/www.ull.es\/portal\/noticias\/\",\"name\":\"ULL - Noticias\",\"description\":\"\",\"potentialAction\":[{\"@type\":\"SearchAction\",\"target\":{\"@type\":\"EntryPoint\",\"urlTemplate\":\"https:\/\/www.ull.es\/portal\/noticias\/?s={search_term_string}\"},\"query-input\":\"required name=search_term_string\"}],\"inLanguage\":\"es\"},{\"@type\":\"Person\",\"@id\":\"https:\/\/www.ull.es\/portal\/noticias\/#\/schema\/person\/c3b2aa857797592927a03740d6664376\",\"name\":\"prensa2\",\"image\":{\"@type\":\"ImageObject\",\"inLanguage\":\"es\",\"@id\":\"https:\/\/www.ull.es\/portal\/noticias\/#\/schema\/person\/image\/\",\"url\":\"https:\/\/secure.gravatar.com\/avatar\/b58f310a5de5feb33d1e026d2493f23c?s=96&d=mm&r=g\",\"contentUrl\":\"https:\/\/secure.gravatar.com\/avatar\/b58f310a5de5feb33d1e026d2493f23c?s=96&d=mm&r=g\",\"caption\":\"prensa2\"},\"url\":\"https:\/\/www.ull.es\/portal\/noticias\/author\/prensa2\/\"}]}<\/script>\n<!-- \/ Yoast SEO plugin. -->","yoast_head_json":{"title":"La ULL participa en unos videos de divulgaci\u00f3n cient\u00edfica que emitie La 2","description":"La ULL es una de las 33 universidades que colaboran en un proyecto de divulgaci\u00f3n cient\u00edfica de la CRUE: una serie de videos que se emiten en la 2 de TVE.","robots":{"index":"index","follow":"follow","max-snippet":"max-snippet:-1","max-image-preview":"max-image-preview:large","max-video-preview":"max-video-preview:-1"},"canonical":"https:\/\/www.ull.es\/portal\/noticias\/2018\/ull-participa-videos-crue-la-2-tve\/","og_locale":"es_ES","og_type":"article","og_title":"La ULL participa en unos videos de divulgaci\u00f3n cient\u00edfica que emitie La 2","og_description":"La ULL es una de las 33 universidades que colaboran en un proyecto de divulgaci\u00f3n cient\u00edfica de la CRUE: una serie de videos que se emiten en la 2 de TVE.","og_url":"https:\/\/www.ull.es\/portal\/noticias\/2018\/ull-participa-videos-crue-la-2-tve\/","og_site_name":"ULL - Noticias","article_publisher":"https:\/\/www.facebook.com\/universidaddelalaguna\/","article_published_time":"2018-05-04T09:56:41+00:00","article_modified_time":"2018-05-07T19:22:13+00:00","og_image":[{"width":1200,"height":687,"url":"https:\/\/www.ull.es\/portal\/noticias\/wp-content\/uploads\/sites\/13\/2018\/05\/molinero-universidad-responde.jpg","type":"image\/jpeg"}],"author":"prensa2","twitter_card":"summary_large_image","twitter_creator":"@CanalULL","twitter_site":"@CanalULL","twitter_misc":{"Escrito por":"prensa2","Tiempo de lectura":"3 minutos"},"schema":{"@context":"https:\/\/schema.org","@graph":[{"@type":"WebPage","@id":"https:\/\/www.ull.es\/portal\/noticias\/2018\/ull-participa-videos-crue-la-2-tve\/","url":"https:\/\/www.ull.es\/portal\/noticias\/2018\/ull-participa-videos-crue-la-2-tve\/","name":"La ULL participa en unos videos de divulgaci\u00f3n cient\u00edfica que emitie La 2","isPartOf":{"@id":"https:\/\/www.ull.es\/portal\/noticias\/#website"},"datePublished":"2018-05-04T09:56:41+00:00","dateModified":"2018-05-07T19:22:13+00:00","author":{"@id":"https:\/\/www.ull.es\/portal\/noticias\/#\/schema\/person\/c3b2aa857797592927a03740d6664376"},"description":"La ULL es una de las 33 universidades que colaboran en un proyecto de divulgaci\u00f3n cient\u00edfica de la CRUE: una serie de videos que se emiten en la 2 de TVE.","breadcrumb":{"@id":"https:\/\/www.ull.es\/portal\/noticias\/2018\/ull-participa-videos-crue-la-2-tve\/#breadcrumb"},"inLanguage":"es","potentialAction":[{"@type":"ReadAction","target":["https:\/\/www.ull.es\/portal\/noticias\/2018\/ull-participa-videos-crue-la-2-tve\/"]}]},{"@type":"BreadcrumbList","@id":"https:\/\/www.ull.es\/portal\/noticias\/2018\/ull-participa-videos-crue-la-2-tve\/#breadcrumb","itemListElement":[{"@type":"ListItem","position":1,"name":"Portada","item":"https:\/\/www.ull.es\/portal\/noticias\/"},{"@type":"ListItem","position":2,"name":"La ULL participa en una serie de v\u00eddeos de divulgaci\u00f3n cient\u00edfica coproducida por CRUE que emitir\u00e1 la 2 de TVE"}]},{"@type":"WebSite","@id":"https:\/\/www.ull.es\/portal\/noticias\/#website","url":"https:\/\/www.ull.es\/portal\/noticias\/","name":"ULL - Noticias","description":"","potentialAction":[{"@type":"SearchAction","target":{"@type":"EntryPoint","urlTemplate":"https:\/\/www.ull.es\/portal\/noticias\/?s={search_term_string}"},"query-input":"required name=search_term_string"}],"inLanguage":"es"},{"@type":"Person","@id":"https:\/\/www.ull.es\/portal\/noticias\/#\/schema\/person\/c3b2aa857797592927a03740d6664376","name":"prensa2","image":{"@type":"ImageObject","inLanguage":"es","@id":"https:\/\/www.ull.es\/portal\/noticias\/#\/schema\/person\/image\/","url":"https:\/\/secure.gravatar.com\/avatar\/b58f310a5de5feb33d1e026d2493f23c?s=96&d=mm&r=g","contentUrl":"https:\/\/secure.gravatar.com\/avatar\/b58f310a5de5feb33d1e026d2493f23c?s=96&d=mm&r=g","caption":"prensa2"},"url":"https:\/\/www.ull.es\/portal\/noticias\/author\/prensa2\/"}]}},"primary_category":{"id":346,"name":"Docencia","slug":"docencia","link":"https:\/\/www.ull.es\/portal\/noticias\/category\/docencia\/"},"featured_image_thumbnail_url":"https:\/\/www.ull.es\/portal\/noticias\/wp-content\/uploads\/sites\/13\/2018\/05\/molinero-universidad-responde-300x172.jpg","_links":{"self":[{"href":"https:\/\/www.ull.es\/portal\/noticias\/wp-json\/wp\/v2\/posts\/36811"}],"collection":[{"href":"https:\/\/www.ull.es\/portal\/noticias\/wp-json\/wp\/v2\/posts"}],"about":[{"href":"https:\/\/www.ull.es\/portal\/noticias\/wp-json\/wp\/v2\/types\/post"}],"author":[{"embeddable":true,"href":"https:\/\/www.ull.es\/portal\/noticias\/wp-json\/wp\/v2\/users\/21"}],"replies":[{"embeddable":true,"href":"https:\/\/www.ull.es\/portal\/noticias\/wp-json\/wp\/v2\/comments?post=36811"}],"version-history":[{"count":4,"href":"https:\/\/www.ull.es\/portal\/noticias\/wp-json\/wp\/v2\/posts\/36811\/revisions"}],"predecessor-version":[{"id":36868,"href":"https:\/\/www.ull.es\/portal\/noticias\/wp-json\/wp\/v2\/posts\/36811\/revisions\/36868"}],"wp:featuredmedia":[{"embeddable":true,"href":"https:\/\/www.ull.es\/portal\/noticias\/wp-json\/wp\/v2\/media\/36812"}],"wp:attachment":[{"href":"https:\/\/www.ull.es\/portal\/noticias\/wp-json\/wp\/v2\/media?parent=36811"}],"wp:term":[{"taxonomy":"category","embeddable":true,"href":"https:\/\/www.ull.es\/portal\/noticias\/wp-json\/wp\/v2\/categories?post=36811"},{"taxonomy":"post_tag","embeddable":true,"href":"https:\/\/www.ull.es\/portal\/noticias\/wp-json\/wp\/v2\/tags?post=36811"}],"curies":[{"name":"wp","href":"https:\/\/api.w.org\/{rel}","templated":true}]}}