{"id":36837,"date":"2018-05-07T08:21:32","date_gmt":"2018-05-07T08:21:32","guid":{"rendered":"https:\/\/www.ull.es\/portal\/noticias\/?p=36837"},"modified":"2018-05-07T08:21:32","modified_gmt":"2018-05-07T08:21:32","slug":"convocatoria-la-seleccion-38-becas-idiomaticas-alumnado-excelencia-la-ull-curso-201718","status":"publish","type":"post","link":"https:\/\/www.ull.es\/portal\/noticias\/2018\/convocatoria-la-seleccion-38-becas-idiomaticas-alumnado-excelencia-la-ull-curso-201718\/","title":{"rendered":"Convocatoria para la selecci\u00f3n de 38 becas idiom\u00e1ticas para el alumnado de excelencia de la ULL (curso 2017\/18)"},"content":{"rendered":"<p>Extracto de la resoluci\u00f3n de 26 de abril de 2018, por la que se efect\u00faa la convocatoria para la selecci\u00f3n de 38 Becas Idiom\u00e1ticas para el alumnado de excelencia de la Universidad de La Laguna, para el curso 2017\/2018<\/p>\n<p><a href=\"http:\/\/www.gobiernodecanarias.org\/boc\/2018\/087\/021.html\" target=\"_blank\" rel=\"noopener\" target=\"_blank\" rel=\"noopener\">Convocatoria<\/a><\/p>\n","protected":false},"excerpt":{"rendered":"<p>Extracto de la resoluci\u00f3n de 26 de abril de 2018, por la que se efect\u00faa la convocatoria para la selecci\u00f3n&#8230;<\/p>\n","protected":false},"author":22,"featured_media":0,"comment_status":"closed","ping_status":"closed","sticky":false,"template":"","format":"standard","meta":{"inline_featured_image":false,"footnotes":""},"categories":[2768],"tags":[],"acf":[],"yoast_head":"<!-- This site is optimized with the Yoast SEO plugin v21.3 - https:\/\/yoast.com\/wordpress\/plugins\/seo\/ -->\n<title>Convocatoria para la selecci\u00f3n de 38 becas idiom\u00e1ticas para el alumnado de excelencia de la ULL (curso 2017\/18) - ULL - Noticias<\/title>\n<meta name=\"robots\" content=\"index, follow, max-snippet:-1, max-image-preview:large, max-video-preview:-1\" \/>\n<link rel=\"canonical\" href=\"https:\/\/www.ull.es\/portal\/noticias\/2018\/convocatoria-la-seleccion-38-becas-idiomaticas-alumnado-excelencia-la-ull-curso-201718\/\" \/>\n<meta property=\"og:locale\" content=\"es_ES\" \/>\n<meta property=\"og:type\" content=\"article\" \/>\n<meta property=\"og:title\" content=\"Convocatoria para la selecci\u00f3n de 38 becas idiom\u00e1ticas para el alumnado de excelencia de la ULL (curso 2017\/18) - ULL - Noticias\" \/>\n<meta property=\"og:description\" content=\"Extracto de la resoluci\u00f3n de 26 de abril de 2018, por la que se efect\u00faa la convocatoria para la selecci\u00f3n...\" \/>\n<meta property=\"og:url\" content=\"https:\/\/www.ull.es\/portal\/noticias\/2018\/convocatoria-la-seleccion-38-becas-idiomaticas-alumnado-excelencia-la-ull-curso-201718\/\" \/>\n<meta property=\"og:site_name\" content=\"ULL - Noticias\" \/>\n<meta property=\"article:publisher\" content=\"https:\/\/www.facebook.com\/universidaddelalaguna\/\" \/>\n<meta property=\"article:published_time\" content=\"2018-05-07T08:21:32+00:00\" \/>\n<meta property=\"og:image\" content=\"https:\/\/www.ull.es\/portal\/noticias\/wp-content\/uploads\/sites\/13\/2023\/06\/logo-redimensionado.png\" \/>\n\t<meta property=\"og:image:width\" content=\"1200\" \/>\n\t<meta property=\"og:image:height\" content=\"630\" \/>\n\t<meta property=\"og:image:type\" content=\"image\/png\" \/>\n<meta name=\"author\" content=\"gesweb\" \/>\n<meta name=\"twitter:card\" content=\"summary_large_image\" \/>\n<meta name=\"twitter:creator\" content=\"@CanalULL\" \/>\n<meta name=\"twitter:site\" content=\"@CanalULL\" \/>\n<meta name=\"twitter:label1\" content=\"Escrito por\" \/>\n\t<meta name=\"twitter:data1\" content=\"gesweb\" \/>\n<script type=\"application\/ld+json\" class=\"yoast-schema-graph\">{\"@context\":\"https:\/\/schema.org\",\"@graph\":[{\"@type\":\"WebPage\",\"@id\":\"https:\/\/www.ull.es\/portal\/noticias\/2018\/convocatoria-la-seleccion-38-becas-idiomaticas-alumnado-excelencia-la-ull-curso-201718\/\",\"url\":\"https:\/\/www.ull.es\/portal\/noticias\/2018\/convocatoria-la-seleccion-38-becas-idiomaticas-alumnado-excelencia-la-ull-curso-201718\/\",\"name\":\"Convocatoria para la selecci\u00f3n de 38 becas idiom\u00e1ticas para el alumnado de excelencia de la ULL (curso 2017\/18) - ULL - Noticias\",\"isPartOf\":{\"@id\":\"https:\/\/www.ull.es\/portal\/noticias\/#website\"},\"datePublished\":\"2018-05-07T08:21:32+00:00\",\"dateModified\":\"2018-05-07T08:21:32+00:00\",\"author\":{\"@id\":\"https:\/\/www.ull.es\/portal\/noticias\/#\/schema\/person\/0d0cec7a74dddecef1a523fc5adef552\"},\"breadcrumb\":{\"@id\":\"https:\/\/www.ull.es\/portal\/noticias\/2018\/convocatoria-la-seleccion-38-becas-idiomaticas-alumnado-excelencia-la-ull-curso-201718\/#breadcrumb\"},\"inLanguage\":\"es\",\"potentialAction\":[{\"@type\":\"ReadAction\",\"target\":[\"https:\/\/www.ull.es\/portal\/noticias\/2018\/convocatoria-la-seleccion-38-becas-idiomaticas-alumnado-excelencia-la-ull-curso-201718\/\"]}]},{\"@type\":\"BreadcrumbList\",\"@id\":\"https:\/\/www.ull.es\/portal\/noticias\/2018\/convocatoria-la-seleccion-38-becas-idiomaticas-alumnado-excelencia-la-ull-curso-201718\/#breadcrumb\",\"itemListElement\":[{\"@type\":\"ListItem\",\"position\":1,\"name\":\"Portada\",\"item\":\"https:\/\/www.ull.es\/portal\/noticias\/\"},{\"@type\":\"ListItem\",\"position\":2,\"name\":\"Convocatoria para la selecci\u00f3n de 38 becas idiom\u00e1ticas para el alumnado de excelencia de la ULL (curso 2017\/18)\"}]},{\"@type\":\"WebSite\",\"@id\":\"https:\/\/www.ull.es\/portal\/noticias\/#website\",\"url\":\"https:\/\/www.ull.es\/portal\/noticias\/\",\"name\":\"ULL - Noticias\",\"description\":\"\",\"potentialAction\":[{\"@type\":\"SearchAction\",\"target\":{\"@type\":\"EntryPoint\",\"urlTemplate\":\"https:\/\/www.ull.es\/portal\/noticias\/?s={search_term_string}\"},\"query-input\":\"required name=search_term_string\"}],\"inLanguage\":\"es\"},{\"@type\":\"Person\",\"@id\":\"https:\/\/www.ull.es\/portal\/noticias\/#\/schema\/person\/0d0cec7a74dddecef1a523fc5adef552\",\"name\":\"gesweb\",\"image\":{\"@type\":\"ImageObject\",\"inLanguage\":\"es\",\"@id\":\"https:\/\/www.ull.es\/portal\/noticias\/#\/schema\/person\/image\/\",\"url\":\"https:\/\/secure.gravatar.com\/avatar\/23432b5ec55289f95fd3441098fba4b4?s=96&d=mm&r=g\",\"contentUrl\":\"https:\/\/secure.gravatar.com\/avatar\/23432b5ec55289f95fd3441098fba4b4?s=96&d=mm&r=g\",\"caption\":\"gesweb\"},\"url\":\"https:\/\/www.ull.es\/portal\/noticias\/author\/gesweb\/\"}]}<\/script>\n<!-- \/ Yoast SEO plugin. -->","yoast_head_json":{"title":"Convocatoria para la selecci\u00f3n de 38 becas idiom\u00e1ticas para el alumnado de excelencia de la ULL (curso 2017\/18) - ULL - Noticias","robots":{"index":"index","follow":"follow","max-snippet":"max-snippet:-1","max-image-preview":"max-image-preview:large","max-video-preview":"max-video-preview:-1"},"canonical":"https:\/\/www.ull.es\/portal\/noticias\/2018\/convocatoria-la-seleccion-38-becas-idiomaticas-alumnado-excelencia-la-ull-curso-201718\/","og_locale":"es_ES","og_type":"article","og_title":"Convocatoria para la selecci\u00f3n de 38 becas idiom\u00e1ticas para el alumnado de excelencia de la ULL (curso 2017\/18) - ULL - Noticias","og_description":"Extracto de la resoluci\u00f3n de 26 de abril de 2018, por la que se efect\u00faa la convocatoria para la selecci\u00f3n...","og_url":"https:\/\/www.ull.es\/portal\/noticias\/2018\/convocatoria-la-seleccion-38-becas-idiomaticas-alumnado-excelencia-la-ull-curso-201718\/","og_site_name":"ULL - Noticias","article_publisher":"https:\/\/www.facebook.com\/universidaddelalaguna\/","article_published_time":"2018-05-07T08:21:32+00:00","og_image":[{"width":1200,"height":630,"url":"https:\/\/www.ull.es\/portal\/noticias\/wp-content\/uploads\/sites\/13\/2023\/06\/logo-redimensionado.png","type":"image\/png"}],"author":"gesweb","twitter_card":"summary_large_image","twitter_creator":"@CanalULL","twitter_site":"@CanalULL","twitter_misc":{"Escrito por":"gesweb"},"schema":{"@context":"https:\/\/schema.org","@graph":[{"@type":"WebPage","@id":"https:\/\/www.ull.es\/portal\/noticias\/2018\/convocatoria-la-seleccion-38-becas-idiomaticas-alumnado-excelencia-la-ull-curso-201718\/","url":"https:\/\/www.ull.es\/portal\/noticias\/2018\/convocatoria-la-seleccion-38-becas-idiomaticas-alumnado-excelencia-la-ull-curso-201718\/","name":"Convocatoria para la selecci\u00f3n de 38 becas idiom\u00e1ticas para el alumnado de excelencia de la ULL (curso 2017\/18) - ULL - Noticias","isPartOf":{"@id":"https:\/\/www.ull.es\/portal\/noticias\/#website"},"datePublished":"2018-05-07T08:21:32+00:00","dateModified":"2018-05-07T08:21:32+00:00","author":{"@id":"https:\/\/www.ull.es\/portal\/noticias\/#\/schema\/person\/0d0cec7a74dddecef1a523fc5adef552"},"breadcrumb":{"@id":"https:\/\/www.ull.es\/portal\/noticias\/2018\/convocatoria-la-seleccion-38-becas-idiomaticas-alumnado-excelencia-la-ull-curso-201718\/#breadcrumb"},"inLanguage":"es","potentialAction":[{"@type":"ReadAction","target":["https:\/\/www.ull.es\/portal\/noticias\/2018\/convocatoria-la-seleccion-38-becas-idiomaticas-alumnado-excelencia-la-ull-curso-201718\/"]}]},{"@type":"BreadcrumbList","@id":"https:\/\/www.ull.es\/portal\/noticias\/2018\/convocatoria-la-seleccion-38-becas-idiomaticas-alumnado-excelencia-la-ull-curso-201718\/#breadcrumb","itemListElement":[{"@type":"ListItem","position":1,"name":"Portada","item":"https:\/\/www.ull.es\/portal\/noticias\/"},{"@type":"ListItem","position":2,"name":"Convocatoria para la selecci\u00f3n de 38 becas idiom\u00e1ticas para el alumnado de excelencia de la ULL (curso 2017\/18)"}]},{"@type":"WebSite","@id":"https:\/\/www.ull.es\/portal\/noticias\/#website","url":"https:\/\/www.ull.es\/portal\/noticias\/","name":"ULL - Noticias","description":"","potentialAction":[{"@type":"SearchAction","target":{"@type":"EntryPoint","urlTemplate":"https:\/\/www.ull.es\/portal\/noticias\/?s={search_term_string}"},"query-input":"required name=search_term_string"}],"inLanguage":"es"},{"@type":"Person","@id":"https:\/\/www.ull.es\/portal\/noticias\/#\/schema\/person\/0d0cec7a74dddecef1a523fc5adef552","name":"gesweb","image":{"@type":"ImageObject","inLanguage":"es","@id":"https:\/\/www.ull.es\/portal\/noticias\/#\/schema\/person\/image\/","url":"https:\/\/secure.gravatar.com\/avatar\/23432b5ec55289f95fd3441098fba4b4?s=96&d=mm&r=g","contentUrl":"https:\/\/secure.gravatar.com\/avatar\/23432b5ec55289f95fd3441098fba4b4?s=96&d=mm&r=g","caption":"gesweb"},"url":"https:\/\/www.ull.es\/portal\/noticias\/author\/gesweb\/"}]}},"primary_category":{"id":2768,"name":"Notificaciones Estudiantes","slug":"notificaciones-estudiantes","link":"https:\/\/www.ull.es\/portal\/noticias\/category\/notificaciones-ull\/notificaciones-estudiantes\/"},"featured_image_thumbnail_url":null,"_links":{"self":[{"href":"https:\/\/www.ull.es\/portal\/noticias\/wp-json\/wp\/v2\/posts\/36837"}],"collection":[{"href":"https:\/\/www.ull.es\/portal\/noticias\/wp-json\/wp\/v2\/posts"}],"about":[{"href":"https:\/\/www.ull.es\/portal\/noticias\/wp-json\/wp\/v2\/types\/post"}],"author":[{"embeddable":true,"href":"https:\/\/www.ull.es\/portal\/noticias\/wp-json\/wp\/v2\/users\/22"}],"replies":[{"embeddable":true,"href":"https:\/\/www.ull.es\/portal\/noticias\/wp-json\/wp\/v2\/comments?post=36837"}],"version-history":[{"count":1,"href":"https:\/\/www.ull.es\/portal\/noticias\/wp-json\/wp\/v2\/posts\/36837\/revisions"}],"predecessor-version":[{"id":36838,"href":"https:\/\/www.ull.es\/portal\/noticias\/wp-json\/wp\/v2\/posts\/36837\/revisions\/36838"}],"wp:attachment":[{"href":"https:\/\/www.ull.es\/portal\/noticias\/wp-json\/wp\/v2\/media?parent=36837"}],"wp:term":[{"taxonomy":"category","embeddable":true,"href":"https:\/\/www.ull.es\/portal\/noticias\/wp-json\/wp\/v2\/categories?post=36837"},{"taxonomy":"post_tag","embeddable":true,"href":"https:\/\/www.ull.es\/portal\/noticias\/wp-json\/wp\/v2\/tags?post=36837"}],"curies":[{"name":"wp","href":"https:\/\/api.w.org\/{rel}","templated":true}]}}