{"id":36985,"date":"2018-05-15T12:25:10","date_gmt":"2018-05-15T12:25:10","guid":{"rendered":"https:\/\/www.ull.es\/portal\/noticias\/?p=36985"},"modified":"2018-05-29T07:47:29","modified_gmt":"2018-05-29T07:47:29","slug":"nueva-plataforma-campusmooc","status":"publish","type":"post","link":"https:\/\/www.ull.es\/portal\/noticias\/2018\/nueva-plataforma-campusmooc\/","title":{"rendered":"La Unidad para la Docencia Virtual lanza su plataforma de cursos en l\u00ednea y abiertos"},"content":{"rendered":"<p>La Unidad para la Docencia Virtual (UDV), dependiente del Vicerrectorado de Docencia de la Universidad de La Laguna, ha lanzado su plataforma propia de cursos en l\u00ednea y abiertos, <a href=\"http:\/\/campusmooc.ull.es\" target=\"_blank\" rel=\"noopener\">Campusmooc<\/a> utilizando la tecnolog\u00eda edX, creada por el Instituto Tecnol\u00f3gico De Massachusetts (MIT) y la Universidad de Harvard.<\/p>\n<p>La nueva plataforma permitir\u00e1 realizar cursos en l\u00ednea en diferentes formatos, tales como los denominados cursos masivos en l\u00ednea y abiertos (MOOC), curso en l\u00ednea a peque\u00f1a escala dirigidos a un p\u00fablico particular (SPOC) y cursos creados por la propia instituci\u00f3n y para su propio personal (COOC).<\/p>\n<p>Como primer curso lanzado en la nueva plataforma CampusMOOC, la UDV ha dise\u00f1ado y desarrollado en colaboraci\u00f3n con el Servicio de Tecnolog\u00edas de la Informaci\u00f3n y las Comunicaciones (STIC) la tercera edici\u00f3n del curso sobre \u201cCompetencia Digital\u201d dirigido al alumnado de todas las titulaciones en la modalidad online y gratuito.<\/p>\n<p><strong>Cursos abiertos de la ULL<\/strong><\/p>\n<p>La Universidad de La Laguna tiene ya una amplia trayectoria de poner a disposici\u00f3n del p\u00fablico su conocimiento en abierto a trav\u00e9s de la plataforma <a href=\"http:\/\/ocw.ull.es\" target=\"_blank\" rel=\"noopener\" target=\"_blank\" rel=\"noopener\">Open Course Ware<\/a>, en la cual ofertan actualmente 72 cursos abiertos y gratuitos en las \u00e1reas de Ciencias de la Salud (7), Ciencias (2), Ciencias Sociales y Jur\u00eddicas (20), Ingenier\u00eda y Arquitectura (33) y Arte y Humanidades (10).<\/p>\n<p>Asimismo, publica sus cursos MOOC en la plataforma Miriadax, d\u00f3nde acaba de abrir la inscripci\u00f3n al curso T<a href=\"https:\/\/miriadax.net\/web\/tendencias-en-investigacion-educativa-y-social\/inicio\" target=\"_blank\" rel=\"noopener\" target=\"_blank\" rel=\"noopener\">endencias en Investigaci\u00f3n Educativa y Social<\/a>. Este curso, cuya producci\u00f3n ha sido coordinada por ULLMedia, ha sido desarrollado por investigadores e investigadoras pertenecientes a la Red de Excelencia en Investigaci\u00f3n e Innovaci\u00f3n Educativa REUNI+D, que est\u00e1 conformada por diez grupos de investigaci\u00f3n de distintas universidades espa\u00f1olas: Esbrina (Universidad de Barcelona), GITE-USAL (Universidad de Salamanca), Stellae (Universidad de Santiago de Compostela), GIETE (Universidad de Sevilla), INDUCT (Universidad Complutense de Madrid), Nodo Educativo (Universidad de Extremadura), ICUFOP (Universidad de Granada), Elkarrikertuz (Universidad del Pa\u00eds Vasco), Procie (Universidad de M\u00e1laga) y EDULLAB (Universidad de La Laguna).<\/p>\n<p>Pr\u00f3ximamente, la Universidad de La Laguna abrir\u00e1 la inscripci\u00f3n a tres nuevos cursos MOOC, sobre \u201cNuevas tendencias en Educaci\u00f3n y TIC\u201d, \u201cLa Inteligencia Artificial en Educaci\u00f3n\u201d y \u201cAulas Hospitalarias y TIC\u201d.<\/p>\n<p><strong>Plataforma de formaci\u00f3n TOGIVE<\/strong><\/p>\n<p>La Unidad para la Docencia Virtual (UDV) tambi\u00e9n ha sido responsable de la creaci\u00f3n de la plataforma de formaci\u00f3n en l\u00ednea y abierta del proyecto TOGiVE (Transatlantic Open Government Virtual Education), cofinanciado por el Programa Erasmus+ de la Comisi\u00f3n Europea, utilizando igualmente la tecnolog\u00eda edX.<\/p>\n<p>\u00c9ste proyecto ha lanzado recientemente un <a href=\"https:\/\/togive.eu\/curso-gobierno-abierto\/\" target=\"_blank\" rel=\"noopener\" target=\"_blank\" rel=\"noopener\">curso en l\u00ednea de especializaci\u00f3n sobre Gobierno Abierto<\/a> desarrollados por 8 universidades europeas y latinoamericanas: Universidad de La Laguna (Espa\u00f1a), Universidad de Bucks (Reino Unido); UNINETTUNO (Italia), UNR y UMET (Argentina), UAEMEX y UNIVDEP (M\u00e9xico), contando con la colaboraci\u00f3n de entidades del \u00e1mbito privado como NovaGob, EVM y AV6 .<\/p>\n<p>Asimismo, la UDV y ULLMedia han sido responsables en el proyecto de la formaci\u00f3n y asesoramiento en educaci\u00f3n digital y mejora de los departamentos de creaci\u00f3n de contenidos audiovisuales y cursos en l\u00ednea y abiertos de las diferentes universidades latinoamericanas, as\u00ed como del dise\u00f1o instruccional de los ocho MOOC desarrollados en la plataforma.<\/p>\n<p>&nbsp;<\/p>\n","protected":false},"excerpt":{"rendered":"<p>La Unidad para la Docencia Virtual (UDV), dependiente del Vicerrectorado de Docencia de la Universidad de La Laguna, ha lanzado&#8230;<\/p>\n","protected":false},"author":21,"featured_media":36986,"comment_status":"closed","ping_status":"closed","sticky":false,"template":"","format":"standard","meta":{"inline_featured_image":false,"footnotes":""},"categories":[345,346,2753,2755,2754,2765],"tags":[4304,1924,4303,2523,2536,2609],"acf":[],"yoast_head":"<!-- This site is optimized with the Yoast SEO plugin v21.3 - https:\/\/yoast.com\/wordpress\/plugins\/seo\/ -->\n<title>La Unidad para la Docencia Virtual lanza la plataforma CampusMooc<\/title>\n<meta name=\"description\" content=\"La Unidad para la Docencia Virtual de la ULL ha lanzado su nueva plataforma propia de cursos en l\u00ednea y abiertos: CampusMooc.\" \/>\n<meta name=\"robots\" content=\"index, follow, max-snippet:-1, max-image-preview:large, max-video-preview:-1\" \/>\n<link rel=\"canonical\" href=\"https:\/\/www.ull.es\/portal\/noticias\/2018\/nueva-plataforma-campusmooc\/\" \/>\n<meta property=\"og:locale\" content=\"es_ES\" \/>\n<meta property=\"og:type\" content=\"article\" \/>\n<meta property=\"og:title\" content=\"La Unidad para la Docencia Virtual lanza la plataforma CampusMooc\" \/>\n<meta property=\"og:description\" content=\"La Unidad para la Docencia Virtual de la ULL ha lanzado su nueva plataforma propia de cursos en l\u00ednea y abiertos: CampusMooc.\" \/>\n<meta property=\"og:url\" content=\"https:\/\/www.ull.es\/portal\/noticias\/2018\/nueva-plataforma-campusmooc\/\" \/>\n<meta property=\"og:site_name\" content=\"ULL - Noticias\" \/>\n<meta property=\"article:publisher\" content=\"https:\/\/www.facebook.com\/universidaddelalaguna\/\" \/>\n<meta property=\"article:published_time\" content=\"2018-05-15T12:25:10+00:00\" \/>\n<meta property=\"article:modified_time\" content=\"2018-05-29T07:47:29+00:00\" \/>\n<meta property=\"og:image\" content=\"https:\/\/www.ull.es\/portal\/noticias\/wp-content\/uploads\/sites\/13\/2018\/05\/campusmooc.jpg\" \/>\n\t<meta property=\"og:image:width\" content=\"1024\" \/>\n\t<meta property=\"og:image:height\" content=\"683\" \/>\n\t<meta property=\"og:image:type\" content=\"image\/jpeg\" \/>\n<meta name=\"author\" content=\"prensa2\" \/>\n<meta name=\"twitter:card\" content=\"summary_large_image\" \/>\n<meta name=\"twitter:creator\" content=\"@CanalULL\" \/>\n<meta name=\"twitter:site\" content=\"@CanalULL\" \/>\n<meta name=\"twitter:label1\" content=\"Escrito por\" \/>\n\t<meta name=\"twitter:data1\" content=\"prensa2\" \/>\n\t<meta name=\"twitter:label2\" content=\"Tiempo de lectura\" \/>\n\t<meta name=\"twitter:data2\" content=\"3 minutos\" \/>\n<script type=\"application\/ld+json\" class=\"yoast-schema-graph\">{\"@context\":\"https:\/\/schema.org\",\"@graph\":[{\"@type\":\"WebPage\",\"@id\":\"https:\/\/www.ull.es\/portal\/noticias\/2018\/nueva-plataforma-campusmooc\/\",\"url\":\"https:\/\/www.ull.es\/portal\/noticias\/2018\/nueva-plataforma-campusmooc\/\",\"name\":\"La Unidad para la Docencia Virtual lanza la plataforma CampusMooc\",\"isPartOf\":{\"@id\":\"https:\/\/www.ull.es\/portal\/noticias\/#website\"},\"datePublished\":\"2018-05-15T12:25:10+00:00\",\"dateModified\":\"2018-05-29T07:47:29+00:00\",\"author\":{\"@id\":\"https:\/\/www.ull.es\/portal\/noticias\/#\/schema\/person\/c3b2aa857797592927a03740d6664376\"},\"description\":\"La Unidad para la Docencia Virtual de la ULL ha lanzado su nueva plataforma propia de cursos en l\u00ednea y abiertos: CampusMooc.\",\"breadcrumb\":{\"@id\":\"https:\/\/www.ull.es\/portal\/noticias\/2018\/nueva-plataforma-campusmooc\/#breadcrumb\"},\"inLanguage\":\"es\",\"potentialAction\":[{\"@type\":\"ReadAction\",\"target\":[\"https:\/\/www.ull.es\/portal\/noticias\/2018\/nueva-plataforma-campusmooc\/\"]}]},{\"@type\":\"BreadcrumbList\",\"@id\":\"https:\/\/www.ull.es\/portal\/noticias\/2018\/nueva-plataforma-campusmooc\/#breadcrumb\",\"itemListElement\":[{\"@type\":\"ListItem\",\"position\":1,\"name\":\"Portada\",\"item\":\"https:\/\/www.ull.es\/portal\/noticias\/\"},{\"@type\":\"ListItem\",\"position\":2,\"name\":\"La Unidad para la Docencia Virtual lanza su plataforma de cursos en l\u00ednea y abiertos\"}]},{\"@type\":\"WebSite\",\"@id\":\"https:\/\/www.ull.es\/portal\/noticias\/#website\",\"url\":\"https:\/\/www.ull.es\/portal\/noticias\/\",\"name\":\"ULL - Noticias\",\"description\":\"\",\"potentialAction\":[{\"@type\":\"SearchAction\",\"target\":{\"@type\":\"EntryPoint\",\"urlTemplate\":\"https:\/\/www.ull.es\/portal\/noticias\/?s={search_term_string}\"},\"query-input\":\"required name=search_term_string\"}],\"inLanguage\":\"es\"},{\"@type\":\"Person\",\"@id\":\"https:\/\/www.ull.es\/portal\/noticias\/#\/schema\/person\/c3b2aa857797592927a03740d6664376\",\"name\":\"prensa2\",\"image\":{\"@type\":\"ImageObject\",\"inLanguage\":\"es\",\"@id\":\"https:\/\/www.ull.es\/portal\/noticias\/#\/schema\/person\/image\/\",\"url\":\"https:\/\/secure.gravatar.com\/avatar\/b58f310a5de5feb33d1e026d2493f23c?s=96&d=mm&r=g\",\"contentUrl\":\"https:\/\/secure.gravatar.com\/avatar\/b58f310a5de5feb33d1e026d2493f23c?s=96&d=mm&r=g\",\"caption\":\"prensa2\"},\"url\":\"https:\/\/www.ull.es\/portal\/noticias\/author\/prensa2\/\"}]}<\/script>\n<!-- \/ Yoast SEO plugin. -->","yoast_head_json":{"title":"La Unidad para la Docencia Virtual lanza la plataforma CampusMooc","description":"La Unidad para la Docencia Virtual de la ULL ha lanzado su nueva plataforma propia de cursos en l\u00ednea y abiertos: CampusMooc.","robots":{"index":"index","follow":"follow","max-snippet":"max-snippet:-1","max-image-preview":"max-image-preview:large","max-video-preview":"max-video-preview:-1"},"canonical":"https:\/\/www.ull.es\/portal\/noticias\/2018\/nueva-plataforma-campusmooc\/","og_locale":"es_ES","og_type":"article","og_title":"La Unidad para la Docencia Virtual lanza la plataforma CampusMooc","og_description":"La Unidad para la Docencia Virtual de la ULL ha lanzado su nueva plataforma propia de cursos en l\u00ednea y abiertos: CampusMooc.","og_url":"https:\/\/www.ull.es\/portal\/noticias\/2018\/nueva-plataforma-campusmooc\/","og_site_name":"ULL - Noticias","article_publisher":"https:\/\/www.facebook.com\/universidaddelalaguna\/","article_published_time":"2018-05-15T12:25:10+00:00","article_modified_time":"2018-05-29T07:47:29+00:00","og_image":[{"width":1024,"height":683,"url":"https:\/\/www.ull.es\/portal\/noticias\/wp-content\/uploads\/sites\/13\/2018\/05\/campusmooc.jpg","type":"image\/jpeg"}],"author":"prensa2","twitter_card":"summary_large_image","twitter_creator":"@CanalULL","twitter_site":"@CanalULL","twitter_misc":{"Escrito por":"prensa2","Tiempo de lectura":"3 minutos"},"schema":{"@context":"https:\/\/schema.org","@graph":[{"@type":"WebPage","@id":"https:\/\/www.ull.es\/portal\/noticias\/2018\/nueva-plataforma-campusmooc\/","url":"https:\/\/www.ull.es\/portal\/noticias\/2018\/nueva-plataforma-campusmooc\/","name":"La Unidad para la Docencia Virtual lanza la plataforma CampusMooc","isPartOf":{"@id":"https:\/\/www.ull.es\/portal\/noticias\/#website"},"datePublished":"2018-05-15T12:25:10+00:00","dateModified":"2018-05-29T07:47:29+00:00","author":{"@id":"https:\/\/www.ull.es\/portal\/noticias\/#\/schema\/person\/c3b2aa857797592927a03740d6664376"},"description":"La Unidad para la Docencia Virtual de la ULL ha lanzado su nueva plataforma propia de cursos en l\u00ednea y abiertos: CampusMooc.","breadcrumb":{"@id":"https:\/\/www.ull.es\/portal\/noticias\/2018\/nueva-plataforma-campusmooc\/#breadcrumb"},"inLanguage":"es","potentialAction":[{"@type":"ReadAction","target":["https:\/\/www.ull.es\/portal\/noticias\/2018\/nueva-plataforma-campusmooc\/"]}]},{"@type":"BreadcrumbList","@id":"https:\/\/www.ull.es\/portal\/noticias\/2018\/nueva-plataforma-campusmooc\/#breadcrumb","itemListElement":[{"@type":"ListItem","position":1,"name":"Portada","item":"https:\/\/www.ull.es\/portal\/noticias\/"},{"@type":"ListItem","position":2,"name":"La Unidad para la Docencia Virtual lanza su plataforma de cursos en l\u00ednea y abiertos"}]},{"@type":"WebSite","@id":"https:\/\/www.ull.es\/portal\/noticias\/#website","url":"https:\/\/www.ull.es\/portal\/noticias\/","name":"ULL - Noticias","description":"","potentialAction":[{"@type":"SearchAction","target":{"@type":"EntryPoint","urlTemplate":"https:\/\/www.ull.es\/portal\/noticias\/?s={search_term_string}"},"query-input":"required name=search_term_string"}],"inLanguage":"es"},{"@type":"Person","@id":"https:\/\/www.ull.es\/portal\/noticias\/#\/schema\/person\/c3b2aa857797592927a03740d6664376","name":"prensa2","image":{"@type":"ImageObject","inLanguage":"es","@id":"https:\/\/www.ull.es\/portal\/noticias\/#\/schema\/person\/image\/","url":"https:\/\/secure.gravatar.com\/avatar\/b58f310a5de5feb33d1e026d2493f23c?s=96&d=mm&r=g","contentUrl":"https:\/\/secure.gravatar.com\/avatar\/b58f310a5de5feb33d1e026d2493f23c?s=96&d=mm&r=g","caption":"prensa2"},"url":"https:\/\/www.ull.es\/portal\/noticias\/author\/prensa2\/"}]}},"primary_category":{"id":346,"name":"Docencia","slug":"docencia","link":"https:\/\/www.ull.es\/portal\/noticias\/category\/docencia\/"},"featured_image_thumbnail_url":"https:\/\/www.ull.es\/portal\/noticias\/wp-content\/uploads\/sites\/13\/2018\/05\/campusmooc-300x200.jpg","_links":{"self":[{"href":"https:\/\/www.ull.es\/portal\/noticias\/wp-json\/wp\/v2\/posts\/36985"}],"collection":[{"href":"https:\/\/www.ull.es\/portal\/noticias\/wp-json\/wp\/v2\/posts"}],"about":[{"href":"https:\/\/www.ull.es\/portal\/noticias\/wp-json\/wp\/v2\/types\/post"}],"author":[{"embeddable":true,"href":"https:\/\/www.ull.es\/portal\/noticias\/wp-json\/wp\/v2\/users\/21"}],"replies":[{"embeddable":true,"href":"https:\/\/www.ull.es\/portal\/noticias\/wp-json\/wp\/v2\/comments?post=36985"}],"version-history":[{"count":2,"href":"https:\/\/www.ull.es\/portal\/noticias\/wp-json\/wp\/v2\/posts\/36985\/revisions"}],"predecessor-version":[{"id":37246,"href":"https:\/\/www.ull.es\/portal\/noticias\/wp-json\/wp\/v2\/posts\/36985\/revisions\/37246"}],"wp:featuredmedia":[{"embeddable":true,"href":"https:\/\/www.ull.es\/portal\/noticias\/wp-json\/wp\/v2\/media\/36986"}],"wp:attachment":[{"href":"https:\/\/www.ull.es\/portal\/noticias\/wp-json\/wp\/v2\/media?parent=36985"}],"wp:term":[{"taxonomy":"category","embeddable":true,"href":"https:\/\/www.ull.es\/portal\/noticias\/wp-json\/wp\/v2\/categories?post=36985"},{"taxonomy":"post_tag","embeddable":true,"href":"https:\/\/www.ull.es\/portal\/noticias\/wp-json\/wp\/v2\/tags?post=36985"}],"curies":[{"name":"wp","href":"https:\/\/api.w.org\/{rel}","templated":true}]}}