{"id":37199,"date":"2018-05-25T13:14:44","date_gmt":"2018-05-25T13:14:44","guid":{"rendered":"https:\/\/www.ull.es\/portal\/noticias\/?p=37199"},"modified":"2018-05-25T14:00:37","modified_gmt":"2018-05-25T14:00:37","slug":"la-universidad-de-la-laguna-se-reune-con-los-colegios-profesionales-para-acercarse-al-tejido-productivo","status":"publish","type":"post","link":"https:\/\/www.ull.es\/portal\/noticias\/2018\/la-universidad-de-la-laguna-se-reune-con-los-colegios-profesionales-para-acercarse-al-tejido-productivo\/","title":{"rendered":"La Universidad de La Laguna se re\u00fane con los colegios profesionales para acercarse al tejido productivo"},"content":{"rendered":"<p>La Universidad de La Laguna ha celebrado hoy viernes 25 de mayo un encuentro con los representantes de una veintena de colegios profesionales de Santa Cruz de Tenerife. El prop\u00f3sito de esta cita, liderada por el rector, Antonio Martin\u00f3n, es acercar la instituci\u00f3n docente al sector productivo, conocer sus demandas y mejorar la conexi\u00f3n de los reci\u00e9n titulados con el mundo profesional.<\/p>\n<p style=\"text-align: center;\"><a href=\"https:\/\/drive.google.com\/drive\/folders\/1IjsEY7mNPON2utsBKCNFmOpKkQQ-nZpW?usp=sharing\" target=\"_blank\" rel=\"noopener\" target=\"_blank\" rel=\"noopener\"><strong>Ver galer\u00eda de im\u00e1genes<\/strong><\/a><\/p>\n<p>\u201cGracias por ayudarnos a conectar con la sociedad\u201d, se\u00f1al\u00f3 el rector al comienzo de su intervenci\u00f3n, en la que estuvo acompa\u00f1ado de varios miembros de su equipo de direcci\u00f3n. \u201cLa mayor\u00eda de los colegios se nutren de alumnos de la Universidad de La Laguna y son pues una continuaci\u00f3n de la propia instituci\u00f3n\u201d, destac\u00f3.<\/p>\n<p>Martin\u00f3n explic\u00f3 que esta es una universidad de tama\u00f1o mediano, con una organizaci\u00f3n compleja pero que tiene clara su vocaci\u00f3n social y la necesidad de transferir su conocimiento al entorno. A los asistentes se les present\u00f3 el cat\u00e1logo de servicios de la universidad, que refleja los principales \u00e1mbitos que son susceptibles de colaboraci\u00f3n entre el centro universitario y otras instituciones.<\/p>\n<p>El vicerrector de Relaciones con la Sociedad, Francisco Garc\u00eda, explic\u00f3 que uno de los puntos de mayor conexi\u00f3n con el entorno se lleva a cabo a trav\u00e9s de las pr\u00e1cticas en empresas o instituciones, que son adem\u00e1s de obligado desarrollo para todo el alumnado de la Universidad de La Laguna. Cada a\u00f1o egresan m\u00e1s de 3000 alumnos del centro docente, y todos ellos han superado esta experiencia pr\u00e1ctica.<\/p>\n<p>Tambi\u00e9n hizo referencia a las becas formativas de inserci\u00f3n laboral, en la que alumnos egresados de los \u00faltimos dos a\u00f1os pueden estar de seis a diez meses\u00a0 realizando una estancia en una empresa, dados de alta en la Seguridad Social y con un coste muy limitado para la empresa. \u201cEs una magn\u00edfica herramienta para la integraci\u00f3n de nuestros recursos humanos y para la captaci\u00f3n de talento joven\u201d. De hecho, cerca del 80% de este alumnado acaba siendo contratado, lo que supone una tasa de \u00e9xito muy alta, destac\u00f3 el vicerrector, quien tambi\u00e9n sostuvo que en 2007 se celebraron cerca de 500 becas de este tipo, a trav\u00e9s de la Fundaci\u00f3n General.<\/p>\n<p>Hay empresas que financian estas becas, como es el caso de la Fundaci\u00f3n Disa a trav\u00e9s de su programa Disa Emplea. Tambi\u00e9n apunt\u00f3 la existencia del programa Cataliza, a trav\u00e9s del Servicio Canario de Empleo, que lo financia parcialmente. Otra modalidad de inserci\u00f3n laboral es la Beca Santander, en este caso para estudiantes que no han culminado su grado. En total, entre 700-800 alumnos se han beneficiado el curso pasado de este tipo de programas.<\/p>\n<p>Otra posibilidad de colaboraci\u00f3n con la Universidad de La Laguna son las c\u00e1tedras institucionales y de empresa, especializadas en tem\u00e1ticas concretas. Ahora mismo hay once, cuando hace tres a\u00f1os solo hab\u00eda dos. De esta cantidad dos colegios profesionales est\u00e1n directamente implicados en ellas.<\/p>\n<p>El vicerrector tambi\u00e9n cit\u00f3 a la Oficina de Transferencia de Resultados de Investigaci\u00f3n para la soluci\u00f3n de proyectos de empresas y de comercializaci\u00f3n de productos tecnol\u00f3gicos, as\u00ed como la infraestructura pesada que conforma el conjunto de servicios generales de investigaci\u00f3n, cuyos resultados est\u00e1n adem\u00e1s certificados.<\/p>\n<p>El director del plan estrat\u00e9gico de la Universidad de La Laguna, Daniel Alonso, fue el siguiente en participar en este encuentro con colegios profesionales. Destac\u00f3 que se trata de un plan institucional, que involucra a toda la comunidad universitaria para poner en marcha una programaci\u00f3n a largo plazo fuera de una visi\u00f3n cortoplacista.<\/p>\n<p>Alonso present\u00f3 el esquema general del plan, cuyo eje central es el alumnado, procurando su formaci\u00f3n integral y crecimiento en valores. \u201cQueremos un estudiantado activo, que con sus acciones genere bienestar en toda la sociedad\u201d. Se\u00f1al\u00f3 que se ha abordado una arquitectura estrat\u00e9gica centrada en tres ejes, que a su vez se desagregan en distintos proyectos, con\u00a0 tama\u00f1o e impacto diferentes. El primero de ellos es el Talento, el segundo es el llamado Adaptaci\u00f3n, que se relaciona con la investigaci\u00f3n abierta, afrontar la transformaci\u00f3n tecnol\u00f3gica y digital de la Universidad de La Laguna. El tercero se centra en la Respuesta a la Complejidad Social, con el prop\u00f3sito de aportar desde la universidad personas, proyectos y conocimiento.<\/p>\n<p><strong>Colegios profesionales, alineados con el plan estrat\u00e9gico<\/strong><\/p>\n<p>Los representantes de la veintena de colegios profesionales que acudieron al desayuno informativo agradecieron la cita, considerada por algunos de ellos como muy necesaria. Algunos mostraron su intenci\u00f3n de plantearse la creaci\u00f3n de una catedra empresarial, otros se interesaron por su colaboraci\u00f3n en las acciones previstas dentro del plan estrat\u00e9gico. En alg\u00fan caso se ofrecieron a participar en la docencia con clases pr\u00e1cticas sobre su materia de especializaci\u00f3n.<\/p>\n<p>Otro colegio pidi\u00f3 a la universidad el mayor rigor en la calidad de las titulaciones para garantizar el progreso de la sociedad, al tiempo que solicit\u00f3 tambi\u00e9n incorporarse en las acciones del plan estrat\u00e9gico. Uno de los invitados ech\u00f3 en falta programas de excelencia, que se otorgan a los que tienen m\u00e1s capacidades intelectuales, por lo que bajo su opini\u00f3n hay que acentuar el sentido de la responsabilidad entre el alumnado para que mejore su rendimiento. Tambi\u00e9n apunt\u00f3 que lo que m\u00e1s prestigio da a la universidad son los posgrados, y solicit\u00f3 mayor formaci\u00f3n online en esta materia.<\/p>\n<p>La vicerrectora de Internacionalizaci\u00f3n apunt\u00f3 que la ULL s\u00ed tiene programas de excelencia, con programas de mentor\u00eda de universidades y centros de investigaci\u00f3n americanos, y a\u00f1adi\u00f3 que en los propios programas de doctorado y de m\u00e1steres, donde en algunos casos la demanda es muy alta, solo entran los de mayor cualificaci\u00f3n.<\/p>\n<p>Otros representantes de colegios profesionales a\u00f1adieron que necesitan mayor vinculaci\u00f3n con la universidad para seguir actualizando conocimientos. Tambi\u00e9n le pidieron mayor posicionamiento en temas trascendentales para la isla y mayor contacto con estas entidades. \u201cSi contamos con una buena universidad tambi\u00e9n contaremos con mejores profesionales para nuestra sociedad\u201d, a\u00f1adieron. Todos concluyeron que se ha hecho notar una mayor sinton\u00eda entre la propia Universidad de La Laguna y los sectores profesionales. \u201cEl futuro de los colegios profesionales est\u00e1 en la universidad, por eso nos interesa la figura de la precolegiaci\u00f3n, acerc\u00e1ndonos a ella para contar a los alumnos c\u00f3mo es la realidad de nuestro sector\u201d.<\/p>\n","protected":false},"excerpt":{"rendered":"<p>La Universidad de La Laguna ha celebrado hoy viernes 25 de mayo un encuentro con los representantes de una veintena&#8230;<\/p>\n","protected":false},"author":20,"featured_media":37203,"comment_status":"closed","ping_status":"closed","sticky":false,"template":"","format":"standard","meta":{"inline_featured_image":false,"footnotes":""},"categories":[345,348,2752,2753,2755,2754,2765],"tags":[4368,2322,4369,2527,2560],"acf":[],"yoast_head":"<!-- This site is optimized with the Yoast SEO plugin v21.3 - https:\/\/yoast.com\/wordpress\/plugins\/seo\/ -->\n<title>La Universidad de La Laguna se re\u00fane con los colegios profesionales para acercarse al tejido productivo<\/title>\n<meta name=\"description\" content=\"La Universidad de La Laguna se re\u00fane con los representantes de una veintena de colegios profesionales de Santa Cruz de Tenerife para acercarse al tejido productivo\" \/>\n<meta name=\"robots\" content=\"index, follow, max-snippet:-1, max-image-preview:large, max-video-preview:-1\" \/>\n<link rel=\"canonical\" href=\"https:\/\/www.ull.es\/portal\/noticias\/2018\/la-universidad-de-la-laguna-se-reune-con-los-colegios-profesionales-para-acercarse-al-tejido-productivo\/\" \/>\n<meta property=\"og:locale\" content=\"es_ES\" \/>\n<meta property=\"og:type\" content=\"article\" \/>\n<meta property=\"og:title\" content=\"La Universidad de La Laguna se re\u00fane con los colegios profesionales para acercarse al tejido productivo\" \/>\n<meta property=\"og:description\" content=\"La Universidad de La Laguna se re\u00fane con los representantes de una veintena de colegios profesionales de Santa Cruz de Tenerife para acercarse al tejido productivo\" \/>\n<meta property=\"og:url\" content=\"https:\/\/www.ull.es\/portal\/noticias\/2018\/la-universidad-de-la-laguna-se-reune-con-los-colegios-profesionales-para-acercarse-al-tejido-productivo\/\" \/>\n<meta property=\"og:site_name\" content=\"ULL - Noticias\" \/>\n<meta property=\"article:publisher\" content=\"https:\/\/www.facebook.com\/universidaddelalaguna\/\" \/>\n<meta property=\"article:published_time\" content=\"2018-05-25T13:14:44+00:00\" \/>\n<meta property=\"article:modified_time\" content=\"2018-05-25T14:00:37+00:00\" \/>\n<meta property=\"og:image\" content=\"https:\/\/www.ull.es\/portal\/noticias\/wp-content\/uploads\/sites\/13\/2018\/05\/IMG_0122.jpg\" \/>\n\t<meta property=\"og:image:width\" content=\"1366\" \/>\n\t<meta property=\"og:image:height\" content=\"911\" \/>\n\t<meta property=\"og:image:type\" content=\"image\/jpeg\" \/>\n<meta name=\"author\" content=\"prensa1\" \/>\n<meta name=\"twitter:card\" content=\"summary_large_image\" \/>\n<meta name=\"twitter:creator\" content=\"@CanalULL\" \/>\n<meta name=\"twitter:site\" content=\"@CanalULL\" \/>\n<meta name=\"twitter:label1\" content=\"Escrito por\" \/>\n\t<meta name=\"twitter:data1\" content=\"prensa1\" \/>\n\t<meta name=\"twitter:label2\" content=\"Tiempo de lectura\" \/>\n\t<meta name=\"twitter:data2\" content=\"6 minutos\" \/>\n<script type=\"application\/ld+json\" class=\"yoast-schema-graph\">{\"@context\":\"https:\/\/schema.org\",\"@graph\":[{\"@type\":\"WebPage\",\"@id\":\"https:\/\/www.ull.es\/portal\/noticias\/2018\/la-universidad-de-la-laguna-se-reune-con-los-colegios-profesionales-para-acercarse-al-tejido-productivo\/\",\"url\":\"https:\/\/www.ull.es\/portal\/noticias\/2018\/la-universidad-de-la-laguna-se-reune-con-los-colegios-profesionales-para-acercarse-al-tejido-productivo\/\",\"name\":\"La Universidad de La Laguna se re\u00fane con los colegios profesionales para acercarse al tejido productivo\",\"isPartOf\":{\"@id\":\"https:\/\/www.ull.es\/portal\/noticias\/#website\"},\"datePublished\":\"2018-05-25T13:14:44+00:00\",\"dateModified\":\"2018-05-25T14:00:37+00:00\",\"author\":{\"@id\":\"https:\/\/www.ull.es\/portal\/noticias\/#\/schema\/person\/ea9b721b26bc001d9f8820a760100f96\"},\"description\":\"La Universidad de La Laguna se re\u00fane con los representantes de una veintena de colegios profesionales de Santa Cruz de Tenerife para acercarse al tejido productivo\",\"breadcrumb\":{\"@id\":\"https:\/\/www.ull.es\/portal\/noticias\/2018\/la-universidad-de-la-laguna-se-reune-con-los-colegios-profesionales-para-acercarse-al-tejido-productivo\/#breadcrumb\"},\"inLanguage\":\"es\",\"potentialAction\":[{\"@type\":\"ReadAction\",\"target\":[\"https:\/\/www.ull.es\/portal\/noticias\/2018\/la-universidad-de-la-laguna-se-reune-con-los-colegios-profesionales-para-acercarse-al-tejido-productivo\/\"]}]},{\"@type\":\"BreadcrumbList\",\"@id\":\"https:\/\/www.ull.es\/portal\/noticias\/2018\/la-universidad-de-la-laguna-se-reune-con-los-colegios-profesionales-para-acercarse-al-tejido-productivo\/#breadcrumb\",\"itemListElement\":[{\"@type\":\"ListItem\",\"position\":1,\"name\":\"Portada\",\"item\":\"https:\/\/www.ull.es\/portal\/noticias\/\"},{\"@type\":\"ListItem\",\"position\":2,\"name\":\"La Universidad de La Laguna se re\u00fane con los colegios profesionales para acercarse al tejido productivo\"}]},{\"@type\":\"WebSite\",\"@id\":\"https:\/\/www.ull.es\/portal\/noticias\/#website\",\"url\":\"https:\/\/www.ull.es\/portal\/noticias\/\",\"name\":\"ULL - Noticias\",\"description\":\"\",\"potentialAction\":[{\"@type\":\"SearchAction\",\"target\":{\"@type\":\"EntryPoint\",\"urlTemplate\":\"https:\/\/www.ull.es\/portal\/noticias\/?s={search_term_string}\"},\"query-input\":\"required name=search_term_string\"}],\"inLanguage\":\"es\"},{\"@type\":\"Person\",\"@id\":\"https:\/\/www.ull.es\/portal\/noticias\/#\/schema\/person\/ea9b721b26bc001d9f8820a760100f96\",\"name\":\"prensa1\",\"image\":{\"@type\":\"ImageObject\",\"inLanguage\":\"es\",\"@id\":\"https:\/\/www.ull.es\/portal\/noticias\/#\/schema\/person\/image\/\",\"url\":\"https:\/\/secure.gravatar.com\/avatar\/94b9dcabd35142d3e94c7343cd1c6ca0?s=96&d=mm&r=g\",\"contentUrl\":\"https:\/\/secure.gravatar.com\/avatar\/94b9dcabd35142d3e94c7343cd1c6ca0?s=96&d=mm&r=g\",\"caption\":\"prensa1\"},\"url\":\"https:\/\/www.ull.es\/portal\/noticias\/author\/prensa1\/\"}]}<\/script>\n<!-- \/ Yoast SEO plugin. -->","yoast_head_json":{"title":"La Universidad de La Laguna se re\u00fane con los colegios profesionales para acercarse al tejido productivo","description":"La Universidad de La Laguna se re\u00fane con los representantes de una veintena de colegios profesionales de Santa Cruz de Tenerife para acercarse al tejido productivo","robots":{"index":"index","follow":"follow","max-snippet":"max-snippet:-1","max-image-preview":"max-image-preview:large","max-video-preview":"max-video-preview:-1"},"canonical":"https:\/\/www.ull.es\/portal\/noticias\/2018\/la-universidad-de-la-laguna-se-reune-con-los-colegios-profesionales-para-acercarse-al-tejido-productivo\/","og_locale":"es_ES","og_type":"article","og_title":"La Universidad de La Laguna se re\u00fane con los colegios profesionales para acercarse al tejido productivo","og_description":"La Universidad de La Laguna se re\u00fane con los representantes de una veintena de colegios profesionales de Santa Cruz de Tenerife para acercarse al tejido productivo","og_url":"https:\/\/www.ull.es\/portal\/noticias\/2018\/la-universidad-de-la-laguna-se-reune-con-los-colegios-profesionales-para-acercarse-al-tejido-productivo\/","og_site_name":"ULL - Noticias","article_publisher":"https:\/\/www.facebook.com\/universidaddelalaguna\/","article_published_time":"2018-05-25T13:14:44+00:00","article_modified_time":"2018-05-25T14:00:37+00:00","og_image":[{"width":1366,"height":911,"url":"https:\/\/www.ull.es\/portal\/noticias\/wp-content\/uploads\/sites\/13\/2018\/05\/IMG_0122.jpg","type":"image\/jpeg"}],"author":"prensa1","twitter_card":"summary_large_image","twitter_creator":"@CanalULL","twitter_site":"@CanalULL","twitter_misc":{"Escrito por":"prensa1","Tiempo de lectura":"6 minutos"},"schema":{"@context":"https:\/\/schema.org","@graph":[{"@type":"WebPage","@id":"https:\/\/www.ull.es\/portal\/noticias\/2018\/la-universidad-de-la-laguna-se-reune-con-los-colegios-profesionales-para-acercarse-al-tejido-productivo\/","url":"https:\/\/www.ull.es\/portal\/noticias\/2018\/la-universidad-de-la-laguna-se-reune-con-los-colegios-profesionales-para-acercarse-al-tejido-productivo\/","name":"La Universidad de La Laguna se re\u00fane con los colegios profesionales para acercarse al tejido productivo","isPartOf":{"@id":"https:\/\/www.ull.es\/portal\/noticias\/#website"},"datePublished":"2018-05-25T13:14:44+00:00","dateModified":"2018-05-25T14:00:37+00:00","author":{"@id":"https:\/\/www.ull.es\/portal\/noticias\/#\/schema\/person\/ea9b721b26bc001d9f8820a760100f96"},"description":"La Universidad de La Laguna se re\u00fane con los representantes de una veintena de colegios profesionales de Santa Cruz de Tenerife para acercarse al tejido productivo","breadcrumb":{"@id":"https:\/\/www.ull.es\/portal\/noticias\/2018\/la-universidad-de-la-laguna-se-reune-con-los-colegios-profesionales-para-acercarse-al-tejido-productivo\/#breadcrumb"},"inLanguage":"es","potentialAction":[{"@type":"ReadAction","target":["https:\/\/www.ull.es\/portal\/noticias\/2018\/la-universidad-de-la-laguna-se-reune-con-los-colegios-profesionales-para-acercarse-al-tejido-productivo\/"]}]},{"@type":"BreadcrumbList","@id":"https:\/\/www.ull.es\/portal\/noticias\/2018\/la-universidad-de-la-laguna-se-reune-con-los-colegios-profesionales-para-acercarse-al-tejido-productivo\/#breadcrumb","itemListElement":[{"@type":"ListItem","position":1,"name":"Portada","item":"https:\/\/www.ull.es\/portal\/noticias\/"},{"@type":"ListItem","position":2,"name":"La Universidad de La Laguna se re\u00fane con los colegios profesionales para acercarse al tejido productivo"}]},{"@type":"WebSite","@id":"https:\/\/www.ull.es\/portal\/noticias\/#website","url":"https:\/\/www.ull.es\/portal\/noticias\/","name":"ULL - Noticias","description":"","potentialAction":[{"@type":"SearchAction","target":{"@type":"EntryPoint","urlTemplate":"https:\/\/www.ull.es\/portal\/noticias\/?s={search_term_string}"},"query-input":"required name=search_term_string"}],"inLanguage":"es"},{"@type":"Person","@id":"https:\/\/www.ull.es\/portal\/noticias\/#\/schema\/person\/ea9b721b26bc001d9f8820a760100f96","name":"prensa1","image":{"@type":"ImageObject","inLanguage":"es","@id":"https:\/\/www.ull.es\/portal\/noticias\/#\/schema\/person\/image\/","url":"https:\/\/secure.gravatar.com\/avatar\/94b9dcabd35142d3e94c7343cd1c6ca0?s=96&d=mm&r=g","contentUrl":"https:\/\/secure.gravatar.com\/avatar\/94b9dcabd35142d3e94c7343cd1c6ca0?s=96&d=mm&r=g","caption":"prensa1"},"url":"https:\/\/www.ull.es\/portal\/noticias\/author\/prensa1\/"}]}},"primary_category":{"id":345,"name":"Destacado","slug":"destacado","link":"https:\/\/www.ull.es\/portal\/noticias\/category\/destacado\/"},"featured_image_thumbnail_url":"https:\/\/www.ull.es\/portal\/noticias\/wp-content\/uploads\/sites\/13\/2018\/05\/IMG_0122-300x200.jpg","_links":{"self":[{"href":"https:\/\/www.ull.es\/portal\/noticias\/wp-json\/wp\/v2\/posts\/37199"}],"collection":[{"href":"https:\/\/www.ull.es\/portal\/noticias\/wp-json\/wp\/v2\/posts"}],"about":[{"href":"https:\/\/www.ull.es\/portal\/noticias\/wp-json\/wp\/v2\/types\/post"}],"author":[{"embeddable":true,"href":"https:\/\/www.ull.es\/portal\/noticias\/wp-json\/wp\/v2\/users\/20"}],"replies":[{"embeddable":true,"href":"https:\/\/www.ull.es\/portal\/noticias\/wp-json\/wp\/v2\/comments?post=37199"}],"version-history":[{"count":3,"href":"https:\/\/www.ull.es\/portal\/noticias\/wp-json\/wp\/v2\/posts\/37199\/revisions"}],"predecessor-version":[{"id":37210,"href":"https:\/\/www.ull.es\/portal\/noticias\/wp-json\/wp\/v2\/posts\/37199\/revisions\/37210"}],"wp:featuredmedia":[{"embeddable":true,"href":"https:\/\/www.ull.es\/portal\/noticias\/wp-json\/wp\/v2\/media\/37203"}],"wp:attachment":[{"href":"https:\/\/www.ull.es\/portal\/noticias\/wp-json\/wp\/v2\/media?parent=37199"}],"wp:term":[{"taxonomy":"category","embeddable":true,"href":"https:\/\/www.ull.es\/portal\/noticias\/wp-json\/wp\/v2\/categories?post=37199"},{"taxonomy":"post_tag","embeddable":true,"href":"https:\/\/www.ull.es\/portal\/noticias\/wp-json\/wp\/v2\/tags?post=37199"}],"curies":[{"name":"wp","href":"https:\/\/api.w.org\/{rel}","templated":true}]}}