{"id":37298,"date":"2018-06-01T14:18:07","date_gmt":"2018-06-01T14:18:07","guid":{"rendered":"https:\/\/www.ull.es\/portal\/noticias\/?p=37298"},"modified":"2018-06-05T12:18:32","modified_gmt":"2018-06-05T12:18:32","slug":"publicadas-becas-internacionalizacion-idiomatica-inmersion-linguistica","status":"publish","type":"post","link":"https:\/\/www.ull.es\/portal\/noticias\/2018\/publicadas-becas-internacionalizacion-idiomatica-inmersion-linguistica\/","title":{"rendered":"Publicadas las admisiones y exclusiones de la convocatoria de becas de internacionalizaci\u00f3n idiom\u00e1tica e inmersi\u00f3n ling\u00fc\u00edstica"},"content":{"rendered":"<p>El Vicerrectorado de Internacionalizaci\u00f3n de la Universidad de La Laguna ha public\u00f3 el 31 de mayo la resoluci\u00f3n de la convocatoria de becas de internacionalizaci\u00f3n idiom\u00e1tica e inmersi\u00f3n ling\u00fc\u00edstica en ingl\u00e9s para alumnado de los grados de Maestro en Educaci\u00f3n Infantil y en Educaci\u00f3n Primaria con menci\u00f3n de ingl\u00e9s en ambos casos.<\/p>\n<p>Un total de 21 solicitudes han sido admitidas al procedimiento de una convocatoria que ofertaba 38 becas idiom\u00e1ticas destinadas estudiantes de educaci\u00f3n. La resoluci\u00f3n puede consultarse en la secci\u00f3n \u201cConvocatorias\u201d de la secci\u00f3n \u201cInternacional\u201d de la web institucional.<\/p>\n<p>Estas becas convocadas a trav\u00e9s del Vicerrectorado de Internacionalizaci\u00f3n son fruto de un convenio de colaboraci\u00f3n con el Cabildo de Tenerife y pretenden mejorar las competencias idiom\u00e1ticas del alumnado a trav\u00e9s de la inmersi\u00f3n ling\u00fc\u00edstica. Tanto la instituci\u00f3n acad\u00e9mica como la corporaci\u00f3n insular contribuyen as\u00ed a aumentar el nivel de conocimiento de lenguas extranjeras de los j\u00f3venes universitarios tinerfe\u00f1os.<\/p>\n<p>Conscientes de que el aprendizaje de las distintas lenguas en los primeros a\u00f1os de vida resulta m\u00e1s efectivo, estas becas pretenden mejorar el nivel de ingl\u00e9s de los futuros docentes de Educaci\u00f3n Infantil y Educaci\u00f3n Primaria que se grad\u00faan en la Universidad de La Laguna, quienes ser\u00e1n responsables de transmitir y ense\u00f1ar las lenguas extranjeras en dichos niveles formativos. Este programa de becas se alinea, adem\u00e1s, con la estrategia de internacionalizaci\u00f3n de la educaci\u00f3n no universitaria del Gobierno de Canarias.<\/p>\n","protected":false},"excerpt":{"rendered":"<p>El Vicerrectorado de Internacionalizaci\u00f3n de la Universidad de La Laguna ha public\u00f3 el 31 de mayo la resoluci\u00f3n de la&#8230;<\/p>\n","protected":false},"author":21,"featured_media":35898,"comment_status":"closed","ping_status":"closed","sticky":false,"template":"","format":"standard","meta":{"inline_featured_image":false,"footnotes":""},"categories":[345,346,3725,3841,3842,349,2753,2754,2765],"tags":[4395,4396,1393,1465,1500],"acf":[],"yoast_head":"<!-- This site is optimized with the Yoast SEO plugin v21.3 - https:\/\/yoast.com\/wordpress\/plugins\/seo\/ -->\n<title>Becas de internacionalizaci\u00f3n idiom\u00e1tica e inmersi\u00f3n ling\u00fc\u00edstica<\/title>\n<meta name=\"robots\" content=\"index, follow, max-snippet:-1, max-image-preview:large, max-video-preview:-1\" \/>\n<link rel=\"canonical\" href=\"https:\/\/www.ull.es\/portal\/noticias\/2018\/publicadas-becas-internacionalizacion-idiomatica-inmersion-linguistica\/\" \/>\n<meta property=\"og:locale\" content=\"es_ES\" \/>\n<meta property=\"og:type\" content=\"article\" \/>\n<meta property=\"og:title\" content=\"Becas de internacionalizaci\u00f3n idiom\u00e1tica e inmersi\u00f3n ling\u00fc\u00edstica\" \/>\n<meta property=\"og:description\" content=\"El Vicerrectorado de Internacionalizaci\u00f3n de la Universidad de La Laguna ha public\u00f3 el 31 de mayo la resoluci\u00f3n de la...\" \/>\n<meta property=\"og:url\" content=\"https:\/\/www.ull.es\/portal\/noticias\/2018\/publicadas-becas-internacionalizacion-idiomatica-inmersion-linguistica\/\" \/>\n<meta property=\"og:site_name\" content=\"ULL - Noticias\" \/>\n<meta property=\"article:publisher\" content=\"https:\/\/www.facebook.com\/universidaddelalaguna\/\" \/>\n<meta property=\"article:published_time\" content=\"2018-06-01T14:18:07+00:00\" \/>\n<meta property=\"article:modified_time\" content=\"2018-06-05T12:18:32+00:00\" \/>\n<meta property=\"og:image\" content=\"https:\/\/www.ull.es\/portal\/noticias\/wp-content\/uploads\/sites\/13\/2018\/03\/Campus-Guajara-04.jpg\" \/>\n\t<meta property=\"og:image:width\" content=\"1200\" \/>\n\t<meta property=\"og:image:height\" content=\"800\" \/>\n\t<meta property=\"og:image:type\" content=\"image\/jpeg\" \/>\n<meta name=\"author\" content=\"prensa2\" \/>\n<meta name=\"twitter:card\" content=\"summary_large_image\" \/>\n<meta name=\"twitter:creator\" content=\"@CanalULL\" \/>\n<meta name=\"twitter:site\" content=\"@CanalULL\" \/>\n<meta name=\"twitter:label1\" content=\"Escrito por\" \/>\n\t<meta name=\"twitter:data1\" content=\"prensa2\" \/>\n\t<meta name=\"twitter:label2\" content=\"Tiempo de lectura\" \/>\n\t<meta name=\"twitter:data2\" content=\"1 minuto\" \/>\n<script type=\"application\/ld+json\" class=\"yoast-schema-graph\">{\"@context\":\"https:\/\/schema.org\",\"@graph\":[{\"@type\":\"WebPage\",\"@id\":\"https:\/\/www.ull.es\/portal\/noticias\/2018\/publicadas-becas-internacionalizacion-idiomatica-inmersion-linguistica\/\",\"url\":\"https:\/\/www.ull.es\/portal\/noticias\/2018\/publicadas-becas-internacionalizacion-idiomatica-inmersion-linguistica\/\",\"name\":\"Becas de internacionalizaci\u00f3n idiom\u00e1tica e inmersi\u00f3n ling\u00fc\u00edstica\",\"isPartOf\":{\"@id\":\"https:\/\/www.ull.es\/portal\/noticias\/#website\"},\"datePublished\":\"2018-06-01T14:18:07+00:00\",\"dateModified\":\"2018-06-05T12:18:32+00:00\",\"author\":{\"@id\":\"https:\/\/www.ull.es\/portal\/noticias\/#\/schema\/person\/c3b2aa857797592927a03740d6664376\"},\"breadcrumb\":{\"@id\":\"https:\/\/www.ull.es\/portal\/noticias\/2018\/publicadas-becas-internacionalizacion-idiomatica-inmersion-linguistica\/#breadcrumb\"},\"inLanguage\":\"es\",\"potentialAction\":[{\"@type\":\"ReadAction\",\"target\":[\"https:\/\/www.ull.es\/portal\/noticias\/2018\/publicadas-becas-internacionalizacion-idiomatica-inmersion-linguistica\/\"]}]},{\"@type\":\"BreadcrumbList\",\"@id\":\"https:\/\/www.ull.es\/portal\/noticias\/2018\/publicadas-becas-internacionalizacion-idiomatica-inmersion-linguistica\/#breadcrumb\",\"itemListElement\":[{\"@type\":\"ListItem\",\"position\":1,\"name\":\"Portada\",\"item\":\"https:\/\/www.ull.es\/portal\/noticias\/\"},{\"@type\":\"ListItem\",\"position\":2,\"name\":\"Publicadas las admisiones y exclusiones de la convocatoria de becas de internacionalizaci\u00f3n idiom\u00e1tica e inmersi\u00f3n ling\u00fc\u00edstica\"}]},{\"@type\":\"WebSite\",\"@id\":\"https:\/\/www.ull.es\/portal\/noticias\/#website\",\"url\":\"https:\/\/www.ull.es\/portal\/noticias\/\",\"name\":\"ULL - Noticias\",\"description\":\"\",\"potentialAction\":[{\"@type\":\"SearchAction\",\"target\":{\"@type\":\"EntryPoint\",\"urlTemplate\":\"https:\/\/www.ull.es\/portal\/noticias\/?s={search_term_string}\"},\"query-input\":\"required name=search_term_string\"}],\"inLanguage\":\"es\"},{\"@type\":\"Person\",\"@id\":\"https:\/\/www.ull.es\/portal\/noticias\/#\/schema\/person\/c3b2aa857797592927a03740d6664376\",\"name\":\"prensa2\",\"image\":{\"@type\":\"ImageObject\",\"inLanguage\":\"es\",\"@id\":\"https:\/\/www.ull.es\/portal\/noticias\/#\/schema\/person\/image\/\",\"url\":\"https:\/\/secure.gravatar.com\/avatar\/b58f310a5de5feb33d1e026d2493f23c?s=96&d=mm&r=g\",\"contentUrl\":\"https:\/\/secure.gravatar.com\/avatar\/b58f310a5de5feb33d1e026d2493f23c?s=96&d=mm&r=g\",\"caption\":\"prensa2\"},\"url\":\"https:\/\/www.ull.es\/portal\/noticias\/author\/prensa2\/\"}]}<\/script>\n<!-- \/ Yoast SEO plugin. -->","yoast_head_json":{"title":"Becas de internacionalizaci\u00f3n idiom\u00e1tica e inmersi\u00f3n ling\u00fc\u00edstica","robots":{"index":"index","follow":"follow","max-snippet":"max-snippet:-1","max-image-preview":"max-image-preview:large","max-video-preview":"max-video-preview:-1"},"canonical":"https:\/\/www.ull.es\/portal\/noticias\/2018\/publicadas-becas-internacionalizacion-idiomatica-inmersion-linguistica\/","og_locale":"es_ES","og_type":"article","og_title":"Becas de internacionalizaci\u00f3n idiom\u00e1tica e inmersi\u00f3n ling\u00fc\u00edstica","og_description":"El Vicerrectorado de Internacionalizaci\u00f3n de la Universidad de La Laguna ha public\u00f3 el 31 de mayo la resoluci\u00f3n de la...","og_url":"https:\/\/www.ull.es\/portal\/noticias\/2018\/publicadas-becas-internacionalizacion-idiomatica-inmersion-linguistica\/","og_site_name":"ULL - Noticias","article_publisher":"https:\/\/www.facebook.com\/universidaddelalaguna\/","article_published_time":"2018-06-01T14:18:07+00:00","article_modified_time":"2018-06-05T12:18:32+00:00","og_image":[{"width":1200,"height":800,"url":"https:\/\/www.ull.es\/portal\/noticias\/wp-content\/uploads\/sites\/13\/2018\/03\/Campus-Guajara-04.jpg","type":"image\/jpeg"}],"author":"prensa2","twitter_card":"summary_large_image","twitter_creator":"@CanalULL","twitter_site":"@CanalULL","twitter_misc":{"Escrito por":"prensa2","Tiempo de lectura":"1 minuto"},"schema":{"@context":"https:\/\/schema.org","@graph":[{"@type":"WebPage","@id":"https:\/\/www.ull.es\/portal\/noticias\/2018\/publicadas-becas-internacionalizacion-idiomatica-inmersion-linguistica\/","url":"https:\/\/www.ull.es\/portal\/noticias\/2018\/publicadas-becas-internacionalizacion-idiomatica-inmersion-linguistica\/","name":"Becas de internacionalizaci\u00f3n idiom\u00e1tica e inmersi\u00f3n ling\u00fc\u00edstica","isPartOf":{"@id":"https:\/\/www.ull.es\/portal\/noticias\/#website"},"datePublished":"2018-06-01T14:18:07+00:00","dateModified":"2018-06-05T12:18:32+00:00","author":{"@id":"https:\/\/www.ull.es\/portal\/noticias\/#\/schema\/person\/c3b2aa857797592927a03740d6664376"},"breadcrumb":{"@id":"https:\/\/www.ull.es\/portal\/noticias\/2018\/publicadas-becas-internacionalizacion-idiomatica-inmersion-linguistica\/#breadcrumb"},"inLanguage":"es","potentialAction":[{"@type":"ReadAction","target":["https:\/\/www.ull.es\/portal\/noticias\/2018\/publicadas-becas-internacionalizacion-idiomatica-inmersion-linguistica\/"]}]},{"@type":"BreadcrumbList","@id":"https:\/\/www.ull.es\/portal\/noticias\/2018\/publicadas-becas-internacionalizacion-idiomatica-inmersion-linguistica\/#breadcrumb","itemListElement":[{"@type":"ListItem","position":1,"name":"Portada","item":"https:\/\/www.ull.es\/portal\/noticias\/"},{"@type":"ListItem","position":2,"name":"Publicadas las admisiones y exclusiones de la convocatoria de becas de internacionalizaci\u00f3n idiom\u00e1tica e inmersi\u00f3n ling\u00fc\u00edstica"}]},{"@type":"WebSite","@id":"https:\/\/www.ull.es\/portal\/noticias\/#website","url":"https:\/\/www.ull.es\/portal\/noticias\/","name":"ULL - Noticias","description":"","potentialAction":[{"@type":"SearchAction","target":{"@type":"EntryPoint","urlTemplate":"https:\/\/www.ull.es\/portal\/noticias\/?s={search_term_string}"},"query-input":"required name=search_term_string"}],"inLanguage":"es"},{"@type":"Person","@id":"https:\/\/www.ull.es\/portal\/noticias\/#\/schema\/person\/c3b2aa857797592927a03740d6664376","name":"prensa2","image":{"@type":"ImageObject","inLanguage":"es","@id":"https:\/\/www.ull.es\/portal\/noticias\/#\/schema\/person\/image\/","url":"https:\/\/secure.gravatar.com\/avatar\/b58f310a5de5feb33d1e026d2493f23c?s=96&d=mm&r=g","contentUrl":"https:\/\/secure.gravatar.com\/avatar\/b58f310a5de5feb33d1e026d2493f23c?s=96&d=mm&r=g","caption":"prensa2"},"url":"https:\/\/www.ull.es\/portal\/noticias\/author\/prensa2\/"}]}},"primary_category":{"id":346,"name":"Docencia","slug":"docencia","link":"https:\/\/www.ull.es\/portal\/noticias\/category\/docencia\/"},"featured_image_thumbnail_url":"https:\/\/www.ull.es\/portal\/noticias\/wp-content\/uploads\/sites\/13\/2018\/03\/Campus-Guajara-04-300x200.jpg","_links":{"self":[{"href":"https:\/\/www.ull.es\/portal\/noticias\/wp-json\/wp\/v2\/posts\/37298"}],"collection":[{"href":"https:\/\/www.ull.es\/portal\/noticias\/wp-json\/wp\/v2\/posts"}],"about":[{"href":"https:\/\/www.ull.es\/portal\/noticias\/wp-json\/wp\/v2\/types\/post"}],"author":[{"embeddable":true,"href":"https:\/\/www.ull.es\/portal\/noticias\/wp-json\/wp\/v2\/users\/21"}],"replies":[{"embeddable":true,"href":"https:\/\/www.ull.es\/portal\/noticias\/wp-json\/wp\/v2\/comments?post=37298"}],"version-history":[{"count":1,"href":"https:\/\/www.ull.es\/portal\/noticias\/wp-json\/wp\/v2\/posts\/37298\/revisions"}],"predecessor-version":[{"id":37301,"href":"https:\/\/www.ull.es\/portal\/noticias\/wp-json\/wp\/v2\/posts\/37298\/revisions\/37301"}],"wp:featuredmedia":[{"embeddable":true,"href":"https:\/\/www.ull.es\/portal\/noticias\/wp-json\/wp\/v2\/media\/35898"}],"wp:attachment":[{"href":"https:\/\/www.ull.es\/portal\/noticias\/wp-json\/wp\/v2\/media?parent=37298"}],"wp:term":[{"taxonomy":"category","embeddable":true,"href":"https:\/\/www.ull.es\/portal\/noticias\/wp-json\/wp\/v2\/categories?post=37298"},{"taxonomy":"post_tag","embeddable":true,"href":"https:\/\/www.ull.es\/portal\/noticias\/wp-json\/wp\/v2\/tags?post=37298"}],"curies":[{"name":"wp","href":"https:\/\/api.w.org\/{rel}","templated":true}]}}