{"id":37365,"date":"2018-06-06T14:08:26","date_gmt":"2018-06-06T14:08:26","guid":{"rendered":"https:\/\/www.ull.es\/portal\/noticias\/?p=37365"},"modified":"2018-06-06T14:31:04","modified_gmt":"2018-06-06T14:31:04","slug":"comienza-la-ebau-de-junio","status":"publish","type":"post","link":"https:\/\/www.ull.es\/portal\/noticias\/2018\/comienza-la-ebau-de-junio\/","title":{"rendered":"Comienza la EBAU de junio en la Univerisdad de La Laguna con textos de Garc\u00eda M\u00e1rquez y Llamazares"},"content":{"rendered":"<p><em>\u201cDue\u00f1a por primera vez de su destino, \u00c1ngela Vicario descubri\u00f3 entonces que el odio y el amor son pasiones rec\u00edprocas. Cuantas m\u00e1s cartas mandaba, m\u00e1s encend\u00eda las brasas de su fiebre, pero m\u00e1s calentaba tambi\u00e9n el rencor feliz que sent\u00eda contra su madre. \u201cSe me revolv\u00edan las tripas solo de verla \u2013me dijo-, pero no pod\u00eda verla sin acordarme de \u00e9l\u201d<\/em>.<\/p>\n<p>Este es el primer p\u00e1rrafo del extracto del texto de \u2018Cr\u00f3nica de una\u00a0 muerte anunciada\u2019, de Gabriel Garc\u00eda M\u00e1rquez, que ha sido seleccionado para formar parte del examen del Lengua Castellana y Literatura II con el que se abri\u00f3 hoy, 6 de junio en la Universidad de La Laguna, el examen de la Evaluaci\u00f3n de Bachillerato para el Acceso a la Universidad (EBAU), a la que concurren hasta el viernes alrededor de 4.700 estudiantes.<\/p>\n<p style=\"text-align: center\"><a href=\"https:\/\/drive.google.com\/drive\/folders\/10oOXqLr2Gvr4Ymzou44mJ1KldASdaCPg?usp=sharing\" target=\"_blank\" rel=\"noopener\" target=\"_blank\" rel=\"noopener\"><strong>Galer\u00eda de im\u00e1genes<\/strong><\/a><\/p>\n<p>El otro texto para este examen correspondi\u00f3 al art\u00edculo \u2018La Soledad\u2019 de Julio Llamazares, publicado en El Pa\u00eds el pasado 17 de febrero. En la ma\u00f1ana de hoy tambi\u00e9n se ha celebrado el examen de Primera Lengua Extranjera (ingl\u00e9s, franc\u00e9s, italiano o alem\u00e1n), mientras que ya en horario de tarde tendr\u00e1 lugar el de Historia de Espa\u00f1a. Id\u00e9ntico calendario se aplicar\u00e1 en la convocatoria de julio de la EBAU, prevista para los d\u00edas 4, 5 y 6 de julio.<\/p>\n<p>Del total de estudiantes, algo m\u00e1s elevado en que en junio del pasado a\u00f1o, unos 300 acuden a subir nota o proceden de estudios de Formaci\u00f3n Profesional y necesitan, pues, examinarse de materias espec\u00edficas para poder acceder a la titulaci\u00f3n que desean.<\/p>\n<p>Los medios de comunicaci\u00f3n pudieron acceder a una de las salas donde transcurr\u00eda la prueba a primera hora, y comprobar los nervios de los estudiantes ante la prueba. Jos\u00e9 Antonio Ramos Arteaga, coordinador de ese primer examen, intent\u00f3 calmar al alumnado con bromas, al tiempo que les daba consejos t\u00e9cnicos sobre su desarrollo. \u201cNo corregimos al peso\u201d, se\u00f1al\u00f3, para disuadir a los estudiantes del exceso de escritura en esta primera prueba.<\/p>\n<p>Se han habilitado cuatro aulas para alumnado con necesidades espec\u00edficas. Pese al habitual atasco en los aleda\u00f1os del Campus de Guajara, las pruebas comenzaron con normalidad y la puntualidad debida. Se da un margen de hasta media hora para admitir a estudiantes que por determinadas circunstancias no pudieron llegar a tiempo.<\/p>\n<p><strong>\u00a0<\/strong><\/p>\n","protected":false},"excerpt":{"rendered":"<p>\u201cDue\u00f1a por primera vez de su destino, \u00c1ngela Vicario descubri\u00f3 entonces que el odio y el amor son pasiones rec\u00edprocas&#8230;.<\/p>\n","protected":false},"author":21,"featured_media":37366,"comment_status":"closed","ping_status":"closed","sticky":false,"template":"","format":"standard","meta":{"inline_featured_image":false,"footnotes":""},"categories":[343,345,348,2753,2755,2754,2765],"tags":[3758,689,2879],"acf":[],"yoast_head":"<!-- This site is optimized with the Yoast SEO plugin v21.3 - https:\/\/yoast.com\/wordpress\/plugins\/seo\/ -->\n<title>Comienza la EBAU en la ULL con textos de Garc\u00eda M\u00e1rquez y Llamazares<\/title>\n<meta name=\"description\" content=\"El examen del Lengua Castellana y Literatura II con el que se abri\u00f3 hoy, 6 de junio en la ULL, el examen de la Evaluaci\u00f3n de Bachillerato para el Acceso a la Universidad (EBAU), a la que concurren hasta el viernes alrededor de 4.700 estudiantes, incluy\u00f3 textos de Gabriel Garc\u00eda M\u00e1rquez y Julio Llamazarez.\" \/>\n<meta name=\"robots\" content=\"index, follow, max-snippet:-1, max-image-preview:large, max-video-preview:-1\" \/>\n<link rel=\"canonical\" href=\"https:\/\/www.ull.es\/portal\/noticias\/2018\/comienza-la-ebau-de-junio\/\" \/>\n<meta property=\"og:locale\" content=\"es_ES\" \/>\n<meta property=\"og:type\" content=\"article\" \/>\n<meta property=\"og:title\" content=\"Comienza la EBAU en la ULL con textos de Garc\u00eda M\u00e1rquez y Llamazares\" \/>\n<meta property=\"og:description\" content=\"El examen del Lengua Castellana y Literatura II con el que se abri\u00f3 hoy, 6 de junio en la ULL, el examen de la Evaluaci\u00f3n de Bachillerato para el Acceso a la Universidad (EBAU), a la que concurren hasta el viernes alrededor de 4.700 estudiantes, incluy\u00f3 textos de Gabriel Garc\u00eda M\u00e1rquez y Julio Llamazarez.\" \/>\n<meta property=\"og:url\" content=\"https:\/\/www.ull.es\/portal\/noticias\/2018\/comienza-la-ebau-de-junio\/\" \/>\n<meta property=\"og:site_name\" content=\"ULL - Noticias\" \/>\n<meta property=\"article:publisher\" content=\"https:\/\/www.facebook.com\/universidaddelalaguna\/\" \/>\n<meta property=\"article:published_time\" content=\"2018-06-06T14:08:26+00:00\" \/>\n<meta property=\"article:modified_time\" content=\"2018-06-06T14:31:04+00:00\" \/>\n<meta property=\"og:image\" content=\"https:\/\/www.ull.es\/portal\/noticias\/wp-content\/uploads\/sites\/13\/2018\/06\/EBAU-ULL-42.jpg\" \/>\n\t<meta property=\"og:image:width\" content=\"1600\" \/>\n\t<meta property=\"og:image:height\" content=\"1067\" \/>\n\t<meta property=\"og:image:type\" content=\"image\/jpeg\" \/>\n<meta name=\"author\" content=\"prensa2\" \/>\n<meta name=\"twitter:card\" content=\"summary_large_image\" \/>\n<meta name=\"twitter:creator\" content=\"@CanalULL\" \/>\n<meta name=\"twitter:site\" content=\"@CanalULL\" \/>\n<meta name=\"twitter:label1\" content=\"Escrito por\" \/>\n\t<meta name=\"twitter:data1\" content=\"prensa2\" \/>\n\t<meta name=\"twitter:label2\" content=\"Tiempo de lectura\" \/>\n\t<meta name=\"twitter:data2\" content=\"2 minutos\" \/>\n<script type=\"application\/ld+json\" class=\"yoast-schema-graph\">{\"@context\":\"https:\/\/schema.org\",\"@graph\":[{\"@type\":\"WebPage\",\"@id\":\"https:\/\/www.ull.es\/portal\/noticias\/2018\/comienza-la-ebau-de-junio\/\",\"url\":\"https:\/\/www.ull.es\/portal\/noticias\/2018\/comienza-la-ebau-de-junio\/\",\"name\":\"Comienza la EBAU en la ULL con textos de Garc\u00eda M\u00e1rquez y Llamazares\",\"isPartOf\":{\"@id\":\"https:\/\/www.ull.es\/portal\/noticias\/#website\"},\"datePublished\":\"2018-06-06T14:08:26+00:00\",\"dateModified\":\"2018-06-06T14:31:04+00:00\",\"author\":{\"@id\":\"https:\/\/www.ull.es\/portal\/noticias\/#\/schema\/person\/c3b2aa857797592927a03740d6664376\"},\"description\":\"El examen del Lengua Castellana y Literatura II con el que se abri\u00f3 hoy, 6 de junio en la ULL, el examen de la Evaluaci\u00f3n de Bachillerato para el Acceso a la Universidad (EBAU), a la que concurren hasta el viernes alrededor de 4.700 estudiantes, incluy\u00f3 textos de Gabriel Garc\u00eda M\u00e1rquez y Julio Llamazarez.\",\"breadcrumb\":{\"@id\":\"https:\/\/www.ull.es\/portal\/noticias\/2018\/comienza-la-ebau-de-junio\/#breadcrumb\"},\"inLanguage\":\"es\",\"potentialAction\":[{\"@type\":\"ReadAction\",\"target\":[\"https:\/\/www.ull.es\/portal\/noticias\/2018\/comienza-la-ebau-de-junio\/\"]}]},{\"@type\":\"BreadcrumbList\",\"@id\":\"https:\/\/www.ull.es\/portal\/noticias\/2018\/comienza-la-ebau-de-junio\/#breadcrumb\",\"itemListElement\":[{\"@type\":\"ListItem\",\"position\":1,\"name\":\"Portada\",\"item\":\"https:\/\/www.ull.es\/portal\/noticias\/\"},{\"@type\":\"ListItem\",\"position\":2,\"name\":\"Comienza la EBAU de junio en la Univerisdad de La Laguna con textos de Garc\u00eda M\u00e1rquez y Llamazares\"}]},{\"@type\":\"WebSite\",\"@id\":\"https:\/\/www.ull.es\/portal\/noticias\/#website\",\"url\":\"https:\/\/www.ull.es\/portal\/noticias\/\",\"name\":\"ULL - Noticias\",\"description\":\"\",\"potentialAction\":[{\"@type\":\"SearchAction\",\"target\":{\"@type\":\"EntryPoint\",\"urlTemplate\":\"https:\/\/www.ull.es\/portal\/noticias\/?s={search_term_string}\"},\"query-input\":\"required name=search_term_string\"}],\"inLanguage\":\"es\"},{\"@type\":\"Person\",\"@id\":\"https:\/\/www.ull.es\/portal\/noticias\/#\/schema\/person\/c3b2aa857797592927a03740d6664376\",\"name\":\"prensa2\",\"image\":{\"@type\":\"ImageObject\",\"inLanguage\":\"es\",\"@id\":\"https:\/\/www.ull.es\/portal\/noticias\/#\/schema\/person\/image\/\",\"url\":\"https:\/\/secure.gravatar.com\/avatar\/b58f310a5de5feb33d1e026d2493f23c?s=96&d=mm&r=g\",\"contentUrl\":\"https:\/\/secure.gravatar.com\/avatar\/b58f310a5de5feb33d1e026d2493f23c?s=96&d=mm&r=g\",\"caption\":\"prensa2\"},\"url\":\"https:\/\/www.ull.es\/portal\/noticias\/author\/prensa2\/\"}]}<\/script>\n<!-- \/ Yoast SEO plugin. -->","yoast_head_json":{"title":"Comienza la EBAU en la ULL con textos de Garc\u00eda M\u00e1rquez y Llamazares","description":"El examen del Lengua Castellana y Literatura II con el que se abri\u00f3 hoy, 6 de junio en la ULL, el examen de la Evaluaci\u00f3n de Bachillerato para el Acceso a la Universidad (EBAU), a la que concurren hasta el viernes alrededor de 4.700 estudiantes, incluy\u00f3 textos de Gabriel Garc\u00eda M\u00e1rquez y Julio Llamazarez.","robots":{"index":"index","follow":"follow","max-snippet":"max-snippet:-1","max-image-preview":"max-image-preview:large","max-video-preview":"max-video-preview:-1"},"canonical":"https:\/\/www.ull.es\/portal\/noticias\/2018\/comienza-la-ebau-de-junio\/","og_locale":"es_ES","og_type":"article","og_title":"Comienza la EBAU en la ULL con textos de Garc\u00eda M\u00e1rquez y Llamazares","og_description":"El examen del Lengua Castellana y Literatura II con el que se abri\u00f3 hoy, 6 de junio en la ULL, el examen de la Evaluaci\u00f3n de Bachillerato para el Acceso a la Universidad (EBAU), a la que concurren hasta el viernes alrededor de 4.700 estudiantes, incluy\u00f3 textos de Gabriel Garc\u00eda M\u00e1rquez y Julio Llamazarez.","og_url":"https:\/\/www.ull.es\/portal\/noticias\/2018\/comienza-la-ebau-de-junio\/","og_site_name":"ULL - Noticias","article_publisher":"https:\/\/www.facebook.com\/universidaddelalaguna\/","article_published_time":"2018-06-06T14:08:26+00:00","article_modified_time":"2018-06-06T14:31:04+00:00","og_image":[{"width":1600,"height":1067,"url":"https:\/\/www.ull.es\/portal\/noticias\/wp-content\/uploads\/sites\/13\/2018\/06\/EBAU-ULL-42.jpg","type":"image\/jpeg"}],"author":"prensa2","twitter_card":"summary_large_image","twitter_creator":"@CanalULL","twitter_site":"@CanalULL","twitter_misc":{"Escrito por":"prensa2","Tiempo de lectura":"2 minutos"},"schema":{"@context":"https:\/\/schema.org","@graph":[{"@type":"WebPage","@id":"https:\/\/www.ull.es\/portal\/noticias\/2018\/comienza-la-ebau-de-junio\/","url":"https:\/\/www.ull.es\/portal\/noticias\/2018\/comienza-la-ebau-de-junio\/","name":"Comienza la EBAU en la ULL con textos de Garc\u00eda M\u00e1rquez y Llamazares","isPartOf":{"@id":"https:\/\/www.ull.es\/portal\/noticias\/#website"},"datePublished":"2018-06-06T14:08:26+00:00","dateModified":"2018-06-06T14:31:04+00:00","author":{"@id":"https:\/\/www.ull.es\/portal\/noticias\/#\/schema\/person\/c3b2aa857797592927a03740d6664376"},"description":"El examen del Lengua Castellana y Literatura II con el que se abri\u00f3 hoy, 6 de junio en la ULL, el examen de la Evaluaci\u00f3n de Bachillerato para el Acceso a la Universidad (EBAU), a la que concurren hasta el viernes alrededor de 4.700 estudiantes, incluy\u00f3 textos de Gabriel Garc\u00eda M\u00e1rquez y Julio Llamazarez.","breadcrumb":{"@id":"https:\/\/www.ull.es\/portal\/noticias\/2018\/comienza-la-ebau-de-junio\/#breadcrumb"},"inLanguage":"es","potentialAction":[{"@type":"ReadAction","target":["https:\/\/www.ull.es\/portal\/noticias\/2018\/comienza-la-ebau-de-junio\/"]}]},{"@type":"BreadcrumbList","@id":"https:\/\/www.ull.es\/portal\/noticias\/2018\/comienza-la-ebau-de-junio\/#breadcrumb","itemListElement":[{"@type":"ListItem","position":1,"name":"Portada","item":"https:\/\/www.ull.es\/portal\/noticias\/"},{"@type":"ListItem","position":2,"name":"Comienza la EBAU de junio en la Univerisdad de La Laguna con textos de Garc\u00eda M\u00e1rquez y Llamazares"}]},{"@type":"WebSite","@id":"https:\/\/www.ull.es\/portal\/noticias\/#website","url":"https:\/\/www.ull.es\/portal\/noticias\/","name":"ULL - Noticias","description":"","potentialAction":[{"@type":"SearchAction","target":{"@type":"EntryPoint","urlTemplate":"https:\/\/www.ull.es\/portal\/noticias\/?s={search_term_string}"},"query-input":"required name=search_term_string"}],"inLanguage":"es"},{"@type":"Person","@id":"https:\/\/www.ull.es\/portal\/noticias\/#\/schema\/person\/c3b2aa857797592927a03740d6664376","name":"prensa2","image":{"@type":"ImageObject","inLanguage":"es","@id":"https:\/\/www.ull.es\/portal\/noticias\/#\/schema\/person\/image\/","url":"https:\/\/secure.gravatar.com\/avatar\/b58f310a5de5feb33d1e026d2493f23c?s=96&d=mm&r=g","contentUrl":"https:\/\/secure.gravatar.com\/avatar\/b58f310a5de5feb33d1e026d2493f23c?s=96&d=mm&r=g","caption":"prensa2"},"url":"https:\/\/www.ull.es\/portal\/noticias\/author\/prensa2\/"}]}},"primary_category":{"id":348,"name":"Instituci\u00f3n","slug":"institucion","link":"https:\/\/www.ull.es\/portal\/noticias\/category\/institucion\/"},"featured_image_thumbnail_url":"https:\/\/www.ull.es\/portal\/noticias\/wp-content\/uploads\/sites\/13\/2018\/06\/EBAU-ULL-42-300x200.jpg","_links":{"self":[{"href":"https:\/\/www.ull.es\/portal\/noticias\/wp-json\/wp\/v2\/posts\/37365"}],"collection":[{"href":"https:\/\/www.ull.es\/portal\/noticias\/wp-json\/wp\/v2\/posts"}],"about":[{"href":"https:\/\/www.ull.es\/portal\/noticias\/wp-json\/wp\/v2\/types\/post"}],"author":[{"embeddable":true,"href":"https:\/\/www.ull.es\/portal\/noticias\/wp-json\/wp\/v2\/users\/21"}],"replies":[{"embeddable":true,"href":"https:\/\/www.ull.es\/portal\/noticias\/wp-json\/wp\/v2\/comments?post=37365"}],"version-history":[{"count":2,"href":"https:\/\/www.ull.es\/portal\/noticias\/wp-json\/wp\/v2\/posts\/37365\/revisions"}],"predecessor-version":[{"id":37370,"href":"https:\/\/www.ull.es\/portal\/noticias\/wp-json\/wp\/v2\/posts\/37365\/revisions\/37370"}],"wp:featuredmedia":[{"embeddable":true,"href":"https:\/\/www.ull.es\/portal\/noticias\/wp-json\/wp\/v2\/media\/37366"}],"wp:attachment":[{"href":"https:\/\/www.ull.es\/portal\/noticias\/wp-json\/wp\/v2\/media?parent=37365"}],"wp:term":[{"taxonomy":"category","embeddable":true,"href":"https:\/\/www.ull.es\/portal\/noticias\/wp-json\/wp\/v2\/categories?post=37365"},{"taxonomy":"post_tag","embeddable":true,"href":"https:\/\/www.ull.es\/portal\/noticias\/wp-json\/wp\/v2\/tags?post=37365"}],"curies":[{"name":"wp","href":"https:\/\/api.w.org\/{rel}","templated":true}]}}